{"id":33557,"date":"2023-02-22T17:31:56","date_gmt":"2023-02-22T23:31:56","guid":{"rendered":"https:\/\/www.igssgt.org\/noticias\/?p=33557"},"modified":"2023-02-22T17:31:57","modified_gmt":"2023-02-22T23:31:57","slug":"igss-celebra-el-miercoles-de-ceniza","status":"publish","type":"post","link":"https:\/\/www.igssgt.org\/noticias\/2023\/02\/22\/igss-celebra-el-miercoles-de-ceniza\/","title":{"rendered":"IGSS celebra el Mi\u00e9rcoles de Ceniza"},"content":{"rendered":"\n<p class=\"has-drop-cap\">Autoridades y trabajadores del Instituto Guatemalteco de Seguridad Social (IGSS) participaron en la misa de Mi\u00e9rcoles de Ceniza, que se celebr\u00f3 en el audit\u00f3rium de las Oficinas Centrales de la instituci\u00f3n. La actividad marca el inicio de la Cuaresma y el tiempo de preparaci\u00f3n de los devotos para la Semana Santa.<\/p>\n\n\n<p>La eucarist\u00eda fue celebrada por el padre Manuel de Jes\u00fas Chil\u00edn L\u00f3pez, sacerdote de la parroquia El Calvario, quien invit\u00f3 a los feligreses a acercarse al Se\u00f1or durante esta Cuaresma y ofrecerle sus preocupaciones.<\/p>\n<p><a href=\"\/wp-content\/uploads\/sites\/5\/2023\/02\/Miercoles-de-Ceniza-3.jpg\" target=\"_blank\" rel=\"noopener\"><img loading=\"lazy\" decoding=\"async\" class=\"alignnone wp-image-33562 size-full\" src=\"\/wp-content\/uploads\/sites\/5\/2023\/02\/Miercoles-de-Ceniza-3.jpg\" alt=\"\" width=\"1600\" height=\"1066\" srcset=\"\/wp-content\/uploads\/sites\/5\/2023\/02\/Miercoles-de-Ceniza-3.jpg 1600w, \/wp-content\/uploads\/sites\/5\/2023\/02\/Miercoles-de-Ceniza-3-300x200.jpg 300w, \/wp-content\/uploads\/sites\/5\/2023\/02\/Miercoles-de-Ceniza-3-768x512.jpg 768w, \/wp-content\/uploads\/sites\/5\/2023\/02\/Miercoles-de-Ceniza-3-1024x682.jpg 1024w, \/wp-content\/uploads\/sites\/5\/2023\/02\/Miercoles-de-Ceniza-3-1536x1023.jpg 1536w, \/wp-content\/uploads\/sites\/5\/2023\/02\/Miercoles-de-Ceniza-3-630x420.jpg 630w, \/wp-content\/uploads\/sites\/5\/2023\/02\/Miercoles-de-Ceniza-3-696x464.jpg 696w, \/wp-content\/uploads\/sites\/5\/2023\/02\/Miercoles-de-Ceniza-3-1068x712.jpg 1068w, \/wp-content\/uploads\/sites\/5\/2023\/02\/Miercoles-de-Ceniza-3-534x356.jpg 534w\" sizes=\"auto, (max-width: 1600px) 100vw, 1600px\" \/><\/a><\/p>\n<p>El presidente del IGSS, licenciado Jos\u00e9 Adolfo Flamenco Jau, y la subgerente de Recursos Humanos, magister Z\u00e1mara Yohana Vel\u00e1squez Ramos, participaron en la ceremonia y recibieron la imposici\u00f3n de la cruz de ceniza, que invita a la conversi\u00f3n y a creer en el Evangelio.<\/p>\n<blockquote>\n<p>El sacerdote invit\u00f3 a los feligreses a acercarse al Se\u00f1or durante esta Cuaresma y ofrecerle sus preocupaciones<\/p>\n<\/blockquote>\n<p>El padre Chil\u00edn L\u00f3pez anunci\u00f3 que una r\u00e9plica de la imagen del Se\u00f1or Sepultado ser\u00e1 trasladada al audit\u00f3rium del IGSS en esta Cuaresma, para que pueda ser venerada por los trabajadores de la instituci\u00f3n y cat\u00f3licos en general.<\/p>\n<p><a href=\"\/wp-content\/uploads\/sites\/5\/2023\/02\/Miercoles-de-Ceniza-1.jpg\" target=\"_blank\" rel=\"noopener\"><img loading=\"lazy\" decoding=\"async\" class=\"alignnone wp-image-33560 size-full\" src=\"\/wp-content\/uploads\/sites\/5\/2023\/02\/Miercoles-de-Ceniza-1.jpg\" alt=\"\" width=\"1600\" height=\"1066\" srcset=\"\/wp-content\/uploads\/sites\/5\/2023\/02\/Miercoles-de-Ceniza-1.jpg 1600w, \/wp-content\/uploads\/sites\/5\/2023\/02\/Miercoles-de-Ceniza-1-300x200.jpg 300w, \/wp-content\/uploads\/sites\/5\/2023\/02\/Miercoles-de-Ceniza-1-768x512.jpg 768w, \/wp-content\/uploads\/sites\/5\/2023\/02\/Miercoles-de-Ceniza-1-1024x682.jpg 1024w, \/wp-content\/uploads\/sites\/5\/2023\/02\/Miercoles-de-Ceniza-1-1536x1023.jpg 1536w, \/wp-content\/uploads\/sites\/5\/2023\/02\/Miercoles-de-Ceniza-1-630x420.jpg 630w, \/wp-content\/uploads\/sites\/5\/2023\/02\/Miercoles-de-Ceniza-1-696x464.jpg 696w, \/wp-content\/uploads\/sites\/5\/2023\/02\/Miercoles-de-Ceniza-1-1068x712.jpg 1068w, \/wp-content\/uploads\/sites\/5\/2023\/02\/Miercoles-de-Ceniza-1-534x356.jpg 534w\" sizes=\"auto, (max-width: 1600px) 100vw, 1600px\" \/><\/a><\/p>\n<p>La ceniza fue impuesta al resto de trabajadores, quienes inician esta \u00e9poca en actitud de oraci\u00f3n.<\/p>\n<p>La misa de imposici\u00f3n de la cruz de ceniza tambi\u00e9n se celebr\u00f3 en diferentes unidades m\u00e9dicas de la instituci\u00f3n como <strong>Hospital de Rehabilitaci\u00f3n, Hospital General de Quetzaltenango, Hospital General de Enfermedades y CAMIP Pamplona<\/strong>, en las que participaron personal m\u00e9dico, administrativo y pacientes.<\/p>\n\n\r\n                <style type=\"text\/css\">\r\n                    \r\n                    #tdi_1  .td-doubleSlider-2 .td-item1 {\r\n                        background: url(\/wp-content\/uploads\/sites\/5\/2023\/02\/H-rehabilitacion-80x60.jpg) 0 0 no-repeat;\r\n                    }\r\n                    #tdi_1  .td-doubleSlider-2 .td-item2 {\r\n                        background: url(\/wp-content\/uploads\/sites\/5\/2023\/02\/Hospital-General-de-Quetzaltenango-80x60.jpg) 0 0 no-repeat;\r\n                    }\r\n                    #tdi_1  .td-doubleSlider-2 .td-item3 {\r\n                        background: url(\/wp-content\/uploads\/sites\/5\/2023\/02\/H-general-de-enfermedades-80x60.jpg) 0 0 no-repeat;\r\n                    }\r\n                    #tdi_1  .td-doubleSlider-2 .td-item4 {\r\n                        background: url(\/wp-content\/uploads\/sites\/5\/2023\/02\/camip-pamplona-80x60.jpg) 0 0 no-repeat;\r\n                    }\r\n                <\/style>\r\n\r\n                <div id=\"tdi_1\" class=\"td-gallery td-slide-on-2-columns\">\r\n                    <div class=\"post_td_gallery\">\r\n                        <div class=\"td-gallery-slide-top\">\r\n                           <div class=\"td-gallery-title\"><\/div>\r\n\r\n                            <div class=\"td-gallery-controls-wrapper\">\r\n                                <div class=\"td-gallery-slide-count\"><span class=\"td-gallery-slide-item-focus\">1<\/span> de 4<\/div>\r\n                                <div class=\"td-gallery-slide-prev-next-but\">\r\n                                    <i class = \"td-icon-left doubleSliderPrevButton\"><\/i>\r\n                                    <i class = \"td-icon-right doubleSliderNextButton\"><\/i>\r\n                                <\/div>\r\n                            <\/div>\r\n                        <\/div>\r\n\r\n                        <div class = \"td-doubleSlider-1 \">\r\n                            <div class = \"td-slider\">\r\n                                \r\n                    <div class = \"td-slide-item td-item1\">\r\n                        <figure class=\"td-slide-galery-figure td-slide-popup-gallery\">\r\n                            <a class=\"slide-gallery-image-link\" href=\"\/wp-content\/uploads\/sites\/5\/2023\/02\/H-rehabilitacion.jpg\" title=\"H rehabilitacion\"  data-caption=\"Hospital de Rehabilitaci\u00f3n\"  data-description=\"\">\r\n                                <img decoding=\"async\" src=\"\/wp-content\/uploads\/sites\/5\/2023\/02\/H-rehabilitacion-560x420.jpg\" srcset=\"\/wp-content\/uploads\/sites\/5\/2023\/02\/H-rehabilitacion-560x420.jpg 560w, \/wp-content\/uploads\/sites\/5\/2023\/02\/H-rehabilitacion-300x225.jpg 300w, \/wp-content\/uploads\/sites\/5\/2023\/02\/H-rehabilitacion-768x576.jpg 768w, \/wp-content\/uploads\/sites\/5\/2023\/02\/H-rehabilitacion-1024x768.jpg 1024w, \/wp-content\/uploads\/sites\/5\/2023\/02\/H-rehabilitacion-1536x1152.jpg 1536w, \/wp-content\/uploads\/sites\/5\/2023\/02\/H-rehabilitacion-80x60.jpg 80w, \/wp-content\/uploads\/sites\/5\/2023\/02\/H-rehabilitacion-696x522.jpg 696w, \/wp-content\/uploads\/sites\/5\/2023\/02\/H-rehabilitacion-1068x801.jpg 1068w, \/wp-content\/uploads\/sites\/5\/2023\/02\/H-rehabilitacion-265x198.jpg 265w, \/wp-content\/uploads\/sites\/5\/2023\/02\/H-rehabilitacion-534x401.jpg 534w, \/wp-content\/uploads\/sites\/5\/2023\/02\/H-rehabilitacion.jpg 1600w\" sizes=\"(max-width: 560px) 100vw, 560px\" alt=\"\">\r\n                            <\/a>\r\n                            <figcaption class = \"td-slide-caption td-gallery-slide-content\"><div class = \"td-gallery-slide-copywrite\">Hospital de Rehabilitaci\u00f3n<\/div><\/figcaption>\r\n                        <\/figure>\r\n                    <\/div>\r\n                    <div class = \"td-slide-item td-item2\">\r\n                        <figure class=\"td-slide-galery-figure td-slide-popup-gallery\">\r\n                            <a class=\"slide-gallery-image-link\" href=\"\/wp-content\/uploads\/sites\/5\/2023\/02\/Hospital-General-de-Quetzaltenango.jpg\" title=\"Hospital General de Quetzaltenango\"  data-caption=\"Hospital General de Quetzaltenango\"  data-description=\"\">\r\n                                <img decoding=\"async\" src=\"\/wp-content\/uploads\/sites\/5\/2023\/02\/Hospital-General-de-Quetzaltenango-889x420.jpg\" srcset=\"\/wp-content\/uploads\/sites\/5\/2023\/02\/Hospital-General-de-Quetzaltenango-889x420.jpg 889w, \/wp-content\/uploads\/sites\/5\/2023\/02\/Hospital-General-de-Quetzaltenango-300x142.jpg 300w, \/wp-content\/uploads\/sites\/5\/2023\/02\/Hospital-General-de-Quetzaltenango-768x363.jpg 768w, \/wp-content\/uploads\/sites\/5\/2023\/02\/Hospital-General-de-Quetzaltenango-1024x484.jpg 1024w, \/wp-content\/uploads\/sites\/5\/2023\/02\/Hospital-General-de-Quetzaltenango-696x329.jpg 696w, \/wp-content\/uploads\/sites\/5\/2023\/02\/Hospital-General-de-Quetzaltenango-1068x505.jpg 1068w, \/wp-content\/uploads\/sites\/5\/2023\/02\/Hospital-General-de-Quetzaltenango-534x252.jpg 534w, \/wp-content\/uploads\/sites\/5\/2023\/02\/Hospital-General-de-Quetzaltenango.jpg 1280w\" sizes=\"(max-width: 889px) 100vw, 889px\" alt=\"\">\r\n                            <\/a>\r\n                            <figcaption class = \"td-slide-caption td-gallery-slide-content\"><div class = \"td-gallery-slide-copywrite\">Hospital General de Quetzaltenango<\/div><\/figcaption>\r\n                        <\/figure>\r\n                    <\/div>\r\n                    <div class = \"td-slide-item td-item3\">\r\n                        <figure class=\"td-slide-galery-figure td-slide-popup-gallery\">\r\n                            <a class=\"slide-gallery-image-link\" href=\"\/wp-content\/uploads\/sites\/5\/2023\/02\/H-general-de-enfermedades.jpg\" title=\"H general de enfermedades\"  data-caption=\"Hospital General de Enfermedades\"  data-description=\"\">\r\n                                <img decoding=\"async\" src=\"\/wp-content\/uploads\/sites\/5\/2023\/02\/H-general-de-enfermedades-618x420.jpg\" srcset=\"\/wp-content\/uploads\/sites\/5\/2023\/02\/H-general-de-enfermedades-618x420.jpg 618w, \/wp-content\/uploads\/sites\/5\/2023\/02\/H-general-de-enfermedades-300x204.jpg 300w, \/wp-content\/uploads\/sites\/5\/2023\/02\/H-general-de-enfermedades-768x522.jpg 768w, \/wp-content\/uploads\/sites\/5\/2023\/02\/H-general-de-enfermedades-1024x696.jpg 1024w, \/wp-content\/uploads\/sites\/5\/2023\/02\/H-general-de-enfermedades-696x473.jpg 696w, \/wp-content\/uploads\/sites\/5\/2023\/02\/H-general-de-enfermedades-1068x726.jpg 1068w, \/wp-content\/uploads\/sites\/5\/2023\/02\/H-general-de-enfermedades-534x363.jpg 534w, \/wp-content\/uploads\/sites\/5\/2023\/02\/H-general-de-enfermedades.jpg 1502w\" sizes=\"(max-width: 618px) 100vw, 618px\" alt=\"\">\r\n                            <\/a>\r\n                            <figcaption class = \"td-slide-caption td-gallery-slide-content\"><div class = \"td-gallery-slide-copywrite\">Hospital General de Enfermedades<\/div><\/figcaption>\r\n                        <\/figure>\r\n                    <\/div>\r\n                    <div class = \"td-slide-item td-item4\">\r\n                        <figure class=\"td-slide-galery-figure td-slide-popup-gallery\">\r\n                            <a class=\"slide-gallery-image-link\" href=\"\/wp-content\/uploads\/sites\/5\/2023\/02\/camip-pamplona.jpg\" title=\"camip pamplona\"  data-caption=\"CAMIP Pamplona\"  data-description=\"\">\r\n                                <img decoding=\"async\" src=\"\/wp-content\/uploads\/sites\/5\/2023\/02\/camip-pamplona-560x420.jpg\" srcset=\"\/wp-content\/uploads\/sites\/5\/2023\/02\/camip-pamplona-560x420.jpg 560w, \/wp-content\/uploads\/sites\/5\/2023\/02\/camip-pamplona-300x225.jpg 300w, \/wp-content\/uploads\/sites\/5\/2023\/02\/camip-pamplona-768x576.jpg 768w, \/wp-content\/uploads\/sites\/5\/2023\/02\/camip-pamplona-1024x768.jpg 1024w, \/wp-content\/uploads\/sites\/5\/2023\/02\/camip-pamplona-1536x1152.jpg 1536w, \/wp-content\/uploads\/sites\/5\/2023\/02\/camip-pamplona-80x60.jpg 80w, \/wp-content\/uploads\/sites\/5\/2023\/02\/camip-pamplona-696x522.jpg 696w, \/wp-content\/uploads\/sites\/5\/2023\/02\/camip-pamplona-1068x801.jpg 1068w, \/wp-content\/uploads\/sites\/5\/2023\/02\/camip-pamplona-265x198.jpg 265w, \/wp-content\/uploads\/sites\/5\/2023\/02\/camip-pamplona-534x401.jpg 534w, \/wp-content\/uploads\/sites\/5\/2023\/02\/camip-pamplona.jpg 1600w\" sizes=\"(max-width: 560px) 100vw, 560px\" alt=\"\">\r\n                            <\/a>\r\n                            <figcaption class = \"td-slide-caption td-gallery-slide-content\"><div class = \"td-gallery-slide-copywrite\">CAMIP Pamplona<\/div><\/figcaption>\r\n                        <\/figure>\r\n                    <\/div>\r\n                            <\/div>\r\n                        <\/div>\r\n\r\n                        <div class = \"td-doubleSlider-2\">\r\n                            <div class = \"td-slider\">\r\n                                \r\n                    <div class = \"td-button td-item1\">\r\n                        <div class = \"td-border\"><\/div>\r\n                    <\/div>\r\n                    <div class = \"td-button td-item2\">\r\n                        <div class = \"td-border\"><\/div>\r\n                    <\/div>\r\n                    <div class = \"td-button td-item3\">\r\n                        <div class = \"td-border\"><\/div>\r\n                    <\/div>\r\n                    <div class = \"td-button td-item4\">\r\n                        <div class = \"td-border\"><\/div>\r\n                    <\/div>\r\n                            <\/div>\r\n                        <\/div>\r\n\r\n                    <\/div>\r\n\r\n                <\/div>\r\n                ","protected":false},"excerpt":{"rendered":"<p>Autoridades y trabajadores del Instituto Guatemalteco de Seguridad Social (IGSS) participaron en la misa de Mi\u00e9rcoles de Ceniza, que se celebr\u00f3 en el audit\u00f3rium de las Oficinas Centrales de la instituci\u00f3n. La actividad marca el inicio de la Cuaresma y el tiempo de preparaci\u00f3n de los devotos para la Semana Santa. La eucarist\u00eda fue celebrada [&hellip;]<\/p>\n","protected":false},"author":1961,"featured_media":33561,"comment_status":"closed","ping_status":"closed","sticky":false,"template":"","format":"standard","meta":{"footnotes":""},"categories":[3],"tags":[1627,1626,1453],"coauthors":[],"class_list":{"0":"post-33557","1":"post","2":"type-post","3":"status-publish","4":"format-standard","5":"has-post-thumbnail","7":"category-actualidad","8":"tag-cuaresma","9":"tag-miercoles-de-ceniza","10":"tag-semana-santa"},"_links":{"self":[{"href":"https:\/\/www.igssgt.org\/noticias\/wp-json\/wp\/v2\/posts\/33557","targetHints":{"allow":["GET"]}}],"collection":[{"href":"https:\/\/www.igssgt.org\/noticias\/wp-json\/wp\/v2\/posts"}],"about":[{"href":"https:\/\/www.igssgt.org\/noticias\/wp-json\/wp\/v2\/types\/post"}],"author":[{"embeddable":true,"href":"https:\/\/www.igssgt.org\/noticias\/wp-json\/wp\/v2\/users\/1961"}],"replies":[{"embeddable":true,"href":"https:\/\/www.igssgt.org\/noticias\/wp-json\/wp\/v2\/comments?post=33557"}],"version-history":[{"count":8,"href":"https:\/\/www.igssgt.org\/noticias\/wp-json\/wp\/v2\/posts\/33557\/revisions"}],"predecessor-version":[{"id":33572,"href":"https:\/\/www.igssgt.org\/noticias\/wp-json\/wp\/v2\/posts\/33557\/revisions\/33572"}],"wp:featuredmedia":[{"embeddable":true,"href":"https:\/\/www.igssgt.org\/noticias\/wp-json\/wp\/v2\/media\/33561"}],"wp:attachment":[{"href":"https:\/\/www.igssgt.org\/noticias\/wp-json\/wp\/v2\/media?parent=33557"}],"wp:term":[{"taxonomy":"category","embeddable":true,"href":"https:\/\/www.igssgt.org\/noticias\/wp-json\/wp\/v2\/categories?post=33557"},{"taxonomy":"post_tag","embeddable":true,"href":"https:\/\/www.igssgt.org\/noticias\/wp-json\/wp\/v2\/tags?post=33557"},{"taxonomy":"author","embeddable":true,"href":"https:\/\/www.igssgt.org\/noticias\/wp-json\/wp\/v2\/coauthors?post=33557"}],"curies":[{"name":"wp","href":"https:\/\/api.w.org\/{rel}","templated":true}]}}