{"id":33686,"date":"2023-02-27T14:29:34","date_gmt":"2023-02-27T20:29:34","guid":{"rendered":"https:\/\/www.igssgt.org\/noticias\/?p=33686"},"modified":"2023-02-27T15:12:45","modified_gmt":"2023-02-27T21:12:45","slug":"trabajo-social-del-consultorio-de-villa-nueva-realiza-visita-domiciliar-a-pensionadas","status":"publish","type":"post","link":"https:\/\/www.igssgt.org\/noticias\/2023\/02\/27\/trabajo-social-del-consultorio-de-villa-nueva-realiza-visita-domiciliar-a-pensionadas\/","title":{"rendered":"Trabajo Social del Consultorio de Villa Nueva realiza visita domiciliar a pensionadas"},"content":{"rendered":"\n<p class=\"has-drop-cap\">El equipo de Trabajo Social del Consultorio de Villa Nueva es el encargado de realizar la persistencia de condiciones a los beneficiarios del Instituto que residen en el \u00e1rea de atenci\u00f3n de la unidad.<\/p>\n\n\n\n<p>En esta oportunidad se realiz\u00f3 visita domiciliar para levantar Acta de Contralor\u00eda a dos beneficiarias del programa de IVS, quienes por sus condiciones no se pueden presentar a las instalaciones para llevar a cabo su gesti\u00f3n. Se trata de las se\u00f1oras Mar\u00eda Consuelo Qui\u00f1\u00f3nez Hern\u00e1ndez y Margarita Urr\u00e9jola Samayoa residentes de San Miguel Petapa y Villa Nueva respectivamente.<\/p>\n\n\n\n<p>Do\u00f1a Mar\u00eda Consuelo, tiene 88 a\u00f1os de edad y obtuvo su calidad de beneficiaria desde hace 15 a\u00f1os al enviudar; desde entonces recibe\u00a0 la pensi\u00f3n respectiva.\u00a0 Su hija Herlinda Sosa Qui\u00f1onez, quien es la encargada de su cuidado, agradece la visita y seguimiento que se le da ya que se encuentra limitada para trasladarse.<\/p>\n<p>Do\u00f1a Margarita tambi\u00e9n es viuda desde hace 11 a\u00f1os y al comprobar su supervivencia contin\u00faa recibiendo la pensi\u00f3n que su esposo le dej\u00f3 de beneficio. A sus 98 a\u00f1os de edad desde la sala de su casa sonr\u00ede y se alegra de recibir la visita del personal del Instituto de Seguridad Social de Villa Nueva, en donde Margarita de Rosario Diaz, una de sus cinco hijas le acompa\u00f1a en el proceso.<\/p>\n\r\n                <style type=\"text\/css\">\r\n                    \r\n                    #tdi_1  .td-doubleSlider-2 .td-item1 {\r\n                        background: url(\/wp-content\/uploads\/sites\/5\/2023\/02\/Visita-domiciliar-trabajo-social-villa-nueva-igss-2023-3-80x60.jpg) 0 0 no-repeat;\r\n                    }\r\n                    #tdi_1  .td-doubleSlider-2 .td-item2 {\r\n                        background: url(\/wp-content\/uploads\/sites\/5\/2023\/02\/Visita-domiciliar-trabajo-social-villa-nueva-igss-2023-1-80x60.jpg) 0 0 no-repeat;\r\n                    }\r\n                    #tdi_1  .td-doubleSlider-2 .td-item3 {\r\n                        background: url(\/wp-content\/uploads\/sites\/5\/2023\/02\/Visita-domiciliar-trabajo-social-villa-nueva-igss-2023-2-80x60.jpg) 0 0 no-repeat;\r\n                    }\r\n                <\/style>\r\n\r\n                <div id=\"tdi_1\" class=\"td-gallery td-slide-on-2-columns\">\r\n                    <div class=\"post_td_gallery\">\r\n                        <div class=\"td-gallery-slide-top\">\r\n                           <div class=\"td-gallery-title\">Galer\u00eda de Im\u00e1genes<\/div>\r\n\r\n                            <div class=\"td-gallery-controls-wrapper\">\r\n                                <div class=\"td-gallery-slide-count\"><span class=\"td-gallery-slide-item-focus\">1<\/span> de 3<\/div>\r\n                                <div class=\"td-gallery-slide-prev-next-but\">\r\n                                    <i class = \"td-icon-left doubleSliderPrevButton\"><\/i>\r\n                                    <i class = \"td-icon-right doubleSliderNextButton\"><\/i>\r\n                                <\/div>\r\n                            <\/div>\r\n                        <\/div>\r\n\r\n                        <div class = \"td-doubleSlider-1 \">\r\n                            <div class = \"td-slider\">\r\n                                \r\n                    <div class = \"td-slide-item td-item1\">\r\n                        <figure class=\"td-slide-galery-figure td-slide-popup-gallery\">\r\n                            <a class=\"slide-gallery-image-link\" href=\"\/wp-content\/uploads\/sites\/5\/2023\/02\/Visita-domiciliar-trabajo-social-villa-nueva-igss-2023-3.jpg\" title=\"Visita domiciliar trabajo social villa nueva igss 2023-3\"  data-caption=\"\"  data-description=\"\">\r\n                                <img decoding=\"async\" src=\"\/wp-content\/uploads\/sites\/5\/2023\/02\/Visita-domiciliar-trabajo-social-villa-nueva-igss-2023-3-852x420.jpg\" srcset=\"\/wp-content\/uploads\/sites\/5\/2023\/02\/Visita-domiciliar-trabajo-social-villa-nueva-igss-2023-3-852x420.jpg 852w, \/wp-content\/uploads\/sites\/5\/2023\/02\/Visita-domiciliar-trabajo-social-villa-nueva-igss-2023-3-300x148.jpg 300w, \/wp-content\/uploads\/sites\/5\/2023\/02\/Visita-domiciliar-trabajo-social-villa-nueva-igss-2023-3-768x379.jpg 768w, \/wp-content\/uploads\/sites\/5\/2023\/02\/Visita-domiciliar-trabajo-social-villa-nueva-igss-2023-3-1024x505.jpg 1024w, \/wp-content\/uploads\/sites\/5\/2023\/02\/Visita-domiciliar-trabajo-social-villa-nueva-igss-2023-3-696x343.jpg 696w, \/wp-content\/uploads\/sites\/5\/2023\/02\/Visita-domiciliar-trabajo-social-villa-nueva-igss-2023-3-1068x527.jpg 1068w, \/wp-content\/uploads\/sites\/5\/2023\/02\/Visita-domiciliar-trabajo-social-villa-nueva-igss-2023-3-324x160.jpg 324w, \/wp-content\/uploads\/sites\/5\/2023\/02\/Visita-domiciliar-trabajo-social-villa-nueva-igss-2023-3-534x263.jpg 534w, \/wp-content\/uploads\/sites\/5\/2023\/02\/Visita-domiciliar-trabajo-social-villa-nueva-igss-2023-3.jpg 1462w\" sizes=\"(max-width: 852px) 100vw, 852px\" alt=\"\">\r\n                            <\/a>\r\n                            \r\n                        <\/figure>\r\n                    <\/div>\r\n                    <div class = \"td-slide-item td-item2\">\r\n                        <figure class=\"td-slide-galery-figure td-slide-popup-gallery\">\r\n                            <a class=\"slide-gallery-image-link\" href=\"\/wp-content\/uploads\/sites\/5\/2023\/02\/Visita-domiciliar-trabajo-social-villa-nueva-igss-2023-1.jpg\" title=\"Visita domiciliar trabajo social villa nueva igss 2023-1\"  data-caption=\"\"  data-description=\"\">\r\n                                <img decoding=\"async\" src=\"\/wp-content\/uploads\/sites\/5\/2023\/02\/Visita-domiciliar-trabajo-social-villa-nueva-igss-2023-1-715x420.jpg\" srcset=\"\/wp-content\/uploads\/sites\/5\/2023\/02\/Visita-domiciliar-trabajo-social-villa-nueva-igss-2023-1-715x420.jpg 715w, \/wp-content\/uploads\/sites\/5\/2023\/02\/Visita-domiciliar-trabajo-social-villa-nueva-igss-2023-1-300x176.jpg 300w, \/wp-content\/uploads\/sites\/5\/2023\/02\/Visita-domiciliar-trabajo-social-villa-nueva-igss-2023-1-768x451.jpg 768w, \/wp-content\/uploads\/sites\/5\/2023\/02\/Visita-domiciliar-trabajo-social-villa-nueva-igss-2023-1-1024x601.jpg 1024w, \/wp-content\/uploads\/sites\/5\/2023\/02\/Visita-domiciliar-trabajo-social-villa-nueva-igss-2023-1-696x409.jpg 696w, \/wp-content\/uploads\/sites\/5\/2023\/02\/Visita-domiciliar-trabajo-social-villa-nueva-igss-2023-1-1068x627.jpg 1068w, \/wp-content\/uploads\/sites\/5\/2023\/02\/Visita-domiciliar-trabajo-social-villa-nueva-igss-2023-1-534x314.jpg 534w, \/wp-content\/uploads\/sites\/5\/2023\/02\/Visita-domiciliar-trabajo-social-villa-nueva-igss-2023-1.jpg 1228w\" sizes=\"(max-width: 715px) 100vw, 715px\" alt=\"\">\r\n                            <\/a>\r\n                            \r\n                        <\/figure>\r\n                    <\/div>\r\n                    <div class = \"td-slide-item td-item3\">\r\n                        <figure class=\"td-slide-galery-figure td-slide-popup-gallery\">\r\n                            <a class=\"slide-gallery-image-link\" href=\"\/wp-content\/uploads\/sites\/5\/2023\/02\/Visita-domiciliar-trabajo-social-villa-nueva-igss-2023-2.jpg\" title=\"Visita domiciliar trabajo social villa nueva igss 2023-2\"  data-caption=\"\"  data-description=\"\">\r\n                                <img decoding=\"async\" src=\"\/wp-content\/uploads\/sites\/5\/2023\/02\/Visita-domiciliar-trabajo-social-villa-nueva-igss-2023-2-883x420.jpg\" srcset=\"\/wp-content\/uploads\/sites\/5\/2023\/02\/Visita-domiciliar-trabajo-social-villa-nueva-igss-2023-2-883x420.jpg 883w, \/wp-content\/uploads\/sites\/5\/2023\/02\/Visita-domiciliar-trabajo-social-villa-nueva-igss-2023-2-300x143.jpg 300w, \/wp-content\/uploads\/sites\/5\/2023\/02\/Visita-domiciliar-trabajo-social-villa-nueva-igss-2023-2-768x365.jpg 768w, \/wp-content\/uploads\/sites\/5\/2023\/02\/Visita-domiciliar-trabajo-social-villa-nueva-igss-2023-2-1024x487.jpg 1024w, \/wp-content\/uploads\/sites\/5\/2023\/02\/Visita-domiciliar-trabajo-social-villa-nueva-igss-2023-2-696x331.jpg 696w, \/wp-content\/uploads\/sites\/5\/2023\/02\/Visita-domiciliar-trabajo-social-villa-nueva-igss-2023-2-1068x508.jpg 1068w, \/wp-content\/uploads\/sites\/5\/2023\/02\/Visita-domiciliar-trabajo-social-villa-nueva-igss-2023-2-534x254.jpg 534w, \/wp-content\/uploads\/sites\/5\/2023\/02\/Visita-domiciliar-trabajo-social-villa-nueva-igss-2023-2.jpg 1516w\" sizes=\"(max-width: 883px) 100vw, 883px\" alt=\"\">\r\n                            <\/a>\r\n                            \r\n                        <\/figure>\r\n                    <\/div>\r\n                            <\/div>\r\n                        <\/div>\r\n\r\n                        <div class = \"td-doubleSlider-2\">\r\n                            <div class = \"td-slider\">\r\n                                \r\n                    <div class = \"td-button td-item1\">\r\n                        <div class = \"td-border\"><\/div>\r\n                    <\/div>\r\n                    <div class = \"td-button td-item2\">\r\n                        <div class = \"td-border\"><\/div>\r\n                    <\/div>\r\n                    <div class = \"td-button td-item3\">\r\n                        <div class = \"td-border\"><\/div>\r\n                    <\/div>\r\n                            <\/div>\r\n                        <\/div>\r\n\r\n                    <\/div>\r\n\r\n                <\/div>\r\n                \n","protected":false},"excerpt":{"rendered":"<p>El equipo de Trabajo Social del Consultorio de Villa Nueva es el encargado de realizar la persistencia de condiciones a los beneficiarios del Instituto que residen en el \u00e1rea de atenci\u00f3n de la unidad. En esta oportunidad se realiz\u00f3 visita domiciliar para levantar Acta de Contralor\u00eda a dos beneficiarias del programa de IVS, quienes por [&hellip;]<\/p>\n","protected":false},"author":4,"featured_media":33687,"comment_status":"closed","ping_status":"closed","sticky":false,"template":"","format":"standard","meta":{"footnotes":""},"categories":[3,36],"tags":[208,818],"coauthors":[],"class_list":{"0":"post-33686","1":"post","2":"type-post","3":"status-publish","4":"format-standard","5":"has-post-thumbnail","7":"category-actualidad","8":"category-unidades-medicas","9":"tag-consultorio-villa-nueva","10":"tag-trabajo-social"},"_links":{"self":[{"href":"https:\/\/www.igssgt.org\/noticias\/wp-json\/wp\/v2\/posts\/33686","targetHints":{"allow":["GET"]}}],"collection":[{"href":"https:\/\/www.igssgt.org\/noticias\/wp-json\/wp\/v2\/posts"}],"about":[{"href":"https:\/\/www.igssgt.org\/noticias\/wp-json\/wp\/v2\/types\/post"}],"author":[{"embeddable":true,"href":"https:\/\/www.igssgt.org\/noticias\/wp-json\/wp\/v2\/users\/4"}],"replies":[{"embeddable":true,"href":"https:\/\/www.igssgt.org\/noticias\/wp-json\/wp\/v2\/comments?post=33686"}],"version-history":[{"count":4,"href":"https:\/\/www.igssgt.org\/noticias\/wp-json\/wp\/v2\/posts\/33686\/revisions"}],"predecessor-version":[{"id":33694,"href":"https:\/\/www.igssgt.org\/noticias\/wp-json\/wp\/v2\/posts\/33686\/revisions\/33694"}],"wp:featuredmedia":[{"embeddable":true,"href":"https:\/\/www.igssgt.org\/noticias\/wp-json\/wp\/v2\/media\/33687"}],"wp:attachment":[{"href":"https:\/\/www.igssgt.org\/noticias\/wp-json\/wp\/v2\/media?parent=33686"}],"wp:term":[{"taxonomy":"category","embeddable":true,"href":"https:\/\/www.igssgt.org\/noticias\/wp-json\/wp\/v2\/categories?post=33686"},{"taxonomy":"post_tag","embeddable":true,"href":"https:\/\/www.igssgt.org\/noticias\/wp-json\/wp\/v2\/tags?post=33686"},{"taxonomy":"author","embeddable":true,"href":"https:\/\/www.igssgt.org\/noticias\/wp-json\/wp\/v2\/coauthors?post=33686"}],"curies":[{"name":"wp","href":"https:\/\/api.w.org\/{rel}","templated":true}]}}