{"id":33723,"date":"2023-02-28T16:51:44","date_gmt":"2023-02-28T22:51:44","guid":{"rendered":"https:\/\/www.igssgt.org\/noticias\/?p=33723"},"modified":"2023-02-28T16:51:46","modified_gmt":"2023-02-28T22:51:46","slug":"camip-barranquilla-vacuna-contra-el-covid-19-a-diplomaticos-de-japon","status":"publish","type":"post","link":"https:\/\/www.igssgt.org\/noticias\/2023\/02\/28\/camip-barranquilla-vacuna-contra-el-covid-19-a-diplomaticos-de-japon\/","title":{"rendered":"CAMIP Barranquilla vacuna contra el COVID-19 a diplom\u00e1ticos de Jap\u00f3n"},"content":{"rendered":"\n<p class=\"has-drop-cap\">Para avanzar con el proceso de inmunizaci\u00f3n contra el COVID-19, diplom\u00e1ticos y personal de la embajada de Jap\u00f3n acreditados en el pa\u00eds fueron inmunizados con la cuarta dosis de la vacuna Pfizer. La actividad se realiz\u00f3 en las instalaciones de Camip 2 Barranquilla.<\/p>\n\n\n\n<p>El director de la unidad, doctor Ren\u00e9 Oswaldo Marroqu\u00edn P\u00e9rez, en nombre de autoridades del Instituto Guatemalteco de Seguridad Social (IGSS) agradeci\u00f3 la confianza de esta sede diplom\u00e1tica para inmunizar a su personal.<\/p>\n<p>\u201cQuiero agradecer al excelent\u00edsimo se\u00f1or embajador de Jap\u00f3n por acercarse al IGSS CAMIP2 Barranquilla para proceder con la inmunizaci\u00f3n de su personal y que as\u00ed est\u00e9n protegidos. Sabemos que el recurso humano es un elemento fundamental para las empresas y por lo tanto se constituye en un componente esencial para cualquier tipo de instituci\u00f3n\u201d, coment\u00f3 el galeno.<\/p>\n<p>Asimismo, se reiter\u00f3 el llamado a la poblaci\u00f3n que a\u00fan no se ha vacunado contra el Covid-19 para busque aplicarse la vacuna ya sea en su esquema primario, tercera dosis o refuerzo contra el Covid-19, de lunes a viernes en horario de 7:00 a 13:00 horas.<\/p>\n<p>Ambas naciones tienen 88 a\u00f1os de haber establecido relaciones diplom\u00e1ticas y con acciones como esta los lazos de amistad se siguen fortaleciendo cada d\u00eda.<\/p>\n\r\n                <style type=\"text\/css\">\r\n                    \r\n                    #tdi_1  .td-doubleSlider-2 .td-item1 {\r\n                        background: url(\/wp-content\/uploads\/sites\/5\/2023\/02\/Vacunacion-contra-covid-19-embajada-japon-CAMIP-IGSS-2023-2-80x60.jpg) 0 0 no-repeat;\r\n                    }\r\n                    #tdi_1  .td-doubleSlider-2 .td-item2 {\r\n                        background: url(\/wp-content\/uploads\/sites\/5\/2023\/02\/Vacunacion-contra-covid-19-embajada-japon-CAMIP-IGSS-2023-1-80x60.jpg) 0 0 no-repeat;\r\n                    }\r\n                    #tdi_1  .td-doubleSlider-2 .td-item3 {\r\n                        background: url(\/wp-content\/uploads\/sites\/5\/2023\/02\/Vacunacion-contra-covid-19-embajada-japon-CAMIP-IGSS-2023-4-80x60.jpg) 0 0 no-repeat;\r\n                    }\r\n                <\/style>\r\n\r\n                <div id=\"tdi_1\" class=\"td-gallery td-slide-on-2-columns\">\r\n                    <div class=\"post_td_gallery\">\r\n                        <div class=\"td-gallery-slide-top\">\r\n                           <div class=\"td-gallery-title\">Galeria de Im\u00e1genes<\/div>\r\n\r\n                            <div class=\"td-gallery-controls-wrapper\">\r\n                                <div class=\"td-gallery-slide-count\"><span class=\"td-gallery-slide-item-focus\">1<\/span> de 3<\/div>\r\n                                <div class=\"td-gallery-slide-prev-next-but\">\r\n                                    <i class = \"td-icon-left doubleSliderPrevButton\"><\/i>\r\n                                    <i class = \"td-icon-right doubleSliderNextButton\"><\/i>\r\n                                <\/div>\r\n                            <\/div>\r\n                        <\/div>\r\n\r\n                        <div class = \"td-doubleSlider-1 \">\r\n                            <div class = \"td-slider\">\r\n                                \r\n                    <div class = \"td-slide-item td-item1\">\r\n                        <figure class=\"td-slide-galery-figure td-slide-popup-gallery\">\r\n                            <a class=\"slide-gallery-image-link\" href=\"\/wp-content\/uploads\/sites\/5\/2023\/02\/Vacunacion-contra-covid-19-embajada-japon-CAMIP-IGSS-2023-2.jpg\" title=\"Vacunacion contra covid-19 embajada japon CAMIP IGSS 2023-2\"  data-caption=\"\"  data-description=\"\">\r\n                                <img decoding=\"async\" src=\"\/wp-content\/uploads\/sites\/5\/2023\/02\/Vacunacion-contra-covid-19-embajada-japon-CAMIP-IGSS-2023-2-544x420.jpg\" srcset=\"\/wp-content\/uploads\/sites\/5\/2023\/02\/Vacunacion-contra-covid-19-embajada-japon-CAMIP-IGSS-2023-2-544x420.jpg 544w, \/wp-content\/uploads\/sites\/5\/2023\/02\/Vacunacion-contra-covid-19-embajada-japon-CAMIP-IGSS-2023-2-300x232.jpg 300w, \/wp-content\/uploads\/sites\/5\/2023\/02\/Vacunacion-contra-covid-19-embajada-japon-CAMIP-IGSS-2023-2-768x593.jpg 768w, \/wp-content\/uploads\/sites\/5\/2023\/02\/Vacunacion-contra-covid-19-embajada-japon-CAMIP-IGSS-2023-2-1024x790.jpg 1024w, \/wp-content\/uploads\/sites\/5\/2023\/02\/Vacunacion-contra-covid-19-embajada-japon-CAMIP-IGSS-2023-2-696x537.jpg 696w, \/wp-content\/uploads\/sites\/5\/2023\/02\/Vacunacion-contra-covid-19-embajada-japon-CAMIP-IGSS-2023-2-1068x824.jpg 1068w, \/wp-content\/uploads\/sites\/5\/2023\/02\/Vacunacion-contra-covid-19-embajada-japon-CAMIP-IGSS-2023-2-534x412.jpg 534w, \/wp-content\/uploads\/sites\/5\/2023\/02\/Vacunacion-contra-covid-19-embajada-japon-CAMIP-IGSS-2023-2.jpg 1258w\" sizes=\"(max-width: 544px) 100vw, 544px\" alt=\"\">\r\n                            <\/a>\r\n                            \r\n                        <\/figure>\r\n                    <\/div>\r\n                    <div class = \"td-slide-item td-item2\">\r\n                        <figure class=\"td-slide-galery-figure td-slide-popup-gallery\">\r\n                            <a class=\"slide-gallery-image-link\" href=\"\/wp-content\/uploads\/sites\/5\/2023\/02\/Vacunacion-contra-covid-19-embajada-japon-CAMIP-IGSS-2023-1.jpg\" title=\"Vacunacion contra covid-19 embajada japon CAMIP IGSS 2023-1\"  data-caption=\"\"  data-description=\"\">\r\n                                <img decoding=\"async\" src=\"\/wp-content\/uploads\/sites\/5\/2023\/02\/Vacunacion-contra-covid-19-embajada-japon-CAMIP-IGSS-2023-1-490x420.jpg\" srcset=\"\/wp-content\/uploads\/sites\/5\/2023\/02\/Vacunacion-contra-covid-19-embajada-japon-CAMIP-IGSS-2023-1-490x420.jpg 490w, \/wp-content\/uploads\/sites\/5\/2023\/02\/Vacunacion-contra-covid-19-embajada-japon-CAMIP-IGSS-2023-1-300x257.jpg 300w, \/wp-content\/uploads\/sites\/5\/2023\/02\/Vacunacion-contra-covid-19-embajada-japon-CAMIP-IGSS-2023-1-768x658.jpg 768w, \/wp-content\/uploads\/sites\/5\/2023\/02\/Vacunacion-contra-covid-19-embajada-japon-CAMIP-IGSS-2023-1-696x597.jpg 696w, \/wp-content\/uploads\/sites\/5\/2023\/02\/Vacunacion-contra-covid-19-embajada-japon-CAMIP-IGSS-2023-1-534x458.jpg 534w, \/wp-content\/uploads\/sites\/5\/2023\/02\/Vacunacion-contra-covid-19-embajada-japon-CAMIP-IGSS-2023-1.jpg 910w\" sizes=\"(max-width: 490px) 100vw, 490px\" alt=\"\">\r\n                            <\/a>\r\n                            \r\n                        <\/figure>\r\n                    <\/div>\r\n                    <div class = \"td-slide-item td-item3\">\r\n                        <figure class=\"td-slide-galery-figure td-slide-popup-gallery\">\r\n                            <a class=\"slide-gallery-image-link\" href=\"\/wp-content\/uploads\/sites\/5\/2023\/02\/Vacunacion-contra-covid-19-embajada-japon-CAMIP-IGSS-2023-4.jpg\" title=\"Vacunacion contra covid-19 embajada japon CAMIP IGSS 2023-4\"  data-caption=\"\"  data-description=\"\">\r\n                                <img decoding=\"async\" src=\"\/wp-content\/uploads\/sites\/5\/2023\/02\/Vacunacion-contra-covid-19-embajada-japon-CAMIP-IGSS-2023-4-517x420.jpg\" srcset=\"\/wp-content\/uploads\/sites\/5\/2023\/02\/Vacunacion-contra-covid-19-embajada-japon-CAMIP-IGSS-2023-4-517x420.jpg 517w, \/wp-content\/uploads\/sites\/5\/2023\/02\/Vacunacion-contra-covid-19-embajada-japon-CAMIP-IGSS-2023-4-300x244.jpg 300w, \/wp-content\/uploads\/sites\/5\/2023\/02\/Vacunacion-contra-covid-19-embajada-japon-CAMIP-IGSS-2023-4-768x624.jpg 768w, \/wp-content\/uploads\/sites\/5\/2023\/02\/Vacunacion-contra-covid-19-embajada-japon-CAMIP-IGSS-2023-4-1024x832.jpg 1024w, \/wp-content\/uploads\/sites\/5\/2023\/02\/Vacunacion-contra-covid-19-embajada-japon-CAMIP-IGSS-2023-4-696x566.jpg 696w, \/wp-content\/uploads\/sites\/5\/2023\/02\/Vacunacion-contra-covid-19-embajada-japon-CAMIP-IGSS-2023-4-1068x868.jpg 1068w, \/wp-content\/uploads\/sites\/5\/2023\/02\/Vacunacion-contra-covid-19-embajada-japon-CAMIP-IGSS-2023-4-534x434.jpg 534w, \/wp-content\/uploads\/sites\/5\/2023\/02\/Vacunacion-contra-covid-19-embajada-japon-CAMIP-IGSS-2023-4.jpg 1318w\" sizes=\"(max-width: 517px) 100vw, 517px\" alt=\"\">\r\n                            <\/a>\r\n                            \r\n                        <\/figure>\r\n                    <\/div>\r\n                            <\/div>\r\n                        <\/div>\r\n\r\n                        <div class = \"td-doubleSlider-2\">\r\n                            <div class = \"td-slider\">\r\n                                \r\n                    <div class = \"td-button td-item1\">\r\n                        <div class = \"td-border\"><\/div>\r\n                    <\/div>\r\n                    <div class = \"td-button td-item2\">\r\n                        <div class = \"td-border\"><\/div>\r\n                    <\/div>\r\n                    <div class = \"td-button td-item3\">\r\n                        <div class = \"td-border\"><\/div>\r\n                    <\/div>\r\n                            <\/div>\r\n                        <\/div>\r\n\r\n                    <\/div>\r\n\r\n                <\/div>\r\n                \n","protected":false},"excerpt":{"rendered":"<p>Para avanzar con el proceso de inmunizaci\u00f3n contra el COVID-19, diplom\u00e1ticos y personal de la embajada de Jap\u00f3n acreditados en el pa\u00eds fueron inmunizados con la cuarta dosis de la vacuna Pfizer. La actividad se realiz\u00f3 en las instalaciones de Camip 2 Barranquilla. El director de la unidad, doctor Ren\u00e9 Oswaldo Marroqu\u00edn P\u00e9rez, en nombre [&hellip;]<\/p>\n","protected":false},"author":4,"featured_media":33724,"comment_status":"closed","ping_status":"closed","sticky":false,"template":"","format":"standard","meta":{"footnotes":""},"categories":[3,1170],"tags":[1155,847,1287],"coauthors":[],"class_list":{"0":"post-33723","1":"post","2":"type-post","3":"status-publish","4":"format-standard","5":"has-post-thumbnail","7":"category-actualidad","8":"category-covid-19","9":"tag-covid-19","10":"tag-vacunacion","11":"tag-vacunas-covid-19"},"_links":{"self":[{"href":"https:\/\/www.igssgt.org\/noticias\/wp-json\/wp\/v2\/posts\/33723","targetHints":{"allow":["GET"]}}],"collection":[{"href":"https:\/\/www.igssgt.org\/noticias\/wp-json\/wp\/v2\/posts"}],"about":[{"href":"https:\/\/www.igssgt.org\/noticias\/wp-json\/wp\/v2\/types\/post"}],"author":[{"embeddable":true,"href":"https:\/\/www.igssgt.org\/noticias\/wp-json\/wp\/v2\/users\/4"}],"replies":[{"embeddable":true,"href":"https:\/\/www.igssgt.org\/noticias\/wp-json\/wp\/v2\/comments?post=33723"}],"version-history":[{"count":1,"href":"https:\/\/www.igssgt.org\/noticias\/wp-json\/wp\/v2\/posts\/33723\/revisions"}],"predecessor-version":[{"id":33728,"href":"https:\/\/www.igssgt.org\/noticias\/wp-json\/wp\/v2\/posts\/33723\/revisions\/33728"}],"wp:featuredmedia":[{"embeddable":true,"href":"https:\/\/www.igssgt.org\/noticias\/wp-json\/wp\/v2\/media\/33724"}],"wp:attachment":[{"href":"https:\/\/www.igssgt.org\/noticias\/wp-json\/wp\/v2\/media?parent=33723"}],"wp:term":[{"taxonomy":"category","embeddable":true,"href":"https:\/\/www.igssgt.org\/noticias\/wp-json\/wp\/v2\/categories?post=33723"},{"taxonomy":"post_tag","embeddable":true,"href":"https:\/\/www.igssgt.org\/noticias\/wp-json\/wp\/v2\/tags?post=33723"},{"taxonomy":"author","embeddable":true,"href":"https:\/\/www.igssgt.org\/noticias\/wp-json\/wp\/v2\/coauthors?post=33723"}],"curies":[{"name":"wp","href":"https:\/\/api.w.org\/{rel}","templated":true}]}}