{"id":34027,"date":"2023-03-09T17:18:53","date_gmt":"2023-03-09T23:18:53","guid":{"rendered":"https:\/\/www.igssgt.org\/noticias\/?p=34027"},"modified":"2023-03-09T17:18:55","modified_gmt":"2023-03-09T23:18:55","slug":"igss-escuintla-realiza-jornada-de-deteccion-para-crear-conciencia-sobre-la-salud-renal","status":"publish","type":"post","link":"https:\/\/www.igssgt.org\/noticias\/2023\/03\/09\/igss-escuintla-realiza-jornada-de-deteccion-para-crear-conciencia-sobre-la-salud-renal\/","title":{"rendered":"IGSS Escuintla realiza jornada de detecci\u00f3n para crear conciencia sobre la salud renal"},"content":{"rendered":"\n<p class=\"has-drop-cap\">Con el fin de detectar enfermedades renales en los empleados de la empresa de alimentos Colombina, el personal del Hospital Departamental IGSS de Escuintla realiz\u00f3 una jornada de salud, en la cual se cont\u00f3 con la participaci\u00f3n de m\u00e1s de 250 afiliados.<\/p>\n\n\n\n<p>Durante la actividad se realiz\u00f3 toma de signos vitales, evaluaci\u00f3n m\u00e9dica y nutricional, pr\u00e1ctica de tamizaje renal, pruebas de creatinina, \u00e1cido \u00farico, microalbumina y examen de orina.<\/p>\n<p>Se cont\u00f3 con la participaci\u00f3n de autoridades de dicha empresa, as\u00ed como de la unidad m\u00e9dica.<\/p>\n<p>\u201cMuchas gracias por la asistencia y por venir a nuestra planta, hay trabajadores que laboran en tres turnos distintos y se nos dificulta que se realicen este tipo de ex\u00e1menes tan importantes y que ayudan a prevenir muchas enfermedades, entre ellas las renales\u201d; expres\u00f3 el ingeniero Jorge Granada, Gerente de manufactura de Colombina.<\/p>\n<p><a href=\"\/wp-content\/uploads\/sites\/5\/2023\/03\/Jornada-Salud-Renal-Colombina-Hospital-Departamental-de-Escuintla-IGSS-2023-1.jpg\"><img loading=\"lazy\" decoding=\"async\" class=\"aligncenter size-full wp-image-34029\" src=\"\/wp-content\/uploads\/sites\/5\/2023\/03\/Jornada-Salud-Renal-Colombina-Hospital-Departamental-de-Escuintla-IGSS-2023-1.jpg\" alt=\"\" width=\"1453\" height=\"1134\" srcset=\"\/wp-content\/uploads\/sites\/5\/2023\/03\/Jornada-Salud-Renal-Colombina-Hospital-Departamental-de-Escuintla-IGSS-2023-1.jpg 1453w, \/wp-content\/uploads\/sites\/5\/2023\/03\/Jornada-Salud-Renal-Colombina-Hospital-Departamental-de-Escuintla-IGSS-2023-1-300x234.jpg 300w, \/wp-content\/uploads\/sites\/5\/2023\/03\/Jornada-Salud-Renal-Colombina-Hospital-Departamental-de-Escuintla-IGSS-2023-1-768x599.jpg 768w, \/wp-content\/uploads\/sites\/5\/2023\/03\/Jornada-Salud-Renal-Colombina-Hospital-Departamental-de-Escuintla-IGSS-2023-1-1024x799.jpg 1024w, \/wp-content\/uploads\/sites\/5\/2023\/03\/Jornada-Salud-Renal-Colombina-Hospital-Departamental-de-Escuintla-IGSS-2023-1-538x420.jpg 538w, \/wp-content\/uploads\/sites\/5\/2023\/03\/Jornada-Salud-Renal-Colombina-Hospital-Departamental-de-Escuintla-IGSS-2023-1-696x543.jpg 696w, \/wp-content\/uploads\/sites\/5\/2023\/03\/Jornada-Salud-Renal-Colombina-Hospital-Departamental-de-Escuintla-IGSS-2023-1-1068x834.jpg 1068w, \/wp-content\/uploads\/sites\/5\/2023\/03\/Jornada-Salud-Renal-Colombina-Hospital-Departamental-de-Escuintla-IGSS-2023-1-534x417.jpg 534w\" sizes=\"auto, (max-width: 1453px) 100vw, 1453px\" \/><\/a><\/p>\n<p>La doctora Lilian Adriana Socop Gonz\u00e1lez, Director M\u00e9dico Hospitalario del Hospital Departamental IGSS de Escuintla, agradeci\u00f3 a la empresa por confiar en la instituci\u00f3n la salud de su recurso humano.<\/p>\n<p>\u201cLos felicitamos por participar en esta jornada para hacer salud preventiva. Es importante recalcar que en el IGSS estamos para servirles y esperamos tener m\u00e1s acercamientos como estos para beneficio de todos\u201d, asegur\u00f3.<\/p>\n<p>Por su parte, la ingeniera Mar\u00eda del Pilar Bernal, Gerente de Recursos Humanos de la empresa, agradeci\u00f3 al Instituto por la asistencia brindada en esta y otras actividades que se desarrollan en el marco de la Pol\u00edtica Preventiva del Seguro Social. \u201cEstamos muy contentos y siempre ser\u00e1n bienvenidos con el prop\u00f3sito salvaguardar la salud de nuestros colaboradores\u201d, concluy\u00f3 Bernal.<\/p>\n<p>Por \u00faltimo, se entreg\u00f3 material promocional en el marco del D\u00eda Mundial del Ri\u00f1\u00f3n, para aumentar el conocimiento sobre el cuidado de este \u00f3rgano, aplicando las ocho reglas de oro para evitar padecimientos renales.<\/p>\n\r\n                <style type=\"text\/css\">\r\n                    \r\n                    #tdi_1  .td-doubleSlider-2 .td-item1 {\r\n                        background: url(\/wp-content\/uploads\/sites\/5\/2023\/03\/Jornada-Salud-Renal-Colombina-Hospital-Departamental-de-Escuintla-IGSS-2023-4-80x60.jpg) 0 0 no-repeat;\r\n                    }\r\n                    #tdi_1  .td-doubleSlider-2 .td-item2 {\r\n                        background: url(\/wp-content\/uploads\/sites\/5\/2023\/03\/Jornada-Salud-Renal-Colombina-Hospital-Departamental-de-Escuintla-IGSS-2023-3-80x60.jpg) 0 0 no-repeat;\r\n                    }\r\n                    #tdi_1  .td-doubleSlider-2 .td-item3 {\r\n                        background: url(\/wp-content\/uploads\/sites\/5\/2023\/03\/Jornada-Salud-Renal-Colombina-Hospital-Departamental-de-Escuintla-IGSS-2023-2-1-80x60.jpg) 0 0 no-repeat;\r\n                    }\r\n                    #tdi_1  .td-doubleSlider-2 .td-item4 {\r\n                        background: url(\/wp-content\/uploads\/sites\/5\/2023\/03\/Jornada-Salud-Renal-Colombina-Hospital-Departamental-de-Escuintla-IGSS-2023-8-80x60.jpg) 0 0 no-repeat;\r\n                    }\r\n                    #tdi_1  .td-doubleSlider-2 .td-item5 {\r\n                        background: url(\/wp-content\/uploads\/sites\/5\/2023\/03\/Jornada-Salud-Renal-Colombina-Hospital-Departamental-de-Escuintla-IGSS-2023-9-80x60.jpg) 0 0 no-repeat;\r\n                    }\r\n                    #tdi_1  .td-doubleSlider-2 .td-item6 {\r\n                        background: url(\/wp-content\/uploads\/sites\/5\/2023\/03\/Jornada-Salud-Renal-Colombina-Hospital-Departamental-de-Escuintla-IGSS-2023-1-80x60.jpg) 0 0 no-repeat;\r\n                    }\r\n                    #tdi_1  .td-doubleSlider-2 .td-item7 {\r\n                        background: url(\/wp-content\/uploads\/sites\/5\/2023\/03\/Jornada-Salud-Renal-Colombina-Hospital-Departamental-de-Escuintla-IGSS-2023-5-80x60.jpg) 0 0 no-repeat;\r\n                    }\r\n                    #tdi_1  .td-doubleSlider-2 .td-item8 {\r\n                        background: url(\/wp-content\/uploads\/sites\/5\/2023\/03\/Jornada-Salud-Renal-Colombina-Hospital-Departamental-de-Escuintla-IGSS-2023-6-80x60.jpg) 0 0 no-repeat;\r\n                    }\r\n                    #tdi_1  .td-doubleSlider-2 .td-item9 {\r\n                        background: url(\/wp-content\/uploads\/sites\/5\/2023\/03\/Jornada-Salud-Renal-Colombina-Hospital-Departamental-de-Escuintla-IGSS-2023-7-80x60.jpg) 0 0 no-repeat;\r\n                    }\r\n                <\/style>\r\n\r\n                <div id=\"tdi_1\" class=\"td-gallery td-slide-on-2-columns\">\r\n                    <div class=\"post_td_gallery\">\r\n                        <div class=\"td-gallery-slide-top\">\r\n                           <div class=\"td-gallery-title\">Galeria de Im\u00e1genes<\/div>\r\n\r\n                            <div class=\"td-gallery-controls-wrapper\">\r\n                                <div class=\"td-gallery-slide-count\"><span class=\"td-gallery-slide-item-focus\">1<\/span> de 10<\/div>\r\n                                <div class=\"td-gallery-slide-prev-next-but\">\r\n                                    <i class = \"td-icon-left doubleSliderPrevButton\"><\/i>\r\n                                    <i class = \"td-icon-right doubleSliderNextButton\"><\/i>\r\n                                <\/div>\r\n                            <\/div>\r\n                        <\/div>\r\n\r\n                        <div class = \"td-doubleSlider-1 \">\r\n                            <div class = \"td-slider\">\r\n                                \r\n                    <div class = \"td-slide-item td-item1\">\r\n                        <figure class=\"td-slide-galery-figure td-slide-popup-gallery\">\r\n                            <a class=\"slide-gallery-image-link\" href=\"\/wp-content\/uploads\/sites\/5\/2023\/03\/Jornada-Salud-Renal-Colombina-Hospital-Departamental-de-Escuintla-IGSS-2023-4.jpg\" title=\"Jornada Salud Renal Colombina Hospital Departamental de Escuintla IGSS 2023-4\"  data-caption=\"\"  data-description=\"\">\r\n                                <img decoding=\"async\" src=\"\/wp-content\/uploads\/sites\/5\/2023\/03\/Jornada-Salud-Renal-Colombina-Hospital-Departamental-de-Escuintla-IGSS-2023-4-560x420.jpg\" srcset=\"\/wp-content\/uploads\/sites\/5\/2023\/03\/Jornada-Salud-Renal-Colombina-Hospital-Departamental-de-Escuintla-IGSS-2023-4-560x420.jpg 560w, \/wp-content\/uploads\/sites\/5\/2023\/03\/Jornada-Salud-Renal-Colombina-Hospital-Departamental-de-Escuintla-IGSS-2023-4-300x225.jpg 300w, \/wp-content\/uploads\/sites\/5\/2023\/03\/Jornada-Salud-Renal-Colombina-Hospital-Departamental-de-Escuintla-IGSS-2023-4-768x576.jpg 768w, \/wp-content\/uploads\/sites\/5\/2023\/03\/Jornada-Salud-Renal-Colombina-Hospital-Departamental-de-Escuintla-IGSS-2023-4-1024x768.jpg 1024w, \/wp-content\/uploads\/sites\/5\/2023\/03\/Jornada-Salud-Renal-Colombina-Hospital-Departamental-de-Escuintla-IGSS-2023-4-1536x1152.jpg 1536w, \/wp-content\/uploads\/sites\/5\/2023\/03\/Jornada-Salud-Renal-Colombina-Hospital-Departamental-de-Escuintla-IGSS-2023-4-80x60.jpg 80w, \/wp-content\/uploads\/sites\/5\/2023\/03\/Jornada-Salud-Renal-Colombina-Hospital-Departamental-de-Escuintla-IGSS-2023-4-696x522.jpg 696w, \/wp-content\/uploads\/sites\/5\/2023\/03\/Jornada-Salud-Renal-Colombina-Hospital-Departamental-de-Escuintla-IGSS-2023-4-1068x801.jpg 1068w, \/wp-content\/uploads\/sites\/5\/2023\/03\/Jornada-Salud-Renal-Colombina-Hospital-Departamental-de-Escuintla-IGSS-2023-4-265x198.jpg 265w, \/wp-content\/uploads\/sites\/5\/2023\/03\/Jornada-Salud-Renal-Colombina-Hospital-Departamental-de-Escuintla-IGSS-2023-4-534x401.jpg 534w, \/wp-content\/uploads\/sites\/5\/2023\/03\/Jornada-Salud-Renal-Colombina-Hospital-Departamental-de-Escuintla-IGSS-2023-4.jpg 1600w\" sizes=\"(max-width: 560px) 100vw, 560px\" alt=\"\">\r\n                            <\/a>\r\n                            \r\n                        <\/figure>\r\n                    <\/div>\r\n                    <div class = \"td-slide-item td-item2\">\r\n                        <figure class=\"td-slide-galery-figure td-slide-popup-gallery\">\r\n                            <a class=\"slide-gallery-image-link\" href=\"\/wp-content\/uploads\/sites\/5\/2023\/03\/Jornada-Salud-Renal-Colombina-Hospital-Departamental-de-Escuintla-IGSS-2023-3.jpg\" title=\"Jornada Salud Renal Colombina Hospital Departamental de Escuintla IGSS 2023-3\"  data-caption=\"\"  data-description=\"\">\r\n                                <img decoding=\"async\" src=\"\/wp-content\/uploads\/sites\/5\/2023\/03\/Jornada-Salud-Renal-Colombina-Hospital-Departamental-de-Escuintla-IGSS-2023-3-560x420.jpg\" srcset=\"\/wp-content\/uploads\/sites\/5\/2023\/03\/Jornada-Salud-Renal-Colombina-Hospital-Departamental-de-Escuintla-IGSS-2023-3-560x420.jpg 560w, \/wp-content\/uploads\/sites\/5\/2023\/03\/Jornada-Salud-Renal-Colombina-Hospital-Departamental-de-Escuintla-IGSS-2023-3-300x225.jpg 300w, \/wp-content\/uploads\/sites\/5\/2023\/03\/Jornada-Salud-Renal-Colombina-Hospital-Departamental-de-Escuintla-IGSS-2023-3-768x576.jpg 768w, \/wp-content\/uploads\/sites\/5\/2023\/03\/Jornada-Salud-Renal-Colombina-Hospital-Departamental-de-Escuintla-IGSS-2023-3-1024x768.jpg 1024w, \/wp-content\/uploads\/sites\/5\/2023\/03\/Jornada-Salud-Renal-Colombina-Hospital-Departamental-de-Escuintla-IGSS-2023-3-1536x1152.jpg 1536w, \/wp-content\/uploads\/sites\/5\/2023\/03\/Jornada-Salud-Renal-Colombina-Hospital-Departamental-de-Escuintla-IGSS-2023-3-80x60.jpg 80w, \/wp-content\/uploads\/sites\/5\/2023\/03\/Jornada-Salud-Renal-Colombina-Hospital-Departamental-de-Escuintla-IGSS-2023-3-696x522.jpg 696w, \/wp-content\/uploads\/sites\/5\/2023\/03\/Jornada-Salud-Renal-Colombina-Hospital-Departamental-de-Escuintla-IGSS-2023-3-1068x801.jpg 1068w, \/wp-content\/uploads\/sites\/5\/2023\/03\/Jornada-Salud-Renal-Colombina-Hospital-Departamental-de-Escuintla-IGSS-2023-3-265x198.jpg 265w, \/wp-content\/uploads\/sites\/5\/2023\/03\/Jornada-Salud-Renal-Colombina-Hospital-Departamental-de-Escuintla-IGSS-2023-3-534x401.jpg 534w, \/wp-content\/uploads\/sites\/5\/2023\/03\/Jornada-Salud-Renal-Colombina-Hospital-Departamental-de-Escuintla-IGSS-2023-3.jpg 1600w\" sizes=\"(max-width: 560px) 100vw, 560px\" alt=\"\">\r\n                            <\/a>\r\n                            \r\n                        <\/figure>\r\n                    <\/div>\r\n                    <div class = \"td-slide-item td-item3\">\r\n                        <figure class=\"td-slide-galery-figure td-slide-popup-gallery\">\r\n                            <a class=\"slide-gallery-image-link\" href=\"\/wp-content\/uploads\/sites\/5\/2023\/03\/Jornada-Salud-Renal-Colombina-Hospital-Departamental-de-Escuintla-IGSS-2023-2-1.jpg\" title=\"Jornada Salud Renal Colombina Hospital Departamental de Escuintla IGSS 2023-2\"  data-caption=\"\"  data-description=\"\">\r\n                                <img decoding=\"async\" src=\"\/wp-content\/uploads\/sites\/5\/2023\/03\/Jornada-Salud-Renal-Colombina-Hospital-Departamental-de-Escuintla-IGSS-2023-2-1-517x420.jpg\" srcset=\"\/wp-content\/uploads\/sites\/5\/2023\/03\/Jornada-Salud-Renal-Colombina-Hospital-Departamental-de-Escuintla-IGSS-2023-2-1-517x420.jpg 517w, \/wp-content\/uploads\/sites\/5\/2023\/03\/Jornada-Salud-Renal-Colombina-Hospital-Departamental-de-Escuintla-IGSS-2023-2-1-300x244.jpg 300w, \/wp-content\/uploads\/sites\/5\/2023\/03\/Jornada-Salud-Renal-Colombina-Hospital-Departamental-de-Escuintla-IGSS-2023-2-1-768x624.jpg 768w, \/wp-content\/uploads\/sites\/5\/2023\/03\/Jornada-Salud-Renal-Colombina-Hospital-Departamental-de-Escuintla-IGSS-2023-2-1-1024x832.jpg 1024w, \/wp-content\/uploads\/sites\/5\/2023\/03\/Jornada-Salud-Renal-Colombina-Hospital-Departamental-de-Escuintla-IGSS-2023-2-1-696x566.jpg 696w, \/wp-content\/uploads\/sites\/5\/2023\/03\/Jornada-Salud-Renal-Colombina-Hospital-Departamental-de-Escuintla-IGSS-2023-2-1-1068x868.jpg 1068w, \/wp-content\/uploads\/sites\/5\/2023\/03\/Jornada-Salud-Renal-Colombina-Hospital-Departamental-de-Escuintla-IGSS-2023-2-1-534x434.jpg 534w, \/wp-content\/uploads\/sites\/5\/2023\/03\/Jornada-Salud-Renal-Colombina-Hospital-Departamental-de-Escuintla-IGSS-2023-2-1.jpg 1383w\" sizes=\"(max-width: 517px) 100vw, 517px\" alt=\"\">\r\n                            <\/a>\r\n                            \r\n                        <\/figure>\r\n                    <\/div>\r\n                    <div class = \"td-slide-item td-item4\">\r\n                        <figure class=\"td-slide-galery-figure td-slide-popup-gallery\">\r\n                            <a class=\"slide-gallery-image-link\" href=\"\/wp-content\/uploads\/sites\/5\/2023\/03\/Jornada-Salud-Renal-Colombina-Hospital-Departamental-de-Escuintla-IGSS-2023-8.jpg\" title=\"Jornada Salud Renal Colombina Hospital Departamental de Escuintla IGSS 2023-8\"  data-caption=\"\"  data-description=\"\">\r\n                                <img decoding=\"async\" src=\"\/wp-content\/uploads\/sites\/5\/2023\/03\/Jornada-Salud-Renal-Colombina-Hospital-Departamental-de-Escuintla-IGSS-2023-8-560x420.jpg\" srcset=\"\/wp-content\/uploads\/sites\/5\/2023\/03\/Jornada-Salud-Renal-Colombina-Hospital-Departamental-de-Escuintla-IGSS-2023-8-560x420.jpg 560w, \/wp-content\/uploads\/sites\/5\/2023\/03\/Jornada-Salud-Renal-Colombina-Hospital-Departamental-de-Escuintla-IGSS-2023-8-300x225.jpg 300w, \/wp-content\/uploads\/sites\/5\/2023\/03\/Jornada-Salud-Renal-Colombina-Hospital-Departamental-de-Escuintla-IGSS-2023-8-768x576.jpg 768w, \/wp-content\/uploads\/sites\/5\/2023\/03\/Jornada-Salud-Renal-Colombina-Hospital-Departamental-de-Escuintla-IGSS-2023-8-1024x768.jpg 1024w, \/wp-content\/uploads\/sites\/5\/2023\/03\/Jornada-Salud-Renal-Colombina-Hospital-Departamental-de-Escuintla-IGSS-2023-8-1536x1152.jpg 1536w, \/wp-content\/uploads\/sites\/5\/2023\/03\/Jornada-Salud-Renal-Colombina-Hospital-Departamental-de-Escuintla-IGSS-2023-8-80x60.jpg 80w, \/wp-content\/uploads\/sites\/5\/2023\/03\/Jornada-Salud-Renal-Colombina-Hospital-Departamental-de-Escuintla-IGSS-2023-8-696x522.jpg 696w, \/wp-content\/uploads\/sites\/5\/2023\/03\/Jornada-Salud-Renal-Colombina-Hospital-Departamental-de-Escuintla-IGSS-2023-8-1068x801.jpg 1068w, \/wp-content\/uploads\/sites\/5\/2023\/03\/Jornada-Salud-Renal-Colombina-Hospital-Departamental-de-Escuintla-IGSS-2023-8-265x198.jpg 265w, \/wp-content\/uploads\/sites\/5\/2023\/03\/Jornada-Salud-Renal-Colombina-Hospital-Departamental-de-Escuintla-IGSS-2023-8-534x401.jpg 534w, \/wp-content\/uploads\/sites\/5\/2023\/03\/Jornada-Salud-Renal-Colombina-Hospital-Departamental-de-Escuintla-IGSS-2023-8.jpg 1600w\" sizes=\"(max-width: 560px) 100vw, 560px\" alt=\"\">\r\n                            <\/a>\r\n                            \r\n                        <\/figure>\r\n                    <\/div>\r\n                    <div class = \"td-slide-item td-item5\">\r\n                        <figure class=\"td-slide-galery-figure td-slide-popup-gallery\">\r\n                            <a class=\"slide-gallery-image-link\" href=\"\/wp-content\/uploads\/sites\/5\/2023\/03\/Jornada-Salud-Renal-Colombina-Hospital-Departamental-de-Escuintla-IGSS-2023-9.jpg\" title=\"Jornada Salud Renal Colombina Hospital Departamental de Escuintla IGSS 2023-9\"  data-caption=\"\"  data-description=\"\">\r\n                                <img decoding=\"async\" src=\"\/wp-content\/uploads\/sites\/5\/2023\/03\/Jornada-Salud-Renal-Colombina-Hospital-Departamental-de-Escuintla-IGSS-2023-9-560x420.jpg\" srcset=\"\/wp-content\/uploads\/sites\/5\/2023\/03\/Jornada-Salud-Renal-Colombina-Hospital-Departamental-de-Escuintla-IGSS-2023-9-560x420.jpg 560w, \/wp-content\/uploads\/sites\/5\/2023\/03\/Jornada-Salud-Renal-Colombina-Hospital-Departamental-de-Escuintla-IGSS-2023-9-300x225.jpg 300w, \/wp-content\/uploads\/sites\/5\/2023\/03\/Jornada-Salud-Renal-Colombina-Hospital-Departamental-de-Escuintla-IGSS-2023-9-768x576.jpg 768w, \/wp-content\/uploads\/sites\/5\/2023\/03\/Jornada-Salud-Renal-Colombina-Hospital-Departamental-de-Escuintla-IGSS-2023-9-1024x768.jpg 1024w, \/wp-content\/uploads\/sites\/5\/2023\/03\/Jornada-Salud-Renal-Colombina-Hospital-Departamental-de-Escuintla-IGSS-2023-9-1536x1152.jpg 1536w, \/wp-content\/uploads\/sites\/5\/2023\/03\/Jornada-Salud-Renal-Colombina-Hospital-Departamental-de-Escuintla-IGSS-2023-9-80x60.jpg 80w, \/wp-content\/uploads\/sites\/5\/2023\/03\/Jornada-Salud-Renal-Colombina-Hospital-Departamental-de-Escuintla-IGSS-2023-9-696x522.jpg 696w, \/wp-content\/uploads\/sites\/5\/2023\/03\/Jornada-Salud-Renal-Colombina-Hospital-Departamental-de-Escuintla-IGSS-2023-9-1068x801.jpg 1068w, \/wp-content\/uploads\/sites\/5\/2023\/03\/Jornada-Salud-Renal-Colombina-Hospital-Departamental-de-Escuintla-IGSS-2023-9-265x198.jpg 265w, \/wp-content\/uploads\/sites\/5\/2023\/03\/Jornada-Salud-Renal-Colombina-Hospital-Departamental-de-Escuintla-IGSS-2023-9-534x401.jpg 534w, \/wp-content\/uploads\/sites\/5\/2023\/03\/Jornada-Salud-Renal-Colombina-Hospital-Departamental-de-Escuintla-IGSS-2023-9.jpg 1600w\" sizes=\"(max-width: 560px) 100vw, 560px\" alt=\"\">\r\n                            <\/a>\r\n                            \r\n                        <\/figure>\r\n                    <\/div>\r\n                    <div class = \"td-slide-item td-item6\">\r\n                        <figure class=\"td-slide-galery-figure td-slide-popup-gallery\">\r\n                            <a class=\"slide-gallery-image-link\" href=\"\/wp-content\/uploads\/sites\/5\/2023\/03\/Jornada-Salud-Renal-Colombina-Hospital-Departamental-de-Escuintla-IGSS-2023-1.jpg\" title=\"Jornada Salud Renal Colombina Hospital Departamental de Escuintla IGSS 2023-1\"  data-caption=\"\"  data-description=\"\">\r\n                                <img decoding=\"async\" src=\"\/wp-content\/uploads\/sites\/5\/2023\/03\/Jornada-Salud-Renal-Colombina-Hospital-Departamental-de-Escuintla-IGSS-2023-1-538x420.jpg\" srcset=\"\/wp-content\/uploads\/sites\/5\/2023\/03\/Jornada-Salud-Renal-Colombina-Hospital-Departamental-de-Escuintla-IGSS-2023-1-538x420.jpg 538w, \/wp-content\/uploads\/sites\/5\/2023\/03\/Jornada-Salud-Renal-Colombina-Hospital-Departamental-de-Escuintla-IGSS-2023-1-300x234.jpg 300w, \/wp-content\/uploads\/sites\/5\/2023\/03\/Jornada-Salud-Renal-Colombina-Hospital-Departamental-de-Escuintla-IGSS-2023-1-768x599.jpg 768w, \/wp-content\/uploads\/sites\/5\/2023\/03\/Jornada-Salud-Renal-Colombina-Hospital-Departamental-de-Escuintla-IGSS-2023-1-1024x799.jpg 1024w, \/wp-content\/uploads\/sites\/5\/2023\/03\/Jornada-Salud-Renal-Colombina-Hospital-Departamental-de-Escuintla-IGSS-2023-1-696x543.jpg 696w, \/wp-content\/uploads\/sites\/5\/2023\/03\/Jornada-Salud-Renal-Colombina-Hospital-Departamental-de-Escuintla-IGSS-2023-1-1068x834.jpg 1068w, \/wp-content\/uploads\/sites\/5\/2023\/03\/Jornada-Salud-Renal-Colombina-Hospital-Departamental-de-Escuintla-IGSS-2023-1-534x417.jpg 534w, \/wp-content\/uploads\/sites\/5\/2023\/03\/Jornada-Salud-Renal-Colombina-Hospital-Departamental-de-Escuintla-IGSS-2023-1.jpg 1453w\" sizes=\"(max-width: 538px) 100vw, 538px\" alt=\"\">\r\n                            <\/a>\r\n                            \r\n                        <\/figure>\r\n                    <\/div>\r\n                    <div class = \"td-slide-item td-item7\">\r\n                        <figure class=\"td-slide-galery-figure td-slide-popup-gallery\">\r\n                            <a class=\"slide-gallery-image-link\" href=\"\/wp-content\/uploads\/sites\/5\/2023\/03\/Jornada-Salud-Renal-Colombina-Hospital-Departamental-de-Escuintla-IGSS-2023-5.jpg\" title=\"Jornada Salud Renal Colombina Hospital Departamental de Escuintla IGSS 2023-5\"  data-caption=\"\"  data-description=\"\">\r\n                                <img decoding=\"async\" src=\"\/wp-content\/uploads\/sites\/5\/2023\/03\/Jornada-Salud-Renal-Colombina-Hospital-Departamental-de-Escuintla-IGSS-2023-5-565x420.jpg\" srcset=\"\/wp-content\/uploads\/sites\/5\/2023\/03\/Jornada-Salud-Renal-Colombina-Hospital-Departamental-de-Escuintla-IGSS-2023-5-565x420.jpg 565w, \/wp-content\/uploads\/sites\/5\/2023\/03\/Jornada-Salud-Renal-Colombina-Hospital-Departamental-de-Escuintla-IGSS-2023-5-485x360.jpg 485w, \/wp-content\/uploads\/sites\/5\/2023\/03\/Jornada-Salud-Renal-Colombina-Hospital-Departamental-de-Escuintla-IGSS-2023-5-300x223.jpg 300w, \/wp-content\/uploads\/sites\/5\/2023\/03\/Jornada-Salud-Renal-Colombina-Hospital-Departamental-de-Escuintla-IGSS-2023-5-768x571.jpg 768w, \/wp-content\/uploads\/sites\/5\/2023\/03\/Jornada-Salud-Renal-Colombina-Hospital-Departamental-de-Escuintla-IGSS-2023-5-1024x762.jpg 1024w, \/wp-content\/uploads\/sites\/5\/2023\/03\/Jornada-Salud-Renal-Colombina-Hospital-Departamental-de-Escuintla-IGSS-2023-5-1536x1142.jpg 1536w, \/wp-content\/uploads\/sites\/5\/2023\/03\/Jornada-Salud-Renal-Colombina-Hospital-Departamental-de-Escuintla-IGSS-2023-5-80x60.jpg 80w, \/wp-content\/uploads\/sites\/5\/2023\/03\/Jornada-Salud-Renal-Colombina-Hospital-Departamental-de-Escuintla-IGSS-2023-5-696x518.jpg 696w, \/wp-content\/uploads\/sites\/5\/2023\/03\/Jornada-Salud-Renal-Colombina-Hospital-Departamental-de-Escuintla-IGSS-2023-5-1068x794.jpg 1068w, \/wp-content\/uploads\/sites\/5\/2023\/03\/Jornada-Salud-Renal-Colombina-Hospital-Departamental-de-Escuintla-IGSS-2023-5-265x198.jpg 265w, \/wp-content\/uploads\/sites\/5\/2023\/03\/Jornada-Salud-Renal-Colombina-Hospital-Departamental-de-Escuintla-IGSS-2023-5-534x397.jpg 534w, \/wp-content\/uploads\/sites\/5\/2023\/03\/Jornada-Salud-Renal-Colombina-Hospital-Departamental-de-Escuintla-IGSS-2023-5.jpg 1561w\" sizes=\"(max-width: 565px) 100vw, 565px\" alt=\"\">\r\n                            <\/a>\r\n                            \r\n                        <\/figure>\r\n                    <\/div>\r\n                    <div class = \"td-slide-item td-item8\">\r\n                        <figure class=\"td-slide-galery-figure td-slide-popup-gallery\">\r\n                            <a class=\"slide-gallery-image-link\" href=\"\/wp-content\/uploads\/sites\/5\/2023\/03\/Jornada-Salud-Renal-Colombina-Hospital-Departamental-de-Escuintla-IGSS-2023-6.jpg\" title=\"Jornada Salud Renal Colombina Hospital Departamental de Escuintla IGSS 2023-6\"  data-caption=\"\"  data-description=\"\">\r\n                                <img decoding=\"async\" src=\"\/wp-content\/uploads\/sites\/5\/2023\/03\/Jornada-Salud-Renal-Colombina-Hospital-Departamental-de-Escuintla-IGSS-2023-6-560x420.jpg\" srcset=\"\/wp-content\/uploads\/sites\/5\/2023\/03\/Jornada-Salud-Renal-Colombina-Hospital-Departamental-de-Escuintla-IGSS-2023-6-560x420.jpg 560w, \/wp-content\/uploads\/sites\/5\/2023\/03\/Jornada-Salud-Renal-Colombina-Hospital-Departamental-de-Escuintla-IGSS-2023-6-300x225.jpg 300w, \/wp-content\/uploads\/sites\/5\/2023\/03\/Jornada-Salud-Renal-Colombina-Hospital-Departamental-de-Escuintla-IGSS-2023-6-768x576.jpg 768w, \/wp-content\/uploads\/sites\/5\/2023\/03\/Jornada-Salud-Renal-Colombina-Hospital-Departamental-de-Escuintla-IGSS-2023-6-1024x768.jpg 1024w, \/wp-content\/uploads\/sites\/5\/2023\/03\/Jornada-Salud-Renal-Colombina-Hospital-Departamental-de-Escuintla-IGSS-2023-6-1536x1152.jpg 1536w, \/wp-content\/uploads\/sites\/5\/2023\/03\/Jornada-Salud-Renal-Colombina-Hospital-Departamental-de-Escuintla-IGSS-2023-6-80x60.jpg 80w, \/wp-content\/uploads\/sites\/5\/2023\/03\/Jornada-Salud-Renal-Colombina-Hospital-Departamental-de-Escuintla-IGSS-2023-6-696x522.jpg 696w, \/wp-content\/uploads\/sites\/5\/2023\/03\/Jornada-Salud-Renal-Colombina-Hospital-Departamental-de-Escuintla-IGSS-2023-6-1068x801.jpg 1068w, \/wp-content\/uploads\/sites\/5\/2023\/03\/Jornada-Salud-Renal-Colombina-Hospital-Departamental-de-Escuintla-IGSS-2023-6-265x198.jpg 265w, \/wp-content\/uploads\/sites\/5\/2023\/03\/Jornada-Salud-Renal-Colombina-Hospital-Departamental-de-Escuintla-IGSS-2023-6-534x401.jpg 534w, \/wp-content\/uploads\/sites\/5\/2023\/03\/Jornada-Salud-Renal-Colombina-Hospital-Departamental-de-Escuintla-IGSS-2023-6.jpg 1600w\" sizes=\"(max-width: 560px) 100vw, 560px\" alt=\"\">\r\n                            <\/a>\r\n                            \r\n                        <\/figure>\r\n                    <\/div>\r\n                    <div class = \"td-slide-item td-item9\">\r\n                        <figure class=\"td-slide-galery-figure td-slide-popup-gallery\">\r\n                            <a class=\"slide-gallery-image-link\" href=\"\/wp-content\/uploads\/sites\/5\/2023\/03\/Jornada-Salud-Renal-Colombina-Hospital-Departamental-de-Escuintla-IGSS-2023-7.jpg\" title=\"Jornada Salud Renal Colombina Hospital Departamental de Escuintla IGSS 2023-7\"  data-caption=\"\"  data-description=\"\">\r\n                                <img decoding=\"async\" src=\"\/wp-content\/uploads\/sites\/5\/2023\/03\/Jornada-Salud-Renal-Colombina-Hospital-Departamental-de-Escuintla-IGSS-2023-7-560x420.jpg\" srcset=\"\/wp-content\/uploads\/sites\/5\/2023\/03\/Jornada-Salud-Renal-Colombina-Hospital-Departamental-de-Escuintla-IGSS-2023-7-560x420.jpg 560w, \/wp-content\/uploads\/sites\/5\/2023\/03\/Jornada-Salud-Renal-Colombina-Hospital-Departamental-de-Escuintla-IGSS-2023-7-300x225.jpg 300w, \/wp-content\/uploads\/sites\/5\/2023\/03\/Jornada-Salud-Renal-Colombina-Hospital-Departamental-de-Escuintla-IGSS-2023-7-768x576.jpg 768w, \/wp-content\/uploads\/sites\/5\/2023\/03\/Jornada-Salud-Renal-Colombina-Hospital-Departamental-de-Escuintla-IGSS-2023-7-1024x768.jpg 1024w, \/wp-content\/uploads\/sites\/5\/2023\/03\/Jornada-Salud-Renal-Colombina-Hospital-Departamental-de-Escuintla-IGSS-2023-7-1536x1152.jpg 1536w, \/wp-content\/uploads\/sites\/5\/2023\/03\/Jornada-Salud-Renal-Colombina-Hospital-Departamental-de-Escuintla-IGSS-2023-7-80x60.jpg 80w, \/wp-content\/uploads\/sites\/5\/2023\/03\/Jornada-Salud-Renal-Colombina-Hospital-Departamental-de-Escuintla-IGSS-2023-7-696x522.jpg 696w, \/wp-content\/uploads\/sites\/5\/2023\/03\/Jornada-Salud-Renal-Colombina-Hospital-Departamental-de-Escuintla-IGSS-2023-7-1068x801.jpg 1068w, \/wp-content\/uploads\/sites\/5\/2023\/03\/Jornada-Salud-Renal-Colombina-Hospital-Departamental-de-Escuintla-IGSS-2023-7-265x198.jpg 265w, \/wp-content\/uploads\/sites\/5\/2023\/03\/Jornada-Salud-Renal-Colombina-Hospital-Departamental-de-Escuintla-IGSS-2023-7-534x401.jpg 534w, \/wp-content\/uploads\/sites\/5\/2023\/03\/Jornada-Salud-Renal-Colombina-Hospital-Departamental-de-Escuintla-IGSS-2023-7.jpg 1600w\" sizes=\"(max-width: 560px) 100vw, 560px\" alt=\"\">\r\n                            <\/a>\r\n                            \r\n                        <\/figure>\r\n                    <\/div>\r\n                            <\/div>\r\n                        <\/div>\r\n\r\n                        <div class = \"td-doubleSlider-2\">\r\n                            <div class = \"td-slider\">\r\n                                \r\n                    <div class = \"td-button td-item1\">\r\n                        <div class = \"td-border\"><\/div>\r\n                    <\/div>\r\n                    <div class = \"td-button td-item2\">\r\n                        <div class = \"td-border\"><\/div>\r\n                    <\/div>\r\n                    <div class = \"td-button td-item3\">\r\n                        <div class = \"td-border\"><\/div>\r\n                    <\/div>\r\n                    <div class = \"td-button td-item4\">\r\n                        <div class = \"td-border\"><\/div>\r\n                    <\/div>\r\n                    <div class = \"td-button td-item5\">\r\n                        <div class = \"td-border\"><\/div>\r\n                    <\/div>\r\n                    <div class = \"td-button td-item6\">\r\n                        <div class = \"td-border\"><\/div>\r\n                    <\/div>\r\n                    <div class = \"td-button td-item7\">\r\n                        <div class = \"td-border\"><\/div>\r\n                    <\/div>\r\n                    <div class = \"td-button td-item8\">\r\n                        <div class = \"td-border\"><\/div>\r\n                    <\/div>\r\n                    <div class = \"td-button td-item9\">\r\n                        <div class = \"td-border\"><\/div>\r\n                    <\/div>\r\n                            <\/div>\r\n                        <\/div>\r\n\r\n                    <\/div>\r\n\r\n                <\/div>\r\n                \n","protected":false},"excerpt":{"rendered":"<p>Con el fin de detectar enfermedades renales en los empleados de la empresa de alimentos Colombina, el personal del Hospital Departamental IGSS de Escuintla realiz\u00f3 una jornada de salud, en la cual se cont\u00f3 con la participaci\u00f3n de m\u00e1s de 250 afiliados. Durante la actividad se realiz\u00f3 toma de signos vitales, evaluaci\u00f3n m\u00e9dica y nutricional, [&hellip;]<\/p>\n","protected":false},"author":4,"featured_media":34028,"comment_status":"closed","ping_status":"closed","sticky":false,"template":"","format":"standard","meta":{"footnotes":""},"categories":[3,45],"tags":[248,1246,536],"coauthors":[],"class_list":{"0":"post-34027","1":"post","2":"type-post","3":"status-publish","4":"format-standard","5":"has-post-thumbnail","7":"category-actualidad","8":"category-jornadas-medicas","9":"tag-dia-mundial-del-rinon","10":"tag-hospital-departamental-de-escuintla","11":"tag-jornadas-medicas"},"_links":{"self":[{"href":"https:\/\/www.igssgt.org\/noticias\/wp-json\/wp\/v2\/posts\/34027","targetHints":{"allow":["GET"]}}],"collection":[{"href":"https:\/\/www.igssgt.org\/noticias\/wp-json\/wp\/v2\/posts"}],"about":[{"href":"https:\/\/www.igssgt.org\/noticias\/wp-json\/wp\/v2\/types\/post"}],"author":[{"embeddable":true,"href":"https:\/\/www.igssgt.org\/noticias\/wp-json\/wp\/v2\/users\/4"}],"replies":[{"embeddable":true,"href":"https:\/\/www.igssgt.org\/noticias\/wp-json\/wp\/v2\/comments?post=34027"}],"version-history":[{"count":1,"href":"https:\/\/www.igssgt.org\/noticias\/wp-json\/wp\/v2\/posts\/34027\/revisions"}],"predecessor-version":[{"id":34039,"href":"https:\/\/www.igssgt.org\/noticias\/wp-json\/wp\/v2\/posts\/34027\/revisions\/34039"}],"wp:featuredmedia":[{"embeddable":true,"href":"https:\/\/www.igssgt.org\/noticias\/wp-json\/wp\/v2\/media\/34028"}],"wp:attachment":[{"href":"https:\/\/www.igssgt.org\/noticias\/wp-json\/wp\/v2\/media?parent=34027"}],"wp:term":[{"taxonomy":"category","embeddable":true,"href":"https:\/\/www.igssgt.org\/noticias\/wp-json\/wp\/v2\/categories?post=34027"},{"taxonomy":"post_tag","embeddable":true,"href":"https:\/\/www.igssgt.org\/noticias\/wp-json\/wp\/v2\/tags?post=34027"},{"taxonomy":"author","embeddable":true,"href":"https:\/\/www.igssgt.org\/noticias\/wp-json\/wp\/v2\/coauthors?post=34027"}],"curies":[{"name":"wp","href":"https:\/\/api.w.org\/{rel}","templated":true}]}}