{"id":34053,"date":"2023-03-12T07:45:53","date_gmt":"2023-03-12T13:45:53","guid":{"rendered":"https:\/\/www.igssgt.org\/noticias\/?p=34053"},"modified":"2023-03-10T16:18:17","modified_gmt":"2023-03-10T22:18:17","slug":"llenos-de-vida-trillizos-reciben-su-primera-fisioterapia","status":"publish","type":"post","link":"https:\/\/www.igssgt.org\/noticias\/2023\/03\/12\/llenos-de-vida-trillizos-reciben-su-primera-fisioterapia\/","title":{"rendered":"Llenos de vida, trillizos reciben su primera fisioterapia"},"content":{"rendered":"\n<p class=\"has-drop-cap\">Los trillizos Ren\u00e9 Gael, Renata y Rachelle Sotoj Morales, de cinco meses y medio de edad, quienes nacieron de forma prematura el 19 de septiembre del a\u00f1o pasado en el Hospital General Dr. Juan Jos\u00e9 Ar\u00e9valo Bermejo del Seguro Social, ubicado en la zona 6 capitalina, recibieron recientemente su primera fisioterapia en el Hospital de Rehabilitaci\u00f3n del Instituto.<\/p>\n\n\n<p>Como parte del esquema de atenci\u00f3n m\u00e9dica que el IGSS proporciona a la ni\u00f1ez derechohabiente, los trillizos iniciaron su tratamiento terap\u00e9utico con estimulaci\u00f3n temprana la cual les permitir\u00e1 mejorar sus movimientos m\u00fasculo-esquel\u00e9ticos, como rodar, sentarse y gatear.<\/p>\n<p><a href=\"\/wp-content\/uploads\/sites\/5\/2023\/03\/trillizos-1.jpg\" target=\"_blank\" rel=\"noopener\"><img loading=\"lazy\" decoding=\"async\" class=\"alignnone wp-image-34055 size-full\" src=\"\/wp-content\/uploads\/sites\/5\/2023\/03\/trillizos-1.jpg\" alt=\"\" width=\"1600\" height=\"1200\" srcset=\"\/wp-content\/uploads\/sites\/5\/2023\/03\/trillizos-1.jpg 1600w, \/wp-content\/uploads\/sites\/5\/2023\/03\/trillizos-1-300x225.jpg 300w, \/wp-content\/uploads\/sites\/5\/2023\/03\/trillizos-1-768x576.jpg 768w, \/wp-content\/uploads\/sites\/5\/2023\/03\/trillizos-1-1024x768.jpg 1024w, \/wp-content\/uploads\/sites\/5\/2023\/03\/trillizos-1-1536x1152.jpg 1536w, \/wp-content\/uploads\/sites\/5\/2023\/03\/trillizos-1-560x420.jpg 560w, \/wp-content\/uploads\/sites\/5\/2023\/03\/trillizos-1-80x60.jpg 80w, \/wp-content\/uploads\/sites\/5\/2023\/03\/trillizos-1-696x522.jpg 696w, \/wp-content\/uploads\/sites\/5\/2023\/03\/trillizos-1-1068x801.jpg 1068w, \/wp-content\/uploads\/sites\/5\/2023\/03\/trillizos-1-265x198.jpg 265w, \/wp-content\/uploads\/sites\/5\/2023\/03\/trillizos-1-534x401.jpg 534w\" sizes=\"auto, (max-width: 1600px) 100vw, 1600px\" \/><\/a><\/p>\n<p>A decir de Javier Chang, supervisor del \u00c1rea de Fisioterapia Pedi\u00e1trica, los infantes se encuentran en \u00f3ptimas condiciones y continuar\u00e1n con sus terapias durante los pr\u00f3ximos meses, as\u00ed como el cuidado de su salud en general hasta los 7 a\u00f1os.<\/p>\n<blockquote>\n<p>Los infantes se encuentran en \u00f3ptimas condiciones y continuar\u00e1n con sus terapias durante los pr\u00f3ximos meses<\/p>\n<\/blockquote>\n<p>Jerusal\u00e9n Morales, mam\u00e1 afiliada, coment\u00f3 que su deseo es que los beb\u00e9s caminen adecuadamente en el tiempo esperado. <strong>\u201cEn el IGSS nos han atendido muy bien, explic\u00e1ndonos los procesos. Estamos muy contentos con mi esposo por la atenci\u00f3n especializada y personalizada que recibimos\u201d<\/strong>, expres\u00f3.<\/p>\n<h3><strong>Cobertura total<\/strong><\/h3>\n<p>La se\u00f1ora Morales, de 35 a\u00f1os, recibi\u00f3 el control por embarazo de alto riesgo en cl\u00ednicas de Consulta Externa en el hospital de la zona 6, luego fue internada para evitar cualquier complicaci\u00f3n prenatal, acompa\u00f1ada por un equipo m\u00e9dico multidisciplinario.<\/p>\n<p>Rene Gael fue el primero de los trillizos que vino al mundo a las 8:29, le sigui\u00f3 Renata un minuto despu\u00e9s y finalmente Rachelle vio la luz a las 8:31, culminando as\u00ed la angustiosa espera de los padres y torn\u00e1ndose en alegr\u00eda y satisfacciones la llegada de sus hijos, junto al personal del IGSS al ver el triple regalo de vida en sus brazos.<\/p>\n<p><a href=\"\/wp-content\/uploads\/sites\/5\/2023\/03\/trillizos-2.jpg\" target=\"_blank\" rel=\"noopener\"><img loading=\"lazy\" decoding=\"async\" class=\"alignnone wp-image-34056 size-full\" src=\"\/wp-content\/uploads\/sites\/5\/2023\/03\/trillizos-2.jpg\" alt=\"\" width=\"1600\" height=\"1200\" srcset=\"\/wp-content\/uploads\/sites\/5\/2023\/03\/trillizos-2.jpg 1600w, \/wp-content\/uploads\/sites\/5\/2023\/03\/trillizos-2-300x225.jpg 300w, \/wp-content\/uploads\/sites\/5\/2023\/03\/trillizos-2-768x576.jpg 768w, \/wp-content\/uploads\/sites\/5\/2023\/03\/trillizos-2-1024x768.jpg 1024w, \/wp-content\/uploads\/sites\/5\/2023\/03\/trillizos-2-1536x1152.jpg 1536w, \/wp-content\/uploads\/sites\/5\/2023\/03\/trillizos-2-560x420.jpg 560w, \/wp-content\/uploads\/sites\/5\/2023\/03\/trillizos-2-80x60.jpg 80w, \/wp-content\/uploads\/sites\/5\/2023\/03\/trillizos-2-696x522.jpg 696w, \/wp-content\/uploads\/sites\/5\/2023\/03\/trillizos-2-1068x801.jpg 1068w, \/wp-content\/uploads\/sites\/5\/2023\/03\/trillizos-2-265x198.jpg 265w, \/wp-content\/uploads\/sites\/5\/2023\/03\/trillizos-2-534x401.jpg 534w\" sizes=\"auto, (max-width: 1600px) 100vw, 1600px\" \/><\/a><\/p>","protected":false},"excerpt":{"rendered":"<p>Los trillizos Ren\u00e9 Gael, Renata y Rachelle Sotoj Morales, de cinco meses y medio de edad, quienes nacieron de forma prematura el 19 de septiembre del a\u00f1o pasado en el Hospital General Dr. Juan Jos\u00e9 Ar\u00e9valo Bermejo del Seguro Social, ubicado en la zona 6 capitalina, recibieron recientemente su primera fisioterapia en el Hospital de [&hellip;]<\/p>\n","protected":false},"author":1961,"featured_media":34057,"comment_status":"closed","ping_status":"closed","sticky":false,"template":"","format":"standard","meta":{"footnotes":""},"categories":[3],"tags":[444,478,479,902],"coauthors":[1448],"class_list":{"0":"post-34053","1":"post","2":"type-post","3":"status-publish","4":"format-standard","5":"has-post-thumbnail","7":"category-actualidad","8":"tag-fisioterapia","9":"tag-hospital-de-rehabilitacion","10":"tag-hospital-dr-juan-jose-arevalo-bermejo","11":"tag-trillizos"},"_links":{"self":[{"href":"https:\/\/www.igssgt.org\/noticias\/wp-json\/wp\/v2\/posts\/34053","targetHints":{"allow":["GET"]}}],"collection":[{"href":"https:\/\/www.igssgt.org\/noticias\/wp-json\/wp\/v2\/posts"}],"about":[{"href":"https:\/\/www.igssgt.org\/noticias\/wp-json\/wp\/v2\/types\/post"}],"author":[{"embeddable":true,"href":"https:\/\/www.igssgt.org\/noticias\/wp-json\/wp\/v2\/users\/1961"}],"replies":[{"embeddable":true,"href":"https:\/\/www.igssgt.org\/noticias\/wp-json\/wp\/v2\/comments?post=34053"}],"version-history":[{"count":2,"href":"https:\/\/www.igssgt.org\/noticias\/wp-json\/wp\/v2\/posts\/34053\/revisions"}],"predecessor-version":[{"id":34058,"href":"https:\/\/www.igssgt.org\/noticias\/wp-json\/wp\/v2\/posts\/34053\/revisions\/34058"}],"wp:featuredmedia":[{"embeddable":true,"href":"https:\/\/www.igssgt.org\/noticias\/wp-json\/wp\/v2\/media\/34057"}],"wp:attachment":[{"href":"https:\/\/www.igssgt.org\/noticias\/wp-json\/wp\/v2\/media?parent=34053"}],"wp:term":[{"taxonomy":"category","embeddable":true,"href":"https:\/\/www.igssgt.org\/noticias\/wp-json\/wp\/v2\/categories?post=34053"},{"taxonomy":"post_tag","embeddable":true,"href":"https:\/\/www.igssgt.org\/noticias\/wp-json\/wp\/v2\/tags?post=34053"},{"taxonomy":"author","embeddable":true,"href":"https:\/\/www.igssgt.org\/noticias\/wp-json\/wp\/v2\/coauthors?post=34053"}],"curies":[{"name":"wp","href":"https:\/\/api.w.org\/{rel}","templated":true}]}}