{"id":34072,"date":"2023-03-12T14:45:16","date_gmt":"2023-03-12T20:45:16","guid":{"rendered":"https:\/\/www.igssgt.org\/noticias\/?p=34072"},"modified":"2023-03-10T16:22:24","modified_gmt":"2023-03-10T22:22:24","slug":"la-higiene-bucal-es-la-ventana-para-una-mejor-salud-integral","status":"publish","type":"post","link":"https:\/\/www.igssgt.org\/noticias\/2023\/03\/12\/la-higiene-bucal-es-la-ventana-para-una-mejor-salud-integral\/","title":{"rendered":"La higiene bucal es la ventana para una mejor salud integral"},"content":{"rendered":"\n<p class=\"has-drop-cap\">\u201cEl cuidado de los dientes empieza en casa e inicia con un correcto cepillado y el uso de hilo dental\u201d, refiri\u00f3 la doctora Liza Garc\u00eda Alc\u00e1ntara, jefe de la Unidad de Especialidad de Odontolog\u00eda de la Unidad Perif\u00e9rica zona 5, del Seguro Social.<\/p>\n\n\n<p>Agreg\u00f3 que la falta de una adecuada higiene buco-dental, puede causar la aparici\u00f3n de manchas blanquecinas, placa, sarro, caries, gingivitis, periodontitis y mal aliento, entre otras enfermedades.<\/p>\n<p><a href=\"\/wp-content\/uploads\/sites\/5\/2023\/03\/La-higiene-bucal-4.jpg\" target=\"_blank\" rel=\"noopener\"><img loading=\"lazy\" decoding=\"async\" class=\"alignnone wp-image-34077 size-full\" src=\"\/wp-content\/uploads\/sites\/5\/2023\/03\/La-higiene-bucal-4.jpg\" alt=\"\" width=\"1280\" height=\"853\" srcset=\"\/wp-content\/uploads\/sites\/5\/2023\/03\/La-higiene-bucal-4.jpg 1280w, \/wp-content\/uploads\/sites\/5\/2023\/03\/La-higiene-bucal-4-300x200.jpg 300w, \/wp-content\/uploads\/sites\/5\/2023\/03\/La-higiene-bucal-4-768x512.jpg 768w, \/wp-content\/uploads\/sites\/5\/2023\/03\/La-higiene-bucal-4-1024x682.jpg 1024w, \/wp-content\/uploads\/sites\/5\/2023\/03\/La-higiene-bucal-4-630x420.jpg 630w, \/wp-content\/uploads\/sites\/5\/2023\/03\/La-higiene-bucal-4-696x464.jpg 696w, \/wp-content\/uploads\/sites\/5\/2023\/03\/La-higiene-bucal-4-1068x712.jpg 1068w, \/wp-content\/uploads\/sites\/5\/2023\/03\/La-higiene-bucal-4-534x356.jpg 534w\" sizes=\"auto, (max-width: 1280px) 100vw, 1280px\" \/><\/a><\/p>\n<p>Al igual que con otras \u00e1reas del cuerpo, en la boca se concentran bacterias que viajan hacia las v\u00edas respiratorias y digestivas, donde se podr\u00edan generar otras enfermedades, como acidez y dolor estomacal, y flatulencias, subray\u00f3 la experta.<\/p>\n<blockquote>\n<p>El Seguro Social cuenta con 40 cl\u00ednicas odontol\u00f3gicas en todo el pa\u00eds debidamente equipadas<\/p>\n<\/blockquote>\n<p>A manera de recomendaci\u00f3n, la doctora Garc\u00eda se\u00f1al\u00f3 que para una adecuada higiene se debe realizar el cepillado de dientes con regularidad (al menos 3 veces al d\u00eda), el uso de hilo dental y la visita al especialista de forma constante.<\/p>\n<p><a href=\"\/wp-content\/uploads\/sites\/5\/2023\/03\/La-higiene-bucal-3.jpg\" target=\"_blank\" rel=\"noopener\"><img loading=\"lazy\" decoding=\"async\" class=\"alignnone wp-image-34076 size-full\" src=\"\/wp-content\/uploads\/sites\/5\/2023\/03\/La-higiene-bucal-3.jpg\" alt=\"\" width=\"1071\" height=\"720\" srcset=\"\/wp-content\/uploads\/sites\/5\/2023\/03\/La-higiene-bucal-3.jpg 1071w, \/wp-content\/uploads\/sites\/5\/2023\/03\/La-higiene-bucal-3-300x202.jpg 300w, \/wp-content\/uploads\/sites\/5\/2023\/03\/La-higiene-bucal-3-768x516.jpg 768w, \/wp-content\/uploads\/sites\/5\/2023\/03\/La-higiene-bucal-3-1024x688.jpg 1024w, \/wp-content\/uploads\/sites\/5\/2023\/03\/La-higiene-bucal-3-625x420.jpg 625w, \/wp-content\/uploads\/sites\/5\/2023\/03\/La-higiene-bucal-3-696x468.jpg 696w, \/wp-content\/uploads\/sites\/5\/2023\/03\/La-higiene-bucal-3-1068x718.jpg 1068w, \/wp-content\/uploads\/sites\/5\/2023\/03\/La-higiene-bucal-3-534x359.jpg 534w\" sizes=\"auto, (max-width: 1071px) 100vw, 1071px\" \/><\/a><\/p>\n<p>Adem\u00e1s, evitar en gran medida el consumo de az\u00facar, caf\u00e9, bebidas gaseosas, t\u00e9 y cigarrillos entre otros.<\/p>\n<p>El Seguro Social cuenta con 40 cl\u00ednicas odontol\u00f3gicas en todo el pa\u00eds debidamente equipadas, para el diagn\u00f3stico y tratamiento de enfermedades buco-dentales, as\u00ed como para la restauraci\u00f3n de piezas dentales.<\/p>\n<p>Como parte de la Pol\u00edtica de Prevenci\u00f3n de Enfermedades y la Promoci\u00f3n de la Salud, el Seguro Social hace un llamado a la poblaci\u00f3n afiliada y derechohabiente a cuidar la higiene bucal, ya que su desatenci\u00f3n puede afectar la salud integral, incluida la autoestima.<\/p>\n<table style=\"width: 100%;border-collapse: collapse;background-color: #fcf98b\">\n<tbody>\n<tr>\n<td style=\"width: 100%\"><strong>EL SARRO<\/strong><br \/>Consiste en una placa bacteriana que se endurece sobre los dientes debido a restos de comida. Esta masa se forma en los bordes de las enc\u00edas y abajo de ellas, causando mal aliento, irritaci\u00f3n de los tejidos gingivales y problemas m\u00e1s serios que van desde la aparici\u00f3n de caries a enfermedades periodontales<\/td>\n<\/tr>\n<\/tbody>\n<\/table>\n<p><a href=\"\/wp-content\/uploads\/sites\/5\/2023\/03\/La-higiene-bucal-2.jpg\"><img loading=\"lazy\" decoding=\"async\" class=\"alignnone size-full wp-image-34075\" src=\"\/wp-content\/uploads\/sites\/5\/2023\/03\/La-higiene-bucal-2.jpg\" alt=\"\" width=\"1115\" height=\"835\" srcset=\"\/wp-content\/uploads\/sites\/5\/2023\/03\/La-higiene-bucal-2.jpg 1115w, \/wp-content\/uploads\/sites\/5\/2023\/03\/La-higiene-bucal-2-300x225.jpg 300w, \/wp-content\/uploads\/sites\/5\/2023\/03\/La-higiene-bucal-2-768x575.jpg 768w, \/wp-content\/uploads\/sites\/5\/2023\/03\/La-higiene-bucal-2-1024x767.jpg 1024w, \/wp-content\/uploads\/sites\/5\/2023\/03\/La-higiene-bucal-2-561x420.jpg 561w, \/wp-content\/uploads\/sites\/5\/2023\/03\/La-higiene-bucal-2-80x60.jpg 80w, \/wp-content\/uploads\/sites\/5\/2023\/03\/La-higiene-bucal-2-696x521.jpg 696w, \/wp-content\/uploads\/sites\/5\/2023\/03\/La-higiene-bucal-2-1068x800.jpg 1068w, \/wp-content\/uploads\/sites\/5\/2023\/03\/La-higiene-bucal-2-265x198.jpg 265w, \/wp-content\/uploads\/sites\/5\/2023\/03\/La-higiene-bucal-2-534x400.jpg 534w\" sizes=\"auto, (max-width: 1115px) 100vw, 1115px\" \/><\/a><\/p>","protected":false},"excerpt":{"rendered":"<p>\u201cEl cuidado de los dientes empieza en casa e inicia con un correcto cepillado y el uso de hilo dental\u201d, refiri\u00f3 la doctora Liza Garc\u00eda Alc\u00e1ntara, jefe de la Unidad de Especialidad de Odontolog\u00eda de la Unidad Perif\u00e9rica zona 5, del Seguro Social. Agreg\u00f3 que la falta de una adecuada higiene buco-dental, puede causar la [&hellip;]<\/p>\n","protected":false},"author":1961,"featured_media":34074,"comment_status":"closed","ping_status":"closed","sticky":false,"template":"","format":"standard","meta":{"footnotes":""},"categories":[3],"tags":[1643,1644,1645],"coauthors":[1448],"class_list":{"0":"post-34072","1":"post","2":"type-post","3":"status-publish","4":"format-standard","5":"has-post-thumbnail","7":"category-actualidad","8":"tag-higiene-bucal","9":"tag-salud-integral","10":"tag-unidad-de-especialidad-de-odontologia-de-la-unidad-periferica-zona-5"},"_links":{"self":[{"href":"https:\/\/www.igssgt.org\/noticias\/wp-json\/wp\/v2\/posts\/34072","targetHints":{"allow":["GET"]}}],"collection":[{"href":"https:\/\/www.igssgt.org\/noticias\/wp-json\/wp\/v2\/posts"}],"about":[{"href":"https:\/\/www.igssgt.org\/noticias\/wp-json\/wp\/v2\/types\/post"}],"author":[{"embeddable":true,"href":"https:\/\/www.igssgt.org\/noticias\/wp-json\/wp\/v2\/users\/1961"}],"replies":[{"embeddable":true,"href":"https:\/\/www.igssgt.org\/noticias\/wp-json\/wp\/v2\/comments?post=34072"}],"version-history":[{"count":2,"href":"https:\/\/www.igssgt.org\/noticias\/wp-json\/wp\/v2\/posts\/34072\/revisions"}],"predecessor-version":[{"id":34078,"href":"https:\/\/www.igssgt.org\/noticias\/wp-json\/wp\/v2\/posts\/34072\/revisions\/34078"}],"wp:featuredmedia":[{"embeddable":true,"href":"https:\/\/www.igssgt.org\/noticias\/wp-json\/wp\/v2\/media\/34074"}],"wp:attachment":[{"href":"https:\/\/www.igssgt.org\/noticias\/wp-json\/wp\/v2\/media?parent=34072"}],"wp:term":[{"taxonomy":"category","embeddable":true,"href":"https:\/\/www.igssgt.org\/noticias\/wp-json\/wp\/v2\/categories?post=34072"},{"taxonomy":"post_tag","embeddable":true,"href":"https:\/\/www.igssgt.org\/noticias\/wp-json\/wp\/v2\/tags?post=34072"},{"taxonomy":"author","embeddable":true,"href":"https:\/\/www.igssgt.org\/noticias\/wp-json\/wp\/v2\/coauthors?post=34072"}],"curies":[{"name":"wp","href":"https:\/\/api.w.org\/{rel}","templated":true}]}}