{"id":34079,"date":"2023-03-11T14:45:03","date_gmt":"2023-03-11T20:45:03","guid":{"rendered":"https:\/\/www.igssgt.org\/noticias\/?p=34079"},"modified":"2023-03-10T16:21:03","modified_gmt":"2023-03-10T22:21:03","slug":"realizan-conversatorio-para-demostrar-que-el-deporte-es-un-medio-de-vida","status":"publish","type":"post","link":"https:\/\/www.igssgt.org\/noticias\/2023\/03\/11\/realizan-conversatorio-para-demostrar-que-el-deporte-es-un-medio-de-vida\/","title":{"rendered":"Realizan conversatorio para demostrar que el deporte es un medio de vida"},"content":{"rendered":"\n<p class=\"has-drop-cap\">Con la finalidad de desarrollar la integraci\u00f3n de equipos con enfoque biopsicosocial y hacer ver que el deporte es un medio de vida, se llev\u00f3 a cabo un conversatorio en el Hospital de Rehabilitaci\u00f3n.<\/p>\n\n\n<p>Se cont\u00f3 con la participaci\u00f3n de personal m\u00e9dico, pacientes y los profesionales en f\u00fatbol para personas amputadas del Club de la Liga Alajuelense y de la Selecci\u00f3n de Costa Rica, Joshua Santana y Alex Garc\u00eda.<\/p>\n<p>Ambos jugadores contaron a la audiencia su testimonio de vida y demostraron con una pr\u00e1ctica de f\u00fatbol, el mensaje que dan a los pacientes quienes por una enfermedad o un accidente han perdido alguna extremidad superior o inferior.<\/p>\n<p><a href=\"\/wp-content\/uploads\/sites\/5\/2023\/03\/Realizan-conversatorio-2.jpg\" target=\"_blank\" rel=\"noopener\"><img loading=\"lazy\" decoding=\"async\" class=\"alignnone wp-image-34082 size-full\" src=\"\/wp-content\/uploads\/sites\/5\/2023\/03\/Realizan-conversatorio-2.jpg\" alt=\"\" width=\"1531\" height=\"1110\" srcset=\"\/wp-content\/uploads\/sites\/5\/2023\/03\/Realizan-conversatorio-2.jpg 1531w, \/wp-content\/uploads\/sites\/5\/2023\/03\/Realizan-conversatorio-2-300x218.jpg 300w, \/wp-content\/uploads\/sites\/5\/2023\/03\/Realizan-conversatorio-2-768x557.jpg 768w, \/wp-content\/uploads\/sites\/5\/2023\/03\/Realizan-conversatorio-2-1024x742.jpg 1024w, \/wp-content\/uploads\/sites\/5\/2023\/03\/Realizan-conversatorio-2-579x420.jpg 579w, \/wp-content\/uploads\/sites\/5\/2023\/03\/Realizan-conversatorio-2-696x505.jpg 696w, \/wp-content\/uploads\/sites\/5\/2023\/03\/Realizan-conversatorio-2-1068x774.jpg 1068w, \/wp-content\/uploads\/sites\/5\/2023\/03\/Realizan-conversatorio-2-324x235.jpg 324w, \/wp-content\/uploads\/sites\/5\/2023\/03\/Realizan-conversatorio-2-534x387.jpg 534w\" sizes=\"auto, (max-width: 1531px) 100vw, 1531px\" \/><\/a><\/p>\n<p><strong>\u201cDonde no te lleven tus piernas, que te lleve tu coraz\u00f3n\u201d<\/strong>, dijo Santana durante su discurso motivacional.<\/p>\n<p>Mientras que Garc\u00eda enfatizo que: <strong>\u201chay personas que tienen todas sus extremidades, pero no tienen la mentalidad necesaria para enfrentar el d\u00eda a d\u00eda por lo que se debe tener una actitud positiva siempre\u201d.<\/strong><\/p>\n<blockquote>\n<p>Hay personas que tienen todas sus extremidades, pero no tienen la mentalidad necesaria para enfrentar el d\u00eda a d\u00eda<\/p>\n<\/blockquote>\n<p>La doctora Karina Maribel Rodr\u00edguez, director m\u00e9dico del Hospital de Rehabilitaci\u00f3n coment\u00f3 que ellos nos demuestran que, con 10 a\u00f1os generacionales, entre ambos, son el d\u00fao perfecto en su club, y la selecci\u00f3n, porque est\u00e1n hermanados, y se integran a la perfecci\u00f3n para alcanzar sus objetivos.<\/p>\n<p><strong>\u201cSon personas que viven comprometidas haciendo realidad los sue\u00f1os que un d\u00eda tuvieron y a pesar de las deficiencias que los lleva a enfrentar una discapacidad, han podido superarlos y seguir adelante\u201d<\/strong>, finaliz\u00f3 Rodr\u00edguez.<\/p>\n<p><a href=\"\/wp-content\/uploads\/sites\/5\/2023\/03\/Realizan-conversatorio-1.jpg\" target=\"_blank\" rel=\"noopener\"><img loading=\"lazy\" decoding=\"async\" class=\"alignnone wp-image-34081 size-full\" src=\"\/wp-content\/uploads\/sites\/5\/2023\/03\/Realizan-conversatorio-1.jpg\" alt=\"\" width=\"1600\" height=\"1200\" srcset=\"\/wp-content\/uploads\/sites\/5\/2023\/03\/Realizan-conversatorio-1.jpg 1600w, \/wp-content\/uploads\/sites\/5\/2023\/03\/Realizan-conversatorio-1-300x225.jpg 300w, \/wp-content\/uploads\/sites\/5\/2023\/03\/Realizan-conversatorio-1-768x576.jpg 768w, \/wp-content\/uploads\/sites\/5\/2023\/03\/Realizan-conversatorio-1-1024x768.jpg 1024w, \/wp-content\/uploads\/sites\/5\/2023\/03\/Realizan-conversatorio-1-1536x1152.jpg 1536w, \/wp-content\/uploads\/sites\/5\/2023\/03\/Realizan-conversatorio-1-560x420.jpg 560w, \/wp-content\/uploads\/sites\/5\/2023\/03\/Realizan-conversatorio-1-80x60.jpg 80w, \/wp-content\/uploads\/sites\/5\/2023\/03\/Realizan-conversatorio-1-696x522.jpg 696w, \/wp-content\/uploads\/sites\/5\/2023\/03\/Realizan-conversatorio-1-1068x801.jpg 1068w, \/wp-content\/uploads\/sites\/5\/2023\/03\/Realizan-conversatorio-1-265x198.jpg 265w, \/wp-content\/uploads\/sites\/5\/2023\/03\/Realizan-conversatorio-1-534x401.jpg 534w\" sizes=\"auto, (max-width: 1600px) 100vw, 1600px\" \/><\/a><\/p>","protected":false},"excerpt":{"rendered":"<p>Con la finalidad de desarrollar la integraci\u00f3n de equipos con enfoque biopsicosocial y hacer ver que el deporte es un medio de vida, se llev\u00f3 a cabo un conversatorio en el Hospital de Rehabilitaci\u00f3n. Se cont\u00f3 con la participaci\u00f3n de personal m\u00e9dico, pacientes y los profesionales en f\u00fatbol para personas amputadas del Club de la [&hellip;]<\/p>\n","protected":false},"author":1961,"featured_media":34083,"comment_status":"closed","ping_status":"closed","sticky":false,"template":"","format":"standard","meta":{"footnotes":""},"categories":[3],"tags":[1646,478],"coauthors":[1448],"class_list":{"0":"post-34079","1":"post","2":"type-post","3":"status-publish","4":"format-standard","5":"has-post-thumbnail","7":"category-actualidad","8":"tag-conversatorio","9":"tag-hospital-de-rehabilitacion"},"_links":{"self":[{"href":"https:\/\/www.igssgt.org\/noticias\/wp-json\/wp\/v2\/posts\/34079","targetHints":{"allow":["GET"]}}],"collection":[{"href":"https:\/\/www.igssgt.org\/noticias\/wp-json\/wp\/v2\/posts"}],"about":[{"href":"https:\/\/www.igssgt.org\/noticias\/wp-json\/wp\/v2\/types\/post"}],"author":[{"embeddable":true,"href":"https:\/\/www.igssgt.org\/noticias\/wp-json\/wp\/v2\/users\/1961"}],"replies":[{"embeddable":true,"href":"https:\/\/www.igssgt.org\/noticias\/wp-json\/wp\/v2\/comments?post=34079"}],"version-history":[{"count":3,"href":"https:\/\/www.igssgt.org\/noticias\/wp-json\/wp\/v2\/posts\/34079\/revisions"}],"predecessor-version":[{"id":34088,"href":"https:\/\/www.igssgt.org\/noticias\/wp-json\/wp\/v2\/posts\/34079\/revisions\/34088"}],"wp:featuredmedia":[{"embeddable":true,"href":"https:\/\/www.igssgt.org\/noticias\/wp-json\/wp\/v2\/media\/34083"}],"wp:attachment":[{"href":"https:\/\/www.igssgt.org\/noticias\/wp-json\/wp\/v2\/media?parent=34079"}],"wp:term":[{"taxonomy":"category","embeddable":true,"href":"https:\/\/www.igssgt.org\/noticias\/wp-json\/wp\/v2\/categories?post=34079"},{"taxonomy":"post_tag","embeddable":true,"href":"https:\/\/www.igssgt.org\/noticias\/wp-json\/wp\/v2\/tags?post=34079"},{"taxonomy":"author","embeddable":true,"href":"https:\/\/www.igssgt.org\/noticias\/wp-json\/wp\/v2\/coauthors?post=34079"}],"curies":[{"name":"wp","href":"https:\/\/api.w.org\/{rel}","templated":true}]}}