{"id":34192,"date":"2023-03-14T11:00:00","date_gmt":"2023-03-14T17:00:00","guid":{"rendered":"https:\/\/www.igssgt.org\/noticias\/?p=34192"},"modified":"2023-03-14T12:24:01","modified_gmt":"2023-03-14T18:24:01","slug":"la-entrega-de-certificados-medicos-de-defuncion-sera-mas-agil-en-el-hospital-de-la-zona-6","status":"publish","type":"post","link":"https:\/\/www.igssgt.org\/noticias\/2023\/03\/14\/la-entrega-de-certificados-medicos-de-defuncion-sera-mas-agil-en-el-hospital-de-la-zona-6\/","title":{"rendered":"La entrega de certificados m\u00e9dicos de defunci\u00f3n ser\u00e1 m\u00e1s \u00e1gil en el Hospital de la zona 6"},"content":{"rendered":"\n<p class=\"has-drop-cap\">El Departamento de Medicina Interna, en conjunto con el Servicio de Patolog\u00eda y Morgue del Hospital Dr. Juan Jos\u00e9 Ar\u00e9valo Bermejo, dio un taller virtual dirigido a un grupo de galenos sobre la importancia de llenar correctamente los certificados m\u00e9dicos de defunci\u00f3n.<\/p>\n\n\n<figure id=\"attachment_34195\" aria-describedby=\"caption-attachment-34195\" style=\"width: 290px\" class=\"wp-caption alignleft\"><a href=\"\/wp-content\/uploads\/sites\/5\/2023\/03\/certificados-medicos-4.jpg\" target=\"_blank\" rel=\"noopener\"><img loading=\"lazy\" decoding=\"async\" class=\"wp-image-34195\" src=\"\/wp-content\/uploads\/sites\/5\/2023\/03\/certificados-medicos-4.jpg\" alt=\"\" width=\"290\" height=\"244\" srcset=\"\/wp-content\/uploads\/sites\/5\/2023\/03\/certificados-medicos-4.jpg 467w, \/wp-content\/uploads\/sites\/5\/2023\/03\/certificados-medicos-4-300x252.jpg 300w\" sizes=\"auto, (max-width: 290px) 100vw, 290px\" \/><\/a><figcaption id=\"caption-attachment-34195\" class=\"wp-caption-text\">Dr. Nery Oziel Vel\u00e1squez Aldana<\/figcaption><\/figure>\n<p>Con esta capacitaci\u00f3n se busca fortalecer los procesos de atenci\u00f3n y reducir el tiempo de entrega del documento. La inducci\u00f3n fue dirigida especialmente a los m\u00e9dicos y residentes de las especialidades de Medicina Interna, Cirug\u00eda, Gineco obstetricia y Pediatr\u00eda.<\/p>\n<p>El certificado m\u00e9dico es la constancia hospitalaria de que una persona ha fallecido, a la vez permite que el Registro Civil extienda el acta de defunci\u00f3n correspondiente.<\/p>\n<figure id=\"attachment_34194\" aria-describedby=\"caption-attachment-34194\" style=\"width: 300px\" class=\"wp-caption alignright\"><a href=\"\/wp-content\/uploads\/sites\/5\/2023\/03\/certificados-medicos-2.jpg\" target=\"_blank\" rel=\"noopener\"><img loading=\"lazy\" decoding=\"async\" class=\"wp-image-34194\" src=\"\/wp-content\/uploads\/sites\/5\/2023\/03\/certificados-medicos-2.jpg\" alt=\"\" width=\"300\" height=\"248\" srcset=\"\/wp-content\/uploads\/sites\/5\/2023\/03\/certificados-medicos-2.jpg 479w, \/wp-content\/uploads\/sites\/5\/2023\/03\/certificados-medicos-2-300x248.jpg 300w\" sizes=\"auto, (max-width: 300px) 100vw, 300px\" \/><\/a><figcaption id=\"caption-attachment-34194\" class=\"wp-caption-text\">Sara\u00ed de Le\u00f3n, asistente del \u00e1rea de Patolog\u00eda<\/figcaption><\/figure>\n<p>El doctor Nery Oziel Vel\u00e1squez Aldana, jefe del Servicio de Patolog\u00eda, indic\u00f3 que con la actividad buscan la adecuada y eficiente elaboraci\u00f3n de dicho certificado. <strong>\u201cEl documento es emitido por todas las \u00e1reas de la Emergencia\u201d<\/strong>, precis\u00f3 Vel\u00e1squez.<\/p>\n<p>Por su parte, Sara\u00ed de Le\u00f3n, asistente del \u00e1rea de Patolog\u00eda, coment\u00f3 que <strong>la charla fue de gran ayuda para los m\u00e9dicos residentes de nuevo ingreso, pues les servir\u00e1 de gu\u00eda y con ello se evitar\u00e1n contratiempos.<\/strong><\/p>","protected":false},"excerpt":{"rendered":"<p>El Departamento de Medicina Interna, en conjunto con el Servicio de Patolog\u00eda y Morgue del Hospital Dr. Juan Jos\u00e9 Ar\u00e9valo Bermejo, dio un taller virtual dirigido a un grupo de galenos sobre la importancia de llenar correctamente los certificados m\u00e9dicos de defunci\u00f3n. Con esta capacitaci\u00f3n se busca fortalecer los procesos de atenci\u00f3n y reducir el [&hellip;]<\/p>\n","protected":false},"author":1961,"featured_media":34199,"comment_status":"closed","ping_status":"closed","sticky":false,"template":"","format":"standard","meta":{"footnotes":""},"categories":[3],"tags":[1656,479],"coauthors":[],"class_list":{"0":"post-34192","1":"post","2":"type-post","3":"status-publish","4":"format-standard","5":"has-post-thumbnail","7":"category-actualidad","8":"tag-departamento-de-medicina-interna","9":"tag-hospital-dr-juan-jose-arevalo-bermejo"},"_links":{"self":[{"href":"https:\/\/www.igssgt.org\/noticias\/wp-json\/wp\/v2\/posts\/34192","targetHints":{"allow":["GET"]}}],"collection":[{"href":"https:\/\/www.igssgt.org\/noticias\/wp-json\/wp\/v2\/posts"}],"about":[{"href":"https:\/\/www.igssgt.org\/noticias\/wp-json\/wp\/v2\/types\/post"}],"author":[{"embeddable":true,"href":"https:\/\/www.igssgt.org\/noticias\/wp-json\/wp\/v2\/users\/1961"}],"replies":[{"embeddable":true,"href":"https:\/\/www.igssgt.org\/noticias\/wp-json\/wp\/v2\/comments?post=34192"}],"version-history":[{"count":4,"href":"https:\/\/www.igssgt.org\/noticias\/wp-json\/wp\/v2\/posts\/34192\/revisions"}],"predecessor-version":[{"id":34198,"href":"https:\/\/www.igssgt.org\/noticias\/wp-json\/wp\/v2\/posts\/34192\/revisions\/34198"}],"wp:featuredmedia":[{"embeddable":true,"href":"https:\/\/www.igssgt.org\/noticias\/wp-json\/wp\/v2\/media\/34199"}],"wp:attachment":[{"href":"https:\/\/www.igssgt.org\/noticias\/wp-json\/wp\/v2\/media?parent=34192"}],"wp:term":[{"taxonomy":"category","embeddable":true,"href":"https:\/\/www.igssgt.org\/noticias\/wp-json\/wp\/v2\/categories?post=34192"},{"taxonomy":"post_tag","embeddable":true,"href":"https:\/\/www.igssgt.org\/noticias\/wp-json\/wp\/v2\/tags?post=34192"},{"taxonomy":"author","embeddable":true,"href":"https:\/\/www.igssgt.org\/noticias\/wp-json\/wp\/v2\/coauthors?post=34192"}],"curies":[{"name":"wp","href":"https:\/\/api.w.org\/{rel}","templated":true}]}}