{"id":34218,"date":"2023-03-15T16:25:35","date_gmt":"2023-03-15T22:25:35","guid":{"rendered":"https:\/\/www.igssgt.org\/noticias\/?p=34218"},"modified":"2023-03-20T10:35:37","modified_gmt":"2023-03-20T16:35:37","slug":"realizan-jornadas-de-la-salud-y-la-seguridad-social-en-la-finca-panacte-panzos","status":"publish","type":"post","link":"https:\/\/www.igssgt.org\/noticias\/2023\/03\/15\/realizan-jornadas-de-la-salud-y-la-seguridad-social-en-la-finca-panacte-panzos\/","title":{"rendered":"Realizan Jornadas de la Salud y la Seguridad Social en la finca Panact\u00e9, Panz\u00f3s"},"content":{"rendered":"\n<p class=\"has-drop-cap\">Don Felipe Jaal Caal tiene 57 a\u00f1os, es padre de dos hijos y afiliado del hospital del Instituto Guatemalteco de Seguridad Social (IGSS) de Cob\u00e1n. \u00c9l se acerc\u00f3 la ma\u00f1ana del 15 de marzo a la Jornada que el Instituto llev\u00f3 a la finca Panact\u00e9, ubicada en la aldea Telem\u00e1n, de Panz\u00f3s, Alta Verapaz, para beneficiar a miles de trabajadores de las empresas aglutinadas en la Gremial de Palmicultores de Guatemala (Grepalma).<\/p>\n\n\n\n<p>El se\u00f1or Jaal, con un folder en mano, consult\u00f3 si le pod\u00edan \u201csacar sangre\u201d, para no viajar nuevamente a la cabecera departamental, para lo cual debe invertir un poco de dinero en transporte. \u201c\u00a1Esto es una gran cosa, nosotros no conoc\u00edamos todo lo que da el IGSS!\u201d exclam\u00f3, mientras iniciaba una conversaci\u00f3n t\u00edmida en la que explic\u00f3 c\u00f3mo empez\u00f3 como trabajador de una hulera y ahora de la palmicultura. Poco a poco se acerc\u00f3 al equipo de enfermer\u00eda para ser el primero en ser atendido en la hist\u00f3rica Jornada, en la cual participaron autoridades del Instituto, Grepalma, Naturaceites y productores de palma del Polochic.<\/p>\n<p><a href=\"\/wp-content\/uploads\/sites\/5\/2023\/03\/Jornada-de-Salud-panzos-Alta-Verapaz-IGSS-2023-20.jpg\"><img loading=\"lazy\" decoding=\"async\" class=\"aligncenter size-full wp-image-34232\" src=\"\/wp-content\/uploads\/sites\/5\/2023\/03\/Jornada-de-Salud-panzos-Alta-Verapaz-IGSS-2023-20.jpg\" alt=\"\" width=\"1418\" height=\"1066\" srcset=\"\/wp-content\/uploads\/sites\/5\/2023\/03\/Jornada-de-Salud-panzos-Alta-Verapaz-IGSS-2023-20.jpg 1418w, \/wp-content\/uploads\/sites\/5\/2023\/03\/Jornada-de-Salud-panzos-Alta-Verapaz-IGSS-2023-20-300x226.jpg 300w, \/wp-content\/uploads\/sites\/5\/2023\/03\/Jornada-de-Salud-panzos-Alta-Verapaz-IGSS-2023-20-768x577.jpg 768w, \/wp-content\/uploads\/sites\/5\/2023\/03\/Jornada-de-Salud-panzos-Alta-Verapaz-IGSS-2023-20-1024x770.jpg 1024w, \/wp-content\/uploads\/sites\/5\/2023\/03\/Jornada-de-Salud-panzos-Alta-Verapaz-IGSS-2023-20-559x420.jpg 559w, \/wp-content\/uploads\/sites\/5\/2023\/03\/Jornada-de-Salud-panzos-Alta-Verapaz-IGSS-2023-20-80x60.jpg 80w, \/wp-content\/uploads\/sites\/5\/2023\/03\/Jornada-de-Salud-panzos-Alta-Verapaz-IGSS-2023-20-696x523.jpg 696w, \/wp-content\/uploads\/sites\/5\/2023\/03\/Jornada-de-Salud-panzos-Alta-Verapaz-IGSS-2023-20-1068x803.jpg 1068w, \/wp-content\/uploads\/sites\/5\/2023\/03\/Jornada-de-Salud-panzos-Alta-Verapaz-IGSS-2023-20-265x198.jpg 265w, \/wp-content\/uploads\/sites\/5\/2023\/03\/Jornada-de-Salud-panzos-Alta-Verapaz-IGSS-2023-20-534x401.jpg 534w\" sizes=\"auto, (max-width: 1418px) 100vw, 1418px\" \/><\/a><\/p>\n<p>Los servicios diferenciados en salud se habilitaron durante semana y media en la aldea Panact\u00e9, con el objetivo de atender a m\u00e1s de 3 mil personas, con un equipo multidisciplinario conformado por unos 80 profesionales originarios de Cob\u00e1n e Izabal, quienes se establecieron en el \u00e1rea para abarcar el mayor n\u00famero de trabajadores y beneficiarios que no hab\u00edan tenido la oportunidad de acceder a los beneficios que presta el Seguro Social.<\/p>\n<h3><strong>Haciendo historia<\/strong><\/h3>\n<p>Tener la presencia del IGSS en esta regi\u00f3n remota de Guatemala ha representado un avance en el desarrollo de las comunidades. \u201cEs para nosotros un honor, gracias a todos por estar aqu\u00ed y a todo el equipo de la empresa Naturaceites, que hizo posible la Jornada ac\u00e1 en la regi\u00f3n de Panact\u00e9. Hoy nos convertimos en una cl\u00ednica del IGSS por tres d\u00edas, esto de verdad quedar\u00e1 en la historia, pero debe ser la primera piedra de algo fruct\u00edfero que haremos con el IGSS para desarrollar esta regi\u00f3n,\u201d indic\u00f3 Hugo V\u00e1squez, Gerente de Talento Humano de Naturaceites, una de las empresas que colabor\u00f3 con el lugar para la ubicaci\u00f3n de todos los estands para el servicio de consulta a los trabajadores de las empresas y sus familias, adem\u00e1s de alimentaci\u00f3n para el personal.<\/p>\n<p><a href=\"\/wp-content\/uploads\/sites\/5\/2023\/03\/Jornada-de-Salud-panzos-Alta-Verapaz-IGSS-2023-11.jpg\"><img loading=\"lazy\" decoding=\"async\" class=\"aligncenter size-full wp-image-34221\" src=\"\/wp-content\/uploads\/sites\/5\/2023\/03\/Jornada-de-Salud-panzos-Alta-Verapaz-IGSS-2023-11.jpg\" alt=\"\" width=\"1148\" height=\"898\" srcset=\"\/wp-content\/uploads\/sites\/5\/2023\/03\/Jornada-de-Salud-panzos-Alta-Verapaz-IGSS-2023-11.jpg 1148w, \/wp-content\/uploads\/sites\/5\/2023\/03\/Jornada-de-Salud-panzos-Alta-Verapaz-IGSS-2023-11-300x235.jpg 300w, \/wp-content\/uploads\/sites\/5\/2023\/03\/Jornada-de-Salud-panzos-Alta-Verapaz-IGSS-2023-11-768x601.jpg 768w, \/wp-content\/uploads\/sites\/5\/2023\/03\/Jornada-de-Salud-panzos-Alta-Verapaz-IGSS-2023-11-1024x801.jpg 1024w, \/wp-content\/uploads\/sites\/5\/2023\/03\/Jornada-de-Salud-panzos-Alta-Verapaz-IGSS-2023-11-537x420.jpg 537w, \/wp-content\/uploads\/sites\/5\/2023\/03\/Jornada-de-Salud-panzos-Alta-Verapaz-IGSS-2023-11-696x544.jpg 696w, \/wp-content\/uploads\/sites\/5\/2023\/03\/Jornada-de-Salud-panzos-Alta-Verapaz-IGSS-2023-11-1068x835.jpg 1068w, \/wp-content\/uploads\/sites\/5\/2023\/03\/Jornada-de-Salud-panzos-Alta-Verapaz-IGSS-2023-11-534x418.jpg 534w\" sizes=\"auto, (max-width: 1148px) 100vw, 1148px\" \/><\/a><\/p>\n<p>\u201cTenemos m\u00e1s de 10 meses coordinando con el IGSS esta Jornada. Detr\u00e1s de esto hay mucho trabajo, mucha pasi\u00f3n, entrega y para <em>Grepalma<\/em> es importante agradecer a Naturaceites, a los productores de palma del Polochic y el extraordinario equipo m\u00e9dico que se une para desarrollar esta zona del Polochic\u201d, indic\u00f3 Karen Rosales, Directora Ejecutiva de la gremial, quien acot\u00f3 que para la agroindustria promover el bienestar y la salud es uno de los compromisos m\u00e1s fuertes, porque tiene una repercusi\u00f3n positiva para los trabajadores y sus familias en las zonas de influencia en las que se tienen operaciones con diferentes empresas. Somos de los sectores formales que contribuyen a la econom\u00eda del pa\u00eds y m\u00e1s all\u00e1 de generar empleos, desde la Gremial queremos agradecer al IGSS y a nuestros agremiados por hacer posible estas acciones en beneficio de las comunidades\u201d puntualiz\u00f3.<\/p>\n<h3><strong>Desarrollo de la comunidad<\/strong><\/h3>\n<p>El IGSS y Grepalma coincidieron en varias reuniones para acercar los servicios a las comunidades que trabajan en el sector palmero, sobre todo en la zona del Polochic, esto facilit\u00f3 las condiciones para que adem\u00e1s se entreguen medicamentos a quienes los necesitan, seg\u00fan confirm\u00f3 Rosales.<\/p>\n<p><a href=\"\/wp-content\/uploads\/sites\/5\/2023\/03\/Jornada-de-Salud-panzos-Alta-Verapaz-IGSS-2023-12.jpg\"><img loading=\"lazy\" decoding=\"async\" class=\"aligncenter size-full wp-image-34222\" src=\"\/wp-content\/uploads\/sites\/5\/2023\/03\/Jornada-de-Salud-panzos-Alta-Verapaz-IGSS-2023-12.jpg\" alt=\"\" width=\"1600\" height=\"1066\" srcset=\"\/wp-content\/uploads\/sites\/5\/2023\/03\/Jornada-de-Salud-panzos-Alta-Verapaz-IGSS-2023-12.jpg 1600w, \/wp-content\/uploads\/sites\/5\/2023\/03\/Jornada-de-Salud-panzos-Alta-Verapaz-IGSS-2023-12-300x200.jpg 300w, \/wp-content\/uploads\/sites\/5\/2023\/03\/Jornada-de-Salud-panzos-Alta-Verapaz-IGSS-2023-12-768x512.jpg 768w, \/wp-content\/uploads\/sites\/5\/2023\/03\/Jornada-de-Salud-panzos-Alta-Verapaz-IGSS-2023-12-1024x682.jpg 1024w, \/wp-content\/uploads\/sites\/5\/2023\/03\/Jornada-de-Salud-panzos-Alta-Verapaz-IGSS-2023-12-1536x1023.jpg 1536w, \/wp-content\/uploads\/sites\/5\/2023\/03\/Jornada-de-Salud-panzos-Alta-Verapaz-IGSS-2023-12-630x420.jpg 630w, \/wp-content\/uploads\/sites\/5\/2023\/03\/Jornada-de-Salud-panzos-Alta-Verapaz-IGSS-2023-12-696x464.jpg 696w, \/wp-content\/uploads\/sites\/5\/2023\/03\/Jornada-de-Salud-panzos-Alta-Verapaz-IGSS-2023-12-1068x712.jpg 1068w, \/wp-content\/uploads\/sites\/5\/2023\/03\/Jornada-de-Salud-panzos-Alta-Verapaz-IGSS-2023-12-534x356.jpg 534w\" sizes=\"auto, (max-width: 1600px) 100vw, 1600px\" \/><\/a><\/p>\n<p>\u201cEstamos comprometidos con los trabajadores, derechohabientes y beneficiarios, porque las familias en la comunidad deben tener un IGSS m\u00e1s cercano, con m\u00e1s capacidades de atenci\u00f3n y eso es lo que hoy traemos, hacemos historia luego de 38 a\u00f1os de atender \u00fanicamente en las Unidades M\u00e9dicas de los cascos urbanos, hoy nos movilizamos para llegar a nuestros cotizantes que, por la lejan\u00eda, no hab\u00edan podido acceder a un consultorio u hospital. De ese modo seguimos trabajando para brindar los beneficios tangibles a todos nuestros asegurados\u201d, asegur\u00f3 el Gerente del IGSS, Edson Rivera M\u00e9ndez.<\/p>\n<p>Las dos jornadas se realizan del 15 al 22 de marzo. La primera fase en las instalaciones de la empresa Naturaceites y la segunda en la finca Miralvalle del Ingenio Chabil Utzaj, Telem\u00e1n, Panz\u00f3s Alta Verapaz. Con esto se est\u00e1 cumpliendo con el eje n\u00famero 1 de la Pol\u00edtica Preventiva de la Seguridad Social y con el Plan Estrat\u00e9gico del Instituto, los cuales apuntalan la promoci\u00f3n de la salud y prevenci\u00f3n de la enfermedad, as\u00ed como con las prestaciones de calidad respectivamente.<\/p>\n<h3><strong>En cifras<\/strong><\/h3>\n<p>Grepalma aglutina a unas 42 empresas<\/p>\n<p>Generan 30 mil empleos directos<\/p>\n<p>150 mil indirectos durante todo el a\u00f1o<\/p>\n\r\n                <style type=\"text\/css\">\r\n                    \r\n                    #tdi_1  .td-doubleSlider-2 .td-item1 {\r\n                        background: url(\/wp-content\/uploads\/sites\/5\/2023\/03\/Jornada-de-Salud-panzos-Alta-Verapaz-IGSS-2023-10-80x60.jpg) 0 0 no-repeat;\r\n                    }\r\n                    #tdi_1  .td-doubleSlider-2 .td-item2 {\r\n                        background: url(\/wp-content\/uploads\/sites\/5\/2023\/03\/Jornada-de-la-Salud-Alta-Verapaz-IGSS-2023-22-80x60.jpg) 0 0 no-repeat;\r\n                    }\r\n                    #tdi_1  .td-doubleSlider-2 .td-item3 {\r\n                        background: url(\/wp-content\/uploads\/sites\/5\/2023\/03\/Jornada-de-la-Salud-Alta-Verapaz-IGSS-2023-23-80x60.jpg) 0 0 no-repeat;\r\n                    }\r\n                    #tdi_1  .td-doubleSlider-2 .td-item4 {\r\n                        background: url(\/wp-content\/uploads\/sites\/5\/2023\/03\/Jornada-de-la-Salud-Alta-Verapaz-IGSS-2023-4-80x60.jpg) 0 0 no-repeat;\r\n                    }\r\n                    #tdi_1  .td-doubleSlider-2 .td-item5 {\r\n                        background: url(\/wp-content\/uploads\/sites\/5\/2023\/03\/FrRqYqRXwA0D5DY-80x60.jpg) 0 0 no-repeat;\r\n                    }\r\n                    #tdi_1  .td-doubleSlider-2 .td-item6 {\r\n                        background: url(\/wp-content\/uploads\/sites\/5\/2023\/03\/Jornada-de-la-Salud-Alta-Verapaz-IGSS-2023-1-80x60.jpg) 0 0 no-repeat;\r\n                    }\r\n                    #tdi_1  .td-doubleSlider-2 .td-item7 {\r\n                        background: url(\/wp-content\/uploads\/sites\/5\/2023\/03\/Jornada-de-la-Salud-Alta-Verapaz-IGSS-2023-5-80x60.jpg) 0 0 no-repeat;\r\n                    }\r\n                    #tdi_1  .td-doubleSlider-2 .td-item8 {\r\n                        background: url(\/wp-content\/uploads\/sites\/5\/2023\/03\/Jornada-de-la-Salud-Alta-Verapaz-IGSS-2023-2-80x60.jpg) 0 0 no-repeat;\r\n                    }\r\n                    #tdi_1  .td-doubleSlider-2 .td-item9 {\r\n                        background: url(\/wp-content\/uploads\/sites\/5\/2023\/03\/Jornada-de-la-Salud-Alta-Verapaz-IGSS-2023-3-80x60.jpg) 0 0 no-repeat;\r\n                    }\r\n                <\/style>\r\n\r\n                <div id=\"tdi_1\" class=\"td-gallery td-slide-on-2-columns\">\r\n                    <div class=\"post_td_gallery\">\r\n                        <div class=\"td-gallery-slide-top\">\r\n                           <div class=\"td-gallery-title\">Galer\u00eda de Im\u00e1genes<\/div>\r\n\r\n                            <div class=\"td-gallery-controls-wrapper\">\r\n                                <div class=\"td-gallery-slide-count\"><span class=\"td-gallery-slide-item-focus\">1<\/span> de 9<\/div>\r\n                                <div class=\"td-gallery-slide-prev-next-but\">\r\n                                    <i class = \"td-icon-left doubleSliderPrevButton\"><\/i>\r\n                                    <i class = \"td-icon-right doubleSliderNextButton\"><\/i>\r\n                                <\/div>\r\n                            <\/div>\r\n                        <\/div>\r\n\r\n                        <div class = \"td-doubleSlider-1 \">\r\n                            <div class = \"td-slider\">\r\n                                \r\n                    <div class = \"td-slide-item td-item1\">\r\n                        <figure class=\"td-slide-galery-figure td-slide-popup-gallery\">\r\n                            <a class=\"slide-gallery-image-link\" href=\"\/wp-content\/uploads\/sites\/5\/2023\/03\/Jornada-de-Salud-panzos-Alta-Verapaz-IGSS-2023-10.jpg\" title=\"Jornada de Salud panzos Alta Verapaz IGSS 2023-10\"  data-caption=\"\"  data-description=\"\">\r\n                                <img decoding=\"async\" src=\"\/wp-content\/uploads\/sites\/5\/2023\/03\/Jornada-de-Salud-panzos-Alta-Verapaz-IGSS-2023-10-532x420.jpg\" srcset=\"\/wp-content\/uploads\/sites\/5\/2023\/03\/Jornada-de-Salud-panzos-Alta-Verapaz-IGSS-2023-10-532x420.jpg 532w, \/wp-content\/uploads\/sites\/5\/2023\/03\/Jornada-de-Salud-panzos-Alta-Verapaz-IGSS-2023-10-300x237.jpg 300w, \/wp-content\/uploads\/sites\/5\/2023\/03\/Jornada-de-Salud-panzos-Alta-Verapaz-IGSS-2023-10-768x607.jpg 768w, \/wp-content\/uploads\/sites\/5\/2023\/03\/Jornada-de-Salud-panzos-Alta-Verapaz-IGSS-2023-10-1024x809.jpg 1024w, \/wp-content\/uploads\/sites\/5\/2023\/03\/Jornada-de-Salud-panzos-Alta-Verapaz-IGSS-2023-10-696x550.jpg 696w, \/wp-content\/uploads\/sites\/5\/2023\/03\/Jornada-de-Salud-panzos-Alta-Verapaz-IGSS-2023-10-534x422.jpg 534w, \/wp-content\/uploads\/sites\/5\/2023\/03\/Jornada-de-Salud-panzos-Alta-Verapaz-IGSS-2023-10.jpg 1066w\" sizes=\"(max-width: 532px) 100vw, 532px\" alt=\"\">\r\n                            <\/a>\r\n                            \r\n                        <\/figure>\r\n                    <\/div>\r\n                    <div class = \"td-slide-item td-item2\">\r\n                        <figure class=\"td-slide-galery-figure td-slide-popup-gallery\">\r\n                            <a class=\"slide-gallery-image-link\" href=\"\/wp-content\/uploads\/sites\/5\/2023\/03\/Jornada-de-la-Salud-Alta-Verapaz-IGSS-2023-22.jpg\" title=\"Jornada de la Salud Alta Verapaz IGSS 2023-22\"  data-caption=\"\"  data-description=\"\">\r\n                                <img decoding=\"async\" src=\"\/wp-content\/uploads\/sites\/5\/2023\/03\/Jornada-de-la-Salud-Alta-Verapaz-IGSS-2023-22-630x420.jpg\" srcset=\"\/wp-content\/uploads\/sites\/5\/2023\/03\/Jornada-de-la-Salud-Alta-Verapaz-IGSS-2023-22-630x420.jpg 630w, \/wp-content\/uploads\/sites\/5\/2023\/03\/Jornada-de-la-Salud-Alta-Verapaz-IGSS-2023-22-300x200.jpg 300w, \/wp-content\/uploads\/sites\/5\/2023\/03\/Jornada-de-la-Salud-Alta-Verapaz-IGSS-2023-22-768x512.jpg 768w, \/wp-content\/uploads\/sites\/5\/2023\/03\/Jornada-de-la-Salud-Alta-Verapaz-IGSS-2023-22-1024x682.jpg 1024w, \/wp-content\/uploads\/sites\/5\/2023\/03\/Jornada-de-la-Salud-Alta-Verapaz-IGSS-2023-22-1536x1023.jpg 1536w, \/wp-content\/uploads\/sites\/5\/2023\/03\/Jornada-de-la-Salud-Alta-Verapaz-IGSS-2023-22-696x464.jpg 696w, \/wp-content\/uploads\/sites\/5\/2023\/03\/Jornada-de-la-Salud-Alta-Verapaz-IGSS-2023-22-1068x712.jpg 1068w, \/wp-content\/uploads\/sites\/5\/2023\/03\/Jornada-de-la-Salud-Alta-Verapaz-IGSS-2023-22-534x356.jpg 534w, \/wp-content\/uploads\/sites\/5\/2023\/03\/Jornada-de-la-Salud-Alta-Verapaz-IGSS-2023-22.jpg 1600w\" sizes=\"(max-width: 630px) 100vw, 630px\" alt=\"\">\r\n                            <\/a>\r\n                            \r\n                        <\/figure>\r\n                    <\/div>\r\n                    <div class = \"td-slide-item td-item3\">\r\n                        <figure class=\"td-slide-galery-figure td-slide-popup-gallery\">\r\n                            <a class=\"slide-gallery-image-link\" href=\"\/wp-content\/uploads\/sites\/5\/2023\/03\/Jornada-de-la-Salud-Alta-Verapaz-IGSS-2023-23.jpg\" title=\"Jornada de la Salud Alta Verapaz IGSS 2023-23\"  data-caption=\"\"  data-description=\"\">\r\n                                <img decoding=\"async\" src=\"\/wp-content\/uploads\/sites\/5\/2023\/03\/Jornada-de-la-Salud-Alta-Verapaz-IGSS-2023-23-630x420.jpg\" srcset=\"\/wp-content\/uploads\/sites\/5\/2023\/03\/Jornada-de-la-Salud-Alta-Verapaz-IGSS-2023-23-630x420.jpg 630w, \/wp-content\/uploads\/sites\/5\/2023\/03\/Jornada-de-la-Salud-Alta-Verapaz-IGSS-2023-23-300x200.jpg 300w, \/wp-content\/uploads\/sites\/5\/2023\/03\/Jornada-de-la-Salud-Alta-Verapaz-IGSS-2023-23-768x512.jpg 768w, \/wp-content\/uploads\/sites\/5\/2023\/03\/Jornada-de-la-Salud-Alta-Verapaz-IGSS-2023-23-1024x682.jpg 1024w, \/wp-content\/uploads\/sites\/5\/2023\/03\/Jornada-de-la-Salud-Alta-Verapaz-IGSS-2023-23-1536x1023.jpg 1536w, \/wp-content\/uploads\/sites\/5\/2023\/03\/Jornada-de-la-Salud-Alta-Verapaz-IGSS-2023-23-696x464.jpg 696w, \/wp-content\/uploads\/sites\/5\/2023\/03\/Jornada-de-la-Salud-Alta-Verapaz-IGSS-2023-23-1068x712.jpg 1068w, \/wp-content\/uploads\/sites\/5\/2023\/03\/Jornada-de-la-Salud-Alta-Verapaz-IGSS-2023-23-534x356.jpg 534w, \/wp-content\/uploads\/sites\/5\/2023\/03\/Jornada-de-la-Salud-Alta-Verapaz-IGSS-2023-23.jpg 1600w\" sizes=\"(max-width: 630px) 100vw, 630px\" alt=\"\">\r\n                            <\/a>\r\n                            \r\n                        <\/figure>\r\n                    <\/div>\r\n                    <div class = \"td-slide-item td-item4\">\r\n                        <figure class=\"td-slide-galery-figure td-slide-popup-gallery\">\r\n                            <a class=\"slide-gallery-image-link\" href=\"\/wp-content\/uploads\/sites\/5\/2023\/03\/Jornada-de-la-Salud-Alta-Verapaz-IGSS-2023-4.jpg\" title=\"Jornada de la Salud Alta Verapaz IGSS 2023-4\"  data-caption=\"\"  data-description=\"\">\r\n                                <img decoding=\"async\" src=\"\/wp-content\/uploads\/sites\/5\/2023\/03\/Jornada-de-la-Salud-Alta-Verapaz-IGSS-2023-4-630x420.jpg\" srcset=\"\/wp-content\/uploads\/sites\/5\/2023\/03\/Jornada-de-la-Salud-Alta-Verapaz-IGSS-2023-4-630x420.jpg 630w, \/wp-content\/uploads\/sites\/5\/2023\/03\/Jornada-de-la-Salud-Alta-Verapaz-IGSS-2023-4-300x200.jpg 300w, \/wp-content\/uploads\/sites\/5\/2023\/03\/Jornada-de-la-Salud-Alta-Verapaz-IGSS-2023-4-768x512.jpg 768w, \/wp-content\/uploads\/sites\/5\/2023\/03\/Jornada-de-la-Salud-Alta-Verapaz-IGSS-2023-4-1024x682.jpg 1024w, \/wp-content\/uploads\/sites\/5\/2023\/03\/Jornada-de-la-Salud-Alta-Verapaz-IGSS-2023-4-1536x1023.jpg 1536w, \/wp-content\/uploads\/sites\/5\/2023\/03\/Jornada-de-la-Salud-Alta-Verapaz-IGSS-2023-4-696x464.jpg 696w, \/wp-content\/uploads\/sites\/5\/2023\/03\/Jornada-de-la-Salud-Alta-Verapaz-IGSS-2023-4-1068x712.jpg 1068w, \/wp-content\/uploads\/sites\/5\/2023\/03\/Jornada-de-la-Salud-Alta-Verapaz-IGSS-2023-4-534x356.jpg 534w, \/wp-content\/uploads\/sites\/5\/2023\/03\/Jornada-de-la-Salud-Alta-Verapaz-IGSS-2023-4.jpg 1600w\" sizes=\"(max-width: 630px) 100vw, 630px\" alt=\"\">\r\n                            <\/a>\r\n                            \r\n                        <\/figure>\r\n                    <\/div>\r\n                    <div class = \"td-slide-item td-item5\">\r\n                        <figure class=\"td-slide-galery-figure td-slide-popup-gallery\">\r\n                            <a class=\"slide-gallery-image-link\" href=\"\/wp-content\/uploads\/sites\/5\/2023\/03\/FrRqYqRXwA0D5DY.jpg\" title=\"FrRqYqRXwA0D5DY\"  data-caption=\"\"  data-description=\"\">\r\n                                <img decoding=\"async\" src=\"\/wp-content\/uploads\/sites\/5\/2023\/03\/FrRqYqRXwA0D5DY-630x420.jpg\" srcset=\"\/wp-content\/uploads\/sites\/5\/2023\/03\/FrRqYqRXwA0D5DY-630x420.jpg 630w, \/wp-content\/uploads\/sites\/5\/2023\/03\/FrRqYqRXwA0D5DY-300x200.jpg 300w, \/wp-content\/uploads\/sites\/5\/2023\/03\/FrRqYqRXwA0D5DY-768x512.jpg 768w, \/wp-content\/uploads\/sites\/5\/2023\/03\/FrRqYqRXwA0D5DY-1024x682.jpg 1024w, \/wp-content\/uploads\/sites\/5\/2023\/03\/FrRqYqRXwA0D5DY-1536x1023.jpg 1536w, \/wp-content\/uploads\/sites\/5\/2023\/03\/FrRqYqRXwA0D5DY-696x464.jpg 696w, \/wp-content\/uploads\/sites\/5\/2023\/03\/FrRqYqRXwA0D5DY-1068x712.jpg 1068w, \/wp-content\/uploads\/sites\/5\/2023\/03\/FrRqYqRXwA0D5DY-534x356.jpg 534w, \/wp-content\/uploads\/sites\/5\/2023\/03\/FrRqYqRXwA0D5DY.jpg 1600w\" sizes=\"(max-width: 630px) 100vw, 630px\" alt=\"\">\r\n                            <\/a>\r\n                            \r\n                        <\/figure>\r\n                    <\/div>\r\n                    <div class = \"td-slide-item td-item6\">\r\n                        <figure class=\"td-slide-galery-figure td-slide-popup-gallery\">\r\n                            <a class=\"slide-gallery-image-link\" href=\"\/wp-content\/uploads\/sites\/5\/2023\/03\/Jornada-de-la-Salud-Alta-Verapaz-IGSS-2023-1.jpg\" title=\"Jornada de la Salud Alta Verapaz IGSS 2023-1\"  data-caption=\"\"  data-description=\"\">\r\n                                <img decoding=\"async\" src=\"\/wp-content\/uploads\/sites\/5\/2023\/03\/Jornada-de-la-Salud-Alta-Verapaz-IGSS-2023-1-508x420.jpg\" srcset=\"\/wp-content\/uploads\/sites\/5\/2023\/03\/Jornada-de-la-Salud-Alta-Verapaz-IGSS-2023-1-508x420.jpg 508w, \/wp-content\/uploads\/sites\/5\/2023\/03\/Jornada-de-la-Salud-Alta-Verapaz-IGSS-2023-1-300x248.jpg 300w, \/wp-content\/uploads\/sites\/5\/2023\/03\/Jornada-de-la-Salud-Alta-Verapaz-IGSS-2023-1-768x634.jpg 768w, \/wp-content\/uploads\/sites\/5\/2023\/03\/Jornada-de-la-Salud-Alta-Verapaz-IGSS-2023-1-1024x846.jpg 1024w, \/wp-content\/uploads\/sites\/5\/2023\/03\/Jornada-de-la-Salud-Alta-Verapaz-IGSS-2023-1-696x575.jpg 696w, \/wp-content\/uploads\/sites\/5\/2023\/03\/Jornada-de-la-Salud-Alta-Verapaz-IGSS-2023-1-1068x882.jpg 1068w, \/wp-content\/uploads\/sites\/5\/2023\/03\/Jornada-de-la-Salud-Alta-Verapaz-IGSS-2023-1-534x441.jpg 534w, \/wp-content\/uploads\/sites\/5\/2023\/03\/Jornada-de-la-Salud-Alta-Verapaz-IGSS-2023-1.jpg 1093w\" sizes=\"(max-width: 508px) 100vw, 508px\" alt=\"\">\r\n                            <\/a>\r\n                            \r\n                        <\/figure>\r\n                    <\/div>\r\n                    <div class = \"td-slide-item td-item7\">\r\n                        <figure class=\"td-slide-galery-figure td-slide-popup-gallery\">\r\n                            <a class=\"slide-gallery-image-link\" href=\"\/wp-content\/uploads\/sites\/5\/2023\/03\/Jornada-de-la-Salud-Alta-Verapaz-IGSS-2023-5.jpg\" title=\"Jornada de la Salud Alta Verapaz IGSS 2023-5\"  data-caption=\"\"  data-description=\"\">\r\n                                <img decoding=\"async\" src=\"\/wp-content\/uploads\/sites\/5\/2023\/03\/Jornada-de-la-Salud-Alta-Verapaz-IGSS-2023-5-630x420.jpg\" srcset=\"\/wp-content\/uploads\/sites\/5\/2023\/03\/Jornada-de-la-Salud-Alta-Verapaz-IGSS-2023-5-630x420.jpg 630w, \/wp-content\/uploads\/sites\/5\/2023\/03\/Jornada-de-la-Salud-Alta-Verapaz-IGSS-2023-5-300x200.jpg 300w, \/wp-content\/uploads\/sites\/5\/2023\/03\/Jornada-de-la-Salud-Alta-Verapaz-IGSS-2023-5-768x512.jpg 768w, \/wp-content\/uploads\/sites\/5\/2023\/03\/Jornada-de-la-Salud-Alta-Verapaz-IGSS-2023-5-1024x682.jpg 1024w, \/wp-content\/uploads\/sites\/5\/2023\/03\/Jornada-de-la-Salud-Alta-Verapaz-IGSS-2023-5-1536x1023.jpg 1536w, \/wp-content\/uploads\/sites\/5\/2023\/03\/Jornada-de-la-Salud-Alta-Verapaz-IGSS-2023-5-696x464.jpg 696w, \/wp-content\/uploads\/sites\/5\/2023\/03\/Jornada-de-la-Salud-Alta-Verapaz-IGSS-2023-5-1068x712.jpg 1068w, \/wp-content\/uploads\/sites\/5\/2023\/03\/Jornada-de-la-Salud-Alta-Verapaz-IGSS-2023-5-534x356.jpg 534w, \/wp-content\/uploads\/sites\/5\/2023\/03\/Jornada-de-la-Salud-Alta-Verapaz-IGSS-2023-5.jpg 1600w\" sizes=\"(max-width: 630px) 100vw, 630px\" alt=\"\">\r\n                            <\/a>\r\n                            \r\n                        <\/figure>\r\n                    <\/div>\r\n                    <div class = \"td-slide-item td-item8\">\r\n                        <figure class=\"td-slide-galery-figure td-slide-popup-gallery\">\r\n                            <a class=\"slide-gallery-image-link\" href=\"\/wp-content\/uploads\/sites\/5\/2023\/03\/Jornada-de-la-Salud-Alta-Verapaz-IGSS-2023-2.jpg\" title=\"Jornada de la Salud Alta Verapaz IGSS 2023-2\"  data-caption=\"\"  data-description=\"\">\r\n                                <img decoding=\"async\" src=\"\/wp-content\/uploads\/sites\/5\/2023\/03\/Jornada-de-la-Salud-Alta-Verapaz-IGSS-2023-2-545x420.jpg\" srcset=\"\/wp-content\/uploads\/sites\/5\/2023\/03\/Jornada-de-la-Salud-Alta-Verapaz-IGSS-2023-2-545x420.jpg 545w, \/wp-content\/uploads\/sites\/5\/2023\/03\/Jornada-de-la-Salud-Alta-Verapaz-IGSS-2023-2-300x231.jpg 300w, \/wp-content\/uploads\/sites\/5\/2023\/03\/Jornada-de-la-Salud-Alta-Verapaz-IGSS-2023-2-768x592.jpg 768w, \/wp-content\/uploads\/sites\/5\/2023\/03\/Jornada-de-la-Salud-Alta-Verapaz-IGSS-2023-2-1024x789.jpg 1024w, \/wp-content\/uploads\/sites\/5\/2023\/03\/Jornada-de-la-Salud-Alta-Verapaz-IGSS-2023-2-696x536.jpg 696w, \/wp-content\/uploads\/sites\/5\/2023\/03\/Jornada-de-la-Salud-Alta-Verapaz-IGSS-2023-2-1068x823.jpg 1068w, \/wp-content\/uploads\/sites\/5\/2023\/03\/Jornada-de-la-Salud-Alta-Verapaz-IGSS-2023-2-534x412.jpg 534w, \/wp-content\/uploads\/sites\/5\/2023\/03\/Jornada-de-la-Salud-Alta-Verapaz-IGSS-2023-2.jpg 1383w\" sizes=\"(max-width: 545px) 100vw, 545px\" alt=\"\">\r\n                            <\/a>\r\n                            \r\n                        <\/figure>\r\n                    <\/div>\r\n                    <div class = \"td-slide-item td-item9\">\r\n                        <figure class=\"td-slide-galery-figure td-slide-popup-gallery\">\r\n                            <a class=\"slide-gallery-image-link\" href=\"\/wp-content\/uploads\/sites\/5\/2023\/03\/Jornada-de-la-Salud-Alta-Verapaz-IGSS-2023-3.jpg\" title=\"Jornada de la Salud Alta Verapaz IGSS 2023-3\"  data-caption=\"\"  data-description=\"\">\r\n                                <img decoding=\"async\" src=\"\/wp-content\/uploads\/sites\/5\/2023\/03\/Jornada-de-la-Salud-Alta-Verapaz-IGSS-2023-3-630x420.jpg\" srcset=\"\/wp-content\/uploads\/sites\/5\/2023\/03\/Jornada-de-la-Salud-Alta-Verapaz-IGSS-2023-3-630x420.jpg 630w, \/wp-content\/uploads\/sites\/5\/2023\/03\/Jornada-de-la-Salud-Alta-Verapaz-IGSS-2023-3-300x200.jpg 300w, \/wp-content\/uploads\/sites\/5\/2023\/03\/Jornada-de-la-Salud-Alta-Verapaz-IGSS-2023-3-768x512.jpg 768w, \/wp-content\/uploads\/sites\/5\/2023\/03\/Jornada-de-la-Salud-Alta-Verapaz-IGSS-2023-3-1024x682.jpg 1024w, \/wp-content\/uploads\/sites\/5\/2023\/03\/Jornada-de-la-Salud-Alta-Verapaz-IGSS-2023-3-1536x1023.jpg 1536w, \/wp-content\/uploads\/sites\/5\/2023\/03\/Jornada-de-la-Salud-Alta-Verapaz-IGSS-2023-3-696x464.jpg 696w, \/wp-content\/uploads\/sites\/5\/2023\/03\/Jornada-de-la-Salud-Alta-Verapaz-IGSS-2023-3-1068x712.jpg 1068w, \/wp-content\/uploads\/sites\/5\/2023\/03\/Jornada-de-la-Salud-Alta-Verapaz-IGSS-2023-3-534x356.jpg 534w, \/wp-content\/uploads\/sites\/5\/2023\/03\/Jornada-de-la-Salud-Alta-Verapaz-IGSS-2023-3.jpg 1600w\" sizes=\"(max-width: 630px) 100vw, 630px\" alt=\"\">\r\n                            <\/a>\r\n                            \r\n                        <\/figure>\r\n                    <\/div>\r\n                            <\/div>\r\n                        <\/div>\r\n\r\n                        <div class = \"td-doubleSlider-2\">\r\n                            <div class = \"td-slider\">\r\n                                \r\n                    <div class = \"td-button td-item1\">\r\n                        <div class = \"td-border\"><\/div>\r\n                    <\/div>\r\n                    <div class = \"td-button td-item2\">\r\n                        <div class = \"td-border\"><\/div>\r\n                    <\/div>\r\n                    <div class = \"td-button td-item3\">\r\n                        <div class = \"td-border\"><\/div>\r\n                    <\/div>\r\n                    <div class = \"td-button td-item4\">\r\n                        <div class = \"td-border\"><\/div>\r\n                    <\/div>\r\n                    <div class = \"td-button td-item5\">\r\n                        <div class = \"td-border\"><\/div>\r\n                    <\/div>\r\n                    <div class = \"td-button td-item6\">\r\n                        <div class = \"td-border\"><\/div>\r\n                    <\/div>\r\n                    <div class = \"td-button td-item7\">\r\n                        <div class = \"td-border\"><\/div>\r\n                    <\/div>\r\n                    <div class = \"td-button td-item8\">\r\n                        <div class = \"td-border\"><\/div>\r\n                    <\/div>\r\n                    <div class = \"td-button td-item9\">\r\n                        <div class = \"td-border\"><\/div>\r\n                    <\/div>\r\n                            <\/div>\r\n                        <\/div>\r\n\r\n                    <\/div>\r\n\r\n                <\/div>\r\n                \n","protected":false},"excerpt":{"rendered":"<p>Don Felipe Jaal Caal tiene 57 a\u00f1os, es padre de dos hijos y afiliado del hospital del Instituto Guatemalteco de Seguridad Social (IGSS) de Cob\u00e1n. \u00c9l se acerc\u00f3 la ma\u00f1ana del 15 de marzo a la Jornada que el Instituto llev\u00f3 a la finca Panact\u00e9, ubicada en la aldea Telem\u00e1n, de Panz\u00f3s, Alta Verapaz, para [&hellip;]<\/p>\n","protected":false},"author":4,"featured_media":34219,"comment_status":"closed","ping_status":"closed","sticky":false,"template":"","format":"standard","meta":{"footnotes":""},"categories":[3,15,45],"tags":[131,1491,536,1007],"coauthors":[],"class_list":{"0":"post-34218","1":"post","2":"type-post","3":"status-publish","4":"format-standard","5":"has-post-thumbnail","7":"category-actualidad","8":"category-destacado","9":"category-jornadas-medicas","10":"tag-baja-verapaz","11":"tag-clinicas-de-empresa","12":"tag-jornadas-medicas","13":"tag-servicios-de-salud"},"_links":{"self":[{"href":"https:\/\/www.igssgt.org\/noticias\/wp-json\/wp\/v2\/posts\/34218","targetHints":{"allow":["GET"]}}],"collection":[{"href":"https:\/\/www.igssgt.org\/noticias\/wp-json\/wp\/v2\/posts"}],"about":[{"href":"https:\/\/www.igssgt.org\/noticias\/wp-json\/wp\/v2\/types\/post"}],"author":[{"embeddable":true,"href":"https:\/\/www.igssgt.org\/noticias\/wp-json\/wp\/v2\/users\/4"}],"replies":[{"embeddable":true,"href":"https:\/\/www.igssgt.org\/noticias\/wp-json\/wp\/v2\/comments?post=34218"}],"version-history":[{"count":4,"href":"https:\/\/www.igssgt.org\/noticias\/wp-json\/wp\/v2\/posts\/34218\/revisions"}],"predecessor-version":[{"id":34239,"href":"https:\/\/www.igssgt.org\/noticias\/wp-json\/wp\/v2\/posts\/34218\/revisions\/34239"}],"wp:featuredmedia":[{"embeddable":true,"href":"https:\/\/www.igssgt.org\/noticias\/wp-json\/wp\/v2\/media\/34219"}],"wp:attachment":[{"href":"https:\/\/www.igssgt.org\/noticias\/wp-json\/wp\/v2\/media?parent=34218"}],"wp:term":[{"taxonomy":"category","embeddable":true,"href":"https:\/\/www.igssgt.org\/noticias\/wp-json\/wp\/v2\/categories?post=34218"},{"taxonomy":"post_tag","embeddable":true,"href":"https:\/\/www.igssgt.org\/noticias\/wp-json\/wp\/v2\/tags?post=34218"},{"taxonomy":"author","embeddable":true,"href":"https:\/\/www.igssgt.org\/noticias\/wp-json\/wp\/v2\/coauthors?post=34218"}],"curies":[{"name":"wp","href":"https:\/\/api.w.org\/{rel}","templated":true}]}}