{"id":34379,"date":"2023-03-21T12:46:42","date_gmt":"2023-03-21T18:46:42","guid":{"rendered":"https:\/\/www.igssgt.org\/noticias\/?p=34379"},"modified":"2023-03-22T15:41:53","modified_gmt":"2023-03-22T21:41:53","slug":"sindrome-de-down-una-alteracion-genetica","status":"publish","type":"post","link":"https:\/\/www.igssgt.org\/noticias\/2023\/03\/21\/sindrome-de-down-una-alteracion-genetica\/","title":{"rendered":"S\u00edndrome de Down una alteraci\u00f3n gen\u00e9tica"},"content":{"rendered":"\n<p class=\"has-drop-cap\">El s\u00edndrome de Down es un trastorno gen\u00e9tico que provoca incapacidad intelectual y retrasos en el desarrollo de por vida, siendo la causa m\u00e1s frecuente de las discapacidades de aprendizaje en los ni\u00f1os. Cabe resaltar que tambi\u00e9n suele ocasionar otras anomal\u00edas m\u00e9dicas, como trastornos digestivos y cardiacos.<\/p>\n\n\n\n<p>Algunas caracter\u00edsticas f\u00edsicas comunes del s\u00edndrome de Down incluyen:<\/p>\n<ul>\n<li>Cara aplanada especialmente en el puente nasal<\/li>\n<li>Ojos de forma almendrada rasgados hacia arriba.<\/li>\n<li>Cuello corto<\/li>\n<li>Orejas peque\u00f1as<\/li>\n<li>Lengua que tiende a salirse de la boca<\/li>\n<li>Manchas blancas diminutas en el iris del ojo<\/li>\n<li>Manos y pies peque\u00f1os<\/li>\n<li>Tono muscular d\u00e9bil<\/li>\n<\/ul>\n<p><a href=\"\/wp-content\/uploads\/sites\/5\/2023\/03\/Dia-del-Sindrome-de-Down-IGSS-3.jpg\"><img loading=\"lazy\" decoding=\"async\" class=\"aligncenter size-full wp-image-34381\" src=\"\/wp-content\/uploads\/sites\/5\/2023\/03\/Dia-del-Sindrome-de-Down-IGSS-3.jpg\" alt=\"\" width=\"1600\" height=\"1066\" srcset=\"\/wp-content\/uploads\/sites\/5\/2023\/03\/Dia-del-Sindrome-de-Down-IGSS-3.jpg 1600w, \/wp-content\/uploads\/sites\/5\/2023\/03\/Dia-del-Sindrome-de-Down-IGSS-3-300x200.jpg 300w, \/wp-content\/uploads\/sites\/5\/2023\/03\/Dia-del-Sindrome-de-Down-IGSS-3-768x512.jpg 768w, \/wp-content\/uploads\/sites\/5\/2023\/03\/Dia-del-Sindrome-de-Down-IGSS-3-1024x682.jpg 1024w, \/wp-content\/uploads\/sites\/5\/2023\/03\/Dia-del-Sindrome-de-Down-IGSS-3-1536x1023.jpg 1536w, \/wp-content\/uploads\/sites\/5\/2023\/03\/Dia-del-Sindrome-de-Down-IGSS-3-630x420.jpg 630w, \/wp-content\/uploads\/sites\/5\/2023\/03\/Dia-del-Sindrome-de-Down-IGSS-3-696x464.jpg 696w, \/wp-content\/uploads\/sites\/5\/2023\/03\/Dia-del-Sindrome-de-Down-IGSS-3-1068x712.jpg 1068w, \/wp-content\/uploads\/sites\/5\/2023\/03\/Dia-del-Sindrome-de-Down-IGSS-3-534x356.jpg 534w\" sizes=\"auto, (max-width: 1600px) 100vw, 1600px\" \/><\/a><\/p>\n<p><strong>Pruebas de detecci\u00f3n<\/strong><\/p>\n<p>Las pruebas de detecci\u00f3n pueden incluir pruebas de sangre que miden la cantidad de una substancia en la sangre de la madre, as\u00ed como ecograf\u00eda.<\/p>\n<p><strong>Atenci\u00f3n m\u00e9dica<\/strong><\/p>\n<p>El s\u00edndrome de Down es una afecci\u00f3n que dura toda la vida. La atenci\u00f3n m\u00e9dica que se presta va enfocada a mejorar sus capacidades f\u00edsicas e intelectuales y as\u00ed desarrollar su m\u00e1ximo potencial. Esta atenci\u00f3n incluye:<\/p>\n<ul>\n<li>Terapia del habla<\/li>\n<li>Ocupacional<\/li>\n<li>F\u00edsica<\/li>\n<\/ul>\n<p><a href=\"\/wp-content\/uploads\/sites\/5\/2023\/03\/Dia-del-Sindrome-de-Down-IGSS-1.jpg\"><img loading=\"lazy\" decoding=\"async\" class=\"aligncenter size-full wp-image-34382\" src=\"\/wp-content\/uploads\/sites\/5\/2023\/03\/Dia-del-Sindrome-de-Down-IGSS-1.jpg\" alt=\"\" width=\"1600\" height=\"1066\" srcset=\"\/wp-content\/uploads\/sites\/5\/2023\/03\/Dia-del-Sindrome-de-Down-IGSS-1.jpg 1600w, \/wp-content\/uploads\/sites\/5\/2023\/03\/Dia-del-Sindrome-de-Down-IGSS-1-300x200.jpg 300w, \/wp-content\/uploads\/sites\/5\/2023\/03\/Dia-del-Sindrome-de-Down-IGSS-1-768x512.jpg 768w, \/wp-content\/uploads\/sites\/5\/2023\/03\/Dia-del-Sindrome-de-Down-IGSS-1-1024x682.jpg 1024w, \/wp-content\/uploads\/sites\/5\/2023\/03\/Dia-del-Sindrome-de-Down-IGSS-1-1536x1023.jpg 1536w, \/wp-content\/uploads\/sites\/5\/2023\/03\/Dia-del-Sindrome-de-Down-IGSS-1-630x420.jpg 630w, \/wp-content\/uploads\/sites\/5\/2023\/03\/Dia-del-Sindrome-de-Down-IGSS-1-696x464.jpg 696w, \/wp-content\/uploads\/sites\/5\/2023\/03\/Dia-del-Sindrome-de-Down-IGSS-1-1068x712.jpg 1068w, \/wp-content\/uploads\/sites\/5\/2023\/03\/Dia-del-Sindrome-de-Down-IGSS-1-534x356.jpg 534w\" sizes=\"auto, (max-width: 1600px) 100vw, 1600px\" \/><\/a><\/p>\n<p><strong>El peque\u00f1o Breyner<\/strong><\/p>\n<p>Bryner Carrera, paciente del Hospital General de Enfermedades, es un peque\u00f1o de tan s\u00f3lo tres a\u00f1os, que sin duda alguna ha llevado alegr\u00eda a su hogar.<\/p>\n<p>As\u00ed lo relata Lisbeth Morales, madre del menor, quien indic\u00f3 que, aunque al principio el recibir la noticia de la condici\u00f3n de su ni\u00f1o la tom\u00f3 por sorpresa, decidi\u00f3 armarse con mucha fe, amor y ternura para darle a su peque\u00f1o reto\u00f1o todas las herramientas para que pudiera desarrollarse de manera normal.<\/p>\n<p>La orgullosa madre relata que asisten a terapias de lenguaje que han sido de gran utilidad para el peque\u00f1o, adem\u00e1s comparti\u00f3 que Breyner les vino a ense\u00f1ar una manera distinta de amar uniendo los a\u00fan m\u00e1s como familia.<\/p>\n","protected":false},"excerpt":{"rendered":"<p>El s\u00edndrome de Down es un trastorno gen\u00e9tico que provoca incapacidad intelectual y retrasos en el desarrollo de por vida, siendo la causa m\u00e1s frecuente de las discapacidades de aprendizaje en los ni\u00f1os. Cabe resaltar que tambi\u00e9n suele ocasionar otras anomal\u00edas m\u00e9dicas, como trastornos digestivos y cardiacos. Algunas caracter\u00edsticas f\u00edsicas comunes del s\u00edndrome de Down [&hellip;]<\/p>\n","protected":false},"author":4,"featured_media":34380,"comment_status":"closed","ping_status":"closed","sticky":false,"template":"","format":"standard","meta":{"footnotes":""},"categories":[3],"tags":[798],"coauthors":[],"class_list":{"0":"post-34379","1":"post","2":"type-post","3":"status-publish","4":"format-standard","5":"has-post-thumbnail","7":"category-actualidad","8":"tag-sindrome-de-down"},"_links":{"self":[{"href":"https:\/\/www.igssgt.org\/noticias\/wp-json\/wp\/v2\/posts\/34379","targetHints":{"allow":["GET"]}}],"collection":[{"href":"https:\/\/www.igssgt.org\/noticias\/wp-json\/wp\/v2\/posts"}],"about":[{"href":"https:\/\/www.igssgt.org\/noticias\/wp-json\/wp\/v2\/types\/post"}],"author":[{"embeddable":true,"href":"https:\/\/www.igssgt.org\/noticias\/wp-json\/wp\/v2\/users\/4"}],"replies":[{"embeddable":true,"href":"https:\/\/www.igssgt.org\/noticias\/wp-json\/wp\/v2\/comments?post=34379"}],"version-history":[{"count":3,"href":"https:\/\/www.igssgt.org\/noticias\/wp-json\/wp\/v2\/posts\/34379\/revisions"}],"predecessor-version":[{"id":34417,"href":"https:\/\/www.igssgt.org\/noticias\/wp-json\/wp\/v2\/posts\/34379\/revisions\/34417"}],"wp:featuredmedia":[{"embeddable":true,"href":"https:\/\/www.igssgt.org\/noticias\/wp-json\/wp\/v2\/media\/34380"}],"wp:attachment":[{"href":"https:\/\/www.igssgt.org\/noticias\/wp-json\/wp\/v2\/media?parent=34379"}],"wp:term":[{"taxonomy":"category","embeddable":true,"href":"https:\/\/www.igssgt.org\/noticias\/wp-json\/wp\/v2\/categories?post=34379"},{"taxonomy":"post_tag","embeddable":true,"href":"https:\/\/www.igssgt.org\/noticias\/wp-json\/wp\/v2\/tags?post=34379"},{"taxonomy":"author","embeddable":true,"href":"https:\/\/www.igssgt.org\/noticias\/wp-json\/wp\/v2\/coauthors?post=34379"}],"curies":[{"name":"wp","href":"https:\/\/api.w.org\/{rel}","templated":true}]}}