{"id":34396,"date":"2023-03-22T10:40:20","date_gmt":"2023-03-22T16:40:20","guid":{"rendered":"https:\/\/www.igssgt.org\/noticias\/?p=34396"},"modified":"2023-03-22T10:40:21","modified_gmt":"2023-03-22T16:40:21","slug":"pausas-activas-para-combatir-el-estres-laboral-en-camip-barranquilla","status":"publish","type":"post","link":"https:\/\/www.igssgt.org\/noticias\/2023\/03\/22\/pausas-activas-para-combatir-el-estres-laboral-en-camip-barranquilla\/","title":{"rendered":"Pausas activas para combatir el estr\u00e9s laboral en CAMIP Barranquilla"},"content":{"rendered":"\n<p class=\"has-drop-cap\">El personal del Centro de Atenci\u00f3n M\u00e9dica Integral para Pensionados, CAMIP 2 Barranquilla, inici\u00f3 con el programa de ejercicios de Pausas Activas que se aplican en ambientes laborales.<\/p>\n\n\n<p>Esta actividad busca disminuir las lesiones a causa del s\u00edndrome de burnout, el sedentarismo, las patolog\u00edas ergon\u00f3micas y psicosociales por estr\u00e9s laboral.<\/p>\n<p><a href=\"\/wp-content\/uploads\/sites\/5\/2023\/03\/estres-laboral-en-CAMIP-Barranquilla-1.jpg\" target=\"_blank\" rel=\"noopener\"><img loading=\"lazy\" decoding=\"async\" class=\"alignnone wp-image-34398 size-full\" src=\"\/wp-content\/uploads\/sites\/5\/2023\/03\/estres-laboral-en-CAMIP-Barranquilla-1.jpg\" alt=\"\" width=\"1600\" height=\"907\" srcset=\"\/wp-content\/uploads\/sites\/5\/2023\/03\/estres-laboral-en-CAMIP-Barranquilla-1.jpg 1600w, \/wp-content\/uploads\/sites\/5\/2023\/03\/estres-laboral-en-CAMIP-Barranquilla-1-300x170.jpg 300w, \/wp-content\/uploads\/sites\/5\/2023\/03\/estres-laboral-en-CAMIP-Barranquilla-1-768x435.jpg 768w, \/wp-content\/uploads\/sites\/5\/2023\/03\/estres-laboral-en-CAMIP-Barranquilla-1-1024x580.jpg 1024w, \/wp-content\/uploads\/sites\/5\/2023\/03\/estres-laboral-en-CAMIP-Barranquilla-1-1536x871.jpg 1536w, \/wp-content\/uploads\/sites\/5\/2023\/03\/estres-laboral-en-CAMIP-Barranquilla-1-741x420.jpg 741w, \/wp-content\/uploads\/sites\/5\/2023\/03\/estres-laboral-en-CAMIP-Barranquilla-1-696x395.jpg 696w, \/wp-content\/uploads\/sites\/5\/2023\/03\/estres-laboral-en-CAMIP-Barranquilla-1-1068x605.jpg 1068w, \/wp-content\/uploads\/sites\/5\/2023\/03\/estres-laboral-en-CAMIP-Barranquilla-1-534x303.jpg 534w\" sizes=\"auto, (max-width: 1600px) 100vw, 1600px\" \/><\/a><\/p>\n<p>El licenciado Jos\u00e9 Hern\u00e1ndez, supervisor del \u00c1rea de Fisioterapia de dicho centro, explic\u00f3 que las pausas activas son sesiones de actividad f\u00edsica con una duraci\u00f3n de 10 minutos e incluyen adaptaci\u00f3n f\u00edsica cardiovascular, fortalecimiento muscular y mejoramiento de la flexibilidad.<\/p>\n<blockquote>\n<p>Es importante crear y aplicar programas preventivos en salud ocupacional que aumenten la calidad de vida y el desarrollo integral<\/p>\n<\/blockquote>\n<p>Seg\u00fan destac\u00f3 el profesional, estas series se implementan para aumentar el movimiento de las cadenas musculares para la elasticidad y movilidad osteoarticular de los trabajadores.<\/p>\n<p><strong>\u201cPara el IGSS es primordial la salud de su personal, por ello evitamos riesgos ergon\u00f3micos que generan agotamiento f\u00edsico y estr\u00e9s afectando la salud y el rendimiento laboral\u201d<\/strong>, detall\u00f3 Hern\u00e1ndez.<\/p>\n<p><a href=\"\/wp-content\/uploads\/sites\/5\/2023\/03\/estres-laboral-en-CAMIP-Barranquilla-4.jpg\" target=\"_blank\" rel=\"noopener\"><img loading=\"lazy\" decoding=\"async\" class=\"alignnone wp-image-34401 size-full\" src=\"\/wp-content\/uploads\/sites\/5\/2023\/03\/estres-laboral-en-CAMIP-Barranquilla-4.jpg\" alt=\"\" width=\"1515\" height=\"865\" srcset=\"\/wp-content\/uploads\/sites\/5\/2023\/03\/estres-laboral-en-CAMIP-Barranquilla-4.jpg 1515w, \/wp-content\/uploads\/sites\/5\/2023\/03\/estres-laboral-en-CAMIP-Barranquilla-4-300x171.jpg 300w, \/wp-content\/uploads\/sites\/5\/2023\/03\/estres-laboral-en-CAMIP-Barranquilla-4-768x438.jpg 768w, \/wp-content\/uploads\/sites\/5\/2023\/03\/estres-laboral-en-CAMIP-Barranquilla-4-1024x585.jpg 1024w, \/wp-content\/uploads\/sites\/5\/2023\/03\/estres-laboral-en-CAMIP-Barranquilla-4-736x420.jpg 736w, \/wp-content\/uploads\/sites\/5\/2023\/03\/estres-laboral-en-CAMIP-Barranquilla-4-696x397.jpg 696w, \/wp-content\/uploads\/sites\/5\/2023\/03\/estres-laboral-en-CAMIP-Barranquilla-4-1068x610.jpg 1068w, \/wp-content\/uploads\/sites\/5\/2023\/03\/estres-laboral-en-CAMIP-Barranquilla-4-534x305.jpg 534w\" sizes=\"auto, (max-width: 1515px) 100vw, 1515px\" \/><\/a><\/p>\n<p><strong>Las pausas activas fortalecen los valores que se implementan dentro de la instituci\u00f3n para promover el respeto, solidaridad, trabajo en equipo, productividad, honestidad, confianza y lealtad, entre otros,<\/strong> resalt\u00f3 el licenciado.<\/p>\n<h3><strong>Datos importantes:<\/strong><\/h3>\n<ul>\n<li>Las personas con un nivel precario de actividad f\u00edsica tienen un riesgo mayor de muerte entre un 20% y un 30% en comparaci\u00f3n con aquellas que se ejercitan m\u00e1s.<\/li>\n<li>Es importante crear y aplicar programas preventivos en salud ocupacional que aumenten la calidad de vida y desarrollo integral del ser.<\/li>\n<\/ul>\n<p><a href=\"\/wp-content\/uploads\/sites\/5\/2023\/03\/estres-laboral-en-CAMIP-Barranquilla-3.jpg\" target=\"_blank\" rel=\"noopener\"><img loading=\"lazy\" decoding=\"async\" class=\"alignnone wp-image-34400 size-full\" src=\"\/wp-content\/uploads\/sites\/5\/2023\/03\/estres-laboral-en-CAMIP-Barranquilla-3.jpg\" alt=\"\" width=\"1413\" height=\"927\" srcset=\"\/wp-content\/uploads\/sites\/5\/2023\/03\/estres-laboral-en-CAMIP-Barranquilla-3.jpg 1413w, \/wp-content\/uploads\/sites\/5\/2023\/03\/estres-laboral-en-CAMIP-Barranquilla-3-300x197.jpg 300w, \/wp-content\/uploads\/sites\/5\/2023\/03\/estres-laboral-en-CAMIP-Barranquilla-3-768x504.jpg 768w, \/wp-content\/uploads\/sites\/5\/2023\/03\/estres-laboral-en-CAMIP-Barranquilla-3-1024x672.jpg 1024w, \/wp-content\/uploads\/sites\/5\/2023\/03\/estres-laboral-en-CAMIP-Barranquilla-3-640x420.jpg 640w, \/wp-content\/uploads\/sites\/5\/2023\/03\/estres-laboral-en-CAMIP-Barranquilla-3-696x457.jpg 696w, \/wp-content\/uploads\/sites\/5\/2023\/03\/estres-laboral-en-CAMIP-Barranquilla-3-1068x701.jpg 1068w, \/wp-content\/uploads\/sites\/5\/2023\/03\/estres-laboral-en-CAMIP-Barranquilla-3-534x350.jpg 534w, \/wp-content\/uploads\/sites\/5\/2023\/03\/estres-laboral-en-CAMIP-Barranquilla-3-741x486.jpg 741w\" sizes=\"auto, (max-width: 1413px) 100vw, 1413px\" \/><\/a><\/p>","protected":false},"excerpt":{"rendered":"<p>El personal del Centro de Atenci\u00f3n M\u00e9dica Integral para Pensionados, CAMIP 2 Barranquilla, inici\u00f3 con el programa de ejercicios de Pausas Activas que se aplican en ambientes laborales. Esta actividad busca disminuir las lesiones a causa del s\u00edndrome de burnout, el sedentarismo, las patolog\u00edas ergon\u00f3micas y psicosociales por estr\u00e9s laboral. El licenciado Jos\u00e9 Hern\u00e1ndez, supervisor [&hellip;]<\/p>\n","protected":false},"author":1961,"featured_media":34399,"comment_status":"closed","ping_status":"closed","sticky":false,"template":"","format":"standard","meta":{"footnotes":""},"categories":[3],"tags":[1157,909,1674],"coauthors":[],"class_list":{"0":"post-34396","1":"post","2":"type-post","3":"status-publish","4":"format-standard","5":"has-post-thumbnail","7":"category-actualidad","8":"tag-camip-2-barranquilla","9":"tag-estres","10":"tag-salud-ocupacional"},"_links":{"self":[{"href":"https:\/\/www.igssgt.org\/noticias\/wp-json\/wp\/v2\/posts\/34396","targetHints":{"allow":["GET"]}}],"collection":[{"href":"https:\/\/www.igssgt.org\/noticias\/wp-json\/wp\/v2\/posts"}],"about":[{"href":"https:\/\/www.igssgt.org\/noticias\/wp-json\/wp\/v2\/types\/post"}],"author":[{"embeddable":true,"href":"https:\/\/www.igssgt.org\/noticias\/wp-json\/wp\/v2\/users\/1961"}],"replies":[{"embeddable":true,"href":"https:\/\/www.igssgt.org\/noticias\/wp-json\/wp\/v2\/comments?post=34396"}],"version-history":[{"count":3,"href":"https:\/\/www.igssgt.org\/noticias\/wp-json\/wp\/v2\/posts\/34396\/revisions"}],"predecessor-version":[{"id":34403,"href":"https:\/\/www.igssgt.org\/noticias\/wp-json\/wp\/v2\/posts\/34396\/revisions\/34403"}],"wp:featuredmedia":[{"embeddable":true,"href":"https:\/\/www.igssgt.org\/noticias\/wp-json\/wp\/v2\/media\/34399"}],"wp:attachment":[{"href":"https:\/\/www.igssgt.org\/noticias\/wp-json\/wp\/v2\/media?parent=34396"}],"wp:term":[{"taxonomy":"category","embeddable":true,"href":"https:\/\/www.igssgt.org\/noticias\/wp-json\/wp\/v2\/categories?post=34396"},{"taxonomy":"post_tag","embeddable":true,"href":"https:\/\/www.igssgt.org\/noticias\/wp-json\/wp\/v2\/tags?post=34396"},{"taxonomy":"author","embeddable":true,"href":"https:\/\/www.igssgt.org\/noticias\/wp-json\/wp\/v2\/coauthors?post=34396"}],"curies":[{"name":"wp","href":"https:\/\/api.w.org\/{rel}","templated":true}]}}