{"id":34434,"date":"2023-03-25T13:45:00","date_gmt":"2023-03-25T19:45:00","guid":{"rendered":"https:\/\/www.igssgt.org\/noticias\/?p=34434"},"modified":"2023-03-24T15:27:29","modified_gmt":"2023-03-24T21:27:29","slug":"el-estres-y-la-herencia-genetica-posibles-causas-del-vitiligo","status":"publish","type":"post","link":"https:\/\/www.igssgt.org\/noticias\/2023\/03\/25\/el-estres-y-la-herencia-genetica-posibles-causas-del-vitiligo\/","title":{"rendered":"El estr\u00e9s y la herencia gen\u00e9tica, posibles causas del vitiligo"},"content":{"rendered":"\n<p class=\"has-drop-cap\">Aunque todav\u00eda no se determinan con certeza las causas del vitiligo, se sabe que afecta la producci\u00f3n de melanina, sustancia que proporciona el color a la piel. Por esa raz\u00f3n, se caracteriza por la aparici\u00f3n de manchas blanquecinas en cualquier \u00e1rea del cuerpo, incluso cuero cabelludo, interior de la boca o en las partes \u00edntimas.<\/p>\n\n\n<p>En opini\u00f3n del doctor Manolo Guti\u00e9rrez, dermat\u00f3logo del Hospital de Rehabilitaci\u00f3n Pamplona, hay factores hereditarios, directos e indirectos, que pueden determinar que una persona padezca este problema. La enfermedad, explic\u00f3, no necesariamente proviene de familiares vivos o con un grado sangu\u00edneo cercano, sino que es posible que el origen est\u00e9 en los genes de una bisabuela o de un tatarabuelo.<\/p>\n<p><a href=\"\/wp-content\/uploads\/sites\/5\/2023\/03\/vitiligo-4.jpg\" target=\"_blank\" rel=\"noopener\"><img loading=\"lazy\" decoding=\"async\" class=\"alignnone wp-image-34439 size-full\" src=\"\/wp-content\/uploads\/sites\/5\/2023\/03\/vitiligo-4.jpg\" alt=\"\" width=\"1425\" height=\"1110\" srcset=\"\/wp-content\/uploads\/sites\/5\/2023\/03\/vitiligo-4.jpg 1425w, \/wp-content\/uploads\/sites\/5\/2023\/03\/vitiligo-4-300x234.jpg 300w, \/wp-content\/uploads\/sites\/5\/2023\/03\/vitiligo-4-768x598.jpg 768w, \/wp-content\/uploads\/sites\/5\/2023\/03\/vitiligo-4-1024x798.jpg 1024w, \/wp-content\/uploads\/sites\/5\/2023\/03\/vitiligo-4-539x420.jpg 539w, \/wp-content\/uploads\/sites\/5\/2023\/03\/vitiligo-4-696x542.jpg 696w, \/wp-content\/uploads\/sites\/5\/2023\/03\/vitiligo-4-1068x832.jpg 1068w, \/wp-content\/uploads\/sites\/5\/2023\/03\/vitiligo-4-534x416.jpg 534w\" sizes=\"auto, (max-width: 1425px) 100vw, 1425px\" \/><\/a><\/p>\n<p>Por lo general, el descoloramiento comienza en las puntas de los dedos, tanto de manos como de pies, aunque en los hombres suele aparecer primero en zonas como el prepucio, mientras que en las mujeres en los p\u00e1rpados y genitales.<\/p>\n<blockquote>\n<p>Ha habido un incremento de casos desde hace tres a\u00f1os, fen\u00f3meno que asociamos a los efectos emocionales de la pandemia<\/p>\n<\/blockquote>\n<p>En cuanto a la edad, no existe una etapa m\u00e1s vulnerable. Incluso las dificultades en el parto o la relaci\u00f3n conflictiva de los padres durante el embarazo pueden predisponer a un beb\u00e9 a sufrir estr\u00e9s y que sea propenso a esta afecci\u00f3n. En ese sentido, el IGSS cuenta con una cl\u00ednica de dermatolog\u00eda pedi\u00e1trica en la Unidad Perif\u00e9rica Zona 5, donde se trata este trastorno.<\/p>\n<p><a href=\"\/wp-content\/uploads\/sites\/5\/2023\/03\/vitiligo-1.jpg\" target=\"_blank\" rel=\"noopener\"><img loading=\"lazy\" decoding=\"async\" class=\"alignnone wp-image-34436 size-full\" src=\"\/wp-content\/uploads\/sites\/5\/2023\/03\/vitiligo-1.jpg\" alt=\"\" width=\"1221\" height=\"985\" srcset=\"\/wp-content\/uploads\/sites\/5\/2023\/03\/vitiligo-1.jpg 1221w, \/wp-content\/uploads\/sites\/5\/2023\/03\/vitiligo-1-300x242.jpg 300w, \/wp-content\/uploads\/sites\/5\/2023\/03\/vitiligo-1-768x620.jpg 768w, \/wp-content\/uploads\/sites\/5\/2023\/03\/vitiligo-1-1024x826.jpg 1024w, \/wp-content\/uploads\/sites\/5\/2023\/03\/vitiligo-1-521x420.jpg 521w, \/wp-content\/uploads\/sites\/5\/2023\/03\/vitiligo-1-696x561.jpg 696w, \/wp-content\/uploads\/sites\/5\/2023\/03\/vitiligo-1-1068x862.jpg 1068w, \/wp-content\/uploads\/sites\/5\/2023\/03\/vitiligo-1-534x431.jpg 534w\" sizes=\"auto, (max-width: 1221px) 100vw, 1221px\" \/><\/a><\/p>\n<p>Seg\u00fan Guti\u00e9rrez, pasa lo mismo con los adultos: las dificultades econ\u00f3micas, laborales o sentimentales inciden en la despigmentaci\u00f3n cut\u00e1nea, por lo que recomienda que el tratamiento se haga en conjunto con un psic\u00f3logo. <strong>\u201cHa habido un incremento de casos desde hace tres a\u00f1os, fen\u00f3meno que asociamos a los efectos emocionales de la pandemia\u201d<\/strong>, agreg\u00f3.<\/p>\n<p>El Instituto brinda tratamiento a base de luz ultravioleta o rayos del sol. Incluso en pacientes con lesiones m\u00e1s grandes y graves, se utiliza un m\u00e9todo alternativo llamado Puvaterapia, en el cual se administra Psoraleno, medicamento que se activa con la exposici\u00f3n a la luz. \u00a0\u00a0\u00a0<\/p>\n<p>Los resultados, enfatiz\u00f3 el experto, dependen mucho de la etapa, el tama\u00f1o de las manchas y las \u00e1reas afectadas. Asimismo, aclar\u00f3 que aunque no hay medidas probadas para su prevenci\u00f3n, se aconseja canalizar las angustias y emociones de un modo positivo y buscar atenci\u00f3n m\u00e9dica desde las manifestaciones tempranas de la enfermedad. Por lo dem\u00e1s, no es contagioso ni ocasiona la muerte.<\/p>\n<p><a href=\"\/wp-content\/uploads\/sites\/5\/2023\/03\/vitiligo-2.jpg\" target=\"_blank\" rel=\"noopener\"><img loading=\"lazy\" decoding=\"async\" class=\"alignnone wp-image-34437 size-full\" src=\"\/wp-content\/uploads\/sites\/5\/2023\/03\/vitiligo-2.jpg\" alt=\"\" width=\"1600\" height=\"1009\" srcset=\"\/wp-content\/uploads\/sites\/5\/2023\/03\/vitiligo-2.jpg 1600w, \/wp-content\/uploads\/sites\/5\/2023\/03\/vitiligo-2-300x189.jpg 300w, \/wp-content\/uploads\/sites\/5\/2023\/03\/vitiligo-2-768x484.jpg 768w, \/wp-content\/uploads\/sites\/5\/2023\/03\/vitiligo-2-1024x646.jpg 1024w, \/wp-content\/uploads\/sites\/5\/2023\/03\/vitiligo-2-1536x969.jpg 1536w, \/wp-content\/uploads\/sites\/5\/2023\/03\/vitiligo-2-666x420.jpg 666w, \/wp-content\/uploads\/sites\/5\/2023\/03\/vitiligo-2-696x439.jpg 696w, \/wp-content\/uploads\/sites\/5\/2023\/03\/vitiligo-2-1068x674.jpg 1068w, \/wp-content\/uploads\/sites\/5\/2023\/03\/vitiligo-2-534x337.jpg 534w\" sizes=\"auto, (max-width: 1600px) 100vw, 1600px\" \/><\/a><\/p>","protected":false},"excerpt":{"rendered":"<p>Aunque todav\u00eda no se determinan con certeza las causas del vitiligo, se sabe que afecta la producci\u00f3n de melanina, sustancia que proporciona el color a la piel. Por esa raz\u00f3n, se caracteriza por la aparici\u00f3n de manchas blanquecinas en cualquier \u00e1rea del cuerpo, incluso cuero cabelludo, interior de la boca o en las partes \u00edntimas. [&hellip;]<\/p>\n","protected":false},"author":1961,"featured_media":34438,"comment_status":"closed","ping_status":"closed","sticky":false,"template":"","format":"standard","meta":{"footnotes":""},"categories":[3],"tags":[909,451,1676],"coauthors":[1448],"class_list":{"0":"post-34434","1":"post","2":"type-post","3":"status-publish","4":"format-standard","5":"has-post-thumbnail","7":"category-actualidad","8":"tag-estres","9":"tag-genetica","10":"tag-vitiligo"},"_links":{"self":[{"href":"https:\/\/www.igssgt.org\/noticias\/wp-json\/wp\/v2\/posts\/34434","targetHints":{"allow":["GET"]}}],"collection":[{"href":"https:\/\/www.igssgt.org\/noticias\/wp-json\/wp\/v2\/posts"}],"about":[{"href":"https:\/\/www.igssgt.org\/noticias\/wp-json\/wp\/v2\/types\/post"}],"author":[{"embeddable":true,"href":"https:\/\/www.igssgt.org\/noticias\/wp-json\/wp\/v2\/users\/1961"}],"replies":[{"embeddable":true,"href":"https:\/\/www.igssgt.org\/noticias\/wp-json\/wp\/v2\/comments?post=34434"}],"version-history":[{"count":2,"href":"https:\/\/www.igssgt.org\/noticias\/wp-json\/wp\/v2\/posts\/34434\/revisions"}],"predecessor-version":[{"id":34440,"href":"https:\/\/www.igssgt.org\/noticias\/wp-json\/wp\/v2\/posts\/34434\/revisions\/34440"}],"wp:featuredmedia":[{"embeddable":true,"href":"https:\/\/www.igssgt.org\/noticias\/wp-json\/wp\/v2\/media\/34438"}],"wp:attachment":[{"href":"https:\/\/www.igssgt.org\/noticias\/wp-json\/wp\/v2\/media?parent=34434"}],"wp:term":[{"taxonomy":"category","embeddable":true,"href":"https:\/\/www.igssgt.org\/noticias\/wp-json\/wp\/v2\/categories?post=34434"},{"taxonomy":"post_tag","embeddable":true,"href":"https:\/\/www.igssgt.org\/noticias\/wp-json\/wp\/v2\/tags?post=34434"},{"taxonomy":"author","embeddable":true,"href":"https:\/\/www.igssgt.org\/noticias\/wp-json\/wp\/v2\/coauthors?post=34434"}],"curies":[{"name":"wp","href":"https:\/\/api.w.org\/{rel}","templated":true}]}}