{"id":34453,"date":"2023-03-23T17:50:00","date_gmt":"2023-03-23T23:50:00","guid":{"rendered":"https:\/\/www.igssgt.org\/noticias\/?p=34453"},"modified":"2023-03-24T15:57:50","modified_gmt":"2023-03-24T21:57:50","slug":"se-conmemora-dia-mundial-de-la-rehabilitacion","status":"publish","type":"post","link":"https:\/\/www.igssgt.org\/noticias\/2023\/03\/23\/se-conmemora-dia-mundial-de-la-rehabilitacion\/","title":{"rendered":"Se conmemora D\u00eda Mundial de la Rehabilitaci\u00f3n"},"content":{"rendered":"\n<p class=\"has-drop-cap\">Con el prop\u00f3sito de conmemorar del D\u00eda Mundial de la Rehabilitaci\u00f3n, el Hospital de Rehabilitaci\u00f3n realiz\u00f3 un acto dedicado a sus usuarios, quienes compartieron momentos de agradable convivencia junto al personal de esa unidad m\u00e9dica.<\/p>\n\n\n\n<p>En su discurso de bienvenida, la directora Karina Rodr\u00edguez invit\u00f3 a reflexionar en el derecho humano a la rehabilitaci\u00f3n f\u00edsica, la escolaridad, al deporte, a lo laboral y a la accesibilidad para personas que viven en alguna condici\u00f3n de discapacidad.<\/p>\n<p><a href=\"\/wp-content\/uploads\/sites\/5\/2023\/03\/Dia-Mundial-de-la-Rehabilacion-IGSS-3.jpg\"><img loading=\"lazy\" decoding=\"async\" class=\"aligncenter size-full wp-image-34456\" src=\"\/wp-content\/uploads\/sites\/5\/2023\/03\/Dia-Mundial-de-la-Rehabilacion-IGSS-3.jpg\" alt=\"\" width=\"1600\" height=\"900\" srcset=\"\/wp-content\/uploads\/sites\/5\/2023\/03\/Dia-Mundial-de-la-Rehabilacion-IGSS-3.jpg 1600w, \/wp-content\/uploads\/sites\/5\/2023\/03\/Dia-Mundial-de-la-Rehabilacion-IGSS-3-300x169.jpg 300w, \/wp-content\/uploads\/sites\/5\/2023\/03\/Dia-Mundial-de-la-Rehabilacion-IGSS-3-768x432.jpg 768w, \/wp-content\/uploads\/sites\/5\/2023\/03\/Dia-Mundial-de-la-Rehabilacion-IGSS-3-1024x576.jpg 1024w, \/wp-content\/uploads\/sites\/5\/2023\/03\/Dia-Mundial-de-la-Rehabilacion-IGSS-3-1536x864.jpg 1536w, \/wp-content\/uploads\/sites\/5\/2023\/03\/Dia-Mundial-de-la-Rehabilacion-IGSS-3-747x420.jpg 747w, \/wp-content\/uploads\/sites\/5\/2023\/03\/Dia-Mundial-de-la-Rehabilacion-IGSS-3-696x392.jpg 696w, \/wp-content\/uploads\/sites\/5\/2023\/03\/Dia-Mundial-de-la-Rehabilacion-IGSS-3-1068x601.jpg 1068w, \/wp-content\/uploads\/sites\/5\/2023\/03\/Dia-Mundial-de-la-Rehabilacion-IGSS-3-534x300.jpg 534w\" sizes=\"auto, (max-width: 1600px) 100vw, 1600px\" \/><\/a><\/p>\n<p>La doctora Rodr\u00edguez subray\u00f3 que el Hospital no tiene enfermos, sino usuarios. Recalc\u00f3 que el vocabulario cotidiano debe dejar de tener connotaciones negativas cuando se habla de discapacidad. Tambi\u00e9n explic\u00f3 que la diferencia entre habilitaci\u00f3n y rehabilitaci\u00f3n es que la primera es para ni\u00f1os y la segunda para adultos. \u201cNosotros trabajamos con personas que acaban de nacer, hasta la tercera edad\u201d, expuso.<\/p>\n<p>De esa cuenta, en el Hospital hay un equipo multidisciplinario conformado por terapistas, psic\u00f3logos, psiquiatras, m\u00e9dicos rehabilitadores, trabajadores sociales, enfermer\u00eda, de pr\u00f3tesis y \u00f3rtesis, quienes son los facilitadores que ayudan a los usuarios a cumplir sus metas. Las atenciones que brindan incluyen cuidados para personas con amputaciones, diabetes, tumores, c\u00e1ncer, entre otros.<\/p>\n<p><a href=\"\/wp-content\/uploads\/sites\/5\/2023\/03\/Dia-Mundial-de-la-Rehabilacion-IGSS-2.jpg\"><img loading=\"lazy\" decoding=\"async\" class=\"aligncenter size-full wp-image-34458\" src=\"\/wp-content\/uploads\/sites\/5\/2023\/03\/Dia-Mundial-de-la-Rehabilacion-IGSS-2.jpg\" alt=\"\" width=\"1600\" height=\"721\" srcset=\"\/wp-content\/uploads\/sites\/5\/2023\/03\/Dia-Mundial-de-la-Rehabilacion-IGSS-2.jpg 1600w, \/wp-content\/uploads\/sites\/5\/2023\/03\/Dia-Mundial-de-la-Rehabilacion-IGSS-2-300x135.jpg 300w, \/wp-content\/uploads\/sites\/5\/2023\/03\/Dia-Mundial-de-la-Rehabilacion-IGSS-2-768x346.jpg 768w, \/wp-content\/uploads\/sites\/5\/2023\/03\/Dia-Mundial-de-la-Rehabilacion-IGSS-2-1024x461.jpg 1024w, \/wp-content\/uploads\/sites\/5\/2023\/03\/Dia-Mundial-de-la-Rehabilacion-IGSS-2-1536x692.jpg 1536w, \/wp-content\/uploads\/sites\/5\/2023\/03\/Dia-Mundial-de-la-Rehabilacion-IGSS-2-932x420.jpg 932w, \/wp-content\/uploads\/sites\/5\/2023\/03\/Dia-Mundial-de-la-Rehabilacion-IGSS-2-696x314.jpg 696w, \/wp-content\/uploads\/sites\/5\/2023\/03\/Dia-Mundial-de-la-Rehabilacion-IGSS-2-1068x481.jpg 1068w, \/wp-content\/uploads\/sites\/5\/2023\/03\/Dia-Mundial-de-la-Rehabilacion-IGSS-2-534x241.jpg 534w\" sizes=\"auto, (max-width: 1600px) 100vw, 1600px\" \/><\/a><\/p>\n<p>Asimismo, la directora entreg\u00f3 un reconocimiento a la escritora Mafer Jim\u00e9nez, quien se licenci\u00f3 y obtuvo la maestr\u00eda en psicopedagog\u00eda, por su labor y logros. Jim\u00e9nez habl\u00f3 acerca de c\u00f3mo ha enfrentado los desaf\u00edos de vivir con una discapacidad y de que cada reto viene acompa\u00f1ado de un prop\u00f3sito. \u201cAprendemos que existen formas diferentes de hacer las mismas actividades\u201d, se\u00f1al\u00f3.<\/p>\n<p>El usuario interno, Jos\u00e9 Rodas, manifest\u00f3 su satisfacci\u00f3n por las atenciones que recibe en las instalaciones. \u201cEl trato aqu\u00ed es muy bueno. No se siente uno como que estuviera en un hospital, sino en un colegio\u201d, coment\u00f3. Por su parte, Edgar Gustavo Reyes, expres\u00f3: \u201cEstoy agradecido con Dios y con ellos por toda la amabilidad y colaboraci\u00f3n que han tenido para con nosotros\u201d.<\/p>\n<p>Por \u00faltimo, la directora Rodr\u00edguez expuso que para el Hospital de Rehabilitaci\u00f3n era un d\u00eda de fiesta. \u201cTrabajamos con equipos de alto rendimiento para lograr el m\u00e1ximo potencial de recuperaci\u00f3n que cada uno de nuestros usuarios requiere y necesita\u201d, enfatiz\u00f3.<\/p>\n","protected":false},"excerpt":{"rendered":"<p>Con el prop\u00f3sito de conmemorar del D\u00eda Mundial de la Rehabilitaci\u00f3n, el Hospital de Rehabilitaci\u00f3n realiz\u00f3 un acto dedicado a sus usuarios, quienes compartieron momentos de agradable convivencia junto al personal de esa unidad m\u00e9dica. En su discurso de bienvenida, la directora Karina Rodr\u00edguez invit\u00f3 a reflexionar en el derecho humano a la rehabilitaci\u00f3n f\u00edsica, [&hellip;]<\/p>\n","protected":false},"author":4,"featured_media":34455,"comment_status":"closed","ping_status":"closed","sticky":false,"template":"","format":"standard","meta":{"footnotes":""},"categories":[3,30],"tags":[364,992,754],"coauthors":[],"class_list":{"0":"post-34453","1":"post","2":"type-post","3":"status-publish","4":"format-standard","5":"has-post-thumbnail","7":"category-actualidad","8":"category-rehabilitacion","9":"tag-dra-karina-rodriguez","10":"tag-hospital-del-rehabilitacion","11":"tag-rehabilitacion"},"_links":{"self":[{"href":"https:\/\/www.igssgt.org\/noticias\/wp-json\/wp\/v2\/posts\/34453","targetHints":{"allow":["GET"]}}],"collection":[{"href":"https:\/\/www.igssgt.org\/noticias\/wp-json\/wp\/v2\/posts"}],"about":[{"href":"https:\/\/www.igssgt.org\/noticias\/wp-json\/wp\/v2\/types\/post"}],"author":[{"embeddable":true,"href":"https:\/\/www.igssgt.org\/noticias\/wp-json\/wp\/v2\/users\/4"}],"replies":[{"embeddable":true,"href":"https:\/\/www.igssgt.org\/noticias\/wp-json\/wp\/v2\/comments?post=34453"}],"version-history":[{"count":1,"href":"https:\/\/www.igssgt.org\/noticias\/wp-json\/wp\/v2\/posts\/34453\/revisions"}],"predecessor-version":[{"id":34459,"href":"https:\/\/www.igssgt.org\/noticias\/wp-json\/wp\/v2\/posts\/34453\/revisions\/34459"}],"wp:featuredmedia":[{"embeddable":true,"href":"https:\/\/www.igssgt.org\/noticias\/wp-json\/wp\/v2\/media\/34455"}],"wp:attachment":[{"href":"https:\/\/www.igssgt.org\/noticias\/wp-json\/wp\/v2\/media?parent=34453"}],"wp:term":[{"taxonomy":"category","embeddable":true,"href":"https:\/\/www.igssgt.org\/noticias\/wp-json\/wp\/v2\/categories?post=34453"},{"taxonomy":"post_tag","embeddable":true,"href":"https:\/\/www.igssgt.org\/noticias\/wp-json\/wp\/v2\/tags?post=34453"},{"taxonomy":"author","embeddable":true,"href":"https:\/\/www.igssgt.org\/noticias\/wp-json\/wp\/v2\/coauthors?post=34453"}],"curies":[{"name":"wp","href":"https:\/\/api.w.org\/{rel}","templated":true}]}}