{"id":34454,"date":"2023-03-26T13:45:00","date_gmt":"2023-03-26T19:45:00","guid":{"rendered":"https:\/\/www.igssgt.org\/noticias\/?p=34454"},"modified":"2025-10-03T13:27:56","modified_gmt":"2025-10-03T19:27:56","slug":"el-igss-es-gran-propulsor-en-la-implementacion-de-la-medicina-familiar-y-comunitaria","status":"publish","type":"post","link":"https:\/\/www.igssgt.org\/noticias\/2023\/03\/26\/el-igss-es-gran-propulsor-en-la-implementacion-de-la-medicina-familiar-y-comunitaria\/","title":{"rendered":"El IGSS es gran propulsor en la implementaci\u00f3n de la Medicina Familiar y Comunitaria"},"content":{"rendered":"\n<p class=\"has-drop-cap\">En seguimiento al compromiso adquirido en la Declaraci\u00f3n de Guatemala durante la VII Cumbre Iberoamericana de Medicina Familiar y Comunitaria, representantes del Instituto Guatemalteco de Seguridad Social (IGSS) y delegados de la Organizaci\u00f3n Panamericana de la Salud (OPS) compartieron experiencias sobre la implementaci\u00f3n de la pol\u00edtica de atenci\u00f3n de la seguridad social en otros pa\u00edses de la regi\u00f3n.<\/p>\n\n\n<p>El subgerente de Planificaci\u00f3n y Desarrollo del IGSS, licenciado Carlos Franco, en nombre del presidente del Instituto, licenciado Jos\u00e9 Flamenco Jau, y de la Junta Directiva, agradeci\u00f3 a la OPS el acompa\u00f1amiento en el proceso para mejorar los servicios que brinda el Instituto.<\/p>\n<p><a href=\"\/wp-content\/uploads\/sites\/5\/2023\/03\/Medicina-Familiar-y-Comunitaria-4.jpg\" target=\"_blank\" rel=\"noopener\"><img loading=\"lazy\" decoding=\"async\" class=\"alignnone wp-image-34463 size-full\" src=\"\/wp-content\/uploads\/sites\/5\/2023\/03\/Medicina-Familiar-y-Comunitaria-4.jpg\" alt=\"\" width=\"1384\" height=\"971\" srcset=\"\/wp-content\/uploads\/sites\/5\/2023\/03\/Medicina-Familiar-y-Comunitaria-4.jpg 1384w, \/wp-content\/uploads\/sites\/5\/2023\/03\/Medicina-Familiar-y-Comunitaria-4-300x210.jpg 300w, \/wp-content\/uploads\/sites\/5\/2023\/03\/Medicina-Familiar-y-Comunitaria-4-768x539.jpg 768w, \/wp-content\/uploads\/sites\/5\/2023\/03\/Medicina-Familiar-y-Comunitaria-4-1024x718.jpg 1024w, \/wp-content\/uploads\/sites\/5\/2023\/03\/Medicina-Familiar-y-Comunitaria-4-599x420.jpg 599w, \/wp-content\/uploads\/sites\/5\/2023\/03\/Medicina-Familiar-y-Comunitaria-4-696x488.jpg 696w, \/wp-content\/uploads\/sites\/5\/2023\/03\/Medicina-Familiar-y-Comunitaria-4-1068x749.jpg 1068w, \/wp-content\/uploads\/sites\/5\/2023\/03\/Medicina-Familiar-y-Comunitaria-4-100x70.jpg 100w, \/wp-content\/uploads\/sites\/5\/2023\/03\/Medicina-Familiar-y-Comunitaria-4-534x375.jpg 534w\" sizes=\"auto, (max-width: 1384px) 100vw, 1384px\" \/><\/a><\/p>\n<p>En la mesa de trabajo se analiz\u00f3 la situaci\u00f3n y tendencia de la seguridad social en Am\u00e9rica y se indic\u00f3 que la informalidad laboral en los pa\u00edses de habla hispana es del 30 al 70 por ciento.<\/p>\n<p>Por tal motivo, se destac\u00f3 la necesidad de responder al proceso de transformaci\u00f3n en la sociedad y salir de los esquemas tradicionales. <strong>\u201cLa gente ahora trabaja de manera distinta y tambi\u00e9n merece la protecci\u00f3n del Seguro Social\u201d<\/strong>, afirm\u00f3 el doctor \u00c1lvaro Salas, expresidente de la Caja Costarricense de Seguro Social (CCSS).<\/p>\n<blockquote>\n<p>La gente ahora trabaja de manera distinta y tambi\u00e9n merece la protecci\u00f3n del Seguro Social<\/p>\n<\/blockquote>\n<p>Asimismo, se compartieron experiencias y conocimientos sobre la implementaci\u00f3n de la pol\u00edtica de seguridad social en M\u00e9xico y Costa Rica. Adem\u00e1s, se abord\u00f3 la importancia de la Atenci\u00f3n Primaria en Salud como el eje estructural de los sistemas de salud.<\/p>\n<p><a href=\"\/wp-content\/uploads\/sites\/5\/2023\/03\/Medicina-Familiar-y-Comunitaria-1.jpg\" target=\"_blank\" rel=\"noopener\"><img loading=\"lazy\" decoding=\"async\" class=\"alignnone wp-image-34460 size-full\" src=\"\/wp-content\/uploads\/sites\/5\/2023\/03\/Medicina-Familiar-y-Comunitaria-1.jpg\" alt=\"\" width=\"1600\" height=\"1066\" srcset=\"\/wp-content\/uploads\/sites\/5\/2023\/03\/Medicina-Familiar-y-Comunitaria-1.jpg 1600w, \/wp-content\/uploads\/sites\/5\/2023\/03\/Medicina-Familiar-y-Comunitaria-1-300x200.jpg 300w, \/wp-content\/uploads\/sites\/5\/2023\/03\/Medicina-Familiar-y-Comunitaria-1-768x512.jpg 768w, \/wp-content\/uploads\/sites\/5\/2023\/03\/Medicina-Familiar-y-Comunitaria-1-1024x682.jpg 1024w, \/wp-content\/uploads\/sites\/5\/2023\/03\/Medicina-Familiar-y-Comunitaria-1-1536x1023.jpg 1536w, \/wp-content\/uploads\/sites\/5\/2023\/03\/Medicina-Familiar-y-Comunitaria-1-630x420.jpg 630w, \/wp-content\/uploads\/sites\/5\/2023\/03\/Medicina-Familiar-y-Comunitaria-1-696x464.jpg 696w, \/wp-content\/uploads\/sites\/5\/2023\/03\/Medicina-Familiar-y-Comunitaria-1-1068x712.jpg 1068w, \/wp-content\/uploads\/sites\/5\/2023\/03\/Medicina-Familiar-y-Comunitaria-1-534x356.jpg 534w\" sizes=\"auto, (max-width: 1600px) 100vw, 1600px\" \/><\/a><\/p>\n<p>Finalmente, se resalt\u00f3 que la Medicina Familiar y Comunitaria es la mejor opci\u00f3n para frenar la demanda de asistencia m\u00e9dica especializada, contener los costos de la atenci\u00f3n y centrar esta en las necesidades de las personas a lo largo de su vida.<\/p>\n<p>En noviembre de 2022, el IGSS y el Ministerio de Salud P\u00fablica y Asistencia Social (MSPAS) firmaron la Declaraci\u00f3n antes indicada para ratificar el compromiso de implementar y fortalecer la Medicina Familiar y Comunitaria con el fin de avanzar en el ideal de una cobertura universal de la salud.<\/p>\n<p><a href=\"\/wp-content\/uploads\/sites\/5\/2023\/03\/Medicina-Familiar-y-Comunitaria-3.jpg\" target=\"_blank\" rel=\"noopener\"><img loading=\"lazy\" decoding=\"async\" class=\"alignnone wp-image-34462 size-full\" src=\"\/wp-content\/uploads\/sites\/5\/2023\/03\/Medicina-Familiar-y-Comunitaria-3.jpg\" alt=\"\" width=\"1600\" height=\"1066\" srcset=\"\/wp-content\/uploads\/sites\/5\/2023\/03\/Medicina-Familiar-y-Comunitaria-3.jpg 1600w, \/wp-content\/uploads\/sites\/5\/2023\/03\/Medicina-Familiar-y-Comunitaria-3-300x200.jpg 300w, \/wp-content\/uploads\/sites\/5\/2023\/03\/Medicina-Familiar-y-Comunitaria-3-768x512.jpg 768w, \/wp-content\/uploads\/sites\/5\/2023\/03\/Medicina-Familiar-y-Comunitaria-3-1024x682.jpg 1024w, \/wp-content\/uploads\/sites\/5\/2023\/03\/Medicina-Familiar-y-Comunitaria-3-1536x1023.jpg 1536w, \/wp-content\/uploads\/sites\/5\/2023\/03\/Medicina-Familiar-y-Comunitaria-3-630x420.jpg 630w, \/wp-content\/uploads\/sites\/5\/2023\/03\/Medicina-Familiar-y-Comunitaria-3-696x464.jpg 696w, \/wp-content\/uploads\/sites\/5\/2023\/03\/Medicina-Familiar-y-Comunitaria-3-1068x712.jpg 1068w, \/wp-content\/uploads\/sites\/5\/2023\/03\/Medicina-Familiar-y-Comunitaria-3-534x356.jpg 534w\" sizes=\"auto, (max-width: 1600px) 100vw, 1600px\" \/><\/a><\/p>","protected":false},"excerpt":{"rendered":"<p>En seguimiento al compromiso adquirido en la Declaraci\u00f3n de Guatemala durante la VII Cumbre Iberoamericana de Medicina Familiar y Comunitaria, representantes del Instituto Guatemalteco de Seguridad Social (IGSS) y delegados de la Organizaci\u00f3n Panamericana de la Salud (OPS) compartieron experiencias sobre la implementaci\u00f3n de la pol\u00edtica de atenci\u00f3n de la seguridad social en otros pa\u00edses [&hellip;]<\/p>\n","protected":false},"author":1961,"featured_media":34461,"comment_status":"closed","ping_status":"closed","sticky":false,"template":"","format":"standard","meta":{"footnotes":""},"categories":[3,2427],"tags":[1533],"coauthors":[1448],"class_list":{"0":"post-34454","1":"post","2":"type-post","3":"status-publish","4":"format-standard","5":"has-post-thumbnail","7":"category-actualidad","8":"category-medicina-familiar-y-comunitaria","9":"tag-medicina-familiar-y-comunitaria"},"_links":{"self":[{"href":"https:\/\/www.igssgt.org\/noticias\/wp-json\/wp\/v2\/posts\/34454","targetHints":{"allow":["GET"]}}],"collection":[{"href":"https:\/\/www.igssgt.org\/noticias\/wp-json\/wp\/v2\/posts"}],"about":[{"href":"https:\/\/www.igssgt.org\/noticias\/wp-json\/wp\/v2\/types\/post"}],"author":[{"embeddable":true,"href":"https:\/\/www.igssgt.org\/noticias\/wp-json\/wp\/v2\/users\/1961"}],"replies":[{"embeddable":true,"href":"https:\/\/www.igssgt.org\/noticias\/wp-json\/wp\/v2\/comments?post=34454"}],"version-history":[{"count":3,"href":"https:\/\/www.igssgt.org\/noticias\/wp-json\/wp\/v2\/posts\/34454\/revisions"}],"predecessor-version":[{"id":34465,"href":"https:\/\/www.igssgt.org\/noticias\/wp-json\/wp\/v2\/posts\/34454\/revisions\/34465"}],"wp:featuredmedia":[{"embeddable":true,"href":"https:\/\/www.igssgt.org\/noticias\/wp-json\/wp\/v2\/media\/34461"}],"wp:attachment":[{"href":"https:\/\/www.igssgt.org\/noticias\/wp-json\/wp\/v2\/media?parent=34454"}],"wp:term":[{"taxonomy":"category","embeddable":true,"href":"https:\/\/www.igssgt.org\/noticias\/wp-json\/wp\/v2\/categories?post=34454"},{"taxonomy":"post_tag","embeddable":true,"href":"https:\/\/www.igssgt.org\/noticias\/wp-json\/wp\/v2\/tags?post=34454"},{"taxonomy":"author","embeddable":true,"href":"https:\/\/www.igssgt.org\/noticias\/wp-json\/wp\/v2\/coauthors?post=34454"}],"curies":[{"name":"wp","href":"https:\/\/api.w.org\/{rel}","templated":true}]}}