{"id":34490,"date":"2023-03-27T13:41:21","date_gmt":"2023-03-27T19:41:21","guid":{"rendered":"https:\/\/www.igssgt.org\/noticias\/?p=34490"},"modified":"2023-03-27T13:41:23","modified_gmt":"2023-03-27T19:41:23","slug":"igss-lleva-asistencia-medica-a-trabajadores-del-grupo-financiero-gt-continental","status":"publish","type":"post","link":"https:\/\/www.igssgt.org\/noticias\/2023\/03\/27\/igss-lleva-asistencia-medica-a-trabajadores-del-grupo-financiero-gt-continental\/","title":{"rendered":"IGSS lleva asistencia m\u00e9dica a trabajadores del Grupo Financiero G&amp;T Continental"},"content":{"rendered":"\n<p class=\"has-drop-cap\">A trav\u00e9s del Programa Cl\u00ednicas de Empresa, el Instituto Guatemalteco de Seguridad Social (IGSS) reafirma el compromiso de llevar, hasta sus lugares de trabajo, servicios m\u00e9dicos y pecuniarios a toda la poblaci\u00f3n asegurada.<\/p>\n\n\n<p>Con esa convicci\u00f3n, se realiz\u00f3 la Jornada Diferenciada de la Seguridad Social en el centro comercial Arkadia, zona 10, para beneficio de m\u00e1s de 500 trabajadores del Grupo Financiero G&amp;T Continental. En la actividad se despleg\u00f3 un equipo de 60 profesionales, entre personal m\u00e9dico y administrativo, para brindar una atenci\u00f3n \u00e1gil y de calidad.<\/p>\n<p><a href=\"\/wp-content\/uploads\/sites\/5\/2023\/03\/trabajadores-del-Grupo-Financiero-13.jpg\" target=\"_blank\" rel=\"noopener\"><img loading=\"lazy\" decoding=\"async\" class=\"alignnone wp-image-34507 size-full\" src=\"\/wp-content\/uploads\/sites\/5\/2023\/03\/trabajadores-del-Grupo-Financiero-13.jpg\" alt=\"\" width=\"1600\" height=\"900\" srcset=\"\/wp-content\/uploads\/sites\/5\/2023\/03\/trabajadores-del-Grupo-Financiero-13.jpg 1600w, \/wp-content\/uploads\/sites\/5\/2023\/03\/trabajadores-del-Grupo-Financiero-13-300x169.jpg 300w, \/wp-content\/uploads\/sites\/5\/2023\/03\/trabajadores-del-Grupo-Financiero-13-768x432.jpg 768w, \/wp-content\/uploads\/sites\/5\/2023\/03\/trabajadores-del-Grupo-Financiero-13-1024x576.jpg 1024w, \/wp-content\/uploads\/sites\/5\/2023\/03\/trabajadores-del-Grupo-Financiero-13-1536x864.jpg 1536w, \/wp-content\/uploads\/sites\/5\/2023\/03\/trabajadores-del-Grupo-Financiero-13-747x420.jpg 747w, \/wp-content\/uploads\/sites\/5\/2023\/03\/trabajadores-del-Grupo-Financiero-13-696x392.jpg 696w, \/wp-content\/uploads\/sites\/5\/2023\/03\/trabajadores-del-Grupo-Financiero-13-1068x601.jpg 1068w, \/wp-content\/uploads\/sites\/5\/2023\/03\/trabajadores-del-Grupo-Financiero-13-534x300.jpg 534w\" sizes=\"auto, (max-width: 1600px) 100vw, 1600px\" \/><\/a><\/p>\n<p>Al respecto, la doctora Nancy Erazo, subdirectora hospitalaria de la Policl\u00ednica, inst\u00f3 a los asistentes a sacarle el mejor provecho a la Jornada, y agradeci\u00f3 a las autoridades de la entidad bancaria por confiar en este proyecto y facilitar la organizaci\u00f3n del evento.<\/p>\n<blockquote>\n<p>Es magn\u00edfico que el Instituto se acerque a las empresas, pues a veces es bastante complicado asistir a las perif\u00e9ricas asignadas<\/p>\n<\/blockquote>\n<p><strong>\u201cMe parece magn\u00edfico que el Instituto se acerque a las empresas, pues a veces es bastante complicado asistir a las perif\u00e9ricas asignadas\u201d<\/strong>, indic\u00f3 Emanuel Garc\u00eda, quien se desempe\u00f1a como analista de aplicaciones de soporte de TI, y que agreg\u00f3 que no necesit\u00f3 m\u00e1s de 15 minutos para hacerse el examen que necesitaba.<\/p>\n<p><a href=\"\/wp-content\/uploads\/sites\/5\/2023\/03\/trabajadores-del-Grupo-Financiero-4.jpg\" target=\"_blank\" rel=\"noopener\"><img loading=\"lazy\" decoding=\"async\" class=\"alignnone wp-image-34498 size-full\" src=\"\/wp-content\/uploads\/sites\/5\/2023\/03\/trabajadores-del-Grupo-Financiero-4.jpg\" alt=\"\" width=\"1428\" height=\"795\" srcset=\"\/wp-content\/uploads\/sites\/5\/2023\/03\/trabajadores-del-Grupo-Financiero-4.jpg 1428w, \/wp-content\/uploads\/sites\/5\/2023\/03\/trabajadores-del-Grupo-Financiero-4-300x167.jpg 300w, \/wp-content\/uploads\/sites\/5\/2023\/03\/trabajadores-del-Grupo-Financiero-4-768x428.jpg 768w, \/wp-content\/uploads\/sites\/5\/2023\/03\/trabajadores-del-Grupo-Financiero-4-1024x570.jpg 1024w, \/wp-content\/uploads\/sites\/5\/2023\/03\/trabajadores-del-Grupo-Financiero-4-754x420.jpg 754w, \/wp-content\/uploads\/sites\/5\/2023\/03\/trabajadores-del-Grupo-Financiero-4-696x387.jpg 696w, \/wp-content\/uploads\/sites\/5\/2023\/03\/trabajadores-del-Grupo-Financiero-4-1068x595.jpg 1068w, \/wp-content\/uploads\/sites\/5\/2023\/03\/trabajadores-del-Grupo-Financiero-4-534x297.jpg 534w\" sizes=\"auto, (max-width: 1428px) 100vw, 1428px\" \/><\/a><\/p>\n<p>La oferta m\u00e9dica incluy\u00f3 5 especialidades y 11 servicios, entre los cuales figuran asistencia odontol\u00f3gica y nutricional, pruebas de VIH, terapia f\u00edsica, vacunaci\u00f3n contra COVID-19 y toma de signos vitales, entre otros. En ese sentido, la licenciada Aracelly Castillo, coordinadora del Programa, puso a disposici\u00f3n el <strong>tel\u00e9fono 2412-1224, extensiones 82959 y 82953, para que los patronos interesados gestionen estos beneficios para sus empleados<\/strong>.<\/p>\n<p>Por su parte, la licenciada Ibeth Su\u00e1rez, vicepresidente de Talento Humano del banco G&amp;T Continental, expres\u00f3 su satisfacci\u00f3n por el apoyo para fortalecer la salud del recurso humano. <strong>\u201cHoy vemos materializado el sue\u00f1o de brindar bienestar y mejorar la calidad de vida de nuestros colaboradores\u201d<\/strong>, resalt\u00f3.<\/p>\n\n\r\n                <style type=\"text\/css\">\r\n                    \r\n                    #tdi_1  .td-doubleSlider-2 .td-item1 {\r\n                        background: url(\/wp-content\/uploads\/sites\/5\/2023\/03\/trabajadores-del-Grupo-Financiero-12-80x60.jpg) 0 0 no-repeat;\r\n                    }\r\n                    #tdi_1  .td-doubleSlider-2 .td-item2 {\r\n                        background: url(\/wp-content\/uploads\/sites\/5\/2023\/03\/trabajadores-del-Grupo-Financiero-3-80x60.jpg) 0 0 no-repeat;\r\n                    }\r\n                    #tdi_1  .td-doubleSlider-2 .td-item3 {\r\n                        background: url(\/wp-content\/uploads\/sites\/5\/2023\/03\/trabajadores-del-Grupo-Financiero-1-80x60.jpg) 0 0 no-repeat;\r\n                    }\r\n                    #tdi_1  .td-doubleSlider-2 .td-item4 {\r\n                        background: url(\/wp-content\/uploads\/sites\/5\/2023\/03\/trabajadores-del-Grupo-Financiero-7-80x60.jpg) 0 0 no-repeat;\r\n                    }\r\n                    #tdi_1  .td-doubleSlider-2 .td-item5 {\r\n                        background: url(\/wp-content\/uploads\/sites\/5\/2023\/03\/trabajadores-del-Grupo-Financiero-9-80x60.jpg) 0 0 no-repeat;\r\n                    }\r\n                    #tdi_1  .td-doubleSlider-2 .td-item6 {\r\n                        background: url(\/wp-content\/uploads\/sites\/5\/2023\/03\/trabajadores-del-Grupo-Financiero-8-80x60.jpg) 0 0 no-repeat;\r\n                    }\r\n                    #tdi_1  .td-doubleSlider-2 .td-item7 {\r\n                        background: url(\/wp-content\/uploads\/sites\/5\/2023\/03\/trabajadores-del-Grupo-Financiero-11-80x60.jpg) 0 0 no-repeat;\r\n                    }\r\n                    #tdi_1  .td-doubleSlider-2 .td-item8 {\r\n                        background: url(\/wp-content\/uploads\/sites\/5\/2023\/03\/trabajadores-del-Grupo-Financiero-10-80x60.jpg) 0 0 no-repeat;\r\n                    }\r\n                    #tdi_1  .td-doubleSlider-2 .td-item9 {\r\n                        background: url(\/wp-content\/uploads\/sites\/5\/2023\/03\/trabajadores-del-Grupo-Financiero-5-80x60.jpg) 0 0 no-repeat;\r\n                    }\r\n                    #tdi_1  .td-doubleSlider-2 .td-item10 {\r\n                        background: url(\/wp-content\/uploads\/sites\/5\/2023\/03\/trabajadores-del-Grupo-Financiero-6-80x60.jpg) 0 0 no-repeat;\r\n                    }\r\n                    #tdi_1  .td-doubleSlider-2 .td-item11 {\r\n                        background: url(\/wp-content\/uploads\/sites\/5\/2023\/03\/trabajadores-del-Grupo-Financiero-14-80x60.jpg) 0 0 no-repeat;\r\n                    }\r\n                <\/style>\r\n\r\n                <div id=\"tdi_1\" class=\"td-gallery td-slide-on-2-columns\">\r\n                    <div class=\"post_td_gallery\">\r\n                        <div class=\"td-gallery-slide-top\">\r\n                           <div class=\"td-gallery-title\"><\/div>\r\n\r\n                            <div class=\"td-gallery-controls-wrapper\">\r\n                                <div class=\"td-gallery-slide-count\"><span class=\"td-gallery-slide-item-focus\">1<\/span> de 11<\/div>\r\n                                <div class=\"td-gallery-slide-prev-next-but\">\r\n                                    <i class = \"td-icon-left doubleSliderPrevButton\"><\/i>\r\n                                    <i class = \"td-icon-right doubleSliderNextButton\"><\/i>\r\n                                <\/div>\r\n                            <\/div>\r\n                        <\/div>\r\n\r\n                        <div class = \"td-doubleSlider-1 \">\r\n                            <div class = \"td-slider\">\r\n                                \r\n                    <div class = \"td-slide-item td-item1\">\r\n                        <figure class=\"td-slide-galery-figure td-slide-popup-gallery\">\r\n                            <a class=\"slide-gallery-image-link\" href=\"\/wp-content\/uploads\/sites\/5\/2023\/03\/trabajadores-del-Grupo-Financiero-12.jpg\" title=\"trabajadores del Grupo Financiero-12\"  data-caption=\"\"  data-description=\"\">\r\n                                <img decoding=\"async\" src=\"\/wp-content\/uploads\/sites\/5\/2023\/03\/trabajadores-del-Grupo-Financiero-12-636x420.jpg\" srcset=\"\/wp-content\/uploads\/sites\/5\/2023\/03\/trabajadores-del-Grupo-Financiero-12-636x420.jpg 636w, \/wp-content\/uploads\/sites\/5\/2023\/03\/trabajadores-del-Grupo-Financiero-12-300x198.jpg 300w, \/wp-content\/uploads\/sites\/5\/2023\/03\/trabajadores-del-Grupo-Financiero-12-768x507.jpg 768w, \/wp-content\/uploads\/sites\/5\/2023\/03\/trabajadores-del-Grupo-Financiero-12-1024x676.jpg 1024w, \/wp-content\/uploads\/sites\/5\/2023\/03\/trabajadores-del-Grupo-Financiero-12-696x460.jpg 696w, \/wp-content\/uploads\/sites\/5\/2023\/03\/trabajadores-del-Grupo-Financiero-12-1068x706.jpg 1068w, \/wp-content\/uploads\/sites\/5\/2023\/03\/trabajadores-del-Grupo-Financiero-12-534x353.jpg 534w, \/wp-content\/uploads\/sites\/5\/2023\/03\/trabajadores-del-Grupo-Financiero-12.jpg 1320w\" sizes=\"(max-width: 636px) 100vw, 636px\" alt=\"\">\r\n                            <\/a>\r\n                            \r\n                        <\/figure>\r\n                    <\/div>\r\n                    <div class = \"td-slide-item td-item2\">\r\n                        <figure class=\"td-slide-galery-figure td-slide-popup-gallery\">\r\n                            <a class=\"slide-gallery-image-link\" href=\"\/wp-content\/uploads\/sites\/5\/2023\/03\/trabajadores-del-Grupo-Financiero-3.jpg\" title=\"trabajadores del Grupo Financiero-3\"  data-caption=\"\"  data-description=\"\">\r\n                                <img decoding=\"async\" src=\"\/wp-content\/uploads\/sites\/5\/2023\/03\/trabajadores-del-Grupo-Financiero-3-747x420.jpg\" srcset=\"\/wp-content\/uploads\/sites\/5\/2023\/03\/trabajadores-del-Grupo-Financiero-3-747x420.jpg 747w, \/wp-content\/uploads\/sites\/5\/2023\/03\/trabajadores-del-Grupo-Financiero-3-300x169.jpg 300w, \/wp-content\/uploads\/sites\/5\/2023\/03\/trabajadores-del-Grupo-Financiero-3-768x432.jpg 768w, \/wp-content\/uploads\/sites\/5\/2023\/03\/trabajadores-del-Grupo-Financiero-3-1024x576.jpg 1024w, \/wp-content\/uploads\/sites\/5\/2023\/03\/trabajadores-del-Grupo-Financiero-3-1536x864.jpg 1536w, \/wp-content\/uploads\/sites\/5\/2023\/03\/trabajadores-del-Grupo-Financiero-3-696x392.jpg 696w, \/wp-content\/uploads\/sites\/5\/2023\/03\/trabajadores-del-Grupo-Financiero-3-1068x601.jpg 1068w, \/wp-content\/uploads\/sites\/5\/2023\/03\/trabajadores-del-Grupo-Financiero-3-534x300.jpg 534w, \/wp-content\/uploads\/sites\/5\/2023\/03\/trabajadores-del-Grupo-Financiero-3.jpg 1600w\" sizes=\"(max-width: 747px) 100vw, 747px\" alt=\"\">\r\n                            <\/a>\r\n                            \r\n                        <\/figure>\r\n                    <\/div>\r\n                    <div class = \"td-slide-item td-item3\">\r\n                        <figure class=\"td-slide-galery-figure td-slide-popup-gallery\">\r\n                            <a class=\"slide-gallery-image-link\" href=\"\/wp-content\/uploads\/sites\/5\/2023\/03\/trabajadores-del-Grupo-Financiero-1.jpg\" title=\"trabajadores del Grupo Financiero-1\"  data-caption=\"\"  data-description=\"\">\r\n                                <img decoding=\"async\" src=\"\/wp-content\/uploads\/sites\/5\/2023\/03\/trabajadores-del-Grupo-Financiero-1-747x420.jpg\" srcset=\"\/wp-content\/uploads\/sites\/5\/2023\/03\/trabajadores-del-Grupo-Financiero-1-747x420.jpg 747w, \/wp-content\/uploads\/sites\/5\/2023\/03\/trabajadores-del-Grupo-Financiero-1-300x169.jpg 300w, \/wp-content\/uploads\/sites\/5\/2023\/03\/trabajadores-del-Grupo-Financiero-1-768x432.jpg 768w, \/wp-content\/uploads\/sites\/5\/2023\/03\/trabajadores-del-Grupo-Financiero-1-1024x576.jpg 1024w, \/wp-content\/uploads\/sites\/5\/2023\/03\/trabajadores-del-Grupo-Financiero-1-1536x864.jpg 1536w, \/wp-content\/uploads\/sites\/5\/2023\/03\/trabajadores-del-Grupo-Financiero-1-696x392.jpg 696w, \/wp-content\/uploads\/sites\/5\/2023\/03\/trabajadores-del-Grupo-Financiero-1-1068x601.jpg 1068w, \/wp-content\/uploads\/sites\/5\/2023\/03\/trabajadores-del-Grupo-Financiero-1-534x300.jpg 534w, \/wp-content\/uploads\/sites\/5\/2023\/03\/trabajadores-del-Grupo-Financiero-1.jpg 1600w\" sizes=\"(max-width: 747px) 100vw, 747px\" alt=\"\">\r\n                            <\/a>\r\n                            \r\n                        <\/figure>\r\n                    <\/div>\r\n                    <div class = \"td-slide-item td-item4\">\r\n                        <figure class=\"td-slide-galery-figure td-slide-popup-gallery\">\r\n                            <a class=\"slide-gallery-image-link\" href=\"\/wp-content\/uploads\/sites\/5\/2023\/03\/trabajadores-del-Grupo-Financiero-7.jpg\" title=\"trabajadores del Grupo Financiero-7\"  data-caption=\"\"  data-description=\"\">\r\n                                <img decoding=\"async\" src=\"\/wp-content\/uploads\/sites\/5\/2023\/03\/trabajadores-del-Grupo-Financiero-7-747x420.jpg\" srcset=\"\/wp-content\/uploads\/sites\/5\/2023\/03\/trabajadores-del-Grupo-Financiero-7-747x420.jpg 747w, \/wp-content\/uploads\/sites\/5\/2023\/03\/trabajadores-del-Grupo-Financiero-7-300x169.jpg 300w, \/wp-content\/uploads\/sites\/5\/2023\/03\/trabajadores-del-Grupo-Financiero-7-768x432.jpg 768w, \/wp-content\/uploads\/sites\/5\/2023\/03\/trabajadores-del-Grupo-Financiero-7-1024x576.jpg 1024w, \/wp-content\/uploads\/sites\/5\/2023\/03\/trabajadores-del-Grupo-Financiero-7-1536x864.jpg 1536w, \/wp-content\/uploads\/sites\/5\/2023\/03\/trabajadores-del-Grupo-Financiero-7-696x392.jpg 696w, \/wp-content\/uploads\/sites\/5\/2023\/03\/trabajadores-del-Grupo-Financiero-7-1068x601.jpg 1068w, \/wp-content\/uploads\/sites\/5\/2023\/03\/trabajadores-del-Grupo-Financiero-7-534x300.jpg 534w, \/wp-content\/uploads\/sites\/5\/2023\/03\/trabajadores-del-Grupo-Financiero-7.jpg 1600w\" sizes=\"(max-width: 747px) 100vw, 747px\" alt=\"\">\r\n                            <\/a>\r\n                            \r\n                        <\/figure>\r\n                    <\/div>\r\n                    <div class = \"td-slide-item td-item5\">\r\n                        <figure class=\"td-slide-galery-figure td-slide-popup-gallery\">\r\n                            <a class=\"slide-gallery-image-link\" href=\"\/wp-content\/uploads\/sites\/5\/2023\/03\/trabajadores-del-Grupo-Financiero-9.jpg\" title=\"trabajadores del Grupo Financiero-9\"  data-caption=\"\"  data-description=\"\">\r\n                                <img decoding=\"async\" src=\"\/wp-content\/uploads\/sites\/5\/2023\/03\/trabajadores-del-Grupo-Financiero-9-677x420.jpg\" srcset=\"\/wp-content\/uploads\/sites\/5\/2023\/03\/trabajadores-del-Grupo-Financiero-9-677x420.jpg 677w, \/wp-content\/uploads\/sites\/5\/2023\/03\/trabajadores-del-Grupo-Financiero-9-300x186.jpg 300w, \/wp-content\/uploads\/sites\/5\/2023\/03\/trabajadores-del-Grupo-Financiero-9-768x477.jpg 768w, \/wp-content\/uploads\/sites\/5\/2023\/03\/trabajadores-del-Grupo-Financiero-9-1024x636.jpg 1024w, \/wp-content\/uploads\/sites\/5\/2023\/03\/trabajadores-del-Grupo-Financiero-9-696x432.jpg 696w, \/wp-content\/uploads\/sites\/5\/2023\/03\/trabajadores-del-Grupo-Financiero-9-1068x663.jpg 1068w, \/wp-content\/uploads\/sites\/5\/2023\/03\/trabajadores-del-Grupo-Financiero-9-356x220.jpg 356w, \/wp-content\/uploads\/sites\/5\/2023\/03\/trabajadores-del-Grupo-Financiero-9-534x331.jpg 534w, \/wp-content\/uploads\/sites\/5\/2023\/03\/trabajadores-del-Grupo-Financiero-9.jpg 1408w\" sizes=\"(max-width: 677px) 100vw, 677px\" alt=\"\">\r\n                            <\/a>\r\n                            \r\n                        <\/figure>\r\n                    <\/div>\r\n                    <div class = \"td-slide-item td-item6\">\r\n                        <figure class=\"td-slide-galery-figure td-slide-popup-gallery\">\r\n                            <a class=\"slide-gallery-image-link\" href=\"\/wp-content\/uploads\/sites\/5\/2023\/03\/trabajadores-del-Grupo-Financiero-8.jpg\" title=\"trabajadores del Grupo Financiero-8\"  data-caption=\"\"  data-description=\"\">\r\n                                <img decoding=\"async\" src=\"\/wp-content\/uploads\/sites\/5\/2023\/03\/trabajadores-del-Grupo-Financiero-8-712x420.jpg\" srcset=\"\/wp-content\/uploads\/sites\/5\/2023\/03\/trabajadores-del-Grupo-Financiero-8-712x420.jpg 712w, \/wp-content\/uploads\/sites\/5\/2023\/03\/trabajadores-del-Grupo-Financiero-8-300x177.jpg 300w, \/wp-content\/uploads\/sites\/5\/2023\/03\/trabajadores-del-Grupo-Financiero-8-768x453.jpg 768w, \/wp-content\/uploads\/sites\/5\/2023\/03\/trabajadores-del-Grupo-Financiero-8-1024x604.jpg 1024w, \/wp-content\/uploads\/sites\/5\/2023\/03\/trabajadores-del-Grupo-Financiero-8-696x410.jpg 696w, \/wp-content\/uploads\/sites\/5\/2023\/03\/trabajadores-del-Grupo-Financiero-8-1068x630.jpg 1068w, \/wp-content\/uploads\/sites\/5\/2023\/03\/trabajadores-del-Grupo-Financiero-8-534x315.jpg 534w, \/wp-content\/uploads\/sites\/5\/2023\/03\/trabajadores-del-Grupo-Financiero-8.jpg 1494w\" sizes=\"(max-width: 712px) 100vw, 712px\" alt=\"\">\r\n                            <\/a>\r\n                            \r\n                        <\/figure>\r\n                    <\/div>\r\n                    <div class = \"td-slide-item td-item7\">\r\n                        <figure class=\"td-slide-galery-figure td-slide-popup-gallery\">\r\n                            <a class=\"slide-gallery-image-link\" href=\"\/wp-content\/uploads\/sites\/5\/2023\/03\/trabajadores-del-Grupo-Financiero-11.jpg\" title=\"trabajadores del Grupo Financiero-11\"  data-caption=\"\"  data-description=\"\">\r\n                                <img decoding=\"async\" src=\"\/wp-content\/uploads\/sites\/5\/2023\/03\/trabajadores-del-Grupo-Financiero-11-747x420.jpg\" srcset=\"\/wp-content\/uploads\/sites\/5\/2023\/03\/trabajadores-del-Grupo-Financiero-11-747x420.jpg 747w, \/wp-content\/uploads\/sites\/5\/2023\/03\/trabajadores-del-Grupo-Financiero-11-300x169.jpg 300w, \/wp-content\/uploads\/sites\/5\/2023\/03\/trabajadores-del-Grupo-Financiero-11-768x432.jpg 768w, \/wp-content\/uploads\/sites\/5\/2023\/03\/trabajadores-del-Grupo-Financiero-11-1024x576.jpg 1024w, \/wp-content\/uploads\/sites\/5\/2023\/03\/trabajadores-del-Grupo-Financiero-11-1536x864.jpg 1536w, \/wp-content\/uploads\/sites\/5\/2023\/03\/trabajadores-del-Grupo-Financiero-11-696x392.jpg 696w, \/wp-content\/uploads\/sites\/5\/2023\/03\/trabajadores-del-Grupo-Financiero-11-1068x601.jpg 1068w, \/wp-content\/uploads\/sites\/5\/2023\/03\/trabajadores-del-Grupo-Financiero-11-534x300.jpg 534w, \/wp-content\/uploads\/sites\/5\/2023\/03\/trabajadores-del-Grupo-Financiero-11.jpg 1600w\" sizes=\"(max-width: 747px) 100vw, 747px\" alt=\"\">\r\n                            <\/a>\r\n                            \r\n                        <\/figure>\r\n                    <\/div>\r\n                    <div class = \"td-slide-item td-item8\">\r\n                        <figure class=\"td-slide-galery-figure td-slide-popup-gallery\">\r\n                            <a class=\"slide-gallery-image-link\" href=\"\/wp-content\/uploads\/sites\/5\/2023\/03\/trabajadores-del-Grupo-Financiero-10.jpg\" title=\"trabajadores del Grupo Financiero-10\"  data-caption=\"\"  data-description=\"\">\r\n                                <img decoding=\"async\" src=\"\/wp-content\/uploads\/sites\/5\/2023\/03\/trabajadores-del-Grupo-Financiero-10-747x420.jpg\" srcset=\"\/wp-content\/uploads\/sites\/5\/2023\/03\/trabajadores-del-Grupo-Financiero-10-747x420.jpg 747w, \/wp-content\/uploads\/sites\/5\/2023\/03\/trabajadores-del-Grupo-Financiero-10-300x169.jpg 300w, \/wp-content\/uploads\/sites\/5\/2023\/03\/trabajadores-del-Grupo-Financiero-10-768x432.jpg 768w, \/wp-content\/uploads\/sites\/5\/2023\/03\/trabajadores-del-Grupo-Financiero-10-1024x576.jpg 1024w, \/wp-content\/uploads\/sites\/5\/2023\/03\/trabajadores-del-Grupo-Financiero-10-1536x864.jpg 1536w, \/wp-content\/uploads\/sites\/5\/2023\/03\/trabajadores-del-Grupo-Financiero-10-696x392.jpg 696w, \/wp-content\/uploads\/sites\/5\/2023\/03\/trabajadores-del-Grupo-Financiero-10-1068x601.jpg 1068w, \/wp-content\/uploads\/sites\/5\/2023\/03\/trabajadores-del-Grupo-Financiero-10-534x300.jpg 534w, \/wp-content\/uploads\/sites\/5\/2023\/03\/trabajadores-del-Grupo-Financiero-10.jpg 1600w\" sizes=\"(max-width: 747px) 100vw, 747px\" alt=\"\">\r\n                            <\/a>\r\n                            \r\n                        <\/figure>\r\n                    <\/div>\r\n                    <div class = \"td-slide-item td-item9\">\r\n                        <figure class=\"td-slide-galery-figure td-slide-popup-gallery\">\r\n                            <a class=\"slide-gallery-image-link\" href=\"\/wp-content\/uploads\/sites\/5\/2023\/03\/trabajadores-del-Grupo-Financiero-5.jpg\" title=\"trabajadores del Grupo Financiero-5\"  data-caption=\"\"  data-description=\"\">\r\n                                <img decoding=\"async\" src=\"\/wp-content\/uploads\/sites\/5\/2023\/03\/trabajadores-del-Grupo-Financiero-5-747x420.jpg\" srcset=\"\/wp-content\/uploads\/sites\/5\/2023\/03\/trabajadores-del-Grupo-Financiero-5-747x420.jpg 747w, \/wp-content\/uploads\/sites\/5\/2023\/03\/trabajadores-del-Grupo-Financiero-5-300x169.jpg 300w, \/wp-content\/uploads\/sites\/5\/2023\/03\/trabajadores-del-Grupo-Financiero-5-768x432.jpg 768w, \/wp-content\/uploads\/sites\/5\/2023\/03\/trabajadores-del-Grupo-Financiero-5-1024x576.jpg 1024w, \/wp-content\/uploads\/sites\/5\/2023\/03\/trabajadores-del-Grupo-Financiero-5-1536x864.jpg 1536w, \/wp-content\/uploads\/sites\/5\/2023\/03\/trabajadores-del-Grupo-Financiero-5-696x392.jpg 696w, \/wp-content\/uploads\/sites\/5\/2023\/03\/trabajadores-del-Grupo-Financiero-5-1068x601.jpg 1068w, \/wp-content\/uploads\/sites\/5\/2023\/03\/trabajadores-del-Grupo-Financiero-5-534x300.jpg 534w, \/wp-content\/uploads\/sites\/5\/2023\/03\/trabajadores-del-Grupo-Financiero-5.jpg 1600w\" sizes=\"(max-width: 747px) 100vw, 747px\" alt=\"\">\r\n                            <\/a>\r\n                            \r\n                        <\/figure>\r\n                    <\/div>\r\n                    <div class = \"td-slide-item td-item10\">\r\n                        <figure class=\"td-slide-galery-figure td-slide-popup-gallery\">\r\n                            <a class=\"slide-gallery-image-link\" href=\"\/wp-content\/uploads\/sites\/5\/2023\/03\/trabajadores-del-Grupo-Financiero-6.jpg\" title=\"trabajadores del Grupo Financiero-6\"  data-caption=\"\"  data-description=\"\">\r\n                                <img decoding=\"async\" src=\"\/wp-content\/uploads\/sites\/5\/2023\/03\/trabajadores-del-Grupo-Financiero-6-746x420.jpg\" srcset=\"\/wp-content\/uploads\/sites\/5\/2023\/03\/trabajadores-del-Grupo-Financiero-6-746x420.jpg 746w, \/wp-content\/uploads\/sites\/5\/2023\/03\/trabajadores-del-Grupo-Financiero-6-300x169.jpg 300w, \/wp-content\/uploads\/sites\/5\/2023\/03\/trabajadores-del-Grupo-Financiero-6-768x432.jpg 768w, \/wp-content\/uploads\/sites\/5\/2023\/03\/trabajadores-del-Grupo-Financiero-6-1024x577.jpg 1024w, \/wp-content\/uploads\/sites\/5\/2023\/03\/trabajadores-del-Grupo-Financiero-6-1536x865.jpg 1536w, \/wp-content\/uploads\/sites\/5\/2023\/03\/trabajadores-del-Grupo-Financiero-6-696x392.jpg 696w, \/wp-content\/uploads\/sites\/5\/2023\/03\/trabajadores-del-Grupo-Financiero-6-1068x601.jpg 1068w, \/wp-content\/uploads\/sites\/5\/2023\/03\/trabajadores-del-Grupo-Financiero-6-534x301.jpg 534w, \/wp-content\/uploads\/sites\/5\/2023\/03\/trabajadores-del-Grupo-Financiero-6.jpg 1600w\" sizes=\"(max-width: 746px) 100vw, 746px\" alt=\"\">\r\n                            <\/a>\r\n                            \r\n                        <\/figure>\r\n                    <\/div>\r\n                    <div class = \"td-slide-item td-item11\">\r\n                        <figure class=\"td-slide-galery-figure td-slide-popup-gallery\">\r\n                            <a class=\"slide-gallery-image-link\" href=\"\/wp-content\/uploads\/sites\/5\/2023\/03\/trabajadores-del-Grupo-Financiero-14.jpg\" title=\"trabajadores del Grupo Financiero-14\"  data-caption=\"\"  data-description=\"\">\r\n                                <img decoding=\"async\" src=\"\/wp-content\/uploads\/sites\/5\/2023\/03\/trabajadores-del-Grupo-Financiero-14-747x420.jpg\" srcset=\"\/wp-content\/uploads\/sites\/5\/2023\/03\/trabajadores-del-Grupo-Financiero-14-747x420.jpg 747w, \/wp-content\/uploads\/sites\/5\/2023\/03\/trabajadores-del-Grupo-Financiero-14-300x169.jpg 300w, \/wp-content\/uploads\/sites\/5\/2023\/03\/trabajadores-del-Grupo-Financiero-14-768x432.jpg 768w, \/wp-content\/uploads\/sites\/5\/2023\/03\/trabajadores-del-Grupo-Financiero-14-1024x576.jpg 1024w, \/wp-content\/uploads\/sites\/5\/2023\/03\/trabajadores-del-Grupo-Financiero-14-1536x864.jpg 1536w, \/wp-content\/uploads\/sites\/5\/2023\/03\/trabajadores-del-Grupo-Financiero-14-696x392.jpg 696w, \/wp-content\/uploads\/sites\/5\/2023\/03\/trabajadores-del-Grupo-Financiero-14-1068x601.jpg 1068w, \/wp-content\/uploads\/sites\/5\/2023\/03\/trabajadores-del-Grupo-Financiero-14-534x300.jpg 534w, \/wp-content\/uploads\/sites\/5\/2023\/03\/trabajadores-del-Grupo-Financiero-14.jpg 1600w\" sizes=\"(max-width: 747px) 100vw, 747px\" alt=\"\">\r\n                            <\/a>\r\n                            \r\n                        <\/figure>\r\n                    <\/div>\r\n                            <\/div>\r\n                        <\/div>\r\n\r\n                        <div class = \"td-doubleSlider-2\">\r\n                            <div class = \"td-slider\">\r\n                                \r\n                    <div class = \"td-button td-item1\">\r\n                        <div class = \"td-border\"><\/div>\r\n                    <\/div>\r\n                    <div class = \"td-button td-item2\">\r\n                        <div class = \"td-border\"><\/div>\r\n                    <\/div>\r\n                    <div class = \"td-button td-item3\">\r\n                        <div class = \"td-border\"><\/div>\r\n                    <\/div>\r\n                    <div class = \"td-button td-item4\">\r\n                        <div class = \"td-border\"><\/div>\r\n                    <\/div>\r\n                    <div class = \"td-button td-item5\">\r\n                        <div class = \"td-border\"><\/div>\r\n                    <\/div>\r\n                    <div class = \"td-button td-item6\">\r\n                        <div class = \"td-border\"><\/div>\r\n                    <\/div>\r\n                    <div class = \"td-button td-item7\">\r\n                        <div class = \"td-border\"><\/div>\r\n                    <\/div>\r\n                    <div class = \"td-button td-item8\">\r\n                        <div class = \"td-border\"><\/div>\r\n                    <\/div>\r\n                    <div class = \"td-button td-item9\">\r\n                        <div class = \"td-border\"><\/div>\r\n                    <\/div>\r\n                    <div class = \"td-button td-item10\">\r\n                        <div class = \"td-border\"><\/div>\r\n                    <\/div>\r\n                    <div class = \"td-button td-item11\">\r\n                        <div class = \"td-border\"><\/div>\r\n                    <\/div>\r\n                            <\/div>\r\n                        <\/div>\r\n\r\n                    <\/div>\r\n\r\n                <\/div>\r\n                ","protected":false},"excerpt":{"rendered":"<p>A trav\u00e9s del Programa Cl\u00ednicas de Empresa, el Instituto Guatemalteco de Seguridad Social (IGSS) reafirma el compromiso de llevar, hasta sus lugares de trabajo, servicios m\u00e9dicos y pecuniarios a toda la poblaci\u00f3n asegurada. Con esa convicci\u00f3n, se realiz\u00f3 la Jornada Diferenciada de la Seguridad Social en el centro comercial Arkadia, zona 10, para beneficio de [&hellip;]<\/p>\n","protected":false},"author":1961,"featured_media":34494,"comment_status":"closed","ping_status":"closed","sticky":false,"template":"","format":"standard","meta":{"footnotes":""},"categories":[3],"tags":[1680,1491,710],"coauthors":[],"class_list":{"0":"post-34490","1":"post","2":"type-post","3":"status-publish","4":"format-standard","5":"has-post-thumbnail","7":"category-actualidad","8":"tag-banco-gt-continental","9":"tag-clinicas-de-empresa","10":"tag-policlinica-zona-1"},"_links":{"self":[{"href":"https:\/\/www.igssgt.org\/noticias\/wp-json\/wp\/v2\/posts\/34490","targetHints":{"allow":["GET"]}}],"collection":[{"href":"https:\/\/www.igssgt.org\/noticias\/wp-json\/wp\/v2\/posts"}],"about":[{"href":"https:\/\/www.igssgt.org\/noticias\/wp-json\/wp\/v2\/types\/post"}],"author":[{"embeddable":true,"href":"https:\/\/www.igssgt.org\/noticias\/wp-json\/wp\/v2\/users\/1961"}],"replies":[{"embeddable":true,"href":"https:\/\/www.igssgt.org\/noticias\/wp-json\/wp\/v2\/comments?post=34490"}],"version-history":[{"count":4,"href":"https:\/\/www.igssgt.org\/noticias\/wp-json\/wp\/v2\/posts\/34490\/revisions"}],"predecessor-version":[{"id":34510,"href":"https:\/\/www.igssgt.org\/noticias\/wp-json\/wp\/v2\/posts\/34490\/revisions\/34510"}],"wp:featuredmedia":[{"embeddable":true,"href":"https:\/\/www.igssgt.org\/noticias\/wp-json\/wp\/v2\/media\/34494"}],"wp:attachment":[{"href":"https:\/\/www.igssgt.org\/noticias\/wp-json\/wp\/v2\/media?parent=34490"}],"wp:term":[{"taxonomy":"category","embeddable":true,"href":"https:\/\/www.igssgt.org\/noticias\/wp-json\/wp\/v2\/categories?post=34490"},{"taxonomy":"post_tag","embeddable":true,"href":"https:\/\/www.igssgt.org\/noticias\/wp-json\/wp\/v2\/tags?post=34490"},{"taxonomy":"author","embeddable":true,"href":"https:\/\/www.igssgt.org\/noticias\/wp-json\/wp\/v2\/coauthors?post=34490"}],"curies":[{"name":"wp","href":"https:\/\/api.w.org\/{rel}","templated":true}]}}