{"id":34615,"date":"2023-03-30T13:54:06","date_gmt":"2023-03-30T19:54:06","guid":{"rendered":"https:\/\/www.igssgt.org\/noticias\/?p=34615"},"modified":"2023-04-10T09:25:01","modified_gmt":"2023-04-10T15:25:01","slug":"firman-acuerdo-para-una-recuperacion-economica-inclusiva","status":"publish","type":"post","link":"https:\/\/www.igssgt.org\/noticias\/2023\/03\/30\/firman-acuerdo-para-una-recuperacion-economica-inclusiva\/","title":{"rendered":"Firman acuerdo para una recuperaci\u00f3n econ\u00f3mica inclusiva"},"content":{"rendered":"\n<p class=\"has-drop-cap\">Este jueves fue firmado el <strong>Acuerdo por una recuperaci\u00f3n econ\u00f3mica inclusiva en Guatemala<\/strong> en un hotel de la ciudad y el cual marca el inicio de las acciones pr\u00e1cticas para la promoci\u00f3n y la generaci\u00f3n y la formalizaci\u00f3n del empleo entre otras.<\/p>\n\n\n<p>El acuerdo se desarroll\u00f3 en el marco del di\u00e1logo Sociedad-Estado \u201cGuatemala Adelante, Di\u00e1logo y Acuerdos de Pa\u00eds\u201d, en el que participan instituciones acad\u00e9micas, centros de investigaci\u00f3n, organizaciones sociales, c\u00e1maras empresariales, Ministerios de Estado e instituciones aut\u00f3nomas como el Banco de Guatemala (Banguat), el Instituto Nacional de Electrificaci\u00f3n (INDE) y <strong>el Instituto Guatemalteco de Seguridad Social (IGSS)<\/strong>.<\/p>\n<p><a href=\"\/wp-content\/uploads\/sites\/5\/2023\/03\/acuerdo-para-una-recuperacion-economica-inclusiva-5.jpg\" target=\"_blank\" rel=\"noopener\"><img loading=\"lazy\" decoding=\"async\" class=\"alignnone wp-image-34622 size-full\" src=\"\/wp-content\/uploads\/sites\/5\/2023\/03\/acuerdo-para-una-recuperacion-economica-inclusiva-5.jpg\" alt=\"\" width=\"1455\" height=\"939\" srcset=\"\/wp-content\/uploads\/sites\/5\/2023\/03\/acuerdo-para-una-recuperacion-economica-inclusiva-5.jpg 1455w, \/wp-content\/uploads\/sites\/5\/2023\/03\/acuerdo-para-una-recuperacion-economica-inclusiva-5-300x194.jpg 300w, \/wp-content\/uploads\/sites\/5\/2023\/03\/acuerdo-para-una-recuperacion-economica-inclusiva-5-768x496.jpg 768w, \/wp-content\/uploads\/sites\/5\/2023\/03\/acuerdo-para-una-recuperacion-economica-inclusiva-5-1024x661.jpg 1024w, \/wp-content\/uploads\/sites\/5\/2023\/03\/acuerdo-para-una-recuperacion-economica-inclusiva-5-651x420.jpg 651w, \/wp-content\/uploads\/sites\/5\/2023\/03\/acuerdo-para-una-recuperacion-economica-inclusiva-5-696x449.jpg 696w, \/wp-content\/uploads\/sites\/5\/2023\/03\/acuerdo-para-una-recuperacion-economica-inclusiva-5-1068x689.jpg 1068w, \/wp-content\/uploads\/sites\/5\/2023\/03\/acuerdo-para-una-recuperacion-economica-inclusiva-5-534x345.jpg 534w\" sizes=\"auto, (max-width: 1455px) 100vw, 1455px\" \/><\/a><\/p>\n<p>Con esto se busca la implementaci\u00f3n de medidas econ\u00f3micas y financieras para estimular el crecimiento y la inversi\u00f3n, asimismo, la promoci\u00f3n de la innovaci\u00f3n y el emprendimiento, la mejora de la infraestructura y los servicios p\u00fablicos para apoyar el desarrollo econ\u00f3mico.<\/p>\n<p>Los esfuerzos surgen de los efectos que la pandemia del COVID-19 causaron en la econom\u00eda de Guatemala y el mundo, y de las nuevas situaciones globales que se sumaron, como la inflaci\u00f3n, el incremento de los precios del petr\u00f3leo, el conflicto b\u00e9lico en Europa y los momentos de crisis log\u00edstica internacional.<\/p>\n<p><a href=\"\/wp-content\/uploads\/sites\/5\/2023\/03\/acuerdo-para-una-recuperacion-economica-inclusiva-6.jpg\" target=\"_blank\" rel=\"noopener\"><img loading=\"lazy\" decoding=\"async\" class=\"alignnone wp-image-34623 size-full\" src=\"\/wp-content\/uploads\/sites\/5\/2023\/03\/acuerdo-para-una-recuperacion-economica-inclusiva-6.jpg\" alt=\"\" width=\"1378\" height=\"1001\" srcset=\"\/wp-content\/uploads\/sites\/5\/2023\/03\/acuerdo-para-una-recuperacion-economica-inclusiva-6.jpg 1378w, \/wp-content\/uploads\/sites\/5\/2023\/03\/acuerdo-para-una-recuperacion-economica-inclusiva-6-300x218.jpg 300w, \/wp-content\/uploads\/sites\/5\/2023\/03\/acuerdo-para-una-recuperacion-economica-inclusiva-6-768x558.jpg 768w, \/wp-content\/uploads\/sites\/5\/2023\/03\/acuerdo-para-una-recuperacion-economica-inclusiva-6-1024x744.jpg 1024w, \/wp-content\/uploads\/sites\/5\/2023\/03\/acuerdo-para-una-recuperacion-economica-inclusiva-6-578x420.jpg 578w, \/wp-content\/uploads\/sites\/5\/2023\/03\/acuerdo-para-una-recuperacion-economica-inclusiva-6-696x506.jpg 696w, \/wp-content\/uploads\/sites\/5\/2023\/03\/acuerdo-para-una-recuperacion-economica-inclusiva-6-1068x776.jpg 1068w, \/wp-content\/uploads\/sites\/5\/2023\/03\/acuerdo-para-una-recuperacion-economica-inclusiva-6-324x235.jpg 324w, \/wp-content\/uploads\/sites\/5\/2023\/03\/acuerdo-para-una-recuperacion-economica-inclusiva-6-534x388.jpg 534w\" sizes=\"auto, (max-width: 1378px) 100vw, 1378px\" \/><\/a><\/p>\n<p>En este contexto, las instituciones estatales y las diferentes representaciones de la sociedad civil alcanzaron consensos para su implementaci\u00f3n en el corto, mediano y largo plazo:<\/p>\n<p>\u2022 Fortalecimiento de la macroeconom\u00eda del pa\u00eds <br \/>\u2022 Desarrollo de infraestructura estrat\u00e9gica <br \/>\u2022 Desarrollo rural<br \/>\u2022 Desaf\u00edos para las inversiones<br \/>\u2022 Promoci\u00f3n y fortalecimiento al emprendimiento <br \/>\u2022 Formalizaci\u00f3n de la econom\u00eda <br \/>\u2022 Fortalecimiento de las MiPymes<\/p>\n<p>La instancia Guatemala Adelante invit\u00f3 al presidente de la Rep\u00fablica, doctor Alejandro Giammattei Falla, quien se dirigi\u00f3 a la concurrencia para indicar que se est\u00e1 incentivando la formalizaci\u00f3n de la econom\u00eda informal para que tenga mejores oportunidades y contribuyan despu\u00e9s a que Guatemala cuente con mejores servicios p\u00fablicos. Asimismo, exhort\u00f3 a continuar con los esfuerzos y soluciones que benefician a todos los guatemaltecos.<\/p>\n<p><a href=\"\/wp-content\/uploads\/sites\/5\/2023\/03\/acuerdo-para-una-recuperacion-economica-inclusiva-4.jpg\" target=\"_blank\" rel=\"noopener\"><img loading=\"lazy\" decoding=\"async\" class=\"alignnone wp-image-34621 size-full\" src=\"\/wp-content\/uploads\/sites\/5\/2023\/03\/acuerdo-para-una-recuperacion-economica-inclusiva-4.jpg\" alt=\"\" width=\"1600\" height=\"1066\" srcset=\"\/wp-content\/uploads\/sites\/5\/2023\/03\/acuerdo-para-una-recuperacion-economica-inclusiva-4.jpg 1600w, \/wp-content\/uploads\/sites\/5\/2023\/03\/acuerdo-para-una-recuperacion-economica-inclusiva-4-300x200.jpg 300w, \/wp-content\/uploads\/sites\/5\/2023\/03\/acuerdo-para-una-recuperacion-economica-inclusiva-4-768x512.jpg 768w, \/wp-content\/uploads\/sites\/5\/2023\/03\/acuerdo-para-una-recuperacion-economica-inclusiva-4-1024x682.jpg 1024w, \/wp-content\/uploads\/sites\/5\/2023\/03\/acuerdo-para-una-recuperacion-economica-inclusiva-4-1536x1023.jpg 1536w, \/wp-content\/uploads\/sites\/5\/2023\/03\/acuerdo-para-una-recuperacion-economica-inclusiva-4-630x420.jpg 630w, \/wp-content\/uploads\/sites\/5\/2023\/03\/acuerdo-para-una-recuperacion-economica-inclusiva-4-696x464.jpg 696w, \/wp-content\/uploads\/sites\/5\/2023\/03\/acuerdo-para-una-recuperacion-economica-inclusiva-4-1068x712.jpg 1068w, \/wp-content\/uploads\/sites\/5\/2023\/03\/acuerdo-para-una-recuperacion-economica-inclusiva-4-534x356.jpg 534w\" sizes=\"auto, (max-width: 1600px) 100vw, 1600px\" \/><\/a><\/p>\n<p>Este es un instrumento \u00fatil para coordinar y promover esfuerzos para superar la crisis econ\u00f3mica y lograr la recuperaci\u00f3n del pa\u00eds.<\/p>\n<p>El presidente de la Junta Directiva del Instituto Guatemalteco de Seguridad Social, Licenciado Jos\u00e9 Adolfo Flamenco Jau, firm\u00f3 el Acuerdo con lo cual el IGSS se suma a los esfuerzos para mantener la estabilidad macroecon\u00f3mica del pa\u00eds, \u201ccoincidimos en que la incorporaci\u00f3n del recurso humano de las Mipyme al IGSS es una alternativa para formalizar la econom\u00eda y acercar los beneficios tangibles del Instituto a miles de trabajadores y sus familias\u201d indic\u00f3.<\/p>\n\r\n                <style type=\"text\/css\">\r\n                    \r\n                    #tdi_1  .td-doubleSlider-2 .td-item1 {\r\n                        background: url(\/wp-content\/uploads\/sites\/5\/2023\/03\/acuerdo-para-una-recuperacion-economica-inclusiva-2-80x60.jpg) 0 0 no-repeat;\r\n                    }\r\n                    #tdi_1  .td-doubleSlider-2 .td-item2 {\r\n                        background: url(\/wp-content\/uploads\/sites\/5\/2023\/03\/acuerdo-para-una-recuperacion-economica-inclusiva-3-80x60.jpg) 0 0 no-repeat;\r\n                    }\r\n                    #tdi_1  .td-doubleSlider-2 .td-item3 {\r\n                        background: url(\/wp-content\/uploads\/sites\/5\/2023\/03\/acuerdo-para-una-recuperacion-economica-inclusiva-1-80x60.jpg) 0 0 no-repeat;\r\n                    }\r\n                    #tdi_1  .td-doubleSlider-2 .td-item4 {\r\n                        background: url(\/wp-content\/uploads\/sites\/5\/2023\/03\/acuerdo-para-una-recuperacion-economica-inclusiva-9-80x60.jpg) 0 0 no-repeat;\r\n                    }\r\n                    #tdi_1  .td-doubleSlider-2 .td-item5 {\r\n                        background: url(\/wp-content\/uploads\/sites\/5\/2023\/03\/acuerdo-para-una-recuperacion-economica-inclusiva-7-80x60.jpg) 0 0 no-repeat;\r\n                    }\r\n                <\/style>\r\n\r\n                <div id=\"tdi_1\" class=\"td-gallery td-slide-on-2-columns\">\r\n                    <div class=\"post_td_gallery\">\r\n                        <div class=\"td-gallery-slide-top\">\r\n                           <div class=\"td-gallery-title\"><\/div>\r\n\r\n                            <div class=\"td-gallery-controls-wrapper\">\r\n                                <div class=\"td-gallery-slide-count\"><span class=\"td-gallery-slide-item-focus\">1<\/span> de 5<\/div>\r\n                                <div class=\"td-gallery-slide-prev-next-but\">\r\n                                    <i class = \"td-icon-left doubleSliderPrevButton\"><\/i>\r\n                                    <i class = \"td-icon-right doubleSliderNextButton\"><\/i>\r\n                                <\/div>\r\n                            <\/div>\r\n                        <\/div>\r\n\r\n                        <div class = \"td-doubleSlider-1 \">\r\n                            <div class = \"td-slider\">\r\n                                \r\n                    <div class = \"td-slide-item td-item1\">\r\n                        <figure class=\"td-slide-galery-figure td-slide-popup-gallery\">\r\n                            <a class=\"slide-gallery-image-link\" href=\"\/wp-content\/uploads\/sites\/5\/2023\/03\/acuerdo-para-una-recuperacion-economica-inclusiva-2.jpg\" title=\"acuerdo para una recuperacion economica inclusiva-2\"  data-caption=\"\"  data-description=\"\">\r\n                                <img decoding=\"async\" src=\"\/wp-content\/uploads\/sites\/5\/2023\/03\/acuerdo-para-una-recuperacion-economica-inclusiva-2-645x420.jpg\" srcset=\"\/wp-content\/uploads\/sites\/5\/2023\/03\/acuerdo-para-una-recuperacion-economica-inclusiva-2-645x420.jpg 645w, \/wp-content\/uploads\/sites\/5\/2023\/03\/acuerdo-para-una-recuperacion-economica-inclusiva-2-300x195.jpg 300w, \/wp-content\/uploads\/sites\/5\/2023\/03\/acuerdo-para-una-recuperacion-economica-inclusiva-2-768x500.jpg 768w, \/wp-content\/uploads\/sites\/5\/2023\/03\/acuerdo-para-una-recuperacion-economica-inclusiva-2-1024x667.jpg 1024w, \/wp-content\/uploads\/sites\/5\/2023\/03\/acuerdo-para-una-recuperacion-economica-inclusiva-2-696x453.jpg 696w, \/wp-content\/uploads\/sites\/5\/2023\/03\/acuerdo-para-una-recuperacion-economica-inclusiva-2-1068x696.jpg 1068w, \/wp-content\/uploads\/sites\/5\/2023\/03\/acuerdo-para-una-recuperacion-economica-inclusiva-2-534x348.jpg 534w, \/wp-content\/uploads\/sites\/5\/2023\/03\/acuerdo-para-una-recuperacion-economica-inclusiva-2.jpg 1257w\" sizes=\"(max-width: 645px) 100vw, 645px\" alt=\"\">\r\n                            <\/a>\r\n                            \r\n                        <\/figure>\r\n                    <\/div>\r\n                    <div class = \"td-slide-item td-item2\">\r\n                        <figure class=\"td-slide-galery-figure td-slide-popup-gallery\">\r\n                            <a class=\"slide-gallery-image-link\" href=\"\/wp-content\/uploads\/sites\/5\/2023\/03\/acuerdo-para-una-recuperacion-economica-inclusiva-3.jpg\" title=\"acuerdo para una recuperacion economica inclusiva-3\"  data-caption=\"\"  data-description=\"\">\r\n                                <img decoding=\"async\" src=\"\/wp-content\/uploads\/sites\/5\/2023\/03\/acuerdo-para-una-recuperacion-economica-inclusiva-3-626x420.jpg\" srcset=\"\/wp-content\/uploads\/sites\/5\/2023\/03\/acuerdo-para-una-recuperacion-economica-inclusiva-3-626x420.jpg 626w, \/wp-content\/uploads\/sites\/5\/2023\/03\/acuerdo-para-una-recuperacion-economica-inclusiva-3-300x201.jpg 300w, \/wp-content\/uploads\/sites\/5\/2023\/03\/acuerdo-para-una-recuperacion-economica-inclusiva-3-768x516.jpg 768w, \/wp-content\/uploads\/sites\/5\/2023\/03\/acuerdo-para-una-recuperacion-economica-inclusiva-3-1024x688.jpg 1024w, \/wp-content\/uploads\/sites\/5\/2023\/03\/acuerdo-para-una-recuperacion-economica-inclusiva-3-696x467.jpg 696w, \/wp-content\/uploads\/sites\/5\/2023\/03\/acuerdo-para-una-recuperacion-economica-inclusiva-3-1068x717.jpg 1068w, \/wp-content\/uploads\/sites\/5\/2023\/03\/acuerdo-para-una-recuperacion-economica-inclusiva-3-534x359.jpg 534w, \/wp-content\/uploads\/sites\/5\/2023\/03\/acuerdo-para-una-recuperacion-economica-inclusiva-3.jpg 1129w\" sizes=\"(max-width: 626px) 100vw, 626px\" alt=\"\">\r\n                            <\/a>\r\n                            \r\n                        <\/figure>\r\n                    <\/div>\r\n                    <div class = \"td-slide-item td-item3\">\r\n                        <figure class=\"td-slide-galery-figure td-slide-popup-gallery\">\r\n                            <a class=\"slide-gallery-image-link\" href=\"\/wp-content\/uploads\/sites\/5\/2023\/03\/acuerdo-para-una-recuperacion-economica-inclusiva-1.jpg\" title=\"acuerdo para una recuperacion economica inclusiva-1\"  data-caption=\"\"  data-description=\"\">\r\n                                <img decoding=\"async\" src=\"\/wp-content\/uploads\/sites\/5\/2023\/03\/acuerdo-para-una-recuperacion-economica-inclusiva-1-700x420.jpg\" srcset=\"\/wp-content\/uploads\/sites\/5\/2023\/03\/acuerdo-para-una-recuperacion-economica-inclusiva-1-700x420.jpg 700w, \/wp-content\/uploads\/sites\/5\/2023\/03\/acuerdo-para-una-recuperacion-economica-inclusiva-1-300x180.jpg 300w, \/wp-content\/uploads\/sites\/5\/2023\/03\/acuerdo-para-una-recuperacion-economica-inclusiva-1-768x461.jpg 768w, \/wp-content\/uploads\/sites\/5\/2023\/03\/acuerdo-para-una-recuperacion-economica-inclusiva-1-1024x614.jpg 1024w, \/wp-content\/uploads\/sites\/5\/2023\/03\/acuerdo-para-una-recuperacion-economica-inclusiva-1-1536x922.jpg 1536w, \/wp-content\/uploads\/sites\/5\/2023\/03\/acuerdo-para-una-recuperacion-economica-inclusiva-1-696x418.jpg 696w, \/wp-content\/uploads\/sites\/5\/2023\/03\/acuerdo-para-una-recuperacion-economica-inclusiva-1-1068x641.jpg 1068w, \/wp-content\/uploads\/sites\/5\/2023\/03\/acuerdo-para-una-recuperacion-economica-inclusiva-1-534x320.jpg 534w, \/wp-content\/uploads\/sites\/5\/2023\/03\/acuerdo-para-una-recuperacion-economica-inclusiva-1.jpg 1600w\" sizes=\"(max-width: 700px) 100vw, 700px\" alt=\"\">\r\n                            <\/a>\r\n                            \r\n                        <\/figure>\r\n                    <\/div>\r\n                    <div class = \"td-slide-item td-item4\">\r\n                        <figure class=\"td-slide-galery-figure td-slide-popup-gallery\">\r\n                            <a class=\"slide-gallery-image-link\" href=\"\/wp-content\/uploads\/sites\/5\/2023\/03\/acuerdo-para-una-recuperacion-economica-inclusiva-9.jpg\" title=\"acuerdo para una recuperacion economica inclusiva-9\"  data-caption=\"\"  data-description=\"\">\r\n                                <img decoding=\"async\" src=\"\/wp-content\/uploads\/sites\/5\/2023\/03\/acuerdo-para-una-recuperacion-economica-inclusiva-9-933x420.jpg\" srcset=\"\/wp-content\/uploads\/sites\/5\/2023\/03\/acuerdo-para-una-recuperacion-economica-inclusiva-9-933x420.jpg 933w, \/wp-content\/uploads\/sites\/5\/2023\/03\/acuerdo-para-una-recuperacion-economica-inclusiva-9-300x135.jpg 300w, \/wp-content\/uploads\/sites\/5\/2023\/03\/acuerdo-para-una-recuperacion-economica-inclusiva-9-768x346.jpg 768w, \/wp-content\/uploads\/sites\/5\/2023\/03\/acuerdo-para-una-recuperacion-economica-inclusiva-9-1024x461.jpg 1024w, \/wp-content\/uploads\/sites\/5\/2023\/03\/acuerdo-para-una-recuperacion-economica-inclusiva-9-1536x691.jpg 1536w, \/wp-content\/uploads\/sites\/5\/2023\/03\/acuerdo-para-una-recuperacion-economica-inclusiva-9-696x313.jpg 696w, \/wp-content\/uploads\/sites\/5\/2023\/03\/acuerdo-para-una-recuperacion-economica-inclusiva-9-1068x481.jpg 1068w, \/wp-content\/uploads\/sites\/5\/2023\/03\/acuerdo-para-una-recuperacion-economica-inclusiva-9-534x240.jpg 534w, \/wp-content\/uploads\/sites\/5\/2023\/03\/acuerdo-para-una-recuperacion-economica-inclusiva-9.jpg 1600w\" sizes=\"(max-width: 933px) 100vw, 933px\" alt=\"\">\r\n                            <\/a>\r\n                            \r\n                        <\/figure>\r\n                    <\/div>\r\n                    <div class = \"td-slide-item td-item5\">\r\n                        <figure class=\"td-slide-galery-figure td-slide-popup-gallery\">\r\n                            <a class=\"slide-gallery-image-link\" href=\"\/wp-content\/uploads\/sites\/5\/2023\/03\/acuerdo-para-una-recuperacion-economica-inclusiva-7.jpg\" title=\"acuerdo para una recuperacion economica inclusiva-7\"  data-caption=\"\"  data-description=\"\">\r\n                                <img decoding=\"async\" src=\"\/wp-content\/uploads\/sites\/5\/2023\/03\/acuerdo-para-una-recuperacion-economica-inclusiva-7-687x420.jpg\" srcset=\"\/wp-content\/uploads\/sites\/5\/2023\/03\/acuerdo-para-una-recuperacion-economica-inclusiva-7-687x420.jpg 687w, \/wp-content\/uploads\/sites\/5\/2023\/03\/acuerdo-para-una-recuperacion-economica-inclusiva-7-300x183.jpg 300w, \/wp-content\/uploads\/sites\/5\/2023\/03\/acuerdo-para-una-recuperacion-economica-inclusiva-7-768x469.jpg 768w, \/wp-content\/uploads\/sites\/5\/2023\/03\/acuerdo-para-una-recuperacion-economica-inclusiva-7-696x425.jpg 696w, \/wp-content\/uploads\/sites\/5\/2023\/03\/acuerdo-para-una-recuperacion-economica-inclusiva-7-534x326.jpg 534w, \/wp-content\/uploads\/sites\/5\/2023\/03\/acuerdo-para-una-recuperacion-economica-inclusiva-7.jpg 843w\" sizes=\"(max-width: 687px) 100vw, 687px\" alt=\"\">\r\n                            <\/a>\r\n                            \r\n                        <\/figure>\r\n                    <\/div>\r\n                            <\/div>\r\n                        <\/div>\r\n\r\n                        <div class = \"td-doubleSlider-2\">\r\n                            <div class = \"td-slider\">\r\n                                \r\n                    <div class = \"td-button td-item1\">\r\n                        <div class = \"td-border\"><\/div>\r\n                    <\/div>\r\n                    <div class = \"td-button td-item2\">\r\n                        <div class = \"td-border\"><\/div>\r\n                    <\/div>\r\n                    <div class = \"td-button td-item3\">\r\n                        <div class = \"td-border\"><\/div>\r\n                    <\/div>\r\n                    <div class = \"td-button td-item4\">\r\n                        <div class = \"td-border\"><\/div>\r\n                    <\/div>\r\n                    <div class = \"td-button td-item5\">\r\n                        <div class = \"td-border\"><\/div>\r\n                    <\/div>\r\n                            <\/div>\r\n                        <\/div>\r\n\r\n                    <\/div>\r\n\r\n                <\/div>\r\n                ","protected":false},"excerpt":{"rendered":"<p>Este jueves fue firmado el Acuerdo por una recuperaci\u00f3n econ\u00f3mica inclusiva en Guatemala en un hotel de la ciudad y el cual marca el inicio de las acciones pr\u00e1cticas para la promoci\u00f3n y la generaci\u00f3n y la formalizaci\u00f3n del empleo entre otras. El acuerdo se desarroll\u00f3 en el marco del di\u00e1logo Sociedad-Estado \u201cGuatemala Adelante, Di\u00e1logo [&hellip;]<\/p>\n","protected":false},"author":1961,"featured_media":34625,"comment_status":"closed","ping_status":"closed","sticky":false,"template":"","format":"standard","meta":{"footnotes":""},"categories":[3,15],"tags":[1463,1686,1340],"coauthors":[],"class_list":{"0":"post-34615","1":"post","2":"type-post","3":"status-publish","4":"format-standard","5":"has-post-thumbnail","7":"category-actualidad","8":"category-destacado","9":"tag-economia","10":"tag-firma-de-acuerdo","11":"tag-lic-jose-adolfo-flamenco-jau"},"_links":{"self":[{"href":"https:\/\/www.igssgt.org\/noticias\/wp-json\/wp\/v2\/posts\/34615","targetHints":{"allow":["GET"]}}],"collection":[{"href":"https:\/\/www.igssgt.org\/noticias\/wp-json\/wp\/v2\/posts"}],"about":[{"href":"https:\/\/www.igssgt.org\/noticias\/wp-json\/wp\/v2\/types\/post"}],"author":[{"embeddable":true,"href":"https:\/\/www.igssgt.org\/noticias\/wp-json\/wp\/v2\/users\/1961"}],"replies":[{"embeddable":true,"href":"https:\/\/www.igssgt.org\/noticias\/wp-json\/wp\/v2\/comments?post=34615"}],"version-history":[{"count":3,"href":"https:\/\/www.igssgt.org\/noticias\/wp-json\/wp\/v2\/posts\/34615\/revisions"}],"predecessor-version":[{"id":34627,"href":"https:\/\/www.igssgt.org\/noticias\/wp-json\/wp\/v2\/posts\/34615\/revisions\/34627"}],"wp:featuredmedia":[{"embeddable":true,"href":"https:\/\/www.igssgt.org\/noticias\/wp-json\/wp\/v2\/media\/34625"}],"wp:attachment":[{"href":"https:\/\/www.igssgt.org\/noticias\/wp-json\/wp\/v2\/media?parent=34615"}],"wp:term":[{"taxonomy":"category","embeddable":true,"href":"https:\/\/www.igssgt.org\/noticias\/wp-json\/wp\/v2\/categories?post=34615"},{"taxonomy":"post_tag","embeddable":true,"href":"https:\/\/www.igssgt.org\/noticias\/wp-json\/wp\/v2\/tags?post=34615"},{"taxonomy":"author","embeddable":true,"href":"https:\/\/www.igssgt.org\/noticias\/wp-json\/wp\/v2\/coauthors?post=34615"}],"curies":[{"name":"wp","href":"https:\/\/api.w.org\/{rel}","templated":true}]}}