{"id":34643,"date":"2023-03-31T10:00:00","date_gmt":"2023-03-31T16:00:00","guid":{"rendered":"https:\/\/www.igssgt.org\/noticias\/?p=34643"},"modified":"2023-03-31T10:42:51","modified_gmt":"2023-03-31T16:42:51","slug":"cuide-sus-partes-intimas-en-este-verano","status":"publish","type":"post","link":"https:\/\/www.igssgt.org\/noticias\/2023\/03\/31\/cuide-sus-partes-intimas-en-este-verano\/","title":{"rendered":"Cuide sus partes \u00edntimas en este verano"},"content":{"rendered":"\n<p class=\"has-drop-cap\">Preservar la salud de las partes \u00edntimas durante el verano depende de cuidados relacionados con la higiene. Mediante su pr\u00e1ctica apropiada, se previenen infecciones vaginales como candidiasis e infecciones mixtas, es decir, de hongos y bacterias.<\/p>\n\n\n<p>La ginec\u00f3loga y obstetra Clara Mar\u00eda Gonz\u00e1lez, del Hospital de Gineco Obstetricia, explic\u00f3 que los s\u00edntomas var\u00edan seg\u00fan la enfermedad, pero los m\u00e1s comunes son picaz\u00f3n, flujo verde o amarillo, irritaci\u00f3n y dolor durante el acto sexual.<\/p>\n<p><a href=\"\/wp-content\/uploads\/sites\/5\/2023\/03\/Cuide-sus-partes-intimas-en-este-verano-2.jpg\" target=\"_blank\" rel=\"noopener\"><img loading=\"lazy\" decoding=\"async\" class=\"alignnone wp-image-34645 size-full\" src=\"\/wp-content\/uploads\/sites\/5\/2023\/03\/Cuide-sus-partes-intimas-en-este-verano-2.jpg\" alt=\"\" width=\"1066\" height=\"1054\" srcset=\"\/wp-content\/uploads\/sites\/5\/2023\/03\/Cuide-sus-partes-intimas-en-este-verano-2.jpg 1066w, \/wp-content\/uploads\/sites\/5\/2023\/03\/Cuide-sus-partes-intimas-en-este-verano-2-300x297.jpg 300w, \/wp-content\/uploads\/sites\/5\/2023\/03\/Cuide-sus-partes-intimas-en-este-verano-2-768x759.jpg 768w, \/wp-content\/uploads\/sites\/5\/2023\/03\/Cuide-sus-partes-intimas-en-este-verano-2-1024x1012.jpg 1024w, \/wp-content\/uploads\/sites\/5\/2023\/03\/Cuide-sus-partes-intimas-en-este-verano-2-425x420.jpg 425w, \/wp-content\/uploads\/sites\/5\/2023\/03\/Cuide-sus-partes-intimas-en-este-verano-2-696x688.jpg 696w, \/wp-content\/uploads\/sites\/5\/2023\/03\/Cuide-sus-partes-intimas-en-este-verano-2-467x462.jpg 467w\" sizes=\"auto, (max-width: 1066px) 100vw, 1066px\" \/><\/a><\/p>\n<p>Para evitarlas es importante el uso de prendas de algod\u00f3n, porque dan frescura en esa zona. Por el contrario, la ropa interior sint\u00e9tica es muy caliente y predispone a tener este tipo de malestares. Asimismo, la doctora explic\u00f3 que no es recomendable hacerse duchas vaginales, ya que ocasionan una alteraci\u00f3n en el pH o acidez vaginal, lo que a su vez causa infecciones.<\/p>\n<blockquote>\n<p>Al visitar balnearios debe haber una higiene adecuada. Se debe dar una ducha para que no haya ning\u00fan tipo de infecci\u00f3n<\/p>\n<\/blockquote>\n<p>Una mujer puede saber si su pH est\u00e1 elevado debido a molestias como flujo, picaz\u00f3n o irritaci\u00f3n. Gonz\u00e1lez tambi\u00e9n explic\u00f3 acerca de la tricomoniasis, una infecci\u00f3n de transmisi\u00f3n sexual que es frecuente como las anteriores, pero se puede evitar con el uso de preservativos.<\/p>\n<p><a href=\"\/wp-content\/uploads\/sites\/5\/2023\/03\/Cuide-sus-partes-intimas-en-este-verano-3.jpg\" target=\"_blank\" rel=\"noopener\"><img loading=\"lazy\" decoding=\"async\" class=\"alignnone wp-image-34646 size-full\" src=\"\/wp-content\/uploads\/sites\/5\/2023\/03\/Cuide-sus-partes-intimas-en-este-verano-3.jpg\" alt=\"\" width=\"1600\" height=\"1066\" srcset=\"\/wp-content\/uploads\/sites\/5\/2023\/03\/Cuide-sus-partes-intimas-en-este-verano-3.jpg 1600w, \/wp-content\/uploads\/sites\/5\/2023\/03\/Cuide-sus-partes-intimas-en-este-verano-3-300x200.jpg 300w, \/wp-content\/uploads\/sites\/5\/2023\/03\/Cuide-sus-partes-intimas-en-este-verano-3-768x512.jpg 768w, \/wp-content\/uploads\/sites\/5\/2023\/03\/Cuide-sus-partes-intimas-en-este-verano-3-1024x682.jpg 1024w, \/wp-content\/uploads\/sites\/5\/2023\/03\/Cuide-sus-partes-intimas-en-este-verano-3-1536x1023.jpg 1536w, \/wp-content\/uploads\/sites\/5\/2023\/03\/Cuide-sus-partes-intimas-en-este-verano-3-630x420.jpg 630w, \/wp-content\/uploads\/sites\/5\/2023\/03\/Cuide-sus-partes-intimas-en-este-verano-3-696x464.jpg 696w, \/wp-content\/uploads\/sites\/5\/2023\/03\/Cuide-sus-partes-intimas-en-este-verano-3-1068x712.jpg 1068w, \/wp-content\/uploads\/sites\/5\/2023\/03\/Cuide-sus-partes-intimas-en-este-verano-3-534x356.jpg 534w\" sizes=\"auto, (max-width: 1600px) 100vw, 1600px\" \/><\/a><\/p>\n<p>Otra recomendaci\u00f3n importante para el verano, es no compartir toallas ni art\u00edculos de uso personal. <strong>\u201cAl visitar balnearios debe haber una higiene adecuada despu\u00e9s de salir de las piscinas. Se debe dar una ducha para que no haya ning\u00fan tipo de infecci\u00f3n\u201d<\/strong>, indic\u00f3.<\/p>\n<p><a href=\"\/wp-content\/uploads\/sites\/5\/2023\/03\/Cuide-sus-partes-intimas-en-este-verano-1.jpg\" target=\"_blank\" rel=\"noopener\"><img loading=\"lazy\" decoding=\"async\" class=\"alignnone wp-image-34647 size-full\" src=\"\/wp-content\/uploads\/sites\/5\/2023\/03\/Cuide-sus-partes-intimas-en-este-verano-1.jpg\" alt=\"\" width=\"1066\" height=\"996\" srcset=\"\/wp-content\/uploads\/sites\/5\/2023\/03\/Cuide-sus-partes-intimas-en-este-verano-1.jpg 1066w, \/wp-content\/uploads\/sites\/5\/2023\/03\/Cuide-sus-partes-intimas-en-este-verano-1-300x280.jpg 300w, \/wp-content\/uploads\/sites\/5\/2023\/03\/Cuide-sus-partes-intimas-en-este-verano-1-768x718.jpg 768w, \/wp-content\/uploads\/sites\/5\/2023\/03\/Cuide-sus-partes-intimas-en-este-verano-1-1024x957.jpg 1024w, \/wp-content\/uploads\/sites\/5\/2023\/03\/Cuide-sus-partes-intimas-en-este-verano-1-450x420.jpg 450w, \/wp-content\/uploads\/sites\/5\/2023\/03\/Cuide-sus-partes-intimas-en-este-verano-1-696x650.jpg 696w, \/wp-content\/uploads\/sites\/5\/2023\/03\/Cuide-sus-partes-intimas-en-este-verano-1-494x462.jpg 494w\" sizes=\"auto, (max-width: 1066px) 100vw, 1066px\" \/><\/a><\/p>","protected":false},"excerpt":{"rendered":"<p>Preservar la salud de las partes \u00edntimas durante el verano depende de cuidados relacionados con la higiene. Mediante su pr\u00e1ctica apropiada, se previenen infecciones vaginales como candidiasis e infecciones mixtas, es decir, de hongos y bacterias. La ginec\u00f3loga y obstetra Clara Mar\u00eda Gonz\u00e1lez, del Hospital de Gineco Obstetricia, explic\u00f3 que los s\u00edntomas var\u00edan seg\u00fan la [&hellip;]<\/p>\n","protected":false},"author":1961,"featured_media":34644,"comment_status":"closed","ping_status":"closed","sticky":false,"template":"","format":"standard","meta":{"footnotes":""},"categories":[3],"tags":[1503,1107,1672],"coauthors":[],"class_list":{"0":"post-34643","1":"post","2":"type-post","3":"status-publish","4":"format-standard","5":"has-post-thumbnail","7":"category-actualidad","8":"tag-ginecologia","9":"tag-hospital-gineco-obstetricia","10":"tag-verano"},"_links":{"self":[{"href":"https:\/\/www.igssgt.org\/noticias\/wp-json\/wp\/v2\/posts\/34643","targetHints":{"allow":["GET"]}}],"collection":[{"href":"https:\/\/www.igssgt.org\/noticias\/wp-json\/wp\/v2\/posts"}],"about":[{"href":"https:\/\/www.igssgt.org\/noticias\/wp-json\/wp\/v2\/types\/post"}],"author":[{"embeddable":true,"href":"https:\/\/www.igssgt.org\/noticias\/wp-json\/wp\/v2\/users\/1961"}],"replies":[{"embeddable":true,"href":"https:\/\/www.igssgt.org\/noticias\/wp-json\/wp\/v2\/comments?post=34643"}],"version-history":[{"count":2,"href":"https:\/\/www.igssgt.org\/noticias\/wp-json\/wp\/v2\/posts\/34643\/revisions"}],"predecessor-version":[{"id":34649,"href":"https:\/\/www.igssgt.org\/noticias\/wp-json\/wp\/v2\/posts\/34643\/revisions\/34649"}],"wp:featuredmedia":[{"embeddable":true,"href":"https:\/\/www.igssgt.org\/noticias\/wp-json\/wp\/v2\/media\/34644"}],"wp:attachment":[{"href":"https:\/\/www.igssgt.org\/noticias\/wp-json\/wp\/v2\/media?parent=34643"}],"wp:term":[{"taxonomy":"category","embeddable":true,"href":"https:\/\/www.igssgt.org\/noticias\/wp-json\/wp\/v2\/categories?post=34643"},{"taxonomy":"post_tag","embeddable":true,"href":"https:\/\/www.igssgt.org\/noticias\/wp-json\/wp\/v2\/tags?post=34643"},{"taxonomy":"author","embeddable":true,"href":"https:\/\/www.igssgt.org\/noticias\/wp-json\/wp\/v2\/coauthors?post=34643"}],"curies":[{"name":"wp","href":"https:\/\/api.w.org\/{rel}","templated":true}]}}