{"id":34684,"date":"2023-04-03T09:00:00","date_gmt":"2023-04-03T15:00:00","guid":{"rendered":"https:\/\/www.igssgt.org\/noticias\/?p=34684"},"modified":"2023-04-03T09:39:39","modified_gmt":"2023-04-03T15:39:39","slug":"cuidado-con-los-alfaques-enemigo-silencioso-en-el-mar","status":"publish","type":"post","link":"https:\/\/www.igssgt.org\/noticias\/2023\/04\/03\/cuidado-con-los-alfaques-enemigo-silencioso-en-el-mar\/","title":{"rendered":"\u00a1Cuidado con los alfaques!, enemigo silencioso en el mar"},"content":{"rendered":"\n<p class=\"has-drop-cap\">Un alfaque puede definirse como una corriente hacia dentro del mar, que fluye a trav\u00e9s de una especie de zanja o r\u00edo formado por un banco de arena. Este fen\u00f3meno natural es una de las causas m\u00e1s comunes de fallecimiento por ahogamiento, pues arrastra a sus v\u00edctimas hasta 500 metros.<\/p>\n\n\n<p>El riesgo se hace mayor debido a que no es visible y el lugar donde se produce aparenta ser un espacio tranquilo.<strong> \u201cSe pone como piscinita\u201d<\/strong>, explic\u00f3 el doctor Mynor Mej\u00eda, jefe de la Secci\u00f3n de Seguridad e Higiene y Prevenci\u00f3n de Accidentes del Seguro Social, quien agreg\u00f3 que es posible identificar un alfaque por su coloraci\u00f3n, ya que com\u00fanmente su agua se torna oscura o amarillenta.<\/p>\n<p><a href=\"\/wp-content\/uploads\/sites\/5\/2023\/03\/Sinaprese-2023-4.jpg\"><img loading=\"lazy\" decoding=\"async\" class=\"alignnone size-full wp-image-34582\" src=\"\/wp-content\/uploads\/sites\/5\/2023\/03\/Sinaprese-2023-4.jpg\" alt=\"\" width=\"1600\" height=\"1066\" srcset=\"\/wp-content\/uploads\/sites\/5\/2023\/03\/Sinaprese-2023-4.jpg 1600w, \/wp-content\/uploads\/sites\/5\/2023\/03\/Sinaprese-2023-4-300x200.jpg 300w, \/wp-content\/uploads\/sites\/5\/2023\/03\/Sinaprese-2023-4-768x512.jpg 768w, \/wp-content\/uploads\/sites\/5\/2023\/03\/Sinaprese-2023-4-1024x682.jpg 1024w, \/wp-content\/uploads\/sites\/5\/2023\/03\/Sinaprese-2023-4-1536x1023.jpg 1536w, \/wp-content\/uploads\/sites\/5\/2023\/03\/Sinaprese-2023-4-630x420.jpg 630w, \/wp-content\/uploads\/sites\/5\/2023\/03\/Sinaprese-2023-4-696x464.jpg 696w, \/wp-content\/uploads\/sites\/5\/2023\/03\/Sinaprese-2023-4-1068x712.jpg 1068w, \/wp-content\/uploads\/sites\/5\/2023\/03\/Sinaprese-2023-4-534x356.jpg 534w\" sizes=\"auto, (max-width: 1600px) 100vw, 1600px\" \/><\/a><\/p>\n<p>El licenciado \u00c1lvaro Enrique Barillas Roche, jefe del Cuerpo de Salvamento del IGSS, indic\u00f3 que el gran error de las personas que quedan atrapadas en un alfaque es entrar en p\u00e1nico. <strong>\u201cSi saben nadar no deben intentar regresar hacia la playa, sino que hay que aprovechar la corriente y avanzar hacia los costados, en una trayectoria en diagonal\u201d<\/strong>, explic\u00f3.<\/p>\n<blockquote>\n<p>Durante el a\u00f1o 2022, el IGSS realiz\u00f3 20 mil 529 rescates preventivos y 497 de riesgo<\/p>\n<\/blockquote>\n<p>Hacer lo contrario implica mayor esfuerzo, lo que deriva en calambres y fatiga que dificultan, incluso, los gritos de auxilio. Por esa raz\u00f3n, los especialistas recomiendan poner atenci\u00f3n al comportamiento de las olas, no ingresar al mar en estado alcoh\u00f3lico, inmediatamente despu\u00e9s de comer o sin la presencia cercana de salvavidas.<\/p>\n<p><a href=\"\/wp-content\/uploads\/sites\/5\/2023\/04\/cuidado-con-los-alfaques-2.jpg\" target=\"_blank\" rel=\"noopener\"><img loading=\"lazy\" decoding=\"async\" class=\"alignnone wp-image-34687 size-full\" src=\"\/wp-content\/uploads\/sites\/5\/2023\/04\/cuidado-con-los-alfaques-2.jpg\" alt=\"\" width=\"972\" height=\"766\" srcset=\"\/wp-content\/uploads\/sites\/5\/2023\/04\/cuidado-con-los-alfaques-2.jpg 972w, \/wp-content\/uploads\/sites\/5\/2023\/04\/cuidado-con-los-alfaques-2-300x236.jpg 300w, \/wp-content\/uploads\/sites\/5\/2023\/04\/cuidado-con-los-alfaques-2-768x605.jpg 768w, \/wp-content\/uploads\/sites\/5\/2023\/04\/cuidado-con-los-alfaques-2-533x420.jpg 533w, \/wp-content\/uploads\/sites\/5\/2023\/04\/cuidado-con-los-alfaques-2-696x548.jpg 696w, \/wp-content\/uploads\/sites\/5\/2023\/04\/cuidado-con-los-alfaques-2-534x421.jpg 534w\" sizes=\"auto, (max-width: 972px) 100vw, 972px\" \/><\/a><\/p>\n<p><strong>Durante el a\u00f1o 2022, el Instituto realiz\u00f3 20 mil 529 rescates preventivos y 497 de riesgo<\/strong>. De estos \u00faltimos, <strong>80 por ciento estuvieron relacionados directa o indirectamente con alfaques y fue necesario practicar reanimaci\u00f3n cardiopulmonar (RCP)<\/strong>.<br \/><br \/>Por lo anterior, un promedio de 150 salvavidas estar\u00e1 desplegado en este descanso de Semana Santa a los puntos de m\u00e1s afluencia de veraneantes, entre ellos el puerto San Jos\u00e9, Iztapa, Monterrico, El Pared\u00f3n, La Empalizada, Las Lisas, Champerico, El Semillero, las playas principales de Panajachel y Amatitl\u00e1n, adem\u00e1s de centros recreativos.<\/p>\n<p><a href=\"\/wp-content\/uploads\/sites\/5\/2023\/04\/cuidado-con-los-alfaques-4.jpg\" target=\"_blank\" rel=\"noopener\"><img loading=\"lazy\" decoding=\"async\" class=\"alignnone wp-image-34689 size-full\" src=\"\/wp-content\/uploads\/sites\/5\/2023\/04\/cuidado-con-los-alfaques-4.jpg\" alt=\"\" width=\"1280\" height=\"853\" srcset=\"\/wp-content\/uploads\/sites\/5\/2023\/04\/cuidado-con-los-alfaques-4.jpg 1280w, \/wp-content\/uploads\/sites\/5\/2023\/04\/cuidado-con-los-alfaques-4-300x200.jpg 300w, \/wp-content\/uploads\/sites\/5\/2023\/04\/cuidado-con-los-alfaques-4-768x512.jpg 768w, \/wp-content\/uploads\/sites\/5\/2023\/04\/cuidado-con-los-alfaques-4-1024x682.jpg 1024w, \/wp-content\/uploads\/sites\/5\/2023\/04\/cuidado-con-los-alfaques-4-630x420.jpg 630w, \/wp-content\/uploads\/sites\/5\/2023\/04\/cuidado-con-los-alfaques-4-696x464.jpg 696w, \/wp-content\/uploads\/sites\/5\/2023\/04\/cuidado-con-los-alfaques-4-1068x712.jpg 1068w, \/wp-content\/uploads\/sites\/5\/2023\/04\/cuidado-con-los-alfaques-4-534x356.jpg 534w\" sizes=\"auto, (max-width: 1280px) 100vw, 1280px\" \/><\/a><\/p>","protected":false},"excerpt":{"rendered":"<p>Un alfaque puede definirse como una corriente hacia dentro del mar, que fluye a trav\u00e9s de una especie de zanja o r\u00edo formado por un banco de arena. Este fen\u00f3meno natural es una de las causas m\u00e1s comunes de fallecimiento por ahogamiento, pues arrastra a sus v\u00edctimas hasta 500 metros. El riesgo se hace mayor [&hellip;]<\/p>\n","protected":false},"author":1961,"featured_media":34688,"comment_status":"closed","ping_status":"closed","sticky":false,"template":"","format":"standard","meta":{"footnotes":""},"categories":[3],"tags":[216,770,1617],"coauthors":[],"class_list":{"0":"post-34684","1":"post","2":"type-post","3":"status-publish","4":"format-standard","5":"has-post-thumbnail","7":"category-actualidad","8":"tag-cuerpo-de-salvamento-del-igss","9":"tag-salvavidas-igss","10":"tag-semana-santa-2023"},"_links":{"self":[{"href":"https:\/\/www.igssgt.org\/noticias\/wp-json\/wp\/v2\/posts\/34684","targetHints":{"allow":["GET"]}}],"collection":[{"href":"https:\/\/www.igssgt.org\/noticias\/wp-json\/wp\/v2\/posts"}],"about":[{"href":"https:\/\/www.igssgt.org\/noticias\/wp-json\/wp\/v2\/types\/post"}],"author":[{"embeddable":true,"href":"https:\/\/www.igssgt.org\/noticias\/wp-json\/wp\/v2\/users\/1961"}],"replies":[{"embeddable":true,"href":"https:\/\/www.igssgt.org\/noticias\/wp-json\/wp\/v2\/comments?post=34684"}],"version-history":[{"count":3,"href":"https:\/\/www.igssgt.org\/noticias\/wp-json\/wp\/v2\/posts\/34684\/revisions"}],"predecessor-version":[{"id":34691,"href":"https:\/\/www.igssgt.org\/noticias\/wp-json\/wp\/v2\/posts\/34684\/revisions\/34691"}],"wp:featuredmedia":[{"embeddable":true,"href":"https:\/\/www.igssgt.org\/noticias\/wp-json\/wp\/v2\/media\/34688"}],"wp:attachment":[{"href":"https:\/\/www.igssgt.org\/noticias\/wp-json\/wp\/v2\/media?parent=34684"}],"wp:term":[{"taxonomy":"category","embeddable":true,"href":"https:\/\/www.igssgt.org\/noticias\/wp-json\/wp\/v2\/categories?post=34684"},{"taxonomy":"post_tag","embeddable":true,"href":"https:\/\/www.igssgt.org\/noticias\/wp-json\/wp\/v2\/tags?post=34684"},{"taxonomy":"author","embeddable":true,"href":"https:\/\/www.igssgt.org\/noticias\/wp-json\/wp\/v2\/coauthors?post=34684"}],"curies":[{"name":"wp","href":"https:\/\/api.w.org\/{rel}","templated":true}]}}