{"id":34693,"date":"2023-04-03T12:30:00","date_gmt":"2023-04-03T18:30:00","guid":{"rendered":"https:\/\/www.igssgt.org\/noticias\/?p=34693"},"modified":"2023-04-03T12:51:18","modified_gmt":"2023-04-03T18:51:18","slug":"el-verano-propicia-casos-de-insolacion","status":"publish","type":"post","link":"https:\/\/www.igssgt.org\/noticias\/2023\/04\/03\/el-verano-propicia-casos-de-insolacion\/","title":{"rendered":"El verano propicia casos de insolaci\u00f3n"},"content":{"rendered":"\n<p class=\"has-drop-cap\">Una insolaci\u00f3n ocurre cuando el organismo no puede regular su temperatura y el calor corporal aumenta hasta llegar a los 40 o m\u00e1s grados cent\u00edgrados. En casos leves, este trastorno se manifiesta en mareos o sensaci\u00f3n de sed intensa, mientras que en situaciones m\u00e1s complicadas pueden presentarse convulsiones, p\u00e9rdida de conocimiento y dificultad para respirar.<\/p>\n\n\n<p>El doctor Diego Rolando Castellanos, residente del Hospital General de Enfermedades del IGSS, explic\u00f3 que aunque este problema se incrementa durante \u00e9pocas de verano y se asocia com\u00fanmente con la exposici\u00f3n a los rayos solares, tambi\u00e9n se origina por el exceso de actividad f\u00edsica.<\/p>\n<p><a href=\"\/wp-content\/uploads\/sites\/5\/2023\/04\/insolacion-2.jpg\" target=\"_blank\" rel=\"noopener\"><img loading=\"lazy\" decoding=\"async\" class=\"alignnone wp-image-34697 size-full\" src=\"\/wp-content\/uploads\/sites\/5\/2023\/04\/insolacion-2.jpg\" alt=\"\" width=\"1600\" height=\"1384\" srcset=\"\/wp-content\/uploads\/sites\/5\/2023\/04\/insolacion-2.jpg 1600w, \/wp-content\/uploads\/sites\/5\/2023\/04\/insolacion-2-300x260.jpg 300w, \/wp-content\/uploads\/sites\/5\/2023\/04\/insolacion-2-768x664.jpg 768w, \/wp-content\/uploads\/sites\/5\/2023\/04\/insolacion-2-1024x886.jpg 1024w, \/wp-content\/uploads\/sites\/5\/2023\/04\/insolacion-2-1536x1329.jpg 1536w, \/wp-content\/uploads\/sites\/5\/2023\/04\/insolacion-2-486x420.jpg 486w, \/wp-content\/uploads\/sites\/5\/2023\/04\/insolacion-2-696x602.jpg 696w, \/wp-content\/uploads\/sites\/5\/2023\/04\/insolacion-2-1068x924.jpg 1068w, \/wp-content\/uploads\/sites\/5\/2023\/04\/insolacion-2-534x462.jpg 534w\" sizes=\"auto, (max-width: 1600px) 100vw, 1600px\" \/><\/a><\/p>\n<p>Realizar ejercicio o un esfuerzo muy grande sin la adecuada hidrataci\u00f3n y calistenia (calentamiento), ampli\u00f3 el galeno, puede causar fatiga y un incremento abrupto del ritmo card\u00edaco.<\/p>\n<p><strong>\u201cLas personas que corren en maratones o carreras son bastante propensas a sufrir de una insolaci\u00f3n, no solamente por un entorno caluroso, sino tambi\u00e9n por lo extenuante de la actividad\u201d<\/strong>, dijo.<\/p>\n<blockquote>\n<p>Se recomienda abstenerse de salir en horas de alta concentraci\u00f3n de rayos ultravioleta para evitar quemaduras<\/p>\n<\/blockquote>\n<p>Asimismo, <strong>son notorios s\u00edntomas como desorientaci\u00f3n, ansiedad, v\u00f3mitos, diarrea, piel enrojecida y seca<\/strong>. Por esa raz\u00f3n, <strong>se recomienda abstenerse de salir en horas de alta concentraci\u00f3n de rayos ultravioleta para evitar quemaduras.<\/strong><\/p>\n<p>El tratamiento inmediato consiste en llevar a la v\u00edctima a un lugar fresco y sombreado, retirarle la ropa innecesaria y posteriormente enfriar el cuerpo con un trapo h\u00famedo y compresas de hielo, buscando que la temperatura disminuya lo antes posible mientras es visto por un m\u00e9dico o se le traslada a un centro asistencial.<\/p>\n<p><a href=\"\/wp-content\/uploads\/sites\/5\/2023\/04\/insolacion-1.jpg\" target=\"_blank\" rel=\"noopener\"><img loading=\"lazy\" decoding=\"async\" class=\"alignnone wp-image-34696 size-full\" src=\"\/wp-content\/uploads\/sites\/5\/2023\/04\/insolacion-1.jpg\" alt=\"\" width=\"1305\" height=\"919\" srcset=\"\/wp-content\/uploads\/sites\/5\/2023\/04\/insolacion-1.jpg 1305w, \/wp-content\/uploads\/sites\/5\/2023\/04\/insolacion-1-300x211.jpg 300w, \/wp-content\/uploads\/sites\/5\/2023\/04\/insolacion-1-768x541.jpg 768w, \/wp-content\/uploads\/sites\/5\/2023\/04\/insolacion-1-1024x721.jpg 1024w, \/wp-content\/uploads\/sites\/5\/2023\/04\/insolacion-1-596x420.jpg 596w, \/wp-content\/uploads\/sites\/5\/2023\/04\/insolacion-1-696x490.jpg 696w, \/wp-content\/uploads\/sites\/5\/2023\/04\/insolacion-1-1068x752.jpg 1068w, \/wp-content\/uploads\/sites\/5\/2023\/04\/insolacion-1-100x70.jpg 100w, \/wp-content\/uploads\/sites\/5\/2023\/04\/insolacion-1-534x376.jpg 534w\" sizes=\"auto, (max-width: 1305px) 100vw, 1305px\" \/><\/a><\/p>\n<p>Castellanos indic\u00f3 que cuando no sea posible la hidrataci\u00f3n v\u00eda oral debido a la inconsciencia de la persona, es necesario utilizar el m\u00e9todo intravenoso.<\/p>\n<p>El segmento de la poblaci\u00f3n m\u00e1s vulnerable son los ni\u00f1os y adultos mayores de 65 a\u00f1os, en quienes el sistema nervioso central no est\u00e1 plenamente desarrollado o est\u00e1 empezando a deteriorarse.<\/p>\n<p><a href=\"\/wp-content\/uploads\/sites\/5\/2023\/04\/insolacion-4.jpg\"><img loading=\"lazy\" decoding=\"async\" class=\"alignnone size-full wp-image-34699\" src=\"\/wp-content\/uploads\/sites\/5\/2023\/04\/insolacion-4.jpg\" alt=\"\" width=\"1149\" height=\"813\" srcset=\"\/wp-content\/uploads\/sites\/5\/2023\/04\/insolacion-4.jpg 1149w, \/wp-content\/uploads\/sites\/5\/2023\/04\/insolacion-4-300x212.jpg 300w, \/wp-content\/uploads\/sites\/5\/2023\/04\/insolacion-4-768x543.jpg 768w, \/wp-content\/uploads\/sites\/5\/2023\/04\/insolacion-4-1024x725.jpg 1024w, \/wp-content\/uploads\/sites\/5\/2023\/04\/insolacion-4-594x420.jpg 594w, \/wp-content\/uploads\/sites\/5\/2023\/04\/insolacion-4-696x492.jpg 696w, \/wp-content\/uploads\/sites\/5\/2023\/04\/insolacion-4-1068x756.jpg 1068w, \/wp-content\/uploads\/sites\/5\/2023\/04\/insolacion-4-100x70.jpg 100w, \/wp-content\/uploads\/sites\/5\/2023\/04\/insolacion-4-534x378.jpg 534w\" sizes=\"auto, (max-width: 1149px) 100vw, 1149px\" \/><\/a><\/p>","protected":false},"excerpt":{"rendered":"<p>Una insolaci\u00f3n ocurre cuando el organismo no puede regular su temperatura y el calor corporal aumenta hasta llegar a los 40 o m\u00e1s grados cent\u00edgrados. En casos leves, este trastorno se manifiesta en mareos o sensaci\u00f3n de sed intensa, mientras que en situaciones m\u00e1s complicadas pueden presentarse convulsiones, p\u00e9rdida de conocimiento y dificultad para respirar. [&hellip;]<\/p>\n","protected":false},"author":1961,"featured_media":34698,"comment_status":"closed","ping_status":"closed","sticky":false,"template":"","format":"standard","meta":{"footnotes":""},"categories":[3],"tags":[1690,1617,1672],"coauthors":[],"class_list":{"0":"post-34693","1":"post","2":"type-post","3":"status-publish","4":"format-standard","5":"has-post-thumbnail","7":"category-actualidad","8":"tag-insolacion","9":"tag-semana-santa-2023","10":"tag-verano"},"_links":{"self":[{"href":"https:\/\/www.igssgt.org\/noticias\/wp-json\/wp\/v2\/posts\/34693","targetHints":{"allow":["GET"]}}],"collection":[{"href":"https:\/\/www.igssgt.org\/noticias\/wp-json\/wp\/v2\/posts"}],"about":[{"href":"https:\/\/www.igssgt.org\/noticias\/wp-json\/wp\/v2\/types\/post"}],"author":[{"embeddable":true,"href":"https:\/\/www.igssgt.org\/noticias\/wp-json\/wp\/v2\/users\/1961"}],"replies":[{"embeddable":true,"href":"https:\/\/www.igssgt.org\/noticias\/wp-json\/wp\/v2\/comments?post=34693"}],"version-history":[{"count":3,"href":"https:\/\/www.igssgt.org\/noticias\/wp-json\/wp\/v2\/posts\/34693\/revisions"}],"predecessor-version":[{"id":34700,"href":"https:\/\/www.igssgt.org\/noticias\/wp-json\/wp\/v2\/posts\/34693\/revisions\/34700"}],"wp:featuredmedia":[{"embeddable":true,"href":"https:\/\/www.igssgt.org\/noticias\/wp-json\/wp\/v2\/media\/34698"}],"wp:attachment":[{"href":"https:\/\/www.igssgt.org\/noticias\/wp-json\/wp\/v2\/media?parent=34693"}],"wp:term":[{"taxonomy":"category","embeddable":true,"href":"https:\/\/www.igssgt.org\/noticias\/wp-json\/wp\/v2\/categories?post=34693"},{"taxonomy":"post_tag","embeddable":true,"href":"https:\/\/www.igssgt.org\/noticias\/wp-json\/wp\/v2\/tags?post=34693"},{"taxonomy":"author","embeddable":true,"href":"https:\/\/www.igssgt.org\/noticias\/wp-json\/wp\/v2\/coauthors?post=34693"}],"curies":[{"name":"wp","href":"https:\/\/api.w.org\/{rel}","templated":true}]}}