{"id":3473,"date":"2018-01-05T19:01:43","date_gmt":"2018-01-06T01:01:43","guid":{"rendered":"http:\/\/noticias-igss.org\/?p=3836"},"modified":"2018-01-05T19:01:43","modified_gmt":"2018-01-06T01:01:43","slug":"brindan-capacitacion-sobre-normativa-que-rige-la-practica-medica","status":"publish","type":"post","link":"https:\/\/www.igssgt.org\/noticias\/2018\/01\/05\/brindan-capacitacion-sobre-normativa-que-rige-la-practica-medica\/","title":{"rendered":"Brindan capacitaci\u00f3n sobre normativa que rige la pr\u00e1ctica m\u00e9dica"},"content":{"rendered":"<p>Casi 300 personas entre m\u00e9dicos residentes, estudiantes internos y externos del Instituto Guatemalteco de Seguridad Social (IGSS) participaron \u00a0en un curso de capacitaci\u00f3n acerca de la normativa que rige la pr\u00e1ctica m\u00e9dica, como parte del fortalecimiento de su formaci\u00f3n, a cargo del Departamento de Capacitaci\u00f3n y Desarrollo del Instituto, que se desarroll\u00f3 en el audit\u00f3rium Autonom\u00eda de las Oficinas Centrales.<\/p>\n<p>Uno de los expositores fue el doctor Allan Ruano, representante del Colegio de M\u00e9dicos y Cirujanos ante la Junta Directiva de la Instituci\u00f3n, con el tema \u201cEl Rol del Estudiante de Pregrado y Postgrado Normas y Acuerdos que Rigen su Formaci\u00f3n\u201d en el que resalt\u00f3 la importancia de conocer los contenidos de las leyes y acuerdos que rigen el ejercicio de esa profesi\u00f3n.<\/p>\n<p>Durante su exposici\u00f3n el profesional especific\u00f3 algunos de los acuerdos suscritos entre las autoridades del IGSS y la USAC con relaci\u00f3n al trabajo que deben desarrollar como m\u00e9dicos residentes, estudiantes y especialistas. Adem\u00e1s, puntualiz\u00f3 acerca de sus derechos y obligaciones pues las leyes y disposiciones deben cumplirse.<\/p>\n<p>Por aparte, expuso que los integrantes de la Junta Directiva est\u00e1n trabajando en mejorar las \u00e1reas de estudio y descanso, as\u00ed como las instalaciones en donde se les imparte docencia. Mencion\u00f3 tambi\u00e9n que se ha aumentado el n\u00famero de especialidades de los postgrados ya que recientemente se incorporaron las especialidades de Radiolog\u00eda, Reumatolog\u00eda e Infectolog\u00eda.<\/p>\n<h3><strong>Importancia de conocer las leyes<\/strong><\/h3>\n<p>Por su parte el doctor Jorge Nery Cabrera, expuso el tema \u201cAspectos Legales de la Pr\u00e1ctica M\u00e9dica\u201d en la que especific\u00f3 algunos de los delitos en los que puede incurrir un profesional tras una intervenci\u00f3n con un paciente o bien en el momento de elaborar un informe, una receta y otros documentos, seg\u00fan lo contempla el C\u00f3digo Procesal Penal.<\/p>\n<p>Mientras tanto el Lic. Bernardo Pineda, integrante de la Junta Directiva, desarroll\u00f3 el tema \u201cReflexiones Sobre la Responsabilidad Civil y la Mala Pr\u00e1ctica M\u00e9dica\u201d resaltando que la ley estable que todo da\u00f1o conlleva responsabilidad, todo da\u00f1o debe indemnizarse.<\/p>\n<p style=\"text-align: left\">El licenciado Pineda resalt\u00f3 la importancia del desarrollo de este tipo de capacitaciones, pues en la mayor\u00eda de los casos en esta etapa de su formaci\u00f3n los m\u00e9dicos y estudiantes desconocen esta tem\u00e1tica por lo que inst\u00f3 a los presentes a atender todo lo relacionado no la normativa que rige su profesi\u00f3n.<\/p>\n\r\n                <style type=\"text\/css\">\r\n                    \r\n                    #tdi_1  .td-doubleSlider-2 .td-item1 {\r\n                        background: url(\/wp-content\/uploads\/sites\/5\/2018\/01\/Brindan-capacitacion-sobre-normativa-que-rige-practica-medica-01-80x60.jpg) 0 0 no-repeat;\r\n                    }\r\n                    #tdi_1  .td-doubleSlider-2 .td-item2 {\r\n                        background: url(\/wp-content\/uploads\/sites\/5\/2018\/01\/Brindan-capacitacion-sobre-normativa-que-rige-practica-medica-2-80x60.jpg) 0 0 no-repeat;\r\n                    }\r\n                    #tdi_1  .td-doubleSlider-2 .td-item3 {\r\n                        background: url(\/wp-content\/uploads\/sites\/5\/2018\/01\/Brindan-capacitacion-sobre-normativa-que-rige-practica-medica-3-80x60.jpg) 0 0 no-repeat;\r\n                    }\r\n                    #tdi_1  .td-doubleSlider-2 .td-item4 {\r\n                        background: url(\/wp-content\/uploads\/sites\/5\/2018\/01\/Brindan-capacitacion-sobre-normativa-que-rige-practica-medica-5-80x60.jpg) 0 0 no-repeat;\r\n                    }\r\n                    #tdi_1  .td-doubleSlider-2 .td-item5 {\r\n                        background: url(\/wp-content\/uploads\/sites\/5\/2018\/01\/Brindan-capacitacion-sobre-normativa-que-rige-practica-medica-6-80x60.jpg) 0 0 no-repeat;\r\n                    }\r\n                    #tdi_1  .td-doubleSlider-2 .td-item6 {\r\n                        background: url(\/wp-content\/uploads\/sites\/5\/2018\/01\/Brindan-capacitacion-sobre-normativa-que-rige-practica-medica-7-80x60.jpg) 0 0 no-repeat;\r\n                    }\r\n                    #tdi_1  .td-doubleSlider-2 .td-item7 {\r\n                        background: url(\/wp-content\/uploads\/sites\/5\/2018\/01\/Brindan-capacitacion-sobre-normativa-que-rige-practica-medica-8-80x60.jpg) 0 0 no-repeat;\r\n                    }\r\n                    #tdi_1  .td-doubleSlider-2 .td-item8 {\r\n                        background: url(\/wp-content\/uploads\/sites\/5\/2018\/01\/Brindan-capacitacion-sobre-normativa-que-rige-practica-medica-9-80x60.jpg) 0 0 no-repeat;\r\n                    }\r\n                <\/style>\r\n\r\n                <div id=\"tdi_1\" class=\"td-gallery td-slide-on-2-columns\">\r\n                    <div class=\"post_td_gallery\">\r\n                        <div class=\"td-gallery-slide-top\">\r\n                           <div class=\"td-gallery-title\"><\/div>\r\n\r\n                            <div class=\"td-gallery-controls-wrapper\">\r\n                                <div class=\"td-gallery-slide-count\"><span class=\"td-gallery-slide-item-focus\">1<\/span> de 8<\/div>\r\n                                <div class=\"td-gallery-slide-prev-next-but\">\r\n                                    <i class = \"td-icon-left doubleSliderPrevButton\"><\/i>\r\n                                    <i class = \"td-icon-right doubleSliderNextButton\"><\/i>\r\n                                <\/div>\r\n                            <\/div>\r\n                        <\/div>\r\n\r\n                        <div class = \"td-doubleSlider-1 \">\r\n                            <div class = \"td-slider\">\r\n                                \r\n                    <div class = \"td-slide-item td-item1\">\r\n                        <figure class=\"td-slide-galery-figure td-slide-popup-gallery\">\r\n                            <a class=\"slide-gallery-image-link\" href=\"\/wp-content\/uploads\/sites\/5\/2018\/01\/Brindan-capacitacion-sobre-normativa-que-rige-practica-medica-01.jpg\" title=\"Brindan-capacitacion-sobre-normativa-que-rige-practica-medica-01\"  data-caption=\"\"  data-description=\"\">\r\n                                <img decoding=\"async\" src=\"\/wp-content\/uploads\/sites\/5\/2018\/01\/Brindan-capacitacion-sobre-normativa-que-rige-practica-medica-01-630x420.jpg\" srcset=\"\/wp-content\/uploads\/sites\/5\/2018\/01\/Brindan-capacitacion-sobre-normativa-que-rige-practica-medica-01-630x420.jpg 630w, \/wp-content\/uploads\/sites\/5\/2018\/01\/Brindan-capacitacion-sobre-normativa-que-rige-practica-medica-01-300x200.jpg 300w, \/wp-content\/uploads\/sites\/5\/2018\/01\/Brindan-capacitacion-sobre-normativa-que-rige-practica-medica-01-768x512.jpg 768w, \/wp-content\/uploads\/sites\/5\/2018\/01\/Brindan-capacitacion-sobre-normativa-que-rige-practica-medica-01-1024x682.jpg 1024w, \/wp-content\/uploads\/sites\/5\/2018\/01\/Brindan-capacitacion-sobre-normativa-que-rige-practica-medica-01-696x464.jpg 696w, \/wp-content\/uploads\/sites\/5\/2018\/01\/Brindan-capacitacion-sobre-normativa-que-rige-practica-medica-01-1068x712.jpg 1068w, \/wp-content\/uploads\/sites\/5\/2018\/01\/Brindan-capacitacion-sobre-normativa-que-rige-practica-medica-01-534x356.jpg 534w, \/wp-content\/uploads\/sites\/5\/2018\/01\/Brindan-capacitacion-sobre-normativa-que-rige-practica-medica-01.jpg 1280w\" sizes=\"(max-width: 630px) 100vw, 630px\" alt=\"\">\r\n                            <\/a>\r\n                            \r\n                        <\/figure>\r\n                    <\/div>\r\n                    <div class = \"td-slide-item td-item2\">\r\n                        <figure class=\"td-slide-galery-figure td-slide-popup-gallery\">\r\n                            <a class=\"slide-gallery-image-link\" href=\"\/wp-content\/uploads\/sites\/5\/2018\/01\/Brindan-capacitacion-sobre-normativa-que-rige-practica-medica-2.jpg\" title=\"Brindan-capacitacion-sobre-normativa-que-rige-practica-medica-2\"  data-caption=\"\"  data-description=\"\">\r\n                                <img decoding=\"async\" src=\"\/wp-content\/uploads\/sites\/5\/2018\/01\/Brindan-capacitacion-sobre-normativa-que-rige-practica-medica-2-630x420.jpg\" srcset=\"\/wp-content\/uploads\/sites\/5\/2018\/01\/Brindan-capacitacion-sobre-normativa-que-rige-practica-medica-2-630x420.jpg 630w, \/wp-content\/uploads\/sites\/5\/2018\/01\/Brindan-capacitacion-sobre-normativa-que-rige-practica-medica-2-300x200.jpg 300w, \/wp-content\/uploads\/sites\/5\/2018\/01\/Brindan-capacitacion-sobre-normativa-que-rige-practica-medica-2-768x512.jpg 768w, \/wp-content\/uploads\/sites\/5\/2018\/01\/Brindan-capacitacion-sobre-normativa-que-rige-practica-medica-2-1024x682.jpg 1024w, \/wp-content\/uploads\/sites\/5\/2018\/01\/Brindan-capacitacion-sobre-normativa-que-rige-practica-medica-2-696x464.jpg 696w, \/wp-content\/uploads\/sites\/5\/2018\/01\/Brindan-capacitacion-sobre-normativa-que-rige-practica-medica-2-1068x712.jpg 1068w, \/wp-content\/uploads\/sites\/5\/2018\/01\/Brindan-capacitacion-sobre-normativa-que-rige-practica-medica-2-534x356.jpg 534w, \/wp-content\/uploads\/sites\/5\/2018\/01\/Brindan-capacitacion-sobre-normativa-que-rige-practica-medica-2.jpg 1280w\" sizes=\"(max-width: 630px) 100vw, 630px\" alt=\"\">\r\n                            <\/a>\r\n                            \r\n                        <\/figure>\r\n                    <\/div>\r\n                    <div class = \"td-slide-item td-item3\">\r\n                        <figure class=\"td-slide-galery-figure td-slide-popup-gallery\">\r\n                            <a class=\"slide-gallery-image-link\" href=\"\/wp-content\/uploads\/sites\/5\/2018\/01\/Brindan-capacitacion-sobre-normativa-que-rige-practica-medica-3.jpg\" title=\"Brindan-capacitacion-sobre-normativa-que-rige-practica-medica-3\"  data-caption=\"\"  data-description=\"\">\r\n                                <img decoding=\"async\" src=\"\/wp-content\/uploads\/sites\/5\/2018\/01\/Brindan-capacitacion-sobre-normativa-que-rige-practica-medica-3-630x420.jpg\" srcset=\"\/wp-content\/uploads\/sites\/5\/2018\/01\/Brindan-capacitacion-sobre-normativa-que-rige-practica-medica-3-630x420.jpg 630w, \/wp-content\/uploads\/sites\/5\/2018\/01\/Brindan-capacitacion-sobre-normativa-que-rige-practica-medica-3-300x200.jpg 300w, \/wp-content\/uploads\/sites\/5\/2018\/01\/Brindan-capacitacion-sobre-normativa-que-rige-practica-medica-3-768x512.jpg 768w, \/wp-content\/uploads\/sites\/5\/2018\/01\/Brindan-capacitacion-sobre-normativa-que-rige-practica-medica-3-1024x682.jpg 1024w, \/wp-content\/uploads\/sites\/5\/2018\/01\/Brindan-capacitacion-sobre-normativa-que-rige-practica-medica-3-696x464.jpg 696w, \/wp-content\/uploads\/sites\/5\/2018\/01\/Brindan-capacitacion-sobre-normativa-que-rige-practica-medica-3-1068x712.jpg 1068w, \/wp-content\/uploads\/sites\/5\/2018\/01\/Brindan-capacitacion-sobre-normativa-que-rige-practica-medica-3-534x356.jpg 534w, \/wp-content\/uploads\/sites\/5\/2018\/01\/Brindan-capacitacion-sobre-normativa-que-rige-practica-medica-3.jpg 1280w\" sizes=\"(max-width: 630px) 100vw, 630px\" alt=\"\">\r\n                            <\/a>\r\n                            \r\n                        <\/figure>\r\n                    <\/div>\r\n                    <div class = \"td-slide-item td-item4\">\r\n                        <figure class=\"td-slide-galery-figure td-slide-popup-gallery\">\r\n                            <a class=\"slide-gallery-image-link\" href=\"\/wp-content\/uploads\/sites\/5\/2018\/01\/Brindan-capacitacion-sobre-normativa-que-rige-practica-medica-5.jpg\" title=\"Brindan-capacitacion-sobre-normativa-que-rige-practica-medica-5\"  data-caption=\"\"  data-description=\"\">\r\n                                <img decoding=\"async\" src=\"\/wp-content\/uploads\/sites\/5\/2018\/01\/Brindan-capacitacion-sobre-normativa-que-rige-practica-medica-5-630x420.jpg\" srcset=\"\/wp-content\/uploads\/sites\/5\/2018\/01\/Brindan-capacitacion-sobre-normativa-que-rige-practica-medica-5-630x420.jpg 630w, \/wp-content\/uploads\/sites\/5\/2018\/01\/Brindan-capacitacion-sobre-normativa-que-rige-practica-medica-5-300x200.jpg 300w, \/wp-content\/uploads\/sites\/5\/2018\/01\/Brindan-capacitacion-sobre-normativa-que-rige-practica-medica-5-768x512.jpg 768w, \/wp-content\/uploads\/sites\/5\/2018\/01\/Brindan-capacitacion-sobre-normativa-que-rige-practica-medica-5-1024x682.jpg 1024w, \/wp-content\/uploads\/sites\/5\/2018\/01\/Brindan-capacitacion-sobre-normativa-que-rige-practica-medica-5-696x464.jpg 696w, \/wp-content\/uploads\/sites\/5\/2018\/01\/Brindan-capacitacion-sobre-normativa-que-rige-practica-medica-5-1068x712.jpg 1068w, \/wp-content\/uploads\/sites\/5\/2018\/01\/Brindan-capacitacion-sobre-normativa-que-rige-practica-medica-5-534x356.jpg 534w, \/wp-content\/uploads\/sites\/5\/2018\/01\/Brindan-capacitacion-sobre-normativa-que-rige-practica-medica-5.jpg 1280w\" sizes=\"(max-width: 630px) 100vw, 630px\" alt=\"\">\r\n                            <\/a>\r\n                            \r\n                        <\/figure>\r\n                    <\/div>\r\n                    <div class = \"td-slide-item td-item5\">\r\n                        <figure class=\"td-slide-galery-figure td-slide-popup-gallery\">\r\n                            <a class=\"slide-gallery-image-link\" href=\"\/wp-content\/uploads\/sites\/5\/2018\/01\/Brindan-capacitacion-sobre-normativa-que-rige-practica-medica-6.jpg\" title=\"Brindan-capacitacion-sobre-normativa-que-rige-practica-medica-6\"  data-caption=\"\"  data-description=\"\">\r\n                                <img decoding=\"async\" src=\"\/wp-content\/uploads\/sites\/5\/2018\/01\/Brindan-capacitacion-sobre-normativa-que-rige-practica-medica-6-630x420.jpg\" srcset=\"\/wp-content\/uploads\/sites\/5\/2018\/01\/Brindan-capacitacion-sobre-normativa-que-rige-practica-medica-6-630x420.jpg 630w, \/wp-content\/uploads\/sites\/5\/2018\/01\/Brindan-capacitacion-sobre-normativa-que-rige-practica-medica-6-300x200.jpg 300w, \/wp-content\/uploads\/sites\/5\/2018\/01\/Brindan-capacitacion-sobre-normativa-que-rige-practica-medica-6-768x512.jpg 768w, \/wp-content\/uploads\/sites\/5\/2018\/01\/Brindan-capacitacion-sobre-normativa-que-rige-practica-medica-6-1024x682.jpg 1024w, \/wp-content\/uploads\/sites\/5\/2018\/01\/Brindan-capacitacion-sobre-normativa-que-rige-practica-medica-6-696x464.jpg 696w, \/wp-content\/uploads\/sites\/5\/2018\/01\/Brindan-capacitacion-sobre-normativa-que-rige-practica-medica-6-1068x712.jpg 1068w, \/wp-content\/uploads\/sites\/5\/2018\/01\/Brindan-capacitacion-sobre-normativa-que-rige-practica-medica-6-534x356.jpg 534w, \/wp-content\/uploads\/sites\/5\/2018\/01\/Brindan-capacitacion-sobre-normativa-que-rige-practica-medica-6.jpg 1280w\" sizes=\"(max-width: 630px) 100vw, 630px\" alt=\"\">\r\n                            <\/a>\r\n                            \r\n                        <\/figure>\r\n                    <\/div>\r\n                    <div class = \"td-slide-item td-item6\">\r\n                        <figure class=\"td-slide-galery-figure td-slide-popup-gallery\">\r\n                            <a class=\"slide-gallery-image-link\" href=\"\/wp-content\/uploads\/sites\/5\/2018\/01\/Brindan-capacitacion-sobre-normativa-que-rige-practica-medica-7.jpg\" title=\"Brindan-capacitacion-sobre-normativa-que-rige-practica-medica-7\"  data-caption=\"\"  data-description=\"\">\r\n                                <img decoding=\"async\" src=\"\/wp-content\/uploads\/sites\/5\/2018\/01\/Brindan-capacitacion-sobre-normativa-que-rige-practica-medica-7-630x420.jpg\" srcset=\"\/wp-content\/uploads\/sites\/5\/2018\/01\/Brindan-capacitacion-sobre-normativa-que-rige-practica-medica-7-630x420.jpg 630w, \/wp-content\/uploads\/sites\/5\/2018\/01\/Brindan-capacitacion-sobre-normativa-que-rige-practica-medica-7-300x200.jpg 300w, \/wp-content\/uploads\/sites\/5\/2018\/01\/Brindan-capacitacion-sobre-normativa-que-rige-practica-medica-7-768x512.jpg 768w, \/wp-content\/uploads\/sites\/5\/2018\/01\/Brindan-capacitacion-sobre-normativa-que-rige-practica-medica-7-1024x682.jpg 1024w, \/wp-content\/uploads\/sites\/5\/2018\/01\/Brindan-capacitacion-sobre-normativa-que-rige-practica-medica-7-696x464.jpg 696w, \/wp-content\/uploads\/sites\/5\/2018\/01\/Brindan-capacitacion-sobre-normativa-que-rige-practica-medica-7-1068x712.jpg 1068w, \/wp-content\/uploads\/sites\/5\/2018\/01\/Brindan-capacitacion-sobre-normativa-que-rige-practica-medica-7-534x356.jpg 534w, \/wp-content\/uploads\/sites\/5\/2018\/01\/Brindan-capacitacion-sobre-normativa-que-rige-practica-medica-7.jpg 1280w\" sizes=\"(max-width: 630px) 100vw, 630px\" alt=\"\">\r\n                            <\/a>\r\n                            \r\n                        <\/figure>\r\n                    <\/div>\r\n                    <div class = \"td-slide-item td-item7\">\r\n                        <figure class=\"td-slide-galery-figure td-slide-popup-gallery\">\r\n                            <a class=\"slide-gallery-image-link\" href=\"\/wp-content\/uploads\/sites\/5\/2018\/01\/Brindan-capacitacion-sobre-normativa-que-rige-practica-medica-8.jpg\" title=\"Brindan-capacitacion-sobre-normativa-que-rige-practica-medica-8\"  data-caption=\"\"  data-description=\"\">\r\n                                <img decoding=\"async\" src=\"\/wp-content\/uploads\/sites\/5\/2018\/01\/Brindan-capacitacion-sobre-normativa-que-rige-practica-medica-8-630x420.jpg\" srcset=\"\/wp-content\/uploads\/sites\/5\/2018\/01\/Brindan-capacitacion-sobre-normativa-que-rige-practica-medica-8-630x420.jpg 630w, \/wp-content\/uploads\/sites\/5\/2018\/01\/Brindan-capacitacion-sobre-normativa-que-rige-practica-medica-8-300x200.jpg 300w, \/wp-content\/uploads\/sites\/5\/2018\/01\/Brindan-capacitacion-sobre-normativa-que-rige-practica-medica-8-768x512.jpg 768w, \/wp-content\/uploads\/sites\/5\/2018\/01\/Brindan-capacitacion-sobre-normativa-que-rige-practica-medica-8-1024x682.jpg 1024w, \/wp-content\/uploads\/sites\/5\/2018\/01\/Brindan-capacitacion-sobre-normativa-que-rige-practica-medica-8-696x464.jpg 696w, \/wp-content\/uploads\/sites\/5\/2018\/01\/Brindan-capacitacion-sobre-normativa-que-rige-practica-medica-8-1068x712.jpg 1068w, \/wp-content\/uploads\/sites\/5\/2018\/01\/Brindan-capacitacion-sobre-normativa-que-rige-practica-medica-8-534x356.jpg 534w, \/wp-content\/uploads\/sites\/5\/2018\/01\/Brindan-capacitacion-sobre-normativa-que-rige-practica-medica-8.jpg 1280w\" sizes=\"(max-width: 630px) 100vw, 630px\" alt=\"\">\r\n                            <\/a>\r\n                            \r\n                        <\/figure>\r\n                    <\/div>\r\n                    <div class = \"td-slide-item td-item8\">\r\n                        <figure class=\"td-slide-galery-figure td-slide-popup-gallery\">\r\n                            <a class=\"slide-gallery-image-link\" href=\"\/wp-content\/uploads\/sites\/5\/2018\/01\/Brindan-capacitacion-sobre-normativa-que-rige-practica-medica-9.jpg\" title=\"Brindan-capacitacion-sobre-normativa-que-rige-practica-medica-9\"  data-caption=\"\"  data-description=\"\">\r\n                                <img decoding=\"async\" src=\"\/wp-content\/uploads\/sites\/5\/2018\/01\/Brindan-capacitacion-sobre-normativa-que-rige-practica-medica-9-630x420.jpg\" srcset=\"\/wp-content\/uploads\/sites\/5\/2018\/01\/Brindan-capacitacion-sobre-normativa-que-rige-practica-medica-9-630x420.jpg 630w, \/wp-content\/uploads\/sites\/5\/2018\/01\/Brindan-capacitacion-sobre-normativa-que-rige-practica-medica-9-300x200.jpg 300w, \/wp-content\/uploads\/sites\/5\/2018\/01\/Brindan-capacitacion-sobre-normativa-que-rige-practica-medica-9-768x512.jpg 768w, \/wp-content\/uploads\/sites\/5\/2018\/01\/Brindan-capacitacion-sobre-normativa-que-rige-practica-medica-9-1024x682.jpg 1024w, \/wp-content\/uploads\/sites\/5\/2018\/01\/Brindan-capacitacion-sobre-normativa-que-rige-practica-medica-9-696x464.jpg 696w, \/wp-content\/uploads\/sites\/5\/2018\/01\/Brindan-capacitacion-sobre-normativa-que-rige-practica-medica-9-1068x712.jpg 1068w, \/wp-content\/uploads\/sites\/5\/2018\/01\/Brindan-capacitacion-sobre-normativa-que-rige-practica-medica-9-534x356.jpg 534w, \/wp-content\/uploads\/sites\/5\/2018\/01\/Brindan-capacitacion-sobre-normativa-que-rige-practica-medica-9.jpg 1280w\" sizes=\"(max-width: 630px) 100vw, 630px\" alt=\"\">\r\n                            <\/a>\r\n                            \r\n                        <\/figure>\r\n                    <\/div>\r\n                            <\/div>\r\n                        <\/div>\r\n\r\n                        <div class = \"td-doubleSlider-2\">\r\n                            <div class = \"td-slider\">\r\n                                \r\n                    <div class = \"td-button td-item1\">\r\n                        <div class = \"td-border\"><\/div>\r\n                    <\/div>\r\n                    <div class = \"td-button td-item2\">\r\n                        <div class = \"td-border\"><\/div>\r\n                    <\/div>\r\n                    <div class = \"td-button td-item3\">\r\n                        <div class = \"td-border\"><\/div>\r\n                    <\/div>\r\n                    <div class = \"td-button td-item4\">\r\n                        <div class = \"td-border\"><\/div>\r\n                    <\/div>\r\n                    <div class = \"td-button td-item5\">\r\n                        <div class = \"td-border\"><\/div>\r\n                    <\/div>\r\n                    <div class = \"td-button td-item6\">\r\n                        <div class = \"td-border\"><\/div>\r\n                    <\/div>\r\n                    <div class = \"td-button td-item7\">\r\n                        <div class = \"td-border\"><\/div>\r\n                    <\/div>\r\n                    <div class = \"td-button td-item8\">\r\n                        <div class = \"td-border\"><\/div>\r\n                    <\/div>\r\n                            <\/div>\r\n                        <\/div>\r\n\r\n                    <\/div>\r\n\r\n                <\/div>\r\n                \n<hr \/>\n<p>&nbsp;<\/p>\n","protected":false},"excerpt":{"rendered":"<p>Casi 300 personas entre m\u00e9dicos residentes, estudiantes internos y externos del Instituto Guatemalteco de Seguridad Social (IGSS) participaron \u00a0en un curso de capacitaci\u00f3n acerca de la normativa que rige la pr\u00e1ctica m\u00e9dica, como parte del fortalecimiento de su formaci\u00f3n, a cargo del Departamento de Capacitaci\u00f3n y Desarrollo del Instituto, que se desarroll\u00f3 en el audit\u00f3rium [&hellip;]<\/p>\n","protected":false},"author":4,"featured_media":3474,"comment_status":"open","ping_status":"open","sticky":false,"template":"","format":"standard","meta":{"footnotes":""},"categories":[3,17,29],"tags":[160,265,490,561],"coauthors":[],"class_list":{"0":"post-3473","1":"post","2":"type-post","3":"status-publish","4":"format-standard","5":"has-post-thumbnail","7":"category-actualidad","8":"category-formacion-y-desarrollo","9":"category-publicaciones","10":"tag-capacitacion","11":"tag-dr-allan-ruano","12":"tag-igss","13":"tag-lic-bernardo-pineda"},"_links":{"self":[{"href":"https:\/\/www.igssgt.org\/noticias\/wp-json\/wp\/v2\/posts\/3473","targetHints":{"allow":["GET"]}}],"collection":[{"href":"https:\/\/www.igssgt.org\/noticias\/wp-json\/wp\/v2\/posts"}],"about":[{"href":"https:\/\/www.igssgt.org\/noticias\/wp-json\/wp\/v2\/types\/post"}],"author":[{"embeddable":true,"href":"https:\/\/www.igssgt.org\/noticias\/wp-json\/wp\/v2\/users\/4"}],"replies":[{"embeddable":true,"href":"https:\/\/www.igssgt.org\/noticias\/wp-json\/wp\/v2\/comments?post=3473"}],"version-history":[{"count":0,"href":"https:\/\/www.igssgt.org\/noticias\/wp-json\/wp\/v2\/posts\/3473\/revisions"}],"wp:featuredmedia":[{"embeddable":true,"href":"https:\/\/www.igssgt.org\/noticias\/wp-json\/wp\/v2\/media\/3474"}],"wp:attachment":[{"href":"https:\/\/www.igssgt.org\/noticias\/wp-json\/wp\/v2\/media?parent=3473"}],"wp:term":[{"taxonomy":"category","embeddable":true,"href":"https:\/\/www.igssgt.org\/noticias\/wp-json\/wp\/v2\/categories?post=3473"},{"taxonomy":"post_tag","embeddable":true,"href":"https:\/\/www.igssgt.org\/noticias\/wp-json\/wp\/v2\/tags?post=3473"},{"taxonomy":"author","embeddable":true,"href":"https:\/\/www.igssgt.org\/noticias\/wp-json\/wp\/v2\/coauthors?post=3473"}],"curies":[{"name":"wp","href":"https:\/\/api.w.org\/{rel}","templated":true}]}}