{"id":34824,"date":"2023-04-10T17:30:00","date_gmt":"2023-04-10T23:30:00","guid":{"rendered":"https:\/\/www.igssgt.org\/noticias\/?p=34824"},"modified":"2023-04-11T16:03:25","modified_gmt":"2023-04-11T22:03:25","slug":"igss-podcast-que-son-los-trastornos-del-espectro-autista","status":"publish","type":"post","link":"https:\/\/www.igssgt.org\/noticias\/2023\/04\/10\/igss-podcast-que-son-los-trastornos-del-espectro-autista\/","title":{"rendered":"IGSS Podcast: Qu\u00e9 son los trastornos del espectro autista"},"content":{"rendered":"\n<h4><a href=\"https:\/\/www.igssgt.org\/wp-content\/uploads\/sites\/5\/2023\/01\/logo-podcast.jpg\"><img loading=\"lazy\" decoding=\"async\" class=\"wp-image-32660 alignleft td-animation-stack-type0-2\" src=\"https:\/\/www.igssgt.org\/wp-content\/uploads\/sites\/5\/2023\/01\/logo-podcast.jpg\" alt=\"\" width=\"306\" height=\"299\" srcset=\"\/wp-content\/uploads\/sites\/5\/2023\/01\/logo-podcast.jpg 560w, \/wp-content\/uploads\/sites\/5\/2023\/01\/logo-podcast-300x293.jpg 300w, \/wp-content\/uploads\/sites\/5\/2023\/01\/logo-podcast-430x420.jpg 430w, \/wp-content\/uploads\/sites\/5\/2023\/01\/logo-podcast-473x462.jpg 473w\" sizes=\"auto, (max-width: 306px) 100vw, 306px\" \/><\/a><\/h4>\n<h4>Entrevista<\/h4>\n<h2>Dra. Karina Rodr\u00edguez\u00a0\u00a0<\/h2>\n<h3>Director m\u00e9dico del Hospital de Rehabilitaci\u00f3n, IGSS<\/h3>\n<hr \/>\n<p>\u00a0<\/p>\n<p>\u00a0<\/p>\n<p>\u00a0<\/p>\n<table style=\"width: 100%;border-collapse: collapse;border-color: #ffffff\">\n<tbody>\n<tr>\n<td style=\"width: 50%;border-style: hidden\"><a href=\"https:\/\/podcasts.apple.com\/gt\/podcast\/qu%C3%A9-son-los-trastornos-del-espectro-autista-y-qu%C3%A9-atenci%C3%B3n\/id1678145994?i=1000608236698\" target=\"_blank\" rel=\"noopener\"><img loading=\"lazy\" decoding=\"async\" class=\"aligncenter wp-image-34349 size-full\" src=\"\/wp-content\/uploads\/sites\/5\/2023\/03\/Banner-Apple-Podcast.png\" alt=\"\" width=\"350\" height=\"89\" srcset=\"\/wp-content\/uploads\/sites\/5\/2023\/03\/Banner-Apple-Podcast.png 350w, \/wp-content\/uploads\/sites\/5\/2023\/03\/Banner-Apple-Podcast-300x76.png 300w\" sizes=\"auto, (max-width: 350px) 100vw, 350px\" \/><\/a><\/td>\n<td style=\"width: 50%;border-style: hidden\"><a href=\"https:\/\/open.spotify.com\/episode\/6Mr5bmF6MyAi8thMRGo2jg\" target=\"_blank\" rel=\"noopener\"><img loading=\"lazy\" decoding=\"async\" class=\"aligncenter wp-image-34350 size-full\" src=\"\/wp-content\/uploads\/sites\/5\/2023\/03\/banner-spotify.png\" alt=\"\" width=\"350\" height=\"89\" srcset=\"\/wp-content\/uploads\/sites\/5\/2023\/03\/banner-spotify.png 350w, \/wp-content\/uploads\/sites\/5\/2023\/03\/banner-spotify-300x76.png 300w\" sizes=\"auto, (max-width: 350px) 100vw, 350px\" \/><\/a><\/td>\n<\/tr>\n<\/tbody>\n<\/table>\n<p>IGSS Podcast es una producci\u00f3n del Departamento de Comunicaci\u00f3n y Relaciones P\u00fablicas del IGSS.<\/p>\n<p>Derechos Reservados 2023.<\/p>\n","protected":false},"excerpt":{"rendered":"<p>Entrevista Dra. Karina Rodr\u00edguez\u00a0\u00a0 Director m\u00e9dico del Hospital de Rehabilitaci\u00f3n, IGSS \u00a0 \u00a0 \u00a0 IGSS Podcast es una producci\u00f3n del Departamento de Comunicaci\u00f3n y Relaciones P\u00fablicas del IGSS. Derechos Reservados 2023.<\/p>\n","protected":false},"author":4,"featured_media":34880,"comment_status":"closed","ping_status":"closed","sticky":false,"template":"","format":"video","meta":{"footnotes":""},"categories":[3,1584,42],"tags":[128,364,478,1585,494],"coauthors":[],"class_list":{"0":"post-34824","1":"post","2":"type-post","3":"status-publish","4":"format-video","5":"has-post-thumbnail","7":"category-actualidad","8":"category-igss-podcast","9":"category-igss-radio","10":"tag-autismo","11":"tag-dra-karina-rodriguez","12":"tag-hospital-de-rehabilitacion","13":"tag-igss-podcast","14":"tag-igss-radio","15":"post_format-post-format-video"},"_links":{"self":[{"href":"https:\/\/www.igssgt.org\/noticias\/wp-json\/wp\/v2\/posts\/34824","targetHints":{"allow":["GET"]}}],"collection":[{"href":"https:\/\/www.igssgt.org\/noticias\/wp-json\/wp\/v2\/posts"}],"about":[{"href":"https:\/\/www.igssgt.org\/noticias\/wp-json\/wp\/v2\/types\/post"}],"author":[{"embeddable":true,"href":"https:\/\/www.igssgt.org\/noticias\/wp-json\/wp\/v2\/users\/4"}],"replies":[{"embeddable":true,"href":"https:\/\/www.igssgt.org\/noticias\/wp-json\/wp\/v2\/comments?post=34824"}],"version-history":[{"count":4,"href":"https:\/\/www.igssgt.org\/noticias\/wp-json\/wp\/v2\/posts\/34824\/revisions"}],"predecessor-version":[{"id":35040,"href":"https:\/\/www.igssgt.org\/noticias\/wp-json\/wp\/v2\/posts\/34824\/revisions\/35040"}],"wp:featuredmedia":[{"embeddable":true,"href":"https:\/\/www.igssgt.org\/noticias\/wp-json\/wp\/v2\/media\/34880"}],"wp:attachment":[{"href":"https:\/\/www.igssgt.org\/noticias\/wp-json\/wp\/v2\/media?parent=34824"}],"wp:term":[{"taxonomy":"category","embeddable":true,"href":"https:\/\/www.igssgt.org\/noticias\/wp-json\/wp\/v2\/categories?post=34824"},{"taxonomy":"post_tag","embeddable":true,"href":"https:\/\/www.igssgt.org\/noticias\/wp-json\/wp\/v2\/tags?post=34824"},{"taxonomy":"author","embeddable":true,"href":"https:\/\/www.igssgt.org\/noticias\/wp-json\/wp\/v2\/coauthors?post=34824"}],"curies":[{"name":"wp","href":"https:\/\/api.w.org\/{rel}","templated":true}]}}