{"id":34868,"date":"2023-04-11T15:59:42","date_gmt":"2023-04-11T21:59:42","guid":{"rendered":"https:\/\/www.igssgt.org\/noticias\/?p=34868"},"modified":"2023-04-11T15:59:43","modified_gmt":"2023-04-11T21:59:43","slug":"clinica-de-24-horas-de-villa-nueva-atendio-a-mas-490-asegurados-en-semana-santa","status":"publish","type":"post","link":"https:\/\/www.igssgt.org\/noticias\/2023\/04\/11\/clinica-de-24-horas-de-villa-nueva-atendio-a-mas-490-asegurados-en-semana-santa\/","title":{"rendered":"Cl\u00ednica de 24 Horas de Villa Nueva atendi\u00f3 a m\u00e1s 490 asegurados en Semana Santa"},"content":{"rendered":"\n<p class=\"has-drop-cap\">Poblaci\u00f3n derechohabiente del Instituto Guatemalteco de Seguridad Social (IGSS) de Villa Nueva cont\u00f3 con el apoyo de la Cl\u00ednica de 24 Horas, ante diversas patolog\u00edas que le afectaron durante el asueto de la Semana Santa 2023.<\/p>\n\n\n<p>El doctor Erwin Monroy, encargado de la cl\u00ednica, destac\u00f3 que atendieron a 494 asegurados durante el asueto. <strong>\u201cLas principales enfermedades que fueron atendidas fueron rinofaringitis aguda (gripe), infecci\u00f3n respiratoria aguda por sospecha de COVID-19, diarrea, gastroenteritis, amigdalitis aguda, infecci\u00f3n de las v\u00edas urinarias, hipertensi\u00f3n, faringitis y gastritis\u201d,<\/strong> inform\u00f3.<\/p>\n<p><a href=\"\/wp-content\/uploads\/sites\/5\/2023\/04\/490-asegurados-en-Semana-Santa-1.jpg\" target=\"_blank\" rel=\"noopener\"><img loading=\"lazy\" decoding=\"async\" class=\"alignleft wp-image-34870\" src=\"\/wp-content\/uploads\/sites\/5\/2023\/04\/490-asegurados-en-Semana-Santa-1.jpg\" alt=\"\" width=\"230\" height=\"311\" srcset=\"\/wp-content\/uploads\/sites\/5\/2023\/04\/490-asegurados-en-Semana-Santa-1.jpg 1042w, \/wp-content\/uploads\/sites\/5\/2023\/04\/490-asegurados-en-Semana-Santa-1-222x300.jpg 222w, \/wp-content\/uploads\/sites\/5\/2023\/04\/490-asegurados-en-Semana-Santa-1-768x1040.jpg 768w, \/wp-content\/uploads\/sites\/5\/2023\/04\/490-asegurados-en-Semana-Santa-1-756x1024.jpg 756w, \/wp-content\/uploads\/sites\/5\/2023\/04\/490-asegurados-en-Semana-Santa-1-310x420.jpg 310w, \/wp-content\/uploads\/sites\/5\/2023\/04\/490-asegurados-en-Semana-Santa-1-696x942.jpg 696w, \/wp-content\/uploads\/sites\/5\/2023\/04\/490-asegurados-en-Semana-Santa-1-341x462.jpg 341w\" sizes=\"auto, (max-width: 230px) 100vw, 230px\" \/><\/a><\/p>\n<p>A decir de Monroy, estas enfermedades afectan m\u00e1s durante la \u00e9poca de verano por los cambios de clima y por la proliferaci\u00f3n de bacterias en los alimentos, la exposici\u00f3n de estos al sol y la falta de higiene durante la preparaci\u00f3n.<\/p>\n<p>Agreg\u00f3 que se hospitalizaron a cuatro personas que presentaban infecci\u00f3n del tracto urinario, urgencia hipertensiva, absceso cut\u00e1neo y por s\u00edndrome diarreico agudo.<\/p>\n<p>Monroy explic\u00f3 que la Cl\u00ednica de 24 Horas es atendida por m\u00e9dicos de guardia que est\u00e1n capacitados para atender a pacientes en condiciones de alerta, quienes son diagnosticados, estabilizados o trasladados a las unidades especializadas que les corresponda.<\/p>\n<h3><strong>Atenci\u00f3n mensual<\/strong><\/h3>\n<p>La Cl\u00ednica de 24 Horas atienden un promedio de 4 mil 595 pacientes mensuales a quienes se les brinda atenci\u00f3n primaria.<\/p>\n<p>Entre las principales afecciones est\u00e1n los problemas gastrointestinales, infecciones respiratorias leves, afecciones de la piel, dolores moderados y accidentes leves que no ameriten hospitalizaci\u00f3n.<\/p>\n\r\n                <style type=\"text\/css\">\r\n                    \r\n                    #tdi_1  .td-doubleSlider-2 .td-item1 {\r\n                        background: url(\/wp-content\/uploads\/sites\/5\/2023\/04\/490-asegurados-en-Semana-Santa-4-80x60.jpg) 0 0 no-repeat;\r\n                    }\r\n                    #tdi_1  .td-doubleSlider-2 .td-item2 {\r\n                        background: url(\/wp-content\/uploads\/sites\/5\/2023\/04\/490-asegurados-en-Semana-Santa-3-80x60.jpg) 0 0 no-repeat;\r\n                    }\r\n                    #tdi_1  .td-doubleSlider-2 .td-item3 {\r\n                        background: url(\/wp-content\/uploads\/sites\/5\/2023\/04\/490-asegurados-en-Semana-Santa-2-80x60.jpg) 0 0 no-repeat;\r\n                    }\r\n                <\/style>\r\n\r\n                <div id=\"tdi_1\" class=\"td-gallery td-slide-on-2-columns\">\r\n                    <div class=\"post_td_gallery\">\r\n                        <div class=\"td-gallery-slide-top\">\r\n                           <div class=\"td-gallery-title\"><\/div>\r\n\r\n                            <div class=\"td-gallery-controls-wrapper\">\r\n                                <div class=\"td-gallery-slide-count\"><span class=\"td-gallery-slide-item-focus\">1<\/span> de 3<\/div>\r\n                                <div class=\"td-gallery-slide-prev-next-but\">\r\n                                    <i class = \"td-icon-left doubleSliderPrevButton\"><\/i>\r\n                                    <i class = \"td-icon-right doubleSliderNextButton\"><\/i>\r\n                                <\/div>\r\n                            <\/div>\r\n                        <\/div>\r\n\r\n                        <div class = \"td-doubleSlider-1 \">\r\n                            <div class = \"td-slider\">\r\n                                \r\n                    <div class = \"td-slide-item td-item1\">\r\n                        <figure class=\"td-slide-galery-figure td-slide-popup-gallery\">\r\n                            <a class=\"slide-gallery-image-link\" href=\"\/wp-content\/uploads\/sites\/5\/2023\/04\/490-asegurados-en-Semana-Santa-4.jpg\" title=\"490 asegurados en Semana Santa-4\"  data-caption=\"\"  data-description=\"\">\r\n                                <img decoding=\"async\" src=\"\/wp-content\/uploads\/sites\/5\/2023\/04\/490-asegurados-en-Semana-Santa-4-750x420.jpg\" srcset=\"\/wp-content\/uploads\/sites\/5\/2023\/04\/490-asegurados-en-Semana-Santa-4-750x420.jpg 750w, \/wp-content\/uploads\/sites\/5\/2023\/04\/490-asegurados-en-Semana-Santa-4-300x168.jpg 300w, \/wp-content\/uploads\/sites\/5\/2023\/04\/490-asegurados-en-Semana-Santa-4-768x430.jpg 768w, \/wp-content\/uploads\/sites\/5\/2023\/04\/490-asegurados-en-Semana-Santa-4-1024x574.jpg 1024w, \/wp-content\/uploads\/sites\/5\/2023\/04\/490-asegurados-en-Semana-Santa-4-696x390.jpg 696w, \/wp-content\/uploads\/sites\/5\/2023\/04\/490-asegurados-en-Semana-Santa-4-1068x598.jpg 1068w, \/wp-content\/uploads\/sites\/5\/2023\/04\/490-asegurados-en-Semana-Santa-4-534x299.jpg 534w, \/wp-content\/uploads\/sites\/5\/2023\/04\/490-asegurados-en-Semana-Santa-4.jpg 1287w\" sizes=\"(max-width: 750px) 100vw, 750px\" alt=\"\">\r\n                            <\/a>\r\n                            \r\n                        <\/figure>\r\n                    <\/div>\r\n                    <div class = \"td-slide-item td-item2\">\r\n                        <figure class=\"td-slide-galery-figure td-slide-popup-gallery\">\r\n                            <a class=\"slide-gallery-image-link\" href=\"\/wp-content\/uploads\/sites\/5\/2023\/04\/490-asegurados-en-Semana-Santa-3.jpg\" title=\"490 asegurados en Semana Santa-3\"  data-caption=\"\"  data-description=\"\">\r\n                                <img decoding=\"async\" src=\"\/wp-content\/uploads\/sites\/5\/2023\/04\/490-asegurados-en-Semana-Santa-3-876x420.jpg\" srcset=\"\/wp-content\/uploads\/sites\/5\/2023\/04\/490-asegurados-en-Semana-Santa-3-876x420.jpg 876w, \/wp-content\/uploads\/sites\/5\/2023\/04\/490-asegurados-en-Semana-Santa-3-300x144.jpg 300w, \/wp-content\/uploads\/sites\/5\/2023\/04\/490-asegurados-en-Semana-Santa-3-768x368.jpg 768w, \/wp-content\/uploads\/sites\/5\/2023\/04\/490-asegurados-en-Semana-Santa-3-1024x491.jpg 1024w, \/wp-content\/uploads\/sites\/5\/2023\/04\/490-asegurados-en-Semana-Santa-3-696x334.jpg 696w, \/wp-content\/uploads\/sites\/5\/2023\/04\/490-asegurados-en-Semana-Santa-3-1068x512.jpg 1068w, \/wp-content\/uploads\/sites\/5\/2023\/04\/490-asegurados-en-Semana-Santa-3-534x256.jpg 534w, \/wp-content\/uploads\/sites\/5\/2023\/04\/490-asegurados-en-Semana-Santa-3.jpg 1504w\" sizes=\"(max-width: 876px) 100vw, 876px\" alt=\"\">\r\n                            <\/a>\r\n                            \r\n                        <\/figure>\r\n                    <\/div>\r\n                    <div class = \"td-slide-item td-item3\">\r\n                        <figure class=\"td-slide-galery-figure td-slide-popup-gallery\">\r\n                            <a class=\"slide-gallery-image-link\" href=\"\/wp-content\/uploads\/sites\/5\/2023\/04\/490-asegurados-en-Semana-Santa-2.jpg\" title=\"490 asegurados en Semana Santa-2\"  data-caption=\"\"  data-description=\"\">\r\n                                <img decoding=\"async\" src=\"\/wp-content\/uploads\/sites\/5\/2023\/04\/490-asegurados-en-Semana-Santa-2-806x420.jpg\" srcset=\"\/wp-content\/uploads\/sites\/5\/2023\/04\/490-asegurados-en-Semana-Santa-2-806x420.jpg 806w, \/wp-content\/uploads\/sites\/5\/2023\/04\/490-asegurados-en-Semana-Santa-2-300x156.jpg 300w, \/wp-content\/uploads\/sites\/5\/2023\/04\/490-asegurados-en-Semana-Santa-2-768x400.jpg 768w, \/wp-content\/uploads\/sites\/5\/2023\/04\/490-asegurados-en-Semana-Santa-2-1024x534.jpg 1024w, \/wp-content\/uploads\/sites\/5\/2023\/04\/490-asegurados-en-Semana-Santa-2-696x363.jpg 696w, \/wp-content\/uploads\/sites\/5\/2023\/04\/490-asegurados-en-Semana-Santa-2-1068x557.jpg 1068w, \/wp-content\/uploads\/sites\/5\/2023\/04\/490-asegurados-en-Semana-Santa-2-534x278.jpg 534w, \/wp-content\/uploads\/sites\/5\/2023\/04\/490-asegurados-en-Semana-Santa-2.jpg 1383w\" sizes=\"(max-width: 806px) 100vw, 806px\" alt=\"\">\r\n                            <\/a>\r\n                            \r\n                        <\/figure>\r\n                    <\/div>\r\n                            <\/div>\r\n                        <\/div>\r\n\r\n                        <div class = \"td-doubleSlider-2\">\r\n                            <div class = \"td-slider\">\r\n                                \r\n                    <div class = \"td-button td-item1\">\r\n                        <div class = \"td-border\"><\/div>\r\n                    <\/div>\r\n                    <div class = \"td-button td-item2\">\r\n                        <div class = \"td-border\"><\/div>\r\n                    <\/div>\r\n                    <div class = \"td-button td-item3\">\r\n                        <div class = \"td-border\"><\/div>\r\n                    <\/div>\r\n                            <\/div>\r\n                        <\/div>\r\n\r\n                    <\/div>\r\n\r\n                <\/div>\r\n                ","protected":false},"excerpt":{"rendered":"<p>Poblaci\u00f3n derechohabiente del Instituto Guatemalteco de Seguridad Social (IGSS) de Villa Nueva cont\u00f3 con el apoyo de la Cl\u00ednica de 24 Horas, ante diversas patolog\u00edas que le afectaron durante el asueto de la Semana Santa 2023. El doctor Erwin Monroy, encargado de la cl\u00ednica, destac\u00f3 que atendieron a 494 asegurados durante el asueto. \u201cLas principales [&hellip;]<\/p>\n","protected":false},"author":1961,"featured_media":34874,"comment_status":"closed","ping_status":"closed","sticky":false,"template":"","format":"standard","meta":{"footnotes":""},"categories":[3],"tags":[1479,208,1617],"coauthors":[],"class_list":{"0":"post-34868","1":"post","2":"type-post","3":"status-publish","4":"format-standard","5":"has-post-thumbnail","7":"category-actualidad","8":"tag-clinicas-de-atencion-24-horas","9":"tag-consultorio-villa-nueva","10":"tag-semana-santa-2023"},"_links":{"self":[{"href":"https:\/\/www.igssgt.org\/noticias\/wp-json\/wp\/v2\/posts\/34868","targetHints":{"allow":["GET"]}}],"collection":[{"href":"https:\/\/www.igssgt.org\/noticias\/wp-json\/wp\/v2\/posts"}],"about":[{"href":"https:\/\/www.igssgt.org\/noticias\/wp-json\/wp\/v2\/types\/post"}],"author":[{"embeddable":true,"href":"https:\/\/www.igssgt.org\/noticias\/wp-json\/wp\/v2\/users\/1961"}],"replies":[{"embeddable":true,"href":"https:\/\/www.igssgt.org\/noticias\/wp-json\/wp\/v2\/comments?post=34868"}],"version-history":[{"count":4,"href":"https:\/\/www.igssgt.org\/noticias\/wp-json\/wp\/v2\/posts\/34868\/revisions"}],"predecessor-version":[{"id":34879,"href":"https:\/\/www.igssgt.org\/noticias\/wp-json\/wp\/v2\/posts\/34868\/revisions\/34879"}],"wp:featuredmedia":[{"embeddable":true,"href":"https:\/\/www.igssgt.org\/noticias\/wp-json\/wp\/v2\/media\/34874"}],"wp:attachment":[{"href":"https:\/\/www.igssgt.org\/noticias\/wp-json\/wp\/v2\/media?parent=34868"}],"wp:term":[{"taxonomy":"category","embeddable":true,"href":"https:\/\/www.igssgt.org\/noticias\/wp-json\/wp\/v2\/categories?post=34868"},{"taxonomy":"post_tag","embeddable":true,"href":"https:\/\/www.igssgt.org\/noticias\/wp-json\/wp\/v2\/tags?post=34868"},{"taxonomy":"author","embeddable":true,"href":"https:\/\/www.igssgt.org\/noticias\/wp-json\/wp\/v2\/coauthors?post=34868"}],"curies":[{"name":"wp","href":"https:\/\/api.w.org\/{rel}","templated":true}]}}