{"id":34883,"date":"2023-04-12T09:02:46","date_gmt":"2023-04-12T15:02:46","guid":{"rendered":"https:\/\/www.igssgt.org\/noticias\/?p=34883"},"modified":"2023-04-12T09:02:47","modified_gmt":"2023-04-12T15:02:47","slug":"emergencia-de-ceibal-atendio-a-la-poblacion-en-semana-santa","status":"publish","type":"post","link":"https:\/\/www.igssgt.org\/noticias\/2023\/04\/12\/emergencia-de-ceibal-atendio-a-la-poblacion-en-semana-santa\/","title":{"rendered":"Emergencia de Ceibal atendi\u00f3 a la poblaci\u00f3n en Semana Santa"},"content":{"rendered":"\n<p class=\"has-drop-cap\">El Hospital General de Accidentes Ceibal, tambi\u00e9n conocido como 7-19, brind\u00f3 atenci\u00f3n ininterrumpida durante el asueto de Semana Santa con resultado de 164 urgencias m\u00e9dicas atendidas a asegurados y p\u00fablico en general.<\/p>\n\n\n<p>El doctor Walter Alfredo Forno Foncea, director del hospital, inform\u00f3 que los principales casos fueron los de v\u00edctimas por accidentes de motos, lo cuales ascendieron a 51 pacientes entre hombres, mujeres y ni\u00f1os.<\/p>\n<p><strong><a href=\"\/wp-content\/uploads\/sites\/5\/2023\/04\/Emergencia-de-Ceibal-2.jpg\" target=\"_blank\" rel=\"noopener\"><img loading=\"lazy\" decoding=\"async\" class=\"alignleft wp-image-34889\" src=\"\/wp-content\/uploads\/sites\/5\/2023\/04\/Emergencia-de-Ceibal-2.jpg\" alt=\"\" width=\"320\" height=\"320\" srcset=\"\/wp-content\/uploads\/sites\/5\/2023\/04\/Emergencia-de-Ceibal-2.jpg 1496w, \/wp-content\/uploads\/sites\/5\/2023\/04\/Emergencia-de-Ceibal-2-150x150.jpg 150w, \/wp-content\/uploads\/sites\/5\/2023\/04\/Emergencia-de-Ceibal-2-300x300.jpg 300w, \/wp-content\/uploads\/sites\/5\/2023\/04\/Emergencia-de-Ceibal-2-768x768.jpg 768w, \/wp-content\/uploads\/sites\/5\/2023\/04\/Emergencia-de-Ceibal-2-1024x1024.jpg 1024w, \/wp-content\/uploads\/sites\/5\/2023\/04\/Emergencia-de-Ceibal-2-420x420.jpg 420w, \/wp-content\/uploads\/sites\/5\/2023\/04\/Emergencia-de-Ceibal-2-696x696.jpg 696w, \/wp-content\/uploads\/sites\/5\/2023\/04\/Emergencia-de-Ceibal-2-1068x1068.jpg 1068w, \/wp-content\/uploads\/sites\/5\/2023\/04\/Emergencia-de-Ceibal-2-462x462.jpg 462w\" sizes=\"auto, (max-width: 320px) 100vw, 320px\" \/><\/a>\u201cLas principales atenciones m\u00e9dicas a los motociclistas fueron las fracturas de miembro superior e inferior, trauma de cr\u00e1neo y t\u00f3rax\u201d<\/strong>, explic\u00f3 el galeno.<\/p>\n<p>Agreg\u00f3 que tambi\u00e9n fueron atendidos cinco asegurados por accidentes automovil\u00edsticos, uno por un percance en un bus y se asistieron a 107 personas por otros casos.<\/p>\n<p>En la actualidad, <strong>la Emergencia del Hospital de Accidentes Ceibal es una de las m\u00e1s grandes del pa\u00eds y de Centro Am\u00e9rica.<\/strong> Cuenta con un equipo multidisciplinario integrado por ortopedistas, traumat\u00f3logos, m\u00e9dicos internistas, cirujanos pl\u00e1sticos, enfermeras de sala de operaciones y encamamiento, que est\u00e1n las 24 horas en apresto para brindar una atenci\u00f3n oportuna, de calidad y con calidez para los derechohabientes.<\/p>\n<p>En el primer trimestre del a\u00f1o, el Hospital General de Accidentes Ceibal ha atendido a m\u00e1s de 11 mil 500 v\u00edctimas de accidentes de moto, incluyendo ni\u00f1os que van como acompa\u00f1antes.<\/p>\n\n\r\n                <style type=\"text\/css\">\r\n                    \r\n                    #tdi_1  .td-doubleSlider-2 .td-item1 {\r\n                        background: url(\/wp-content\/uploads\/sites\/5\/2023\/04\/Emergencia-de-Ceibal-6-80x60.jpg) 0 0 no-repeat;\r\n                    }\r\n                    #tdi_1  .td-doubleSlider-2 .td-item2 {\r\n                        background: url(\/wp-content\/uploads\/sites\/5\/2023\/04\/Emergencia-de-Ceibal-1-80x60.jpg) 0 0 no-repeat;\r\n                    }\r\n                    #tdi_1  .td-doubleSlider-2 .td-item3 {\r\n                        background: url(\/wp-content\/uploads\/sites\/5\/2023\/04\/Emergencia-de-Ceibal-5-80x60.jpg) 0 0 no-repeat;\r\n                    }\r\n                    #tdi_1  .td-doubleSlider-2 .td-item4 {\r\n                        background: url(\/wp-content\/uploads\/sites\/5\/2023\/04\/Emergencia-de-Ceibal-4-80x60.jpg) 0 0 no-repeat;\r\n                    }\r\n                <\/style>\r\n\r\n                <div id=\"tdi_1\" class=\"td-gallery td-slide-on-2-columns\">\r\n                    <div class=\"post_td_gallery\">\r\n                        <div class=\"td-gallery-slide-top\">\r\n                           <div class=\"td-gallery-title\"><\/div>\r\n\r\n                            <div class=\"td-gallery-controls-wrapper\">\r\n                                <div class=\"td-gallery-slide-count\"><span class=\"td-gallery-slide-item-focus\">1<\/span> de 4<\/div>\r\n                                <div class=\"td-gallery-slide-prev-next-but\">\r\n                                    <i class = \"td-icon-left doubleSliderPrevButton\"><\/i>\r\n                                    <i class = \"td-icon-right doubleSliderNextButton\"><\/i>\r\n                                <\/div>\r\n                            <\/div>\r\n                        <\/div>\r\n\r\n                        <div class = \"td-doubleSlider-1 \">\r\n                            <div class = \"td-slider\">\r\n                                \r\n                    <div class = \"td-slide-item td-item1\">\r\n                        <figure class=\"td-slide-galery-figure td-slide-popup-gallery\">\r\n                            <a class=\"slide-gallery-image-link\" href=\"\/wp-content\/uploads\/sites\/5\/2023\/04\/Emergencia-de-Ceibal-6.jpg\" title=\"Emergencia de Ceibal-6\"  data-caption=\"\"  data-description=\"\">\r\n                                <img decoding=\"async\" src=\"\/wp-content\/uploads\/sites\/5\/2023\/04\/Emergencia-de-Ceibal-6-625x420.jpg\" srcset=\"\/wp-content\/uploads\/sites\/5\/2023\/04\/Emergencia-de-Ceibal-6-625x420.jpg 625w, \/wp-content\/uploads\/sites\/5\/2023\/04\/Emergencia-de-Ceibal-6-300x202.jpg 300w, \/wp-content\/uploads\/sites\/5\/2023\/04\/Emergencia-de-Ceibal-6-768x516.jpg 768w, \/wp-content\/uploads\/sites\/5\/2023\/04\/Emergencia-de-Ceibal-6-1024x688.jpg 1024w, \/wp-content\/uploads\/sites\/5\/2023\/04\/Emergencia-de-Ceibal-6-696x468.jpg 696w, \/wp-content\/uploads\/sites\/5\/2023\/04\/Emergencia-de-Ceibal-6-1068x718.jpg 1068w, \/wp-content\/uploads\/sites\/5\/2023\/04\/Emergencia-de-Ceibal-6-534x359.jpg 534w, \/wp-content\/uploads\/sites\/5\/2023\/04\/Emergencia-de-Ceibal-6.jpg 1445w\" sizes=\"(max-width: 625px) 100vw, 625px\" alt=\"\">\r\n                            <\/a>\r\n                            \r\n                        <\/figure>\r\n                    <\/div>\r\n                    <div class = \"td-slide-item td-item2\">\r\n                        <figure class=\"td-slide-galery-figure td-slide-popup-gallery\">\r\n                            <a class=\"slide-gallery-image-link\" href=\"\/wp-content\/uploads\/sites\/5\/2023\/04\/Emergencia-de-Ceibal-1.jpg\" title=\"Emergencia de Ceibal-1\"  data-caption=\"\"  data-description=\"\">\r\n                                <img decoding=\"async\" src=\"\/wp-content\/uploads\/sites\/5\/2023\/04\/Emergencia-de-Ceibal-1-477x420.jpg\" srcset=\"\/wp-content\/uploads\/sites\/5\/2023\/04\/Emergencia-de-Ceibal-1-477x420.jpg 477w, \/wp-content\/uploads\/sites\/5\/2023\/04\/Emergencia-de-Ceibal-1-300x264.jpg 300w, \/wp-content\/uploads\/sites\/5\/2023\/04\/Emergencia-de-Ceibal-1-768x677.jpg 768w, \/wp-content\/uploads\/sites\/5\/2023\/04\/Emergencia-de-Ceibal-1-1024x902.jpg 1024w, \/wp-content\/uploads\/sites\/5\/2023\/04\/Emergencia-de-Ceibal-1-696x613.jpg 696w, \/wp-content\/uploads\/sites\/5\/2023\/04\/Emergencia-de-Ceibal-1-1068x941.jpg 1068w, \/wp-content\/uploads\/sites\/5\/2023\/04\/Emergencia-de-Ceibal-1-524x462.jpg 524w, \/wp-content\/uploads\/sites\/5\/2023\/04\/Emergencia-de-Ceibal-1-500x440.jpg 500w, \/wp-content\/uploads\/sites\/5\/2023\/04\/Emergencia-de-Ceibal-1.jpg 1496w\" sizes=\"(max-width: 477px) 100vw, 477px\" alt=\"\">\r\n                            <\/a>\r\n                            \r\n                        <\/figure>\r\n                    <\/div>\r\n                    <div class = \"td-slide-item td-item3\">\r\n                        <figure class=\"td-slide-galery-figure td-slide-popup-gallery\">\r\n                            <a class=\"slide-gallery-image-link\" href=\"\/wp-content\/uploads\/sites\/5\/2023\/04\/Emergencia-de-Ceibal-5.jpg\" title=\"Emergencia de Ceibal-5\"  data-caption=\"\"  data-description=\"\">\r\n                                <img decoding=\"async\" src=\"\/wp-content\/uploads\/sites\/5\/2023\/04\/Emergencia-de-Ceibal-5-576x420.jpg\" srcset=\"\/wp-content\/uploads\/sites\/5\/2023\/04\/Emergencia-de-Ceibal-5-576x420.jpg 576w, \/wp-content\/uploads\/sites\/5\/2023\/04\/Emergencia-de-Ceibal-5-300x219.jpg 300w, \/wp-content\/uploads\/sites\/5\/2023\/04\/Emergencia-de-Ceibal-5-768x560.jpg 768w, \/wp-content\/uploads\/sites\/5\/2023\/04\/Emergencia-de-Ceibal-5-1024x746.jpg 1024w, \/wp-content\/uploads\/sites\/5\/2023\/04\/Emergencia-de-Ceibal-5-696x507.jpg 696w, \/wp-content\/uploads\/sites\/5\/2023\/04\/Emergencia-de-Ceibal-5-1068x778.jpg 1068w, \/wp-content\/uploads\/sites\/5\/2023\/04\/Emergencia-de-Ceibal-5-324x235.jpg 324w, \/wp-content\/uploads\/sites\/5\/2023\/04\/Emergencia-de-Ceibal-5-534x389.jpg 534w, \/wp-content\/uploads\/sites\/5\/2023\/04\/Emergencia-de-Ceibal-5.jpg 1496w\" sizes=\"(max-width: 576px) 100vw, 576px\" alt=\"\">\r\n                            <\/a>\r\n                            \r\n                        <\/figure>\r\n                    <\/div>\r\n                    <div class = \"td-slide-item td-item4\">\r\n                        <figure class=\"td-slide-galery-figure td-slide-popup-gallery\">\r\n                            <a class=\"slide-gallery-image-link\" href=\"\/wp-content\/uploads\/sites\/5\/2023\/04\/Emergencia-de-Ceibal-4.jpg\" title=\"Emergencia de Ceibal-4\"  data-caption=\"\"  data-description=\"\">\r\n                                <img decoding=\"async\" src=\"\/wp-content\/uploads\/sites\/5\/2023\/04\/Emergencia-de-Ceibal-4-498x420.jpg\" srcset=\"\/wp-content\/uploads\/sites\/5\/2023\/04\/Emergencia-de-Ceibal-4-498x420.jpg 498w, \/wp-content\/uploads\/sites\/5\/2023\/04\/Emergencia-de-Ceibal-4-300x253.jpg 300w, \/wp-content\/uploads\/sites\/5\/2023\/04\/Emergencia-de-Ceibal-4-768x647.jpg 768w, \/wp-content\/uploads\/sites\/5\/2023\/04\/Emergencia-de-Ceibal-4-1024x863.jpg 1024w, \/wp-content\/uploads\/sites\/5\/2023\/04\/Emergencia-de-Ceibal-4-696x587.jpg 696w, \/wp-content\/uploads\/sites\/5\/2023\/04\/Emergencia-de-Ceibal-4-1068x900.jpg 1068w, \/wp-content\/uploads\/sites\/5\/2023\/04\/Emergencia-de-Ceibal-4-534x450.jpg 534w, \/wp-content\/uploads\/sites\/5\/2023\/04\/Emergencia-de-Ceibal-4.jpg 1496w\" sizes=\"(max-width: 498px) 100vw, 498px\" alt=\"\">\r\n                            <\/a>\r\n                            \r\n                        <\/figure>\r\n                    <\/div>\r\n                            <\/div>\r\n                        <\/div>\r\n\r\n                        <div class = \"td-doubleSlider-2\">\r\n                            <div class = \"td-slider\">\r\n                                \r\n                    <div class = \"td-button td-item1\">\r\n                        <div class = \"td-border\"><\/div>\r\n                    <\/div>\r\n                    <div class = \"td-button td-item2\">\r\n                        <div class = \"td-border\"><\/div>\r\n                    <\/div>\r\n                    <div class = \"td-button td-item3\">\r\n                        <div class = \"td-border\"><\/div>\r\n                    <\/div>\r\n                    <div class = \"td-button td-item4\">\r\n                        <div class = \"td-border\"><\/div>\r\n                    <\/div>\r\n                            <\/div>\r\n                        <\/div>\r\n\r\n                    <\/div>\r\n\r\n                <\/div>\r\n                ","protected":false},"excerpt":{"rendered":"<p>El Hospital General de Accidentes Ceibal, tambi\u00e9n conocido como 7-19, brind\u00f3 atenci\u00f3n ininterrumpida durante el asueto de Semana Santa con resultado de 164 urgencias m\u00e9dicas atendidas a asegurados y p\u00fablico en general. El doctor Walter Alfredo Forno Foncea, director del hospital, inform\u00f3 que los principales casos fueron los de v\u00edctimas por accidentes de motos, lo [&hellip;]<\/p>\n","protected":false},"author":1961,"featured_media":34884,"comment_status":"closed","ping_status":"closed","sticky":false,"template":"","format":"standard","meta":{"footnotes":""},"categories":[3],"tags":[480,1617],"coauthors":[],"class_list":{"0":"post-34883","1":"post","2":"type-post","3":"status-publish","4":"format-standard","5":"has-post-thumbnail","7":"category-actualidad","8":"tag-hospital-general-de-accidentes-ceibal","9":"tag-semana-santa-2023"},"_links":{"self":[{"href":"https:\/\/www.igssgt.org\/noticias\/wp-json\/wp\/v2\/posts\/34883","targetHints":{"allow":["GET"]}}],"collection":[{"href":"https:\/\/www.igssgt.org\/noticias\/wp-json\/wp\/v2\/posts"}],"about":[{"href":"https:\/\/www.igssgt.org\/noticias\/wp-json\/wp\/v2\/types\/post"}],"author":[{"embeddable":true,"href":"https:\/\/www.igssgt.org\/noticias\/wp-json\/wp\/v2\/users\/1961"}],"replies":[{"embeddable":true,"href":"https:\/\/www.igssgt.org\/noticias\/wp-json\/wp\/v2\/comments?post=34883"}],"version-history":[{"count":3,"href":"https:\/\/www.igssgt.org\/noticias\/wp-json\/wp\/v2\/posts\/34883\/revisions"}],"predecessor-version":[{"id":34892,"href":"https:\/\/www.igssgt.org\/noticias\/wp-json\/wp\/v2\/posts\/34883\/revisions\/34892"}],"wp:featuredmedia":[{"embeddable":true,"href":"https:\/\/www.igssgt.org\/noticias\/wp-json\/wp\/v2\/media\/34884"}],"wp:attachment":[{"href":"https:\/\/www.igssgt.org\/noticias\/wp-json\/wp\/v2\/media?parent=34883"}],"wp:term":[{"taxonomy":"category","embeddable":true,"href":"https:\/\/www.igssgt.org\/noticias\/wp-json\/wp\/v2\/categories?post=34883"},{"taxonomy":"post_tag","embeddable":true,"href":"https:\/\/www.igssgt.org\/noticias\/wp-json\/wp\/v2\/tags?post=34883"},{"taxonomy":"author","embeddable":true,"href":"https:\/\/www.igssgt.org\/noticias\/wp-json\/wp\/v2\/coauthors?post=34883"}],"curies":[{"name":"wp","href":"https:\/\/api.w.org\/{rel}","templated":true}]}}