{"id":34922,"date":"2023-04-12T15:59:17","date_gmt":"2023-04-12T21:59:17","guid":{"rendered":"https:\/\/www.igssgt.org\/noticias\/?p=34922"},"modified":"2023-05-03T08:54:05","modified_gmt":"2023-05-03T14:54:05","slug":"convocatoria-para-la-contratacion-de-servicios-profesionales-individuales-de-medicos-con-clinica-privada","status":"publish","type":"post","link":"https:\/\/www.igssgt.org\/noticias\/2023\/04\/12\/convocatoria-para-la-contratacion-de-servicios-profesionales-individuales-de-medicos-con-clinica-privada\/","title":{"rendered":"Convocatoria para la contrataci\u00f3n de Servicios Profesionales Individuales de M\u00e9dicos con Cl\u00ednica Privada"},"content":{"rendered":"\n<h3>Puesto: Servicios Profesionales Individuales de M\u00e9dicos con Cl\u00ednica Privada bajo el rengl\u00f3n 182 \u00abservicios m\u00e9dico-sanitarios\u00bb<\/h3>\n<h3>Unidad: Perif\u00e9rica Zona 11<\/h3>\n<h3>Fecha l\u00edmite de recepci\u00f3n de solicitudes: 28 de abril de 2023<\/h3>\n<p><a href=\"\/wp-content\/uploads\/sites\/5\/2023\/04\/Convocatoria-servicios-profesionales-medicos-con-clinica-privada-IGSS-2023.jpg\"><img loading=\"lazy\" decoding=\"async\" class=\"aligncenter size-full wp-image-34923\" src=\"\/wp-content\/uploads\/sites\/5\/2023\/04\/Convocatoria-servicios-profesionales-medicos-con-clinica-privada-IGSS-2023.jpg\" alt=\"\" width=\"1600\" height=\"1600\" srcset=\"\/wp-content\/uploads\/sites\/5\/2023\/04\/Convocatoria-servicios-profesionales-medicos-con-clinica-privada-IGSS-2023.jpg 1600w, \/wp-content\/uploads\/sites\/5\/2023\/04\/Convocatoria-servicios-profesionales-medicos-con-clinica-privada-IGSS-2023-150x150.jpg 150w, \/wp-content\/uploads\/sites\/5\/2023\/04\/Convocatoria-servicios-profesionales-medicos-con-clinica-privada-IGSS-2023-300x300.jpg 300w, \/wp-content\/uploads\/sites\/5\/2023\/04\/Convocatoria-servicios-profesionales-medicos-con-clinica-privada-IGSS-2023-768x768.jpg 768w, \/wp-content\/uploads\/sites\/5\/2023\/04\/Convocatoria-servicios-profesionales-medicos-con-clinica-privada-IGSS-2023-1024x1024.jpg 1024w, \/wp-content\/uploads\/sites\/5\/2023\/04\/Convocatoria-servicios-profesionales-medicos-con-clinica-privada-IGSS-2023-1536x1536.jpg 1536w, \/wp-content\/uploads\/sites\/5\/2023\/04\/Convocatoria-servicios-profesionales-medicos-con-clinica-privada-IGSS-2023-420x420.jpg 420w, \/wp-content\/uploads\/sites\/5\/2023\/04\/Convocatoria-servicios-profesionales-medicos-con-clinica-privada-IGSS-2023-696x696.jpg 696w, \/wp-content\/uploads\/sites\/5\/2023\/04\/Convocatoria-servicios-profesionales-medicos-con-clinica-privada-IGSS-2023-1068x1068.jpg 1068w, \/wp-content\/uploads\/sites\/5\/2023\/04\/Convocatoria-servicios-profesionales-medicos-con-clinica-privada-IGSS-2023-462x462.jpg 462w\" sizes=\"auto, (max-width: 1600px) 100vw, 1600px\" \/><\/a><\/p>\n<p>\u00a0<\/p>\n<p>\u00a0<\/p>\n","protected":false},"excerpt":{"rendered":"<p>Puesto: Servicios Profesionales Individuales de M\u00e9dicos con Cl\u00ednica Privada bajo el rengl\u00f3n 182 \u00abservicios m\u00e9dico-sanitarios\u00bb<\/p>\n<p>Unidad: Perif\u00e9rica Zona 11<\/p>\n<p>Fecha l\u00edmite de recepci\u00f3n de solicitudes: 28 de abril de 2023<\/p>\n<p>\ud83d\udd34 Convocatoria cerrada.<\/p>\n","protected":false},"author":4,"featured_media":34923,"comment_status":"closed","ping_status":"closed","sticky":false,"template":"","format":"standard","meta":{"footnotes":""},"categories":[1299],"tags":[213,1300],"coauthors":[],"class_list":{"0":"post-34922","1":"post","2":"type-post","3":"status-publish","4":"format-standard","5":"has-post-thumbnail","7":"category-plazas-vacantes","8":"tag-convocatoria-plazas-igss","9":"tag-empleos-igss"},"_links":{"self":[{"href":"https:\/\/www.igssgt.org\/noticias\/wp-json\/wp\/v2\/posts\/34922","targetHints":{"allow":["GET"]}}],"collection":[{"href":"https:\/\/www.igssgt.org\/noticias\/wp-json\/wp\/v2\/posts"}],"about":[{"href":"https:\/\/www.igssgt.org\/noticias\/wp-json\/wp\/v2\/types\/post"}],"author":[{"embeddable":true,"href":"https:\/\/www.igssgt.org\/noticias\/wp-json\/wp\/v2\/users\/4"}],"replies":[{"embeddable":true,"href":"https:\/\/www.igssgt.org\/noticias\/wp-json\/wp\/v2\/comments?post=34922"}],"version-history":[{"count":2,"href":"https:\/\/www.igssgt.org\/noticias\/wp-json\/wp\/v2\/posts\/34922\/revisions"}],"predecessor-version":[{"id":35358,"href":"https:\/\/www.igssgt.org\/noticias\/wp-json\/wp\/v2\/posts\/34922\/revisions\/35358"}],"wp:featuredmedia":[{"embeddable":true,"href":"https:\/\/www.igssgt.org\/noticias\/wp-json\/wp\/v2\/media\/34923"}],"wp:attachment":[{"href":"https:\/\/www.igssgt.org\/noticias\/wp-json\/wp\/v2\/media?parent=34922"}],"wp:term":[{"taxonomy":"category","embeddable":true,"href":"https:\/\/www.igssgt.org\/noticias\/wp-json\/wp\/v2\/categories?post=34922"},{"taxonomy":"post_tag","embeddable":true,"href":"https:\/\/www.igssgt.org\/noticias\/wp-json\/wp\/v2\/tags?post=34922"},{"taxonomy":"author","embeddable":true,"href":"https:\/\/www.igssgt.org\/noticias\/wp-json\/wp\/v2\/coauthors?post=34922"}],"curies":[{"name":"wp","href":"https:\/\/api.w.org\/{rel}","templated":true}]}}