{"id":35005,"date":"2023-04-15T15:00:00","date_gmt":"2023-04-15T21:00:00","guid":{"rendered":"https:\/\/www.igssgt.org\/noticias\/?p=35005"},"modified":"2023-04-15T16:05:30","modified_gmt":"2023-04-15T22:05:30","slug":"medicos-de-camip-2-barranquilla-son-capacitados-contra-el-estres","status":"publish","type":"post","link":"https:\/\/www.igssgt.org\/noticias\/2023\/04\/15\/medicos-de-camip-2-barranquilla-son-capacitados-contra-el-estres\/","title":{"rendered":"M\u00e9dicos de CAMIP 2 Barranquilla son capacitados contra el estr\u00e9s"},"content":{"rendered":"\n<p class=\"has-drop-cap\">Profesionales de la medicina del Centro de Atenci\u00f3n M\u00e9dica Integral para Pensionados -CAMIP 2 Barranquilla- refrescaron conocimientos con el taller Salud Mental en los Trabajadores, actividad que forma parte de la estrategia Educaci\u00f3n M\u00e9dica Continua que impulsa el IGSS en sus unidades.<\/p>\n\n\n<p>La licenciada Analizzette Bola\u00f1os Fletes, coordinadora del \u00e1rea de Psicolog\u00eda, destac\u00f3 la importancia de las capacitaciones al considerar que el estr\u00e9s afecta a toda la poblaci\u00f3n, independientemente de su estatus social, ya que este se genera por situaciones de sobrecargas y tensiones emocionales de distinto origen.<\/p>\n<p><a href=\"\/wp-content\/uploads\/sites\/5\/2023\/04\/CAMIP-2-Barranquilla-son-capacitados-contra-el-estres-2.jpg\" target=\"_blank\" rel=\"noopener\"><img loading=\"lazy\" decoding=\"async\" class=\"alignnone wp-image-35013 size-full\" src=\"\/wp-content\/uploads\/sites\/5\/2023\/04\/CAMIP-2-Barranquilla-son-capacitados-contra-el-estres-2.jpg\" alt=\"\" width=\"1236\" height=\"979\" srcset=\"\/wp-content\/uploads\/sites\/5\/2023\/04\/CAMIP-2-Barranquilla-son-capacitados-contra-el-estres-2.jpg 1236w, \/wp-content\/uploads\/sites\/5\/2023\/04\/CAMIP-2-Barranquilla-son-capacitados-contra-el-estres-2-300x238.jpg 300w, \/wp-content\/uploads\/sites\/5\/2023\/04\/CAMIP-2-Barranquilla-son-capacitados-contra-el-estres-2-768x608.jpg 768w, \/wp-content\/uploads\/sites\/5\/2023\/04\/CAMIP-2-Barranquilla-son-capacitados-contra-el-estres-2-1024x811.jpg 1024w, \/wp-content\/uploads\/sites\/5\/2023\/04\/CAMIP-2-Barranquilla-son-capacitados-contra-el-estres-2-530x420.jpg 530w, \/wp-content\/uploads\/sites\/5\/2023\/04\/CAMIP-2-Barranquilla-son-capacitados-contra-el-estres-2-696x551.jpg 696w, \/wp-content\/uploads\/sites\/5\/2023\/04\/CAMIP-2-Barranquilla-son-capacitados-contra-el-estres-2-1068x846.jpg 1068w, \/wp-content\/uploads\/sites\/5\/2023\/04\/CAMIP-2-Barranquilla-son-capacitados-contra-el-estres-2-534x423.jpg 534w\" sizes=\"auto, (max-width: 1236px) 100vw, 1236px\" \/><\/a><\/p>\n<p><strong>\u201cEn el caso de los doctores, tambi\u00e9n experimentan estr\u00e9s diariamente en los consultorios\u201d,<\/strong> coment\u00f3 la especialista, que se produce de manera autom\u00e1tica y natural ante situaciones o pensamientos que resultan amenazadores, frustrantes o desafiantes.<\/p>\n<blockquote>\n<p>Los doctores tambi\u00e9n experimentan estr\u00e9s diariamente en los consultorios<\/p>\n<\/blockquote>\n<p>Entre los s\u00edntomas m\u00e1s comunes del estr\u00e9s est\u00e1n el agotamiento f\u00edsico y mental, cambios en los patrones del sue\u00f1o y el descanso, disminuci\u00f3n de las relaciones sociales, sensaci\u00f3n de irritabilidad, estar siempre a la defensiva, tendencia a enfermarse m\u00e1s a menudo de lo habitual, problemas de concentraci\u00f3n, descuidado personal, dificultades para relajarse, cambios en el apetito y el peso, p\u00e9rdida de inter\u00e9s en actividad que antes se disfrutaban, sentimiento de impotencia y desesperanza.<\/p>\n<p><a href=\"\/wp-content\/uploads\/sites\/5\/2023\/04\/CAMIP-2-Barranquilla-son-capacitados-contra-el-estres-5.jpg\" target=\"_blank\" rel=\"noopener\"><img loading=\"lazy\" decoding=\"async\" class=\"alignnone wp-image-35011 size-full\" src=\"\/wp-content\/uploads\/sites\/5\/2023\/04\/CAMIP-2-Barranquilla-son-capacitados-contra-el-estres-5.jpg\" alt=\"\" width=\"1496\" height=\"888\" srcset=\"\/wp-content\/uploads\/sites\/5\/2023\/04\/CAMIP-2-Barranquilla-son-capacitados-contra-el-estres-5.jpg 1496w, \/wp-content\/uploads\/sites\/5\/2023\/04\/CAMIP-2-Barranquilla-son-capacitados-contra-el-estres-5-300x178.jpg 300w, \/wp-content\/uploads\/sites\/5\/2023\/04\/CAMIP-2-Barranquilla-son-capacitados-contra-el-estres-5-768x456.jpg 768w, \/wp-content\/uploads\/sites\/5\/2023\/04\/CAMIP-2-Barranquilla-son-capacitados-contra-el-estres-5-1024x608.jpg 1024w, \/wp-content\/uploads\/sites\/5\/2023\/04\/CAMIP-2-Barranquilla-son-capacitados-contra-el-estres-5-708x420.jpg 708w, \/wp-content\/uploads\/sites\/5\/2023\/04\/CAMIP-2-Barranquilla-son-capacitados-contra-el-estres-5-696x413.jpg 696w, \/wp-content\/uploads\/sites\/5\/2023\/04\/CAMIP-2-Barranquilla-son-capacitados-contra-el-estres-5-1068x634.jpg 1068w, \/wp-content\/uploads\/sites\/5\/2023\/04\/CAMIP-2-Barranquilla-son-capacitados-contra-el-estres-5-534x317.jpg 534w\" sizes=\"auto, (max-width: 1496px) 100vw, 1496px\" \/><\/a><\/p>\n<p>Para mantener una buena salud mental se debe realizar ejercicio constante, comer sano, disfrutar de paseos con familia y amigos, dormir ocho horas diarias, hablar de sus sentimientos o problemas con alguien de confianza y buscar la ayuda profesional, recomend\u00f3 Bola\u00f1os.<\/p>\n<h3><strong>Datos<\/strong><\/h3>\n<p>La Organizaci\u00f3n Mundial de la Salud (OMS) y la Organizaci\u00f3n Internacional del Trabajo (OIT) estiman que cada a\u00f1o se pierden 12 millones de d\u00edas de trabajo debido a ausencias de trabajadores por la depresi\u00f3n y ansiedad, lo que afecta a la econom\u00eda mundial. Adem\u00e1s, destacan que el COVID-19 provoc\u00f3 un aumento del 25% en los casos de ansiedad y depresi\u00f3n a nivel mundial.<\/p>\n<p><a href=\"\/wp-content\/uploads\/sites\/5\/2023\/04\/CAMIP-2-Barranquilla-son-capacitados-contra-el-estres-1.jpg\" target=\"_blank\" rel=\"noopener\"><img loading=\"lazy\" decoding=\"async\" class=\"alignnone wp-image-35008 size-full\" src=\"\/wp-content\/uploads\/sites\/5\/2023\/04\/CAMIP-2-Barranquilla-son-capacitados-contra-el-estres-1.jpg\" alt=\"\" width=\"1438\" height=\"1007\" srcset=\"\/wp-content\/uploads\/sites\/5\/2023\/04\/CAMIP-2-Barranquilla-son-capacitados-contra-el-estres-1.jpg 1438w, \/wp-content\/uploads\/sites\/5\/2023\/04\/CAMIP-2-Barranquilla-son-capacitados-contra-el-estres-1-300x210.jpg 300w, \/wp-content\/uploads\/sites\/5\/2023\/04\/CAMIP-2-Barranquilla-son-capacitados-contra-el-estres-1-768x538.jpg 768w, \/wp-content\/uploads\/sites\/5\/2023\/04\/CAMIP-2-Barranquilla-son-capacitados-contra-el-estres-1-1024x717.jpg 1024w, \/wp-content\/uploads\/sites\/5\/2023\/04\/CAMIP-2-Barranquilla-son-capacitados-contra-el-estres-1-600x420.jpg 600w, \/wp-content\/uploads\/sites\/5\/2023\/04\/CAMIP-2-Barranquilla-son-capacitados-contra-el-estres-1-696x487.jpg 696w, \/wp-content\/uploads\/sites\/5\/2023\/04\/CAMIP-2-Barranquilla-son-capacitados-contra-el-estres-1-1068x748.jpg 1068w, \/wp-content\/uploads\/sites\/5\/2023\/04\/CAMIP-2-Barranquilla-son-capacitados-contra-el-estres-1-100x70.jpg 100w, \/wp-content\/uploads\/sites\/5\/2023\/04\/CAMIP-2-Barranquilla-son-capacitados-contra-el-estres-1-534x374.jpg 534w\" sizes=\"auto, (max-width: 1438px) 100vw, 1438px\" \/><\/a><\/p>","protected":false},"excerpt":{"rendered":"<p>Profesionales de la medicina del Centro de Atenci\u00f3n M\u00e9dica Integral para Pensionados -CAMIP 2 Barranquilla- refrescaron conocimientos con el taller Salud Mental en los Trabajadores, actividad que forma parte de la estrategia Educaci\u00f3n M\u00e9dica Continua que impulsa el IGSS en sus unidades. La licenciada Analizzette Bola\u00f1os Fletes, coordinadora del \u00e1rea de Psicolog\u00eda, destac\u00f3 la importancia [&hellip;]<\/p>\n","protected":false},"author":1961,"featured_media":35010,"comment_status":"closed","ping_status":"closed","sticky":false,"template":"","format":"standard","meta":{"footnotes":""},"categories":[3],"tags":[1157,909,674,675],"coauthors":[],"class_list":{"0":"post-35005","1":"post","2":"type-post","3":"status-publish","4":"format-standard","5":"has-post-thumbnail","7":"category-actualidad","8":"tag-camip-2-barranquilla","9":"tag-estres","10":"tag-oit","11":"tag-oms"},"_links":{"self":[{"href":"https:\/\/www.igssgt.org\/noticias\/wp-json\/wp\/v2\/posts\/35005","targetHints":{"allow":["GET"]}}],"collection":[{"href":"https:\/\/www.igssgt.org\/noticias\/wp-json\/wp\/v2\/posts"}],"about":[{"href":"https:\/\/www.igssgt.org\/noticias\/wp-json\/wp\/v2\/types\/post"}],"author":[{"embeddable":true,"href":"https:\/\/www.igssgt.org\/noticias\/wp-json\/wp\/v2\/users\/1961"}],"replies":[{"embeddable":true,"href":"https:\/\/www.igssgt.org\/noticias\/wp-json\/wp\/v2\/comments?post=35005"}],"version-history":[{"count":3,"href":"https:\/\/www.igssgt.org\/noticias\/wp-json\/wp\/v2\/posts\/35005\/revisions"}],"predecessor-version":[{"id":35014,"href":"https:\/\/www.igssgt.org\/noticias\/wp-json\/wp\/v2\/posts\/35005\/revisions\/35014"}],"wp:featuredmedia":[{"embeddable":true,"href":"https:\/\/www.igssgt.org\/noticias\/wp-json\/wp\/v2\/media\/35010"}],"wp:attachment":[{"href":"https:\/\/www.igssgt.org\/noticias\/wp-json\/wp\/v2\/media?parent=35005"}],"wp:term":[{"taxonomy":"category","embeddable":true,"href":"https:\/\/www.igssgt.org\/noticias\/wp-json\/wp\/v2\/categories?post=35005"},{"taxonomy":"post_tag","embeddable":true,"href":"https:\/\/www.igssgt.org\/noticias\/wp-json\/wp\/v2\/tags?post=35005"},{"taxonomy":"author","embeddable":true,"href":"https:\/\/www.igssgt.org\/noticias\/wp-json\/wp\/v2\/coauthors?post=35005"}],"curies":[{"name":"wp","href":"https:\/\/api.w.org\/{rel}","templated":true}]}}