{"id":35084,"date":"2023-04-21T14:45:00","date_gmt":"2023-04-21T20:45:00","guid":{"rendered":"https:\/\/www.igssgt.org\/noticias\/?p=35084"},"modified":"2023-04-21T16:53:34","modified_gmt":"2023-04-21T22:53:34","slug":"directivo-del-igss-participa-en-el-v-encuentro-iberoamericano-sobre-equidad-de-genero-y-seguridad-social","status":"publish","type":"post","link":"https:\/\/www.igssgt.org\/noticias\/2023\/04\/21\/directivo-del-igss-participa-en-el-v-encuentro-iberoamericano-sobre-equidad-de-genero-y-seguridad-social\/","title":{"rendered":"Directivo del IGSS participa en el V Encuentro Iberoamericano sobre Equidad de G\u00e9nero y Seguridad Social"},"content":{"rendered":"\n<p class=\"has-drop-cap\">Con el prop\u00f3sito de exponer los avances de la inclusi\u00f3n femenina en el IGSS, el se\u00f1or Adolfo Lacs Palomo, vocal III de Junta Directiva Representante del Sector Laboral, particip\u00f3 en el V Encuentro Iberoamericano sobre Equidad de G\u00e9nero y Seguridad Social, en Asunci\u00f3n, Paraguay.<\/p>\n\n\n\n<p><strong>\u00a0<\/strong>El tema de este encuentro regional fue \u201cImpulsando la formalizaci\u00f3n laboral de las mujeres\u201d realizado el 20 y 21 de abril. \u00a0En su disertaci\u00f3n, Lacs habl\u00f3 sobre la cobertura que el Instituto brinda a sus asegurados por igual a trav\u00e9s de los programas Enfermedad, Maternidad y Accidentes (EMA), Invalidez, Vejez y Sobrevivencia (IVS), y el Programa Especial de Protecci\u00f3n Para Trabajadoras de Casa Particular (PRECAPI), entre otros.<\/p>\n<figure id=\"attachment_35086\" aria-describedby=\"caption-attachment-35086\" style=\"width: 1280px\" class=\"wp-caption aligncenter\"><a href=\"\/wp-content\/uploads\/sites\/5\/2023\/04\/V-Encuentro-Iberoamericano-sobre-Equidad-de-Genero-y-Seguridad-Social-IGSS-Lacs-2.jpg\"><img loading=\"lazy\" decoding=\"async\" class=\"wp-image-35086 size-full\" src=\"\/wp-content\/uploads\/sites\/5\/2023\/04\/V-Encuentro-Iberoamericano-sobre-Equidad-de-Genero-y-Seguridad-Social-IGSS-Lacs-2.jpg\" alt=\"\" width=\"1280\" height=\"853\" srcset=\"\/wp-content\/uploads\/sites\/5\/2023\/04\/V-Encuentro-Iberoamericano-sobre-Equidad-de-Genero-y-Seguridad-Social-IGSS-Lacs-2.jpg 1280w, \/wp-content\/uploads\/sites\/5\/2023\/04\/V-Encuentro-Iberoamericano-sobre-Equidad-de-Genero-y-Seguridad-Social-IGSS-Lacs-2-300x200.jpg 300w, \/wp-content\/uploads\/sites\/5\/2023\/04\/V-Encuentro-Iberoamericano-sobre-Equidad-de-Genero-y-Seguridad-Social-IGSS-Lacs-2-768x512.jpg 768w, \/wp-content\/uploads\/sites\/5\/2023\/04\/V-Encuentro-Iberoamericano-sobre-Equidad-de-Genero-y-Seguridad-Social-IGSS-Lacs-2-1024x682.jpg 1024w, \/wp-content\/uploads\/sites\/5\/2023\/04\/V-Encuentro-Iberoamericano-sobre-Equidad-de-Genero-y-Seguridad-Social-IGSS-Lacs-2-630x420.jpg 630w, \/wp-content\/uploads\/sites\/5\/2023\/04\/V-Encuentro-Iberoamericano-sobre-Equidad-de-Genero-y-Seguridad-Social-IGSS-Lacs-2-696x464.jpg 696w, \/wp-content\/uploads\/sites\/5\/2023\/04\/V-Encuentro-Iberoamericano-sobre-Equidad-de-Genero-y-Seguridad-Social-IGSS-Lacs-2-1068x712.jpg 1068w, \/wp-content\/uploads\/sites\/5\/2023\/04\/V-Encuentro-Iberoamericano-sobre-Equidad-de-Genero-y-Seguridad-Social-IGSS-Lacs-2-534x356.jpg 534w\" sizes=\"auto, (max-width: 1280px) 100vw, 1280px\" \/><\/a><figcaption id=\"caption-attachment-35086\" class=\"wp-caption-text\">Sr. Adolfo Lac, miembro de la Junta Directiva del IGSS.<\/figcaption><\/figure>\n<p>Detall\u00f3 que hasta el 2022 los afiliados cotizantes hombres constituyeron el 64.9 por ciento, mientras que las mujeres el 35.1 por ciento. Sin embargo, se debe tener presente que los trabajadores tienen como beneficiarias a sus c\u00f3nyuges, por lo que se asiste a m\u00e1s mujeres de las que indica el porcentaje.<\/p>\n<p>El directivo agreg\u00f3 que el Instituto atiende por enfermedades cr\u00f3nicas a 970 mil 445 mujeres, mientras que 872 mil 672 son hombres. Asimismo, indic\u00f3 que todos los cotizantes se pueden jubilar al cumplir 60 a\u00f1os y completar las 240 contribuciones m\u00ednimas.<\/p>\n<p><a href=\"\/wp-content\/uploads\/sites\/5\/2023\/04\/V-Encuentro-Iberoamericano-sobre-Equidad-de-Genero-y-Seguridad-Social-IGSS-Lacs-04.jpg\"><img loading=\"lazy\" decoding=\"async\" class=\"aligncenter size-full wp-image-35087\" src=\"\/wp-content\/uploads\/sites\/5\/2023\/04\/V-Encuentro-Iberoamericano-sobre-Equidad-de-Genero-y-Seguridad-Social-IGSS-Lacs-04.jpg\" alt=\"\" width=\"1235\" height=\"766\" srcset=\"\/wp-content\/uploads\/sites\/5\/2023\/04\/V-Encuentro-Iberoamericano-sobre-Equidad-de-Genero-y-Seguridad-Social-IGSS-Lacs-04.jpg 1235w, \/wp-content\/uploads\/sites\/5\/2023\/04\/V-Encuentro-Iberoamericano-sobre-Equidad-de-Genero-y-Seguridad-Social-IGSS-Lacs-04-300x186.jpg 300w, \/wp-content\/uploads\/sites\/5\/2023\/04\/V-Encuentro-Iberoamericano-sobre-Equidad-de-Genero-y-Seguridad-Social-IGSS-Lacs-04-768x476.jpg 768w, \/wp-content\/uploads\/sites\/5\/2023\/04\/V-Encuentro-Iberoamericano-sobre-Equidad-de-Genero-y-Seguridad-Social-IGSS-Lacs-04-1024x635.jpg 1024w, \/wp-content\/uploads\/sites\/5\/2023\/04\/V-Encuentro-Iberoamericano-sobre-Equidad-de-Genero-y-Seguridad-Social-IGSS-Lacs-04-677x420.jpg 677w, \/wp-content\/uploads\/sites\/5\/2023\/04\/V-Encuentro-Iberoamericano-sobre-Equidad-de-Genero-y-Seguridad-Social-IGSS-Lacs-04-696x432.jpg 696w, \/wp-content\/uploads\/sites\/5\/2023\/04\/V-Encuentro-Iberoamericano-sobre-Equidad-de-Genero-y-Seguridad-Social-IGSS-Lacs-04-1068x662.jpg 1068w, \/wp-content\/uploads\/sites\/5\/2023\/04\/V-Encuentro-Iberoamericano-sobre-Equidad-de-Genero-y-Seguridad-Social-IGSS-Lacs-04-356x220.jpg 356w, \/wp-content\/uploads\/sites\/5\/2023\/04\/V-Encuentro-Iberoamericano-sobre-Equidad-de-Genero-y-Seguridad-Social-IGSS-Lacs-04-534x331.jpg 534w\" sizes=\"auto, (max-width: 1235px) 100vw, 1235px\" \/><\/a><\/p>\n<h3><strong>Poblaci\u00f3n<\/strong><\/h3>\n<p>Por otro lado, la poblaci\u00f3n econ\u00f3micamente activa formal (PEA) es de 2 millones 114 mil 790, de la cual 1 mill\u00f3n 474 mil 794 son hombres y 639 mil 996 mujeres. Hay actividades econ\u00f3micas en las que ellas ganan m\u00e1s. Por ejemplo, en miner\u00eda y construcci\u00f3n.<\/p>\n<p>Su inserci\u00f3n en el \u00e1mbito laboral formalmente constituido es una de las motivaciones del IGSS para ampliar la cobertura. \u201cPara todas las empresas que cuentan con uno o m\u00e1s trabajadores ser\u00e1 obligatorio inscribirse al Seguro Social, porque la mayor\u00eda son manejadas por mujeres\u201d.<\/p>\n<p>Lacs culmin\u00f3 su intervenci\u00f3n al expresar que un nuevo proyecto contempla incluir a los migrantes al R\u00e9gimen de la Seguridad Social. \u201cPoco m\u00e1s de la mitad son mujeres. As\u00ed podr\u00e1n inscribirse y tener derecho a salud y jubilaci\u00f3n. Incluso si su estatus en el exterior es irregular, su n\u00facleo familiar estar\u00e1 protegido en territorio nacional\u201d, finaliz\u00f3.<\/p>\n","protected":false},"excerpt":{"rendered":"<p>Con el prop\u00f3sito de exponer los avances de la inclusi\u00f3n femenina en el IGSS, el se\u00f1or Adolfo Lacs Palomo, vocal III de Junta Directiva Representante del Sector Laboral, particip\u00f3 en el V Encuentro Iberoamericano sobre Equidad de G\u00e9nero y Seguridad Social, en Asunci\u00f3n, Paraguay. \u00a0El tema de este encuentro regional fue \u201cImpulsando la formalizaci\u00f3n laboral [&hellip;]<\/p>\n","protected":false},"author":4,"featured_media":35085,"comment_status":"closed","ping_status":"closed","sticky":false,"template":"","format":"standard","meta":{"footnotes":""},"categories":[3],"tags":[807],"coauthors":[],"class_list":{"0":"post-35084","1":"post","2":"type-post","3":"status-publish","4":"format-standard","5":"has-post-thumbnail","7":"category-actualidad","8":"tag-sr-adolfo-lacs"},"_links":{"self":[{"href":"https:\/\/www.igssgt.org\/noticias\/wp-json\/wp\/v2\/posts\/35084","targetHints":{"allow":["GET"]}}],"collection":[{"href":"https:\/\/www.igssgt.org\/noticias\/wp-json\/wp\/v2\/posts"}],"about":[{"href":"https:\/\/www.igssgt.org\/noticias\/wp-json\/wp\/v2\/types\/post"}],"author":[{"embeddable":true,"href":"https:\/\/www.igssgt.org\/noticias\/wp-json\/wp\/v2\/users\/4"}],"replies":[{"embeddable":true,"href":"https:\/\/www.igssgt.org\/noticias\/wp-json\/wp\/v2\/comments?post=35084"}],"version-history":[{"count":1,"href":"https:\/\/www.igssgt.org\/noticias\/wp-json\/wp\/v2\/posts\/35084\/revisions"}],"predecessor-version":[{"id":35088,"href":"https:\/\/www.igssgt.org\/noticias\/wp-json\/wp\/v2\/posts\/35084\/revisions\/35088"}],"wp:featuredmedia":[{"embeddable":true,"href":"https:\/\/www.igssgt.org\/noticias\/wp-json\/wp\/v2\/media\/35085"}],"wp:attachment":[{"href":"https:\/\/www.igssgt.org\/noticias\/wp-json\/wp\/v2\/media?parent=35084"}],"wp:term":[{"taxonomy":"category","embeddable":true,"href":"https:\/\/www.igssgt.org\/noticias\/wp-json\/wp\/v2\/categories?post=35084"},{"taxonomy":"post_tag","embeddable":true,"href":"https:\/\/www.igssgt.org\/noticias\/wp-json\/wp\/v2\/tags?post=35084"},{"taxonomy":"author","embeddable":true,"href":"https:\/\/www.igssgt.org\/noticias\/wp-json\/wp\/v2\/coauthors?post=35084"}],"curies":[{"name":"wp","href":"https:\/\/api.w.org\/{rel}","templated":true}]}}