{"id":35145,"date":"2023-04-24T17:16:25","date_gmt":"2023-04-24T23:16:25","guid":{"rendered":"https:\/\/www.igssgt.org\/noticias\/?p=35145"},"modified":"2023-04-24T17:16:51","modified_gmt":"2023-04-24T23:16:51","slug":"brigada-recibe-reconocimiento-por-historica-atencion-en-teleman","status":"publish","type":"post","link":"https:\/\/www.igssgt.org\/noticias\/2023\/04\/24\/brigada-recibe-reconocimiento-por-historica-atencion-en-teleman\/","title":{"rendered":"Brigada recibe reconocimiento por hist\u00f3rica atenci\u00f3n en Telem\u00e1n"},"content":{"rendered":"\n<p class=\"has-drop-cap\">En un merecido homenaje, autoridades del IGSS reconocieron la loable labor de m\u00e1s de un centenar de profesionales de la salud y administrativos en las Jornadas Diferenciadas de la Salud que se realizaron en marzo pasado en la aldea Telem\u00e1n, de Panz\u00f3s, Alta Verapaz.<\/p>\n\n\n<p>El acto fue encabezado por el licenciado Jos\u00e9 Adolfo Flamenco Jau, presidente de la Junta Directiva, quien expres\u00f3 a la brigada su agradecimiento por el trabajo realizado en la zona del Polochic.<\/p>\n<p><a href=\"\/wp-content\/uploads\/sites\/5\/2023\/04\/reconocimiento-teleman-2.jpg\" target=\"_blank\" rel=\"noopener\"><img loading=\"lazy\" decoding=\"async\" class=\"alignnone wp-image-35150 size-full\" src=\"\/wp-content\/uploads\/sites\/5\/2023\/04\/reconocimiento-teleman-2.jpg\" alt=\"\" width=\"2545\" height=\"1839\" srcset=\"\/wp-content\/uploads\/sites\/5\/2023\/04\/reconocimiento-teleman-2.jpg 2545w, \/wp-content\/uploads\/sites\/5\/2023\/04\/reconocimiento-teleman-2-1920x1387.jpg 1920w, \/wp-content\/uploads\/sites\/5\/2023\/04\/reconocimiento-teleman-2-300x217.jpg 300w, \/wp-content\/uploads\/sites\/5\/2023\/04\/reconocimiento-teleman-2-768x555.jpg 768w, \/wp-content\/uploads\/sites\/5\/2023\/04\/reconocimiento-teleman-2-1024x740.jpg 1024w, \/wp-content\/uploads\/sites\/5\/2023\/04\/reconocimiento-teleman-2-1536x1110.jpg 1536w, \/wp-content\/uploads\/sites\/5\/2023\/04\/reconocimiento-teleman-2-2048x1480.jpg 2048w, \/wp-content\/uploads\/sites\/5\/2023\/04\/reconocimiento-teleman-2-581x420.jpg 581w, \/wp-content\/uploads\/sites\/5\/2023\/04\/reconocimiento-teleman-2-696x503.jpg 696w, \/wp-content\/uploads\/sites\/5\/2023\/04\/reconocimiento-teleman-2-1068x772.jpg 1068w, \/wp-content\/uploads\/sites\/5\/2023\/04\/reconocimiento-teleman-2-324x235.jpg 324w, \/wp-content\/uploads\/sites\/5\/2023\/04\/reconocimiento-teleman-2-534x386.jpg 534w\" sizes=\"auto, (max-width: 2545px) 100vw, 2545px\" \/><\/a><\/p>\n<p><strong>\u201cUstedes (trabajadores) se merecen los aplausos por llevar la atenci\u00f3n m\u00e9dica a estos afiliados y derechohabientes que probablemente nunca hab\u00edan tenido acceso a un examen, aunque lo m\u00e1s importantes fue que conocieron que lo que contribuyen con esfuerzo al IGSS fue devuelto en salud\u201d<\/strong>, destac\u00f3 el m\u00e1ximo dirigente en el auditorio Autonom\u00eda.<\/p>\n<p>Por parte, el licenciado Edson Rivera, gerente, felicit\u00f3 y expres\u00f3 sentirse orgulloso por el grupo de profesionales que estuvo integrado por personal de las unidades m\u00e9dicas de Cob\u00e1n, Salam\u00e1, Zacapa, Puerto Barrios y de la capital.<\/p>\n<p><a href=\"\/wp-content\/uploads\/sites\/5\/2023\/04\/reconocimiento-teleman-11.jpg\" target=\"_blank\" rel=\"noopener\"><img loading=\"lazy\" decoding=\"async\" class=\"alignnone wp-image-35159 size-full\" src=\"\/wp-content\/uploads\/sites\/5\/2023\/04\/reconocimiento-teleman-11.jpg\" alt=\"\" width=\"1600\" height=\"1066\" srcset=\"\/wp-content\/uploads\/sites\/5\/2023\/04\/reconocimiento-teleman-11.jpg 1600w, \/wp-content\/uploads\/sites\/5\/2023\/04\/reconocimiento-teleman-11-300x200.jpg 300w, \/wp-content\/uploads\/sites\/5\/2023\/04\/reconocimiento-teleman-11-768x512.jpg 768w, \/wp-content\/uploads\/sites\/5\/2023\/04\/reconocimiento-teleman-11-1024x682.jpg 1024w, \/wp-content\/uploads\/sites\/5\/2023\/04\/reconocimiento-teleman-11-1536x1023.jpg 1536w, \/wp-content\/uploads\/sites\/5\/2023\/04\/reconocimiento-teleman-11-630x420.jpg 630w, \/wp-content\/uploads\/sites\/5\/2023\/04\/reconocimiento-teleman-11-696x464.jpg 696w, \/wp-content\/uploads\/sites\/5\/2023\/04\/reconocimiento-teleman-11-1068x712.jpg 1068w, \/wp-content\/uploads\/sites\/5\/2023\/04\/reconocimiento-teleman-11-534x356.jpg 534w\" sizes=\"auto, (max-width: 1600px) 100vw, 1600px\" \/><\/a><\/p>\n<p><strong>\u201cEn el \u00faltimo a\u00f1o, la Junta Directiva y la Administraci\u00f3n han aprobado nueve proyectos (Acuerdos) que han tenido un impacto directo en la poblaci\u00f3n\u201d<\/strong>, se\u00f1al\u00f3 Rivera, adem\u00e1s de resaltar los avances en seguridad social, como la llevada a Telem\u00e1n donde la poblaci\u00f3n ten\u00eda pr\u00e1cticamente 38 a\u00f1os sin servicios integrales de primera mano.<\/p>\n<h3><strong>Seis d\u00edas<\/strong><\/h3>\n<p>M\u00e1s de 4 mil 800 personas fueron atendidas durante dos jornadas de tres d\u00edas en las fincas Panact\u00e9 y Miralvalle, respectivamente, donde <strong>\u201cUn IGSS m\u00e1s cerca de ti\u201d<\/strong> se hizo patente en un hecho hist\u00f3rico.<\/p>\n<p><strong>\u201cEsto jam\u00e1s lo olvidaremos porque iba m\u00e1s all\u00e1 de una simple jornada m\u00e9dica. Llevamos nuestro compromiso, m\u00edstica y buen nombre a toda esa gente que lo necesitaba\u201d<\/strong>, expres\u00f3 el doctor Juan Roberto Morales Castillo, coordinador de la brigada y jefe del Departamento M\u00e9dico de Servicios T\u00e9cnicos del IGSS.<\/p>\n<p><a href=\"\/wp-content\/uploads\/sites\/5\/2023\/04\/reconocimiento-teleman-6.jpg\" target=\"_blank\" rel=\"noopener\"><img loading=\"lazy\" decoding=\"async\" class=\"alignnone wp-image-35154 size-full\" src=\"\/wp-content\/uploads\/sites\/5\/2023\/04\/reconocimiento-teleman-6.jpg\" alt=\"\" width=\"1518\" height=\"825\" srcset=\"\/wp-content\/uploads\/sites\/5\/2023\/04\/reconocimiento-teleman-6.jpg 1518w, \/wp-content\/uploads\/sites\/5\/2023\/04\/reconocimiento-teleman-6-300x163.jpg 300w, \/wp-content\/uploads\/sites\/5\/2023\/04\/reconocimiento-teleman-6-768x417.jpg 768w, \/wp-content\/uploads\/sites\/5\/2023\/04\/reconocimiento-teleman-6-1024x557.jpg 1024w, \/wp-content\/uploads\/sites\/5\/2023\/04\/reconocimiento-teleman-6-773x420.jpg 773w, \/wp-content\/uploads\/sites\/5\/2023\/04\/reconocimiento-teleman-6-696x378.jpg 696w, \/wp-content\/uploads\/sites\/5\/2023\/04\/reconocimiento-teleman-6-1068x580.jpg 1068w, \/wp-content\/uploads\/sites\/5\/2023\/04\/reconocimiento-teleman-6-534x290.jpg 534w\" sizes=\"auto, (max-width: 1518px) 100vw, 1518px\" \/><\/a><\/p>\n<table style=\"width: 100%;border-collapse: collapse;background-color: #fae696\">\n<tbody>\n<tr>\n<td style=\"width: 100%\">\n<h3><strong>Datos:<\/strong><\/h3>\n<ul>\n<li>Los d\u00edas 15, 16 y 17; y 20, 21 y 22 de marzo se realizaron las jornadas m\u00e9dicas.<\/li>\n<li>Se cont\u00f3 con traductores del idioma quekch\u00ed.<\/li>\n<\/ul>\n<\/td>\n<\/tr>\n<\/tbody>\n<\/table>\n<h3><a href=\"\/wp-content\/uploads\/sites\/5\/2023\/04\/reconocimiento-teleman-9.jpg\" target=\"_blank\" rel=\"noopener\"><img loading=\"lazy\" decoding=\"async\" class=\"alignnone wp-image-35157 size-full\" src=\"\/wp-content\/uploads\/sites\/5\/2023\/04\/reconocimiento-teleman-9.jpg\" alt=\"\" width=\"1457\" height=\"797\" srcset=\"\/wp-content\/uploads\/sites\/5\/2023\/04\/reconocimiento-teleman-9.jpg 1457w, \/wp-content\/uploads\/sites\/5\/2023\/04\/reconocimiento-teleman-9-300x164.jpg 300w, \/wp-content\/uploads\/sites\/5\/2023\/04\/reconocimiento-teleman-9-768x420.jpg 768w, \/wp-content\/uploads\/sites\/5\/2023\/04\/reconocimiento-teleman-9-1024x560.jpg 1024w, \/wp-content\/uploads\/sites\/5\/2023\/04\/reconocimiento-teleman-9-696x381.jpg 696w, \/wp-content\/uploads\/sites\/5\/2023\/04\/reconocimiento-teleman-9-1068x584.jpg 1068w, \/wp-content\/uploads\/sites\/5\/2023\/04\/reconocimiento-teleman-9-534x292.jpg 534w\" sizes=\"auto, (max-width: 1457px) 100vw, 1457px\" \/><\/a><\/h3>\n<h3><strong>Portafolio de servicios llevados a Telem\u00e1n:<\/strong><\/h3>\n<ul>\n<li>Actualizaci\u00f3n de datos<\/li>\n<li>Acreditaci\u00f3n de derechos<\/li>\n<li>Triaje<\/li>\n<li>Signos vitales, peso y talla<\/li>\n<li>Atenci\u00f3n de urgencias e hipodermia<\/li>\n<li>Vacunaci\u00f3n<\/li>\n<li>Glucometr\u00edas<\/li>\n<li>Pediatr\u00eda<\/li>\n<li>Gineco-obstetricia<\/li>\n<li>Medicina interna<\/li>\n<li>Odontolog\u00eda<\/li>\n<li>Cirug\u00eda<\/li>\n<li>Ultrasonidos<\/li>\n<li>Nutrici\u00f3n<\/li>\n<li>Traslado de pacientes en ambulacia<\/li>\n<li>Farmacia<\/li>\n<\/ul>\n\r\n                <style type=\"text\/css\">\r\n                    \r\n                    #tdi_1  .td-doubleSlider-2 .td-item1 {\r\n                        background: url(\/wp-content\/uploads\/sites\/5\/2023\/04\/reconocimiento-teleman-7-80x60.jpg) 0 0 no-repeat;\r\n                    }\r\n                    #tdi_1  .td-doubleSlider-2 .td-item2 {\r\n                        background: url(\/wp-content\/uploads\/sites\/5\/2023\/04\/reconocimiento-teleman-3-80x60.jpg) 0 0 no-repeat;\r\n                    }\r\n                    #tdi_1  .td-doubleSlider-2 .td-item3 {\r\n                        background: url(\/wp-content\/uploads\/sites\/5\/2023\/04\/reconocimiento-teleman-8-80x60.jpg) 0 0 no-repeat;\r\n                    }\r\n                    #tdi_1  .td-doubleSlider-2 .td-item4 {\r\n                        background: url(\/wp-content\/uploads\/sites\/5\/2023\/04\/reconocimiento-teleman-1-80x60.jpg) 0 0 no-repeat;\r\n                    }\r\n                <\/style>\r\n\r\n                <div id=\"tdi_1\" class=\"td-gallery td-slide-on-2-columns\">\r\n                    <div class=\"post_td_gallery\">\r\n                        <div class=\"td-gallery-slide-top\">\r\n                           <div class=\"td-gallery-title\"><\/div>\r\n\r\n                            <div class=\"td-gallery-controls-wrapper\">\r\n                                <div class=\"td-gallery-slide-count\"><span class=\"td-gallery-slide-item-focus\">1<\/span> de 4<\/div>\r\n                                <div class=\"td-gallery-slide-prev-next-but\">\r\n                                    <i class = \"td-icon-left doubleSliderPrevButton\"><\/i>\r\n                                    <i class = \"td-icon-right doubleSliderNextButton\"><\/i>\r\n                                <\/div>\r\n                            <\/div>\r\n                        <\/div>\r\n\r\n                        <div class = \"td-doubleSlider-1 \">\r\n                            <div class = \"td-slider\">\r\n                                \r\n                    <div class = \"td-slide-item td-item1\">\r\n                        <figure class=\"td-slide-galery-figure td-slide-popup-gallery\">\r\n                            <a class=\"slide-gallery-image-link\" href=\"\/wp-content\/uploads\/sites\/5\/2023\/04\/reconocimiento-teleman-7.jpg\" title=\"reconocimiento teleman-7\"  data-caption=\"\"  data-description=\"\">\r\n                                <img decoding=\"async\" src=\"\/wp-content\/uploads\/sites\/5\/2023\/04\/reconocimiento-teleman-7-630x420.jpg\" srcset=\"\/wp-content\/uploads\/sites\/5\/2023\/04\/reconocimiento-teleman-7-630x420.jpg 630w, \/wp-content\/uploads\/sites\/5\/2023\/04\/reconocimiento-teleman-7-300x200.jpg 300w, \/wp-content\/uploads\/sites\/5\/2023\/04\/reconocimiento-teleman-7-768x512.jpg 768w, \/wp-content\/uploads\/sites\/5\/2023\/04\/reconocimiento-teleman-7-1024x682.jpg 1024w, \/wp-content\/uploads\/sites\/5\/2023\/04\/reconocimiento-teleman-7-1536x1023.jpg 1536w, \/wp-content\/uploads\/sites\/5\/2023\/04\/reconocimiento-teleman-7-696x464.jpg 696w, \/wp-content\/uploads\/sites\/5\/2023\/04\/reconocimiento-teleman-7-1068x712.jpg 1068w, \/wp-content\/uploads\/sites\/5\/2023\/04\/reconocimiento-teleman-7-534x356.jpg 534w, \/wp-content\/uploads\/sites\/5\/2023\/04\/reconocimiento-teleman-7.jpg 1600w\" sizes=\"(max-width: 630px) 100vw, 630px\" alt=\"\">\r\n                            <\/a>\r\n                            \r\n                        <\/figure>\r\n                    <\/div>\r\n                    <div class = \"td-slide-item td-item2\">\r\n                        <figure class=\"td-slide-galery-figure td-slide-popup-gallery\">\r\n                            <a class=\"slide-gallery-image-link\" href=\"\/wp-content\/uploads\/sites\/5\/2023\/04\/reconocimiento-teleman-3.jpg\" title=\"reconocimiento teleman-3\"  data-caption=\"\"  data-description=\"\">\r\n                                <img decoding=\"async\" src=\"\/wp-content\/uploads\/sites\/5\/2023\/04\/reconocimiento-teleman-3-754x420.jpg\" srcset=\"\/wp-content\/uploads\/sites\/5\/2023\/04\/reconocimiento-teleman-3-754x420.jpg 754w, \/wp-content\/uploads\/sites\/5\/2023\/04\/reconocimiento-teleman-3-300x167.jpg 300w, \/wp-content\/uploads\/sites\/5\/2023\/04\/reconocimiento-teleman-3-768x428.jpg 768w, \/wp-content\/uploads\/sites\/5\/2023\/04\/reconocimiento-teleman-3-1024x571.jpg 1024w, \/wp-content\/uploads\/sites\/5\/2023\/04\/reconocimiento-teleman-3-1536x856.jpg 1536w, \/wp-content\/uploads\/sites\/5\/2023\/04\/reconocimiento-teleman-3-696x388.jpg 696w, \/wp-content\/uploads\/sites\/5\/2023\/04\/reconocimiento-teleman-3-1068x595.jpg 1068w, \/wp-content\/uploads\/sites\/5\/2023\/04\/reconocimiento-teleman-3-534x298.jpg 534w, \/wp-content\/uploads\/sites\/5\/2023\/04\/reconocimiento-teleman-3.jpg 1570w\" sizes=\"(max-width: 754px) 100vw, 754px\" alt=\"\">\r\n                            <\/a>\r\n                            \r\n                        <\/figure>\r\n                    <\/div>\r\n                    <div class = \"td-slide-item td-item3\">\r\n                        <figure class=\"td-slide-galery-figure td-slide-popup-gallery\">\r\n                            <a class=\"slide-gallery-image-link\" href=\"\/wp-content\/uploads\/sites\/5\/2023\/04\/reconocimiento-teleman-8.jpg\" title=\"reconocimiento teleman-8\"  data-caption=\"\"  data-description=\"\">\r\n                                <img decoding=\"async\" src=\"\/wp-content\/uploads\/sites\/5\/2023\/04\/reconocimiento-teleman-8-588x420.jpg\" srcset=\"\/wp-content\/uploads\/sites\/5\/2023\/04\/reconocimiento-teleman-8-588x420.jpg 588w, \/wp-content\/uploads\/sites\/5\/2023\/04\/reconocimiento-teleman-8-300x214.jpg 300w, \/wp-content\/uploads\/sites\/5\/2023\/04\/reconocimiento-teleman-8-768x549.jpg 768w, \/wp-content\/uploads\/sites\/5\/2023\/04\/reconocimiento-teleman-8-1024x732.jpg 1024w, \/wp-content\/uploads\/sites\/5\/2023\/04\/reconocimiento-teleman-8-696x497.jpg 696w, \/wp-content\/uploads\/sites\/5\/2023\/04\/reconocimiento-teleman-8-1068x763.jpg 1068w, \/wp-content\/uploads\/sites\/5\/2023\/04\/reconocimiento-teleman-8-100x70.jpg 100w, \/wp-content\/uploads\/sites\/5\/2023\/04\/reconocimiento-teleman-8-534x382.jpg 534w, \/wp-content\/uploads\/sites\/5\/2023\/04\/reconocimiento-teleman-8.jpg 1164w\" sizes=\"(max-width: 588px) 100vw, 588px\" alt=\"\">\r\n                            <\/a>\r\n                            \r\n                        <\/figure>\r\n                    <\/div>\r\n                    <div class = \"td-slide-item td-item4\">\r\n                        <figure class=\"td-slide-galery-figure td-slide-popup-gallery\">\r\n                            <a class=\"slide-gallery-image-link\" href=\"\/wp-content\/uploads\/sites\/5\/2023\/04\/reconocimiento-teleman-1-scaled.jpg\" title=\"reconocimiento teleman-1\"  data-caption=\"\"  data-description=\"\">\r\n                                <img decoding=\"async\" src=\"\/wp-content\/uploads\/sites\/5\/2023\/04\/reconocimiento-teleman-1-700x420.jpg\" srcset=\"\/wp-content\/uploads\/sites\/5\/2023\/04\/reconocimiento-teleman-1-700x420.jpg 700w, \/wp-content\/uploads\/sites\/5\/2023\/04\/reconocimiento-teleman-1-1920x1153.jpg 1920w, \/wp-content\/uploads\/sites\/5\/2023\/04\/reconocimiento-teleman-1-300x180.jpg 300w, \/wp-content\/uploads\/sites\/5\/2023\/04\/reconocimiento-teleman-1-768x461.jpg 768w, \/wp-content\/uploads\/sites\/5\/2023\/04\/reconocimiento-teleman-1-1024x615.jpg 1024w, \/wp-content\/uploads\/sites\/5\/2023\/04\/reconocimiento-teleman-1-1536x922.jpg 1536w, \/wp-content\/uploads\/sites\/5\/2023\/04\/reconocimiento-teleman-1-2048x1230.jpg 2048w, \/wp-content\/uploads\/sites\/5\/2023\/04\/reconocimiento-teleman-1-696x418.jpg 696w, \/wp-content\/uploads\/sites\/5\/2023\/04\/reconocimiento-teleman-1-1068x641.jpg 1068w, \/wp-content\/uploads\/sites\/5\/2023\/04\/reconocimiento-teleman-1-534x321.jpg 534w\" sizes=\"(max-width: 700px) 100vw, 700px\" alt=\"\">\r\n                            <\/a>\r\n                            \r\n                        <\/figure>\r\n                    <\/div>\r\n                            <\/div>\r\n                        <\/div>\r\n\r\n                        <div class = \"td-doubleSlider-2\">\r\n                            <div class = \"td-slider\">\r\n                                \r\n                    <div class = \"td-button td-item1\">\r\n                        <div class = \"td-border\"><\/div>\r\n                    <\/div>\r\n                    <div class = \"td-button td-item2\">\r\n                        <div class = \"td-border\"><\/div>\r\n                    <\/div>\r\n                    <div class = \"td-button td-item3\">\r\n                        <div class = \"td-border\"><\/div>\r\n                    <\/div>\r\n                    <div class = \"td-button td-item4\">\r\n                        <div class = \"td-border\"><\/div>\r\n                    <\/div>\r\n                            <\/div>\r\n                        <\/div>\r\n\r\n                    <\/div>\r\n\r\n                <\/div>\r\n                ","protected":false},"excerpt":{"rendered":"<p>En un merecido homenaje, autoridades del IGSS reconocieron la loable labor de m\u00e1s de un centenar de profesionales de la salud y administrativos en las Jornadas Diferenciadas de la Salud que se realizaron en marzo pasado en la aldea Telem\u00e1n, de Panz\u00f3s, Alta Verapaz. El acto fue encabezado por el licenciado Jos\u00e9 Adolfo Flamenco Jau, [&hellip;]<\/p>\n","protected":false},"author":1961,"featured_media":35158,"comment_status":"closed","ping_status":"closed","sticky":false,"template":"","format":"standard","meta":{"footnotes":""},"categories":[3],"tags":[1698,568,1340],"coauthors":[],"class_list":{"0":"post-35145","1":"post","2":"type-post","3":"status-publish","4":"format-standard","5":"has-post-thumbnail","7":"category-actualidad","8":"tag-jornada-diferenciada-de-la-salud","9":"tag-lic-edson-rivera","10":"tag-lic-jose-adolfo-flamenco-jau"},"_links":{"self":[{"href":"https:\/\/www.igssgt.org\/noticias\/wp-json\/wp\/v2\/posts\/35145","targetHints":{"allow":["GET"]}}],"collection":[{"href":"https:\/\/www.igssgt.org\/noticias\/wp-json\/wp\/v2\/posts"}],"about":[{"href":"https:\/\/www.igssgt.org\/noticias\/wp-json\/wp\/v2\/types\/post"}],"author":[{"embeddable":true,"href":"https:\/\/www.igssgt.org\/noticias\/wp-json\/wp\/v2\/users\/1961"}],"replies":[{"embeddable":true,"href":"https:\/\/www.igssgt.org\/noticias\/wp-json\/wp\/v2\/comments?post=35145"}],"version-history":[{"count":5,"href":"https:\/\/www.igssgt.org\/noticias\/wp-json\/wp\/v2\/posts\/35145\/revisions"}],"predecessor-version":[{"id":35163,"href":"https:\/\/www.igssgt.org\/noticias\/wp-json\/wp\/v2\/posts\/35145\/revisions\/35163"}],"wp:featuredmedia":[{"embeddable":true,"href":"https:\/\/www.igssgt.org\/noticias\/wp-json\/wp\/v2\/media\/35158"}],"wp:attachment":[{"href":"https:\/\/www.igssgt.org\/noticias\/wp-json\/wp\/v2\/media?parent=35145"}],"wp:term":[{"taxonomy":"category","embeddable":true,"href":"https:\/\/www.igssgt.org\/noticias\/wp-json\/wp\/v2\/categories?post=35145"},{"taxonomy":"post_tag","embeddable":true,"href":"https:\/\/www.igssgt.org\/noticias\/wp-json\/wp\/v2\/tags?post=35145"},{"taxonomy":"author","embeddable":true,"href":"https:\/\/www.igssgt.org\/noticias\/wp-json\/wp\/v2\/coauthors?post=35145"}],"curies":[{"name":"wp","href":"https:\/\/api.w.org\/{rel}","templated":true}]}}