{"id":35393,"date":"2023-05-07T09:45:00","date_gmt":"2023-05-07T15:45:00","guid":{"rendered":"https:\/\/www.igssgt.org\/noticias\/?p=35393"},"modified":"2025-10-21T13:48:21","modified_gmt":"2025-10-21T19:48:21","slug":"el-igss-es-un-aliado-empresarial-en-la-prevencion-de-riesgos-laborales-2","status":"publish","type":"post","link":"https:\/\/www.igssgt.org\/noticias\/2023\/05\/07\/el-igss-es-un-aliado-empresarial-en-la-prevencion-de-riesgos-laborales-2\/","title":{"rendered":"El IGSS es un aliado empresarial en la prevenci\u00f3n de riesgos laborales"},"content":{"rendered":"\n<p class=\"has-drop-cap\">El Instituto Guatemalteco de Seguridad Social (IGSS) imparte capacitaciones en materia de prevenci\u00f3n y para la reducci\u00f3n de los riesgos laborales a las empresas afiliadas que lo soliciten. La curr\u00edcula es de 45 tem\u00e1ticas de capacitaci\u00f3n que el Instituto pone a disposici\u00f3n de forma virtual y presencial.<\/p>\n\n\n<p><a href=\"\/wp-content\/uploads\/sites\/5\/2023\/05\/riesgos-laborales-2.jpg\" target=\"_blank\" rel=\"noopener\"><img loading=\"lazy\" decoding=\"async\" class=\"alignnone wp-image-35402 size-full\" src=\"\/wp-content\/uploads\/sites\/5\/2023\/05\/riesgos-laborales-2.jpg\" alt=\"\" width=\"768\" height=\"581\" srcset=\"\/wp-content\/uploads\/sites\/5\/2023\/05\/riesgos-laborales-2.jpg 768w, \/wp-content\/uploads\/sites\/5\/2023\/05\/riesgos-laborales-2-300x227.jpg 300w, \/wp-content\/uploads\/sites\/5\/2023\/05\/riesgos-laborales-2-555x420.jpg 555w, \/wp-content\/uploads\/sites\/5\/2023\/05\/riesgos-laborales-2-80x60.jpg 80w, \/wp-content\/uploads\/sites\/5\/2023\/05\/riesgos-laborales-2-696x527.jpg 696w, \/wp-content\/uploads\/sites\/5\/2023\/05\/riesgos-laborales-2-534x404.jpg 534w\" sizes=\"auto, (max-width: 768px) 100vw, 768px\" \/><\/a><\/p>\n<p>El doctor Mynor Mej\u00eda, jefe de la Secci\u00f3n de Salud y Seguridad e Higiene y Prevenci\u00f3n de Accidentes, indic\u00f3 que estos talleres est\u00e1n a cargo del Centro de Formaci\u00f3n Permanente en Salud y Seguridad Ocupacional, el \u00fanico de este tipo que existe en Guatemala.<\/p>\n<p><a href=\"\/wp-content\/uploads\/sites\/5\/2023\/05\/riesgos-laborales-4.jpg\" target=\"_blank\" rel=\"noopener\"><img loading=\"lazy\" decoding=\"async\" class=\"alignnone wp-image-35404 size-full\" src=\"\/wp-content\/uploads\/sites\/5\/2023\/05\/riesgos-laborales-4.jpg\" alt=\"\" width=\"1512\" height=\"977\" srcset=\"\/wp-content\/uploads\/sites\/5\/2023\/05\/riesgos-laborales-4.jpg 1512w, \/wp-content\/uploads\/sites\/5\/2023\/05\/riesgos-laborales-4-300x194.jpg 300w, \/wp-content\/uploads\/sites\/5\/2023\/05\/riesgos-laborales-4-768x496.jpg 768w, \/wp-content\/uploads\/sites\/5\/2023\/05\/riesgos-laborales-4-1024x662.jpg 1024w, \/wp-content\/uploads\/sites\/5\/2023\/05\/riesgos-laborales-4-650x420.jpg 650w, \/wp-content\/uploads\/sites\/5\/2023\/05\/riesgos-laborales-4-696x450.jpg 696w, \/wp-content\/uploads\/sites\/5\/2023\/05\/riesgos-laborales-4-1068x690.jpg 1068w, \/wp-content\/uploads\/sites\/5\/2023\/05\/riesgos-laborales-4-534x345.jpg 534w\" sizes=\"auto, (max-width: 1512px) 100vw, 1512px\" \/><\/a><\/p>\n<p><strong>\u201cEsta es una ayuda directa que brinda el Instituto a las empresas afiliadas\u201d<\/strong>, destac\u00f3 Mej\u00eda, quien agreg\u00f3 que los temas que se imparten son:<\/p>\n<table style=\"height: 529px;width: 100%;border-collapse: collapse;background-color: #abebf7\">\n<tbody>\n<tr style=\"height: 23px\">\n<td style=\"width: 50%;height: 23px\">Primeros auxilios<\/td>\n<td style=\"width: 50%;height: 23px\">Seguridad vial<\/td>\n<\/tr>\n<tr style=\"height: 23px\">\n<td style=\"width: 50%;height: 23px\">Riesgo qu\u00edmico<\/td>\n<td style=\"width: 50%;height: 23px\">Almacenamiento y manejo de carga<\/td>\n<\/tr>\n<tr style=\"height: 23px\">\n<td style=\"width: 50%;height: 23px\">Riesgo biol\u00f3gico<\/td>\n<td style=\"width: 50%;height: 23px\">Desastres<\/td>\n<\/tr>\n<tr style=\"height: 23px\">\n<td style=\"width: 50%;height: 23px\">Normas y procedimientos<\/td>\n<td style=\"width: 50%;height: 23px\">Aspectos psicosociales<\/td>\n<\/tr>\n<tr style=\"height: 23px\">\n<td style=\"width: 50%;height: 23px\">Saneamiento b\u00e1sico<\/td>\n<td style=\"width: 50%;height: 23px\">Riesgo el\u00e9ctrico<\/td>\n<\/tr>\n<tr style=\"height: 23px\">\n<td style=\"width: 50%;height: 23px\">Orden y limpieza<\/td>\n<td style=\"width: 50%;height: 23px\">Organizaci\u00f3n, seguridad e higiene<\/td>\n<\/tr>\n<tr style=\"height: 23px\">\n<td style=\"width: 50%;height: 23px\">Equipo de protecci\u00f3n personal<\/td>\n<td style=\"width: 50%;height: 23px\">Salud mental<\/td>\n<\/tr>\n<tr style=\"height: 23px\">\n<td style=\"width: 50%;height: 23px\">Carga f\u00edsica<\/td>\n<td style=\"width: 50%;height: 23px\">Manejo de extintores<\/td>\n<\/tr>\n<tr style=\"height: 23px\">\n<td style=\"width: 50%;height: 23px\">Divulgaci\u00f3n programa EMA<\/td>\n<td style=\"width: 50%;height: 23px\">Infecciones rotavirus<\/td>\n<\/tr>\n<tr style=\"height: 23px\">\n<td style=\"width: 50%;height: 23px\">Riesgos laborales<\/td>\n<td style=\"width: 50%;height: 23px\">Ruido<\/td>\n<\/tr>\n<tr style=\"height: 23px\">\n<td style=\"width: 50%;height: 23px\">Confort t\u00e9rmico<\/td>\n<td style=\"width: 50%;height: 23px\">Causas y costos de accidentes<\/td>\n<\/tr>\n<tr style=\"height: 23px\">\n<td style=\"width: 50%;height: 23px\">Factores de inseguridad<\/td>\n<td style=\"width: 50%;height: 23px\">Seguridad e higiene<\/td>\n<\/tr>\n<tr style=\"height: 23px\">\n<td style=\"width: 50%;height: 23px\">Drogadicci\u00f3n\/Sida<\/td>\n<td style=\"width: 50%;height: 23px\">Seguridad en el proceso agr\u00edcola<\/td>\n<\/tr>\n<tr style=\"height: 23px\">\n<td style=\"width: 50%;height: 23px\">Uso y manejo de plaguicidas<\/td>\n<td style=\"width: 50%;height: 23px\">Desechos s\u00f3lidos hospitalarios<\/td>\n<\/tr>\n<tr style=\"height: 23px\">\n<td style=\"width: 50%;height: 23px\">Condiciones y medio ambiente de trabajo (CYMAT)<\/td>\n<td style=\"width: 50%;height: 23px\">Manejo de estr\u00e9s<\/td>\n<\/tr>\n<tr style=\"height: 23px\">\n<td style=\"width: 50%;height: 23px\">Manipulaci\u00f3n de alimentos<\/td>\n<td style=\"width: 50%;height: 23px\">Enfermedades de transmisi\u00f3n sexual<\/td>\n<\/tr>\n<tr style=\"height: 23px\">\n<td style=\"width: 50%;height: 23px\">Salud ocupacional<\/td>\n<td style=\"width: 50%;height: 23px\">Iluminaci\u00f3n<\/td>\n<\/tr>\n<tr style=\"height: 23px\">\n<td style=\"width: 50%;height: 23px\">Uso y manejo del machete<\/td>\n<td style=\"width: 50%;height: 23px\">Vibraci\u00f3n\/Radiaci\u00f3n<\/td>\n<\/tr>\n<tr style=\"height: 23px\">\n<td style=\"width: 50%;height: 23px\">Seguridad industrial<\/td>\n<td style=\"width: 50%;height: 23px\">Relaciones humanas<\/td>\n<\/tr>\n<tr style=\"height: 23px\">\n<td style=\"width: 50%;height: 23px\">Alcoholismo<\/td>\n<td style=\"width: 50%;height: 23px\">Pr\u00e1ctica de simulacro<\/td>\n<\/tr>\n<tr style=\"height: 23px\">\n<td style=\"width: 50%;height: 23px\">Ergonom\u00eda<\/td>\n<td style=\"width: 50%;height: 23px\">Accidentes de tr\u00e1nsito<\/td>\n<\/tr>\n<tr style=\"height: 23px\">\n<td style=\"width: 50%;height: 23px\">Uso y manejo de herramientas manuales<\/td>\n<td style=\"width: 50%;height: 23px\">Acuerdo 229-2014 y reformas<\/td>\n<\/tr>\n<tr style=\"height: 23px\">\n<td style=\"width: 50%;height: 23px\">Prevenci\u00f3n del dengue<\/td>\n<td style=\"width: 50%;height: 23px\">\u00a0<\/td>\n<\/tr>\n<\/tbody>\n<\/table>\n<p>Las empresas interesadas en recibir estas capacitaciones deben presentar su solicitud en la <strong>oficina 1020, edificio Torre Caf\u00e9, 7\u00aa avenida 1-20 zona 4,<\/strong> dirigida al <strong>doctor Mynor Mej\u00eda Andrade<\/strong>.<\/p>\n<p><a href=\"\/wp-content\/uploads\/sites\/5\/2023\/05\/riesgos-laborales-3.jpg\" target=\"_blank\" rel=\"noopener\"><img loading=\"lazy\" decoding=\"async\" class=\"alignnone wp-image-35403 size-full\" src=\"\/wp-content\/uploads\/sites\/5\/2023\/05\/riesgos-laborales-3.jpg\" alt=\"\" width=\"1206\" height=\"736\" srcset=\"\/wp-content\/uploads\/sites\/5\/2023\/05\/riesgos-laborales-3.jpg 1206w, \/wp-content\/uploads\/sites\/5\/2023\/05\/riesgos-laborales-3-300x183.jpg 300w, \/wp-content\/uploads\/sites\/5\/2023\/05\/riesgos-laborales-3-768x469.jpg 768w, \/wp-content\/uploads\/sites\/5\/2023\/05\/riesgos-laborales-3-1024x625.jpg 1024w, \/wp-content\/uploads\/sites\/5\/2023\/05\/riesgos-laborales-3-688x420.jpg 688w, \/wp-content\/uploads\/sites\/5\/2023\/05\/riesgos-laborales-3-696x425.jpg 696w, \/wp-content\/uploads\/sites\/5\/2023\/05\/riesgos-laborales-3-1068x652.jpg 1068w, \/wp-content\/uploads\/sites\/5\/2023\/05\/riesgos-laborales-3-534x326.jpg 534w\" sizes=\"auto, (max-width: 1206px) 100vw, 1206px\" \/><\/a><\/p>","protected":false},"excerpt":{"rendered":"<p>El Instituto Guatemalteco de Seguridad Social (IGSS) imparte capacitaciones en materia de prevenci\u00f3n y para la reducci\u00f3n de los riesgos laborales a las empresas afiliadas que lo soliciten. La curr\u00edcula es de 45 tem\u00e1ticas de capacitaci\u00f3n que el Instituto pone a disposici\u00f3n de forma virtual y presencial. El doctor Mynor Mej\u00eda, jefe de la Secci\u00f3n [&hellip;]<\/p>\n","protected":false},"author":1961,"featured_media":35401,"comment_status":"closed","ping_status":"closed","sticky":false,"template":"","format":"standard","meta":{"footnotes":""},"categories":[3,23],"tags":[320,1591,727],"coauthors":[1448],"class_list":{"0":"post-35393","1":"post","2":"type-post","3":"status-publish","4":"format-standard","5":"has-post-thumbnail","7":"category-actualidad","8":"category-patronos","9":"tag-dr-mynor-mejia","10":"tag-gestion-de-riesgos-laborales","11":"tag-prevencion-igss"},"_links":{"self":[{"href":"https:\/\/www.igssgt.org\/noticias\/wp-json\/wp\/v2\/posts\/35393","targetHints":{"allow":["GET"]}}],"collection":[{"href":"https:\/\/www.igssgt.org\/noticias\/wp-json\/wp\/v2\/posts"}],"about":[{"href":"https:\/\/www.igssgt.org\/noticias\/wp-json\/wp\/v2\/types\/post"}],"author":[{"embeddable":true,"href":"https:\/\/www.igssgt.org\/noticias\/wp-json\/wp\/v2\/users\/1961"}],"replies":[{"embeddable":true,"href":"https:\/\/www.igssgt.org\/noticias\/wp-json\/wp\/v2\/comments?post=35393"}],"version-history":[{"count":10,"href":"https:\/\/www.igssgt.org\/noticias\/wp-json\/wp\/v2\/posts\/35393\/revisions"}],"predecessor-version":[{"id":35408,"href":"https:\/\/www.igssgt.org\/noticias\/wp-json\/wp\/v2\/posts\/35393\/revisions\/35408"}],"wp:featuredmedia":[{"embeddable":true,"href":"https:\/\/www.igssgt.org\/noticias\/wp-json\/wp\/v2\/media\/35401"}],"wp:attachment":[{"href":"https:\/\/www.igssgt.org\/noticias\/wp-json\/wp\/v2\/media?parent=35393"}],"wp:term":[{"taxonomy":"category","embeddable":true,"href":"https:\/\/www.igssgt.org\/noticias\/wp-json\/wp\/v2\/categories?post=35393"},{"taxonomy":"post_tag","embeddable":true,"href":"https:\/\/www.igssgt.org\/noticias\/wp-json\/wp\/v2\/tags?post=35393"},{"taxonomy":"author","embeddable":true,"href":"https:\/\/www.igssgt.org\/noticias\/wp-json\/wp\/v2\/coauthors?post=35393"}],"curies":[{"name":"wp","href":"https:\/\/api.w.org\/{rel}","templated":true}]}}