{"id":35536,"date":"2023-05-15T08:00:00","date_gmt":"2023-05-15T14:00:00","guid":{"rendered":"https:\/\/www.igssgt.org\/noticias\/?p=35536"},"modified":"2023-05-15T10:24:14","modified_gmt":"2023-05-15T16:24:14","slug":"webinar-gestion-de-la-seguridad-social-y-salud-ocupacional","status":"publish","type":"post","link":"https:\/\/www.igssgt.org\/noticias\/2023\/05\/15\/webinar-gestion-de-la-seguridad-social-y-salud-ocupacional\/","title":{"rendered":"Webinar: Gesti\u00f3n de la Seguridad Social y Salud Ocupacional"},"content":{"rendered":"\n<p><a href=\"\/wp-content\/uploads\/sites\/5\/2023\/05\/Webinar-Gestio-de-la-seguridad-y-salud-ocupacional-2023.jpg\"><img loading=\"lazy\" decoding=\"async\" class=\"aligncenter size-full wp-image-35538\" src=\"\/wp-content\/uploads\/sites\/5\/2023\/05\/Webinar-Gestio-de-la-seguridad-y-salud-ocupacional-2023.jpg\" alt=\"\" width=\"904\" height=\"1280\" srcset=\"\/wp-content\/uploads\/sites\/5\/2023\/05\/Webinar-Gestio-de-la-seguridad-y-salud-ocupacional-2023.jpg 904w, \/wp-content\/uploads\/sites\/5\/2023\/05\/Webinar-Gestio-de-la-seguridad-y-salud-ocupacional-2023-212x300.jpg 212w, \/wp-content\/uploads\/sites\/5\/2023\/05\/Webinar-Gestio-de-la-seguridad-y-salud-ocupacional-2023-768x1087.jpg 768w, \/wp-content\/uploads\/sites\/5\/2023\/05\/Webinar-Gestio-de-la-seguridad-y-salud-ocupacional-2023-723x1024.jpg 723w, \/wp-content\/uploads\/sites\/5\/2023\/05\/Webinar-Gestio-de-la-seguridad-y-salud-ocupacional-2023-297x420.jpg 297w, \/wp-content\/uploads\/sites\/5\/2023\/05\/Webinar-Gestio-de-la-seguridad-y-salud-ocupacional-2023-696x985.jpg 696w, \/wp-content\/uploads\/sites\/5\/2023\/05\/Webinar-Gestio-de-la-seguridad-y-salud-ocupacional-2023-326x462.jpg 326w\" sizes=\"auto, (max-width: 904px) 100vw, 904px\" \/><\/a><\/p>\n<p>Normativa \/ Reglamento Vigente<\/p>\n<p><strong><span class=\"css-901oao css-16my406 r-poiln3 r-bcqeeo r-qvutc0\">Expositores: <\/span><\/strong><\/p>\n<ul>\n<li>M.Sc<span class=\"css-901oao css-16my406 r-poiln3 r-bcqeeo r-qvutc0\">. Karla Ram\u00edrez, Directora Ejecutiva, <\/span><span class=\"r-18u37iz\">Sisprecon<\/span><\/li>\n<li><span class=\"css-901oao css-16my406 r-poiln3 r-bcqeeo r-qvutc0\">Dr. Mynor Mej\u00eda, Jefe de la Secci\u00f3n de Salud, Seguridad y Prevenci\u00f3n de Accidentes, <\/span><span class=\"r-18u37iz\">IGSS<\/span><\/li>\n<\/ul>\n<p><span class=\"css-901oao css-16my406 r-poiln3 r-bcqeeo r-qvutc0\"><strong>Martes:<\/strong> 23 de mayo de 2023<\/span><\/p>\n<p><span class=\"css-901oao css-16my406 r-poiln3 r-bcqeeo r-qvutc0\"><strong>Horario:<\/strong> 9:00 a 11:00 Hrs. <\/span><\/p>\n<p><strong><span class=\"css-901oao css-16my406 r-poiln3 r-bcqeeo r-qvutc0\">Inscripci\u00f3n gratuita<\/span><\/strong><\/p>\n<p><strong><span class=\"css-901oao css-16my406 r-poiln3 r-bcqeeo r-qvutc0\">Registro Zoom: <\/span><\/strong><a class=\"css-4rbku5 css-18t94o4 css-901oao css-16my406 r-1cvl2hr r-1loqt21 r-poiln3 r-bcqeeo r-qvutc0\" dir=\"ltr\" role=\"link\" href=\"https:\/\/t.co\/62k8CcgjXY\" target=\"_blank\" rel=\"noopener noreferrer nofollow\"><span class=\"css-901oao css-16my406 r-poiln3 r-hiw28u r-qvk6io r-bcqeeo r-qvutc0\" aria-hidden=\"true\">https:\/\/<\/span>bit.ly\/42Vzv2B<\/a><\/p>\n<p><span class=\"css-901oao css-16my406 r-poiln3 r-bcqeeo r-qvutc0\"><strong>M\u00e1s informaci\u00f3n:<\/strong> <a href=\"https:\/\/congresodelacalidad.org\/\" target=\"_blank\" rel=\"noopener\">https:\/\/congresodelacalidad.org\/<\/a><\/span><\/p>\n<p>\u00a0<\/p>\n","protected":false},"excerpt":{"rendered":"<p>Normativa \/ Reglamento Vigente Expositores: M.Sc. Karla Ram\u00edrez, Directora Ejecutiva, Sisprecon Dr. Mynor Mej\u00eda, Jefe de la Secci\u00f3n de Salud, Seguridad y Prevenci\u00f3n de Accidentes, IGSS Martes: 23 de mayo de 2023 Horario: 9:00 a 11:00 Hrs. Inscripci\u00f3n gratuita Registro Zoom: https:\/\/bit.ly\/42Vzv2B M\u00e1s informaci\u00f3n: https:\/\/congresodelacalidad.org\/ \u00a0<\/p>\n","protected":false},"author":4,"featured_media":35537,"comment_status":"closed","ping_status":"closed","sticky":false,"template":"","format":"standard","meta":{"footnotes":""},"categories":[3,17],"tags":[964,1257],"coauthors":[],"class_list":{"0":"post-35536","1":"post","2":"type-post","3":"status-publish","4":"format-standard","5":"has-post-thumbnail","7":"category-actualidad","8":"category-formacion-y-desarrollo","9":"tag-formacion-y-desarrollo","10":"tag-webinar"},"_links":{"self":[{"href":"https:\/\/www.igssgt.org\/noticias\/wp-json\/wp\/v2\/posts\/35536","targetHints":{"allow":["GET"]}}],"collection":[{"href":"https:\/\/www.igssgt.org\/noticias\/wp-json\/wp\/v2\/posts"}],"about":[{"href":"https:\/\/www.igssgt.org\/noticias\/wp-json\/wp\/v2\/types\/post"}],"author":[{"embeddable":true,"href":"https:\/\/www.igssgt.org\/noticias\/wp-json\/wp\/v2\/users\/4"}],"replies":[{"embeddable":true,"href":"https:\/\/www.igssgt.org\/noticias\/wp-json\/wp\/v2\/comments?post=35536"}],"version-history":[{"count":1,"href":"https:\/\/www.igssgt.org\/noticias\/wp-json\/wp\/v2\/posts\/35536\/revisions"}],"predecessor-version":[{"id":35539,"href":"https:\/\/www.igssgt.org\/noticias\/wp-json\/wp\/v2\/posts\/35536\/revisions\/35539"}],"wp:featuredmedia":[{"embeddable":true,"href":"https:\/\/www.igssgt.org\/noticias\/wp-json\/wp\/v2\/media\/35537"}],"wp:attachment":[{"href":"https:\/\/www.igssgt.org\/noticias\/wp-json\/wp\/v2\/media?parent=35536"}],"wp:term":[{"taxonomy":"category","embeddable":true,"href":"https:\/\/www.igssgt.org\/noticias\/wp-json\/wp\/v2\/categories?post=35536"},{"taxonomy":"post_tag","embeddable":true,"href":"https:\/\/www.igssgt.org\/noticias\/wp-json\/wp\/v2\/tags?post=35536"},{"taxonomy":"author","embeddable":true,"href":"https:\/\/www.igssgt.org\/noticias\/wp-json\/wp\/v2\/coauthors?post=35536"}],"curies":[{"name":"wp","href":"https:\/\/api.w.org\/{rel}","templated":true}]}}