{"id":35679,"date":"2023-05-23T14:33:40","date_gmt":"2023-05-23T20:33:40","guid":{"rendered":"https:\/\/www.igssgt.org\/noticias\/?p=35679"},"modified":"2023-05-23T14:33:41","modified_gmt":"2023-05-23T20:33:41","slug":"exitoso-parto-de-trillizos-trae-alegria-a-una-familia-y-al-personal-medico","status":"publish","type":"post","link":"https:\/\/www.igssgt.org\/noticias\/2023\/05\/23\/exitoso-parto-de-trillizos-trae-alegria-a-una-familia-y-al-personal-medico\/","title":{"rendered":"Exitoso parto de trillizos trae alegr\u00eda a una familia y al personal m\u00e9dico"},"content":{"rendered":"\n<p class=\"has-drop-cap\">Una nueva satisfacci\u00f3n que ha llenado de alegr\u00eda tanto a la familia como al equipo multidisciplinario del \u00c1rea de Labor y Partos del Hospital General Dr. Juan Jos\u00e9 Ar\u00e9valo Bermejo fue ver y escuchar los primeros llantos de trillizos tras el alumbramiento de la beneficiaria Silvia Mar\u00eda Paiz Vargas de Linares.<\/p>\n\n\n<p>La ces\u00e1rea programada fue todo un \u00e9xito para la paciente de 35 a\u00f1os que recibi\u00f3 atenci\u00f3n de especialistas en ginecolog\u00eda, pediatr\u00eda y equipo de enfermeros profesionales y auxiliares, entre otros, quienes fueron testigos de un nuevo milagro de vida en el ic\u00f3nico recinto de la zona 6, donde dio a luz a dos ni\u00f1os y una ni\u00f1a.<\/p>\n<p><a href=\"\/wp-content\/uploads\/sites\/5\/2023\/05\/trillizos23-2.jpg\" target=\"_blank\" rel=\"noopener\"><img loading=\"lazy\" decoding=\"async\" class=\"alignleft wp-image-35682\" src=\"\/wp-content\/uploads\/sites\/5\/2023\/05\/trillizos23-2.jpg\" alt=\"\" width=\"368\" height=\"538\" srcset=\"\/wp-content\/uploads\/sites\/5\/2023\/05\/trillizos23-2.jpg 900w, \/wp-content\/uploads\/sites\/5\/2023\/05\/trillizos23-2-205x300.jpg 205w, \/wp-content\/uploads\/sites\/5\/2023\/05\/trillizos23-2-768x1123.jpg 768w, \/wp-content\/uploads\/sites\/5\/2023\/05\/trillizos23-2-700x1024.jpg 700w, \/wp-content\/uploads\/sites\/5\/2023\/05\/trillizos23-2-287x420.jpg 287w, \/wp-content\/uploads\/sites\/5\/2023\/05\/trillizos23-2-696x1018.jpg 696w, \/wp-content\/uploads\/sites\/5\/2023\/05\/trillizos23-2-316x462.jpg 316w\" sizes=\"auto, (max-width: 368px) 100vw, 368px\" \/><\/a>La noticia del nacimiento de los trillizos se propag\u00f3 r\u00e1pidamente por todo el hospital, generando una atm\u00f3sfera de entusiasmo y celebraci\u00f3n. El personal m\u00e9dico se uni\u00f3 para felicitar a los padres y ofrecerles apoyo durante este momento especial.<\/p>\n<p>La familia Linares Paiz expres\u00f3 su gratitud hacia el personal del hospital y su felicidad por la llegada de sus tres nuevos integrantes. <strong>\u00abEstamos emocionados y bendecidos por la llegada de nuestros trillizos. Agradecemos al equipo m\u00e9dico por su cuidado y profesionalismo. Este es un nuevo cap\u00edtulo en nuestras vidas, y estamos ansiosos por darles a nuestros hijos todo el amor y la atenci\u00f3n que merecen\u00bb<\/strong>, dijo emocionada la madre, Silvia mar\u00eda.<\/p>\n<p>El nacimiento de trillizos es un evento inusual y siempre es motivo de asombro. Los m\u00e9dicos se\u00f1alan que, si bien estos casos pueden presentar desaf\u00edos \u00fanicos, los avances en la medicina y la atenci\u00f3n prenatal han permitido mejorar los resultados y brindar el cuidado necesario tanto a la madre como a los reci\u00e9n nacidos.<\/p>\n<p><a href=\"\/wp-content\/uploads\/sites\/5\/2023\/05\/trillizos23-5.jpg\" target=\"_blank\" rel=\"noopener\"><img loading=\"lazy\" decoding=\"async\" class=\"alignright wp-image-35681\" src=\"\/wp-content\/uploads\/sites\/5\/2023\/05\/trillizos23-5.jpg\" alt=\"\" width=\"391\" height=\"538\" srcset=\"\/wp-content\/uploads\/sites\/5\/2023\/05\/trillizos23-5.jpg 900w, \/wp-content\/uploads\/sites\/5\/2023\/05\/trillizos23-5-218x300.jpg 218w, \/wp-content\/uploads\/sites\/5\/2023\/05\/trillizos23-5-768x1056.jpg 768w, \/wp-content\/uploads\/sites\/5\/2023\/05\/trillizos23-5-745x1024.jpg 745w, \/wp-content\/uploads\/sites\/5\/2023\/05\/trillizos23-5-306x420.jpg 306w, \/wp-content\/uploads\/sites\/5\/2023\/05\/trillizos23-5-696x957.jpg 696w, \/wp-content\/uploads\/sites\/5\/2023\/05\/trillizos23-5-336x462.jpg 336w\" sizes=\"auto, (max-width: 391px) 100vw, 391px\" \/><\/a>Este nacimiento de trillizos es un recordatorio de que la vida siempre nos sorprende y nos regala momentos de alegr\u00eda y esperanza, incluso en los momentos m\u00e1s dif\u00edciles. Este acontecimiento extraordinario ha dejado una huella, brindando una historia de esperanza y felicidad en medio de estos tiempos desafiantes.<\/p>\n<p>Los trillizos gozan de buena salud y quedaron ingresados en el Intensivo de Neonatos con el objetivo de ganar un poco de peso para que en unos d\u00edas conozcan su hogar.<\/p>\n<p>Este tipo de gestaci\u00f3n lleva un seguimiento especial a trav\u00e9s de las cl\u00ednicas de Maternidad de Mediano y Alto Riesgo, donde embarazadas reciben un control y monitoreo constante que permite concluir su estado en \u00f3ptimas condiciones, as\u00ed como la de los beb\u00e9s.<\/p>\n<p>El 19 de septiembre del a\u00f1o pasado tuvo lugar el \u00faltimo nacimiento tambi\u00e9n de trillizos en este nosocomio, en aquella ocasi\u00f3n vinieron al mundo dos mujeres y un var\u00f3n.<\/p>\n<p>El Seguro Social se enorgullece de haber sido el escenario de esta historia llena de esperanza y felicidad.<\/p>","protected":false},"excerpt":{"rendered":"<p>Una nueva satisfacci\u00f3n que ha llenado de alegr\u00eda tanto a la familia como al equipo multidisciplinario del \u00c1rea de Labor y Partos del Hospital General Dr. Juan Jos\u00e9 Ar\u00e9valo Bermejo fue ver y escuchar los primeros llantos de trillizos tras el alumbramiento de la beneficiaria Silvia Mar\u00eda Paiz Vargas de Linares. La ces\u00e1rea programada fue [&hellip;]<\/p>\n","protected":false},"author":1961,"featured_media":35680,"comment_status":"closed","ping_status":"closed","sticky":false,"template":"","format":"standard","meta":{"footnotes":""},"categories":[3],"tags":[479,1282,1164],"coauthors":[],"class_list":{"0":"post-35679","1":"post","2":"type-post","3":"status-publish","4":"format-standard","5":"has-post-thumbnail","7":"category-actualidad","8":"tag-hospital-dr-juan-jose-arevalo-bermejo","9":"tag-nacimiento-de-trillizos","10":"tag-partos"},"_links":{"self":[{"href":"https:\/\/www.igssgt.org\/noticias\/wp-json\/wp\/v2\/posts\/35679","targetHints":{"allow":["GET"]}}],"collection":[{"href":"https:\/\/www.igssgt.org\/noticias\/wp-json\/wp\/v2\/posts"}],"about":[{"href":"https:\/\/www.igssgt.org\/noticias\/wp-json\/wp\/v2\/types\/post"}],"author":[{"embeddable":true,"href":"https:\/\/www.igssgt.org\/noticias\/wp-json\/wp\/v2\/users\/1961"}],"replies":[{"embeddable":true,"href":"https:\/\/www.igssgt.org\/noticias\/wp-json\/wp\/v2\/comments?post=35679"}],"version-history":[{"count":1,"href":"https:\/\/www.igssgt.org\/noticias\/wp-json\/wp\/v2\/posts\/35679\/revisions"}],"predecessor-version":[{"id":35683,"href":"https:\/\/www.igssgt.org\/noticias\/wp-json\/wp\/v2\/posts\/35679\/revisions\/35683"}],"wp:featuredmedia":[{"embeddable":true,"href":"https:\/\/www.igssgt.org\/noticias\/wp-json\/wp\/v2\/media\/35680"}],"wp:attachment":[{"href":"https:\/\/www.igssgt.org\/noticias\/wp-json\/wp\/v2\/media?parent=35679"}],"wp:term":[{"taxonomy":"category","embeddable":true,"href":"https:\/\/www.igssgt.org\/noticias\/wp-json\/wp\/v2\/categories?post=35679"},{"taxonomy":"post_tag","embeddable":true,"href":"https:\/\/www.igssgt.org\/noticias\/wp-json\/wp\/v2\/tags?post=35679"},{"taxonomy":"author","embeddable":true,"href":"https:\/\/www.igssgt.org\/noticias\/wp-json\/wp\/v2\/coauthors?post=35679"}],"curies":[{"name":"wp","href":"https:\/\/api.w.org\/{rel}","templated":true}]}}