{"id":35730,"date":"2023-05-25T11:32:14","date_gmt":"2023-05-25T17:32:14","guid":{"rendered":"https:\/\/www.igssgt.org\/noticias\/?p=35730"},"modified":"2023-05-25T16:37:19","modified_gmt":"2023-05-25T22:37:19","slug":"periferica-zona-11-remodela-instalaciones","status":"publish","type":"post","link":"https:\/\/www.igssgt.org\/noticias\/2023\/05\/25\/periferica-zona-11-remodela-instalaciones\/","title":{"rendered":"Perif\u00e9rica Zona 11 remodela instalaciones"},"content":{"rendered":"\n<p class=\"has-drop-cap\">La Unidad Perif\u00e9rica Zona 11 del Instituto Guatemalteco de Seguridad Social dentro de sus proyectos de remozamiento de las diferentes \u00e1reas, inaugur\u00f3 las instalaciones del Departamento de Trabajo Social y Suspensi\u00f3n por M\u00e9dico Particular, con el fin de brindar un espacio m\u00e1s c\u00f3modo y agradable para la poblaci\u00f3n afiliada.<\/p>\n\n\n<p><strong>\u201cEstos servicios cumplen con todos los est\u00e1ndares de iluminaci\u00f3n y ventilaci\u00f3n, este tipo de remodelaciones se llevar\u00e1n a cabo en otras jefaturas con el fin de fortalecer la atenci\u00f3n que brinda el Seguro Social en esta unidad\u201d<\/strong>, puntualiz\u00f3 la Doctora, Karla Gonz\u00e1lez, directora m\u00e9dica.<\/p>\n<p><a href=\"\/wp-content\/uploads\/sites\/5\/2023\/05\/remodelacion-zona-11-5.jpg\" target=\"_blank\" rel=\"noopener\"><img loading=\"lazy\" decoding=\"async\" class=\"alignnone wp-image-35735 size-full\" src=\"\/wp-content\/uploads\/sites\/5\/2023\/05\/remodelacion-zona-11-5.jpg\" alt=\"\" width=\"1442\" height=\"976\" srcset=\"\/wp-content\/uploads\/sites\/5\/2023\/05\/remodelacion-zona-11-5.jpg 1442w, \/wp-content\/uploads\/sites\/5\/2023\/05\/remodelacion-zona-11-5-300x203.jpg 300w, \/wp-content\/uploads\/sites\/5\/2023\/05\/remodelacion-zona-11-5-768x520.jpg 768w, \/wp-content\/uploads\/sites\/5\/2023\/05\/remodelacion-zona-11-5-1024x693.jpg 1024w, \/wp-content\/uploads\/sites\/5\/2023\/05\/remodelacion-zona-11-5-621x420.jpg 621w, \/wp-content\/uploads\/sites\/5\/2023\/05\/remodelacion-zona-11-5-696x471.jpg 696w, \/wp-content\/uploads\/sites\/5\/2023\/05\/remodelacion-zona-11-5-1068x723.jpg 1068w, \/wp-content\/uploads\/sites\/5\/2023\/05\/remodelacion-zona-11-5-534x361.jpg 534w\" sizes=\"auto, (max-width: 1442px) 100vw, 1442px\" \/><\/a><\/p>\n<p>Trabajo Social apoya diariamente a los pacientes en consejer\u00eda, asesor\u00eda y orientaci\u00f3n de los diferentes programas, promoci\u00f3n de la salud y prevenci\u00f3n de enfermedades, suscripci\u00f3n de comprobaci\u00f3n de vivencia y persistencia de derechos.<\/p>\n<blockquote>\n<p>Tenemos hasta 400 expedientes por mes para analizar y revisar, es un trabajo que necesita un \u00e1rea adecuada y amplia como el sue\u00f1o que ahora vemos materializado<\/p>\n<\/blockquote>\n<p style=\"text-align: right\"><em>M\u00e9dico Auditor, Doctor Juan Carlos Moncada<\/em><\/p>\n<p>En el caso de Suspensi\u00f3n por M\u00e9dico Particular se encarga de legalizar las suspensiones de pacientes que son atendidos en cl\u00ednicas, sanatorios, hospitales privados o nacionales por enfermedades de cualquier \u00edndole, accidentes o embarazo.<\/p>\n<p><a href=\"\/wp-content\/uploads\/sites\/5\/2023\/05\/remodelacion-zona-11-1.jpg\" target=\"_blank\" rel=\"noopener\"><img loading=\"lazy\" decoding=\"async\" class=\"alignnone wp-image-35736 size-full\" src=\"\/wp-content\/uploads\/sites\/5\/2023\/05\/remodelacion-zona-11-1.jpg\" alt=\"\" width=\"1319\" height=\"885\" srcset=\"\/wp-content\/uploads\/sites\/5\/2023\/05\/remodelacion-zona-11-1.jpg 1319w, \/wp-content\/uploads\/sites\/5\/2023\/05\/remodelacion-zona-11-1-300x201.jpg 300w, \/wp-content\/uploads\/sites\/5\/2023\/05\/remodelacion-zona-11-1-768x515.jpg 768w, \/wp-content\/uploads\/sites\/5\/2023\/05\/remodelacion-zona-11-1-1024x687.jpg 1024w, \/wp-content\/uploads\/sites\/5\/2023\/05\/remodelacion-zona-11-1-626x420.jpg 626w, \/wp-content\/uploads\/sites\/5\/2023\/05\/remodelacion-zona-11-1-696x467.jpg 696w, \/wp-content\/uploads\/sites\/5\/2023\/05\/remodelacion-zona-11-1-1068x717.jpg 1068w, \/wp-content\/uploads\/sites\/5\/2023\/05\/remodelacion-zona-11-1-534x358.jpg 534w\" sizes=\"auto, (max-width: 1319px) 100vw, 1319px\" \/><\/a><\/p>\n<p>El m\u00e9dico auditor de Suspensi\u00f3n por M\u00e9dico Particular, Doctor Juan Carlos Moncada agradeci\u00f3 a las autoridades por llevar a cabo esta remodelaci\u00f3n que beneficiar\u00e1 directamente a los trabajadores del servicio y a los afiliados que acuden a realizar tr\u00e1mites. Tambi\u00e9n el Licenciado, Filiberto Guzm\u00e1n, supervisor del Departamento de Trabajo Social enfatiz\u00f3 la importancia de contar con instalaciones adecuadas para recibir a las personas que buscan la asesor\u00eda.<\/p>\n<table style=\"border-collapse: collapse;width: 100%\">\n<tbody>\n<tr>\n<td style=\"width: 50%;text-align: center;background-color: #fce2bd\"><strong>Servicio<\/strong><\/td>\n<td style=\"width: 50%;text-align: center;background-color: #fce2bd\"><strong>Volumen de producci\u00f3n 2022-2023<\/strong><\/td>\n<\/tr>\n<tr>\n<td style=\"width: 50%;text-align: center\">Trabajo Social<\/td>\n<td style=\"width: 50%;text-align: center\">1,782 asesor\u00edas, charlas y visitas t\u00e9cnicas<\/td>\n<\/tr>\n<tr>\n<td style=\"width: 50%;text-align: center\">Suspensi\u00f3n por m\u00e9dico particular<\/td>\n<td style=\"width: 50%;text-align: center\">5,852 consultas presenciales y correo electr\u00f3nico<\/td>\n<\/tr>\n<\/tbody>\n<\/table>\n\r\n                <style type=\"text\/css\">\r\n                    \r\n                    #tdi_1  .td-doubleSlider-2 .td-item1 {\r\n                        background: url(\/wp-content\/uploads\/sites\/5\/2023\/05\/remodelacion-zona-11-7-80x60.jpg) 0 0 no-repeat;\r\n                    }\r\n                    #tdi_1  .td-doubleSlider-2 .td-item2 {\r\n                        background: url(\/wp-content\/uploads\/sites\/5\/2023\/05\/remodelacion-zona-11-8-80x60.jpg) 0 0 no-repeat;\r\n                    }\r\n                    #tdi_1  .td-doubleSlider-2 .td-item3 {\r\n                        background: url(\/wp-content\/uploads\/sites\/5\/2023\/05\/remodelacion-zona-11-4-80x60.jpg) 0 0 no-repeat;\r\n                    }\r\n                    #tdi_1  .td-doubleSlider-2 .td-item4 {\r\n                        background: url(\/wp-content\/uploads\/sites\/5\/2023\/05\/remodelacion-zona-11-3-80x60.jpg) 0 0 no-repeat;\r\n                    }\r\n                    #tdi_1  .td-doubleSlider-2 .td-item5 {\r\n                        background: url(\/wp-content\/uploads\/sites\/5\/2023\/05\/remodelacion-zona-11-6-80x60.jpg) 0 0 no-repeat;\r\n                    }\r\n                    #tdi_1  .td-doubleSlider-2 .td-item6 {\r\n                        background: url(\/wp-content\/uploads\/sites\/5\/2023\/05\/remodelacion-zona-11-9-80x60.jpg) 0 0 no-repeat;\r\n                    }\r\n                <\/style>\r\n\r\n                <div id=\"tdi_1\" class=\"td-gallery td-slide-on-2-columns\">\r\n                    <div class=\"post_td_gallery\">\r\n                        <div class=\"td-gallery-slide-top\">\r\n                           <div class=\"td-gallery-title\"><\/div>\r\n\r\n                            <div class=\"td-gallery-controls-wrapper\">\r\n                                <div class=\"td-gallery-slide-count\"><span class=\"td-gallery-slide-item-focus\">1<\/span> de 6<\/div>\r\n                                <div class=\"td-gallery-slide-prev-next-but\">\r\n                                    <i class = \"td-icon-left doubleSliderPrevButton\"><\/i>\r\n                                    <i class = \"td-icon-right doubleSliderNextButton\"><\/i>\r\n                                <\/div>\r\n                            <\/div>\r\n                        <\/div>\r\n\r\n                        <div class = \"td-doubleSlider-1 \">\r\n                            <div class = \"td-slider\">\r\n                                \r\n                    <div class = \"td-slide-item td-item1\">\r\n                        <figure class=\"td-slide-galery-figure td-slide-popup-gallery\">\r\n                            <a class=\"slide-gallery-image-link\" href=\"\/wp-content\/uploads\/sites\/5\/2023\/05\/remodelacion-zona-11-7.jpg\" title=\"remodelacion zona 11-7\"  data-caption=\"\"  data-description=\"\">\r\n                                <img decoding=\"async\" src=\"\/wp-content\/uploads\/sites\/5\/2023\/05\/remodelacion-zona-11-7-630x420.jpg\" srcset=\"\/wp-content\/uploads\/sites\/5\/2023\/05\/remodelacion-zona-11-7-630x420.jpg 630w, \/wp-content\/uploads\/sites\/5\/2023\/05\/remodelacion-zona-11-7-300x200.jpg 300w, \/wp-content\/uploads\/sites\/5\/2023\/05\/remodelacion-zona-11-7-768x512.jpg 768w, \/wp-content\/uploads\/sites\/5\/2023\/05\/remodelacion-zona-11-7-1024x682.jpg 1024w, \/wp-content\/uploads\/sites\/5\/2023\/05\/remodelacion-zona-11-7-1536x1023.jpg 1536w, \/wp-content\/uploads\/sites\/5\/2023\/05\/remodelacion-zona-11-7-696x464.jpg 696w, \/wp-content\/uploads\/sites\/5\/2023\/05\/remodelacion-zona-11-7-1068x712.jpg 1068w, \/wp-content\/uploads\/sites\/5\/2023\/05\/remodelacion-zona-11-7-534x356.jpg 534w, \/wp-content\/uploads\/sites\/5\/2023\/05\/remodelacion-zona-11-7.jpg 1600w\" sizes=\"(max-width: 630px) 100vw, 630px\" alt=\"\">\r\n                            <\/a>\r\n                            \r\n                        <\/figure>\r\n                    <\/div>\r\n                    <div class = \"td-slide-item td-item2\">\r\n                        <figure class=\"td-slide-galery-figure td-slide-popup-gallery\">\r\n                            <a class=\"slide-gallery-image-link\" href=\"\/wp-content\/uploads\/sites\/5\/2023\/05\/remodelacion-zona-11-8.jpg\" title=\"remodelacion zona 11-8\"  data-caption=\"\"  data-description=\"\">\r\n                                <img decoding=\"async\" src=\"\/wp-content\/uploads\/sites\/5\/2023\/05\/remodelacion-zona-11-8-735x420.jpg\" srcset=\"\/wp-content\/uploads\/sites\/5\/2023\/05\/remodelacion-zona-11-8-735x420.jpg 735w, \/wp-content\/uploads\/sites\/5\/2023\/05\/remodelacion-zona-11-8-300x171.jpg 300w, \/wp-content\/uploads\/sites\/5\/2023\/05\/remodelacion-zona-11-8-768x439.jpg 768w, \/wp-content\/uploads\/sites\/5\/2023\/05\/remodelacion-zona-11-8-1024x585.jpg 1024w, \/wp-content\/uploads\/sites\/5\/2023\/05\/remodelacion-zona-11-8-696x398.jpg 696w, \/wp-content\/uploads\/sites\/5\/2023\/05\/remodelacion-zona-11-8-1068x610.jpg 1068w, \/wp-content\/uploads\/sites\/5\/2023\/05\/remodelacion-zona-11-8-534x305.jpg 534w, \/wp-content\/uploads\/sites\/5\/2023\/05\/remodelacion-zona-11-8.jpg 1379w\" sizes=\"(max-width: 735px) 100vw, 735px\" alt=\"\">\r\n                            <\/a>\r\n                            \r\n                        <\/figure>\r\n                    <\/div>\r\n                    <div class = \"td-slide-item td-item3\">\r\n                        <figure class=\"td-slide-galery-figure td-slide-popup-gallery\">\r\n                            <a class=\"slide-gallery-image-link\" href=\"\/wp-content\/uploads\/sites\/5\/2023\/05\/remodelacion-zona-11-4.jpg\" title=\"remodelacion zona 11-4\"  data-caption=\"\"  data-description=\"\">\r\n                                <img decoding=\"async\" src=\"\/wp-content\/uploads\/sites\/5\/2023\/05\/remodelacion-zona-11-4-589x420.jpg\" srcset=\"\/wp-content\/uploads\/sites\/5\/2023\/05\/remodelacion-zona-11-4-589x420.jpg 589w, \/wp-content\/uploads\/sites\/5\/2023\/05\/remodelacion-zona-11-4-300x214.jpg 300w, \/wp-content\/uploads\/sites\/5\/2023\/05\/remodelacion-zona-11-4-768x548.jpg 768w, \/wp-content\/uploads\/sites\/5\/2023\/05\/remodelacion-zona-11-4-1024x730.jpg 1024w, \/wp-content\/uploads\/sites\/5\/2023\/05\/remodelacion-zona-11-4-696x496.jpg 696w, \/wp-content\/uploads\/sites\/5\/2023\/05\/remodelacion-zona-11-4-1068x761.jpg 1068w, \/wp-content\/uploads\/sites\/5\/2023\/05\/remodelacion-zona-11-4-100x70.jpg 100w, \/wp-content\/uploads\/sites\/5\/2023\/05\/remodelacion-zona-11-4-534x381.jpg 534w, \/wp-content\/uploads\/sites\/5\/2023\/05\/remodelacion-zona-11-4.jpg 1146w\" sizes=\"(max-width: 589px) 100vw, 589px\" alt=\"\">\r\n                            <\/a>\r\n                            \r\n                        <\/figure>\r\n                    <\/div>\r\n                    <div class = \"td-slide-item td-item4\">\r\n                        <figure class=\"td-slide-galery-figure td-slide-popup-gallery\">\r\n                            <a class=\"slide-gallery-image-link\" href=\"\/wp-content\/uploads\/sites\/5\/2023\/05\/remodelacion-zona-11-3.jpg\" title=\"remodelacion zona 11-3\"  data-caption=\"\"  data-description=\"\">\r\n                                <img decoding=\"async\" src=\"\/wp-content\/uploads\/sites\/5\/2023\/05\/remodelacion-zona-11-3-690x420.jpg\" srcset=\"\/wp-content\/uploads\/sites\/5\/2023\/05\/remodelacion-zona-11-3-690x420.jpg 690w, \/wp-content\/uploads\/sites\/5\/2023\/05\/remodelacion-zona-11-3-300x183.jpg 300w, \/wp-content\/uploads\/sites\/5\/2023\/05\/remodelacion-zona-11-3-768x467.jpg 768w, \/wp-content\/uploads\/sites\/5\/2023\/05\/remodelacion-zona-11-3-1024x623.jpg 1024w, \/wp-content\/uploads\/sites\/5\/2023\/05\/remodelacion-zona-11-3-696x424.jpg 696w, \/wp-content\/uploads\/sites\/5\/2023\/05\/remodelacion-zona-11-3-1068x650.jpg 1068w, \/wp-content\/uploads\/sites\/5\/2023\/05\/remodelacion-zona-11-3-534x325.jpg 534w, \/wp-content\/uploads\/sites\/5\/2023\/05\/remodelacion-zona-11-3.jpg 1377w\" sizes=\"(max-width: 690px) 100vw, 690px\" alt=\"\">\r\n                            <\/a>\r\n                            \r\n                        <\/figure>\r\n                    <\/div>\r\n                    <div class = \"td-slide-item td-item5\">\r\n                        <figure class=\"td-slide-galery-figure td-slide-popup-gallery\">\r\n                            <a class=\"slide-gallery-image-link\" href=\"\/wp-content\/uploads\/sites\/5\/2023\/05\/remodelacion-zona-11-6.jpg\" title=\"remodelacion zona 11-6\"  data-caption=\"\"  data-description=\"\">\r\n                                <img decoding=\"async\" src=\"\/wp-content\/uploads\/sites\/5\/2023\/05\/remodelacion-zona-11-6-630x420.jpg\" srcset=\"\/wp-content\/uploads\/sites\/5\/2023\/05\/remodelacion-zona-11-6-630x420.jpg 630w, \/wp-content\/uploads\/sites\/5\/2023\/05\/remodelacion-zona-11-6-300x200.jpg 300w, \/wp-content\/uploads\/sites\/5\/2023\/05\/remodelacion-zona-11-6-768x512.jpg 768w, \/wp-content\/uploads\/sites\/5\/2023\/05\/remodelacion-zona-11-6-1024x683.jpg 1024w, \/wp-content\/uploads\/sites\/5\/2023\/05\/remodelacion-zona-11-6-696x464.jpg 696w, \/wp-content\/uploads\/sites\/5\/2023\/05\/remodelacion-zona-11-6-1068x712.jpg 1068w, \/wp-content\/uploads\/sites\/5\/2023\/05\/remodelacion-zona-11-6-534x356.jpg 534w, \/wp-content\/uploads\/sites\/5\/2023\/05\/remodelacion-zona-11-6.jpg 1381w\" sizes=\"(max-width: 630px) 100vw, 630px\" alt=\"\">\r\n                            <\/a>\r\n                            \r\n                        <\/figure>\r\n                    <\/div>\r\n                    <div class = \"td-slide-item td-item6\">\r\n                        <figure class=\"td-slide-galery-figure td-slide-popup-gallery\">\r\n                            <a class=\"slide-gallery-image-link\" href=\"\/wp-content\/uploads\/sites\/5\/2023\/05\/remodelacion-zona-11-9.jpg\" title=\"remodelacion zona 11-9\"  data-caption=\"\"  data-description=\"\">\r\n                                <img decoding=\"async\" src=\"\/wp-content\/uploads\/sites\/5\/2023\/05\/remodelacion-zona-11-9-689x420.jpg\" srcset=\"\/wp-content\/uploads\/sites\/5\/2023\/05\/remodelacion-zona-11-9-689x420.jpg 689w, \/wp-content\/uploads\/sites\/5\/2023\/05\/remodelacion-zona-11-9-300x183.jpg 300w, \/wp-content\/uploads\/sites\/5\/2023\/05\/remodelacion-zona-11-9-768x468.jpg 768w, \/wp-content\/uploads\/sites\/5\/2023\/05\/remodelacion-zona-11-9-1024x625.jpg 1024w, \/wp-content\/uploads\/sites\/5\/2023\/05\/remodelacion-zona-11-9-696x424.jpg 696w, \/wp-content\/uploads\/sites\/5\/2023\/05\/remodelacion-zona-11-9-1068x651.jpg 1068w, \/wp-content\/uploads\/sites\/5\/2023\/05\/remodelacion-zona-11-9-534x326.jpg 534w, \/wp-content\/uploads\/sites\/5\/2023\/05\/remodelacion-zona-11-9.jpg 1520w\" sizes=\"(max-width: 689px) 100vw, 689px\" alt=\"\">\r\n                            <\/a>\r\n                            \r\n                        <\/figure>\r\n                    <\/div>\r\n                            <\/div>\r\n                        <\/div>\r\n\r\n                        <div class = \"td-doubleSlider-2\">\r\n                            <div class = \"td-slider\">\r\n                                \r\n                    <div class = \"td-button td-item1\">\r\n                        <div class = \"td-border\"><\/div>\r\n                    <\/div>\r\n                    <div class = \"td-button td-item2\">\r\n                        <div class = \"td-border\"><\/div>\r\n                    <\/div>\r\n                    <div class = \"td-button td-item3\">\r\n                        <div class = \"td-border\"><\/div>\r\n                    <\/div>\r\n                    <div class = \"td-button td-item4\">\r\n                        <div class = \"td-border\"><\/div>\r\n                    <\/div>\r\n                    <div class = \"td-button td-item5\">\r\n                        <div class = \"td-border\"><\/div>\r\n                    <\/div>\r\n                    <div class = \"td-button td-item6\">\r\n                        <div class = \"td-border\"><\/div>\r\n                    <\/div>\r\n                            <\/div>\r\n                        <\/div>\r\n\r\n                    <\/div>\r\n\r\n                <\/div>\r\n                ","protected":false},"excerpt":{"rendered":"<p>La Unidad Perif\u00e9rica Zona 11 del Instituto Guatemalteco de Seguridad Social dentro de sus proyectos de remozamiento de las diferentes \u00e1reas, inaugur\u00f3 las instalaciones del Departamento de Trabajo Social y Suspensi\u00f3n por M\u00e9dico Particular, con el fin de brindar un espacio m\u00e1s c\u00f3modo y agradable para la poblaci\u00f3n afiliada. \u201cEstos servicios cumplen con todos los [&hellip;]<\/p>\n","protected":false},"author":1961,"featured_media":35734,"comment_status":"closed","ping_status":"closed","sticky":false,"template":"","format":"standard","meta":{"footnotes":""},"categories":[3],"tags":[1554,1711,1443],"coauthors":[],"class_list":{"0":"post-35730","1":"post","2":"type-post","3":"status-publish","4":"format-standard","5":"has-post-thumbnail","7":"category-actualidad","8":"tag-departamento-de-trabajo-social","9":"tag-suspension-por-medico-particular","10":"tag-unidad-periferica-zona-11"},"_links":{"self":[{"href":"https:\/\/www.igssgt.org\/noticias\/wp-json\/wp\/v2\/posts\/35730","targetHints":{"allow":["GET"]}}],"collection":[{"href":"https:\/\/www.igssgt.org\/noticias\/wp-json\/wp\/v2\/posts"}],"about":[{"href":"https:\/\/www.igssgt.org\/noticias\/wp-json\/wp\/v2\/types\/post"}],"author":[{"embeddable":true,"href":"https:\/\/www.igssgt.org\/noticias\/wp-json\/wp\/v2\/users\/1961"}],"replies":[{"embeddable":true,"href":"https:\/\/www.igssgt.org\/noticias\/wp-json\/wp\/v2\/comments?post=35730"}],"version-history":[{"count":7,"href":"https:\/\/www.igssgt.org\/noticias\/wp-json\/wp\/v2\/posts\/35730\/revisions"}],"predecessor-version":[{"id":35747,"href":"https:\/\/www.igssgt.org\/noticias\/wp-json\/wp\/v2\/posts\/35730\/revisions\/35747"}],"wp:featuredmedia":[{"embeddable":true,"href":"https:\/\/www.igssgt.org\/noticias\/wp-json\/wp\/v2\/media\/35734"}],"wp:attachment":[{"href":"https:\/\/www.igssgt.org\/noticias\/wp-json\/wp\/v2\/media?parent=35730"}],"wp:term":[{"taxonomy":"category","embeddable":true,"href":"https:\/\/www.igssgt.org\/noticias\/wp-json\/wp\/v2\/categories?post=35730"},{"taxonomy":"post_tag","embeddable":true,"href":"https:\/\/www.igssgt.org\/noticias\/wp-json\/wp\/v2\/tags?post=35730"},{"taxonomy":"author","embeddable":true,"href":"https:\/\/www.igssgt.org\/noticias\/wp-json\/wp\/v2\/coauthors?post=35730"}],"curies":[{"name":"wp","href":"https:\/\/api.w.org\/{rel}","templated":true}]}}