{"id":35869,"date":"2023-06-02T10:01:00","date_gmt":"2023-06-02T16:01:00","guid":{"rendered":"https:\/\/www.igssgt.org\/noticias\/?p=35869"},"modified":"2023-06-02T10:03:00","modified_gmt":"2023-06-02T16:03:00","slug":"clinica-de-24-horas-de-la-upz5-al-servicio-de-la-poblacion","status":"publish","type":"post","link":"https:\/\/www.igssgt.org\/noticias\/2023\/06\/02\/clinica-de-24-horas-de-la-upz5-al-servicio-de-la-poblacion\/","title":{"rendered":"Cl\u00ednica de 24 horas de la UPZ5 al servicio de la poblaci\u00f3n"},"content":{"rendered":"\n<p class=\"has-drop-cap\">Afiliados, beneficiarios y derechohabientes del Instituto Guatemalteco de Seguridad Social (IGSS) cuentan con la Cl\u00ednica de Atenci\u00f3n Primaria de 24 horas en la Unidad Perif\u00e9rica Zona 5 (UPZ5), ubicada en diagonal 14, 16-93, Jardines de la Asunci\u00f3n.<\/p>\n\n\n<p>La funci\u00f3n de la cl\u00ednica es contribuir a disminuir las atenciones de las emergencias de los hospitales metropolitanos del Instituto, lo cual realiza atinadamente desde junio del a\u00f1o pasado.<\/p>\n<p><a href=\"\/wp-content\/uploads\/sites\/5\/2023\/06\/24-horas-5.jpg\" target=\"_blank\" rel=\"noopener\"><img loading=\"lazy\" decoding=\"async\" class=\"alignnone wp-image-35876 size-full\" src=\"\/wp-content\/uploads\/sites\/5\/2023\/06\/24-horas-5.jpg\" alt=\"\" width=\"1599\" height=\"1200\" srcset=\"\/wp-content\/uploads\/sites\/5\/2023\/06\/24-horas-5.jpg 1599w, \/wp-content\/uploads\/sites\/5\/2023\/06\/24-horas-5-300x225.jpg 300w, \/wp-content\/uploads\/sites\/5\/2023\/06\/24-horas-5-768x576.jpg 768w, \/wp-content\/uploads\/sites\/5\/2023\/06\/24-horas-5-1024x768.jpg 1024w, \/wp-content\/uploads\/sites\/5\/2023\/06\/24-horas-5-1536x1153.jpg 1536w, \/wp-content\/uploads\/sites\/5\/2023\/06\/24-horas-5-560x420.jpg 560w, \/wp-content\/uploads\/sites\/5\/2023\/06\/24-horas-5-80x60.jpg 80w, \/wp-content\/uploads\/sites\/5\/2023\/06\/24-horas-5-696x522.jpg 696w, \/wp-content\/uploads\/sites\/5\/2023\/06\/24-horas-5-1068x802.jpg 1068w, \/wp-content\/uploads\/sites\/5\/2023\/06\/24-horas-5-265x198.jpg 265w, \/wp-content\/uploads\/sites\/5\/2023\/06\/24-horas-5-534x401.jpg 534w\" sizes=\"auto, (max-width: 1599px) 100vw, 1599px\" \/><\/a><\/p>\n<p>Los pacientes de la Cl\u00ednica de 24 Horas son atendidos por m\u00e9dicos y enfermeras de turno, quienes brindan atenci\u00f3n en emergencias menores, como dolores abdominales, amigdalitis, problemas de influenza, cuadros de diarrea, hipertensi\u00f3n y diabetes, entre otros. <strong>\u201cBrindamos consulta m\u00e9dica, servicio de laboratorio cl\u00ednico, prescripci\u00f3n y despacho de medicamentos\u201d<\/strong>, se\u00f1al\u00f3 el doctor Jos\u00e9 Napole\u00f3n Castillo, director m\u00e9dico de la UPZ5.<\/p>\n<blockquote>\n<p>Brindamos consulta m\u00e9dica, servicio de laboratorio cl\u00ednico, prescripci\u00f3n y despacho de medicamentos<\/p>\n<\/blockquote>\n<p>Ah\u00edlen Cornejo, auxiliar en enfermer\u00eda de la cl\u00ednica, destac\u00f3 que reciben pacientes las 24 horas del d\u00eda, de lunes a domingo y d\u00edas festivos, prestando servicios m\u00e9dicos primarios y de ambulancia si se necesita trasladar al pacientes a una unidad especializada del IGSS, cuando el diagn\u00f3stico lo requiere.<\/p>\n<p><a href=\"\/wp-content\/uploads\/sites\/5\/2023\/06\/24-horas-1.jpg\" target=\"_blank\" rel=\"noopener\"><img loading=\"lazy\" decoding=\"async\" class=\"alignnone wp-image-35871 size-full\" src=\"\/wp-content\/uploads\/sites\/5\/2023\/06\/24-horas-1.jpg\" alt=\"\" width=\"1231\" height=\"872\" srcset=\"\/wp-content\/uploads\/sites\/5\/2023\/06\/24-horas-1.jpg 1231w, \/wp-content\/uploads\/sites\/5\/2023\/06\/24-horas-1-300x213.jpg 300w, \/wp-content\/uploads\/sites\/5\/2023\/06\/24-horas-1-768x544.jpg 768w, \/wp-content\/uploads\/sites\/5\/2023\/06\/24-horas-1-1024x725.jpg 1024w, \/wp-content\/uploads\/sites\/5\/2023\/06\/24-horas-1-593x420.jpg 593w, \/wp-content\/uploads\/sites\/5\/2023\/06\/24-horas-1-696x493.jpg 696w, \/wp-content\/uploads\/sites\/5\/2023\/06\/24-horas-1-1068x757.jpg 1068w, \/wp-content\/uploads\/sites\/5\/2023\/06\/24-horas-1-100x70.jpg 100w, \/wp-content\/uploads\/sites\/5\/2023\/06\/24-horas-1-534x378.jpg 534w\" sizes=\"auto, (max-width: 1231px) 100vw, 1231px\" \/><\/a><\/p>\n<h3><strong>P\u00fablico en general<\/strong><\/h3>\n<p><strong>\u201cAtendemos a p\u00fablico en general de todas las edades y si el caso lo amerita los referimos en ambulancia a los hospitales nacionales\u201d<\/strong>, agreg\u00f3 Didia Reyes, tambi\u00e9n auxiliar de enfermer\u00eda.<\/p>\n<p>Castillo agreg\u00f3 que al mes atienden a m\u00e1s de 600 pacientes por diferentes padecimientos, y que entre los casos m\u00e1s recurrentes est\u00e1n los problemas hipertensivos, diab\u00e9ticos con hiperglicemias o hipoglicemias, y ni\u00f1os con problemas intestinales o de intoxicaci\u00f3n.<\/p>\n<p><a href=\"\/wp-content\/uploads\/sites\/5\/2023\/06\/24-horas-2.jpg\" target=\"_blank\" rel=\"noopener\"><img loading=\"lazy\" decoding=\"async\" class=\"alignnone wp-image-35872 size-full\" src=\"\/wp-content\/uploads\/sites\/5\/2023\/06\/24-horas-2.jpg\" alt=\"\" width=\"1528\" height=\"836\" srcset=\"\/wp-content\/uploads\/sites\/5\/2023\/06\/24-horas-2.jpg 1528w, \/wp-content\/uploads\/sites\/5\/2023\/06\/24-horas-2-300x164.jpg 300w, \/wp-content\/uploads\/sites\/5\/2023\/06\/24-horas-2-768x420.jpg 768w, \/wp-content\/uploads\/sites\/5\/2023\/06\/24-horas-2-1024x560.jpg 1024w, \/wp-content\/uploads\/sites\/5\/2023\/06\/24-horas-2-696x381.jpg 696w, \/wp-content\/uploads\/sites\/5\/2023\/06\/24-horas-2-1068x584.jpg 1068w, \/wp-content\/uploads\/sites\/5\/2023\/06\/24-horas-2-534x292.jpg 534w\" sizes=\"auto, (max-width: 1528px) 100vw, 1528px\" \/><\/a><\/p>\n<h3><strong>M\u00e1s atenci\u00f3n a motoristas<\/strong><\/h3>\n<p>Finalmente, Reyes puntualiz\u00f3 el incremento de atenci\u00f3n a motoristas accidentados, ya que de tres al d\u00eda, pas\u00f3 a nueve pacientes. <strong>\u201cVienen con fracturas, golpes y raspones. Pero tambi\u00e9n hay quienes vienen al otro d\u00eda o posteriores, as\u00ed como la demanda en general es m\u00e1s por la ma\u00f1ana y los fines de semana\u201d<\/strong>.<\/p>\n<p><a href=\"\/wp-content\/uploads\/sites\/5\/2023\/06\/24-horas-6.jpg\" target=\"_blank\" rel=\"noopener\"><img loading=\"lazy\" decoding=\"async\" class=\"alignnone wp-image-35875 size-full\" src=\"\/wp-content\/uploads\/sites\/5\/2023\/06\/24-horas-6.jpg\" alt=\"\" width=\"1600\" height=\"1066\" srcset=\"\/wp-content\/uploads\/sites\/5\/2023\/06\/24-horas-6.jpg 1600w, \/wp-content\/uploads\/sites\/5\/2023\/06\/24-horas-6-300x200.jpg 300w, \/wp-content\/uploads\/sites\/5\/2023\/06\/24-horas-6-768x512.jpg 768w, \/wp-content\/uploads\/sites\/5\/2023\/06\/24-horas-6-1024x682.jpg 1024w, \/wp-content\/uploads\/sites\/5\/2023\/06\/24-horas-6-1536x1023.jpg 1536w, \/wp-content\/uploads\/sites\/5\/2023\/06\/24-horas-6-630x420.jpg 630w, \/wp-content\/uploads\/sites\/5\/2023\/06\/24-horas-6-696x464.jpg 696w, \/wp-content\/uploads\/sites\/5\/2023\/06\/24-horas-6-1068x712.jpg 1068w, \/wp-content\/uploads\/sites\/5\/2023\/06\/24-horas-6-534x356.jpg 534w\" sizes=\"auto, (max-width: 1600px) 100vw, 1600px\" \/><\/a><\/p>","protected":false},"excerpt":{"rendered":"<p>Afiliados, beneficiarios y derechohabientes del Instituto Guatemalteco de Seguridad Social (IGSS) cuentan con la Cl\u00ednica de Atenci\u00f3n Primaria de 24 horas en la Unidad Perif\u00e9rica Zona 5 (UPZ5), ubicada en diagonal 14, 16-93, Jardines de la Asunci\u00f3n. La funci\u00f3n de la cl\u00ednica es contribuir a disminuir las atenciones de las emergencias de los hospitales metropolitanos [&hellip;]<\/p>\n","protected":false},"author":1961,"featured_media":35873,"comment_status":"closed","ping_status":"closed","sticky":false,"template":"","format":"standard","meta":{"footnotes":""},"categories":[3],"tags":[1479,837],"coauthors":[],"class_list":{"0":"post-35869","1":"post","2":"type-post","3":"status-publish","4":"format-standard","5":"has-post-thumbnail","7":"category-actualidad","8":"tag-clinicas-de-atencion-24-horas","9":"tag-unidad-periferica-zona-5"},"_links":{"self":[{"href":"https:\/\/www.igssgt.org\/noticias\/wp-json\/wp\/v2\/posts\/35869","targetHints":{"allow":["GET"]}}],"collection":[{"href":"https:\/\/www.igssgt.org\/noticias\/wp-json\/wp\/v2\/posts"}],"about":[{"href":"https:\/\/www.igssgt.org\/noticias\/wp-json\/wp\/v2\/types\/post"}],"author":[{"embeddable":true,"href":"https:\/\/www.igssgt.org\/noticias\/wp-json\/wp\/v2\/users\/1961"}],"replies":[{"embeddable":true,"href":"https:\/\/www.igssgt.org\/noticias\/wp-json\/wp\/v2\/comments?post=35869"}],"version-history":[{"count":2,"href":"https:\/\/www.igssgt.org\/noticias\/wp-json\/wp\/v2\/posts\/35869\/revisions"}],"predecessor-version":[{"id":35877,"href":"https:\/\/www.igssgt.org\/noticias\/wp-json\/wp\/v2\/posts\/35869\/revisions\/35877"}],"wp:featuredmedia":[{"embeddable":true,"href":"https:\/\/www.igssgt.org\/noticias\/wp-json\/wp\/v2\/media\/35873"}],"wp:attachment":[{"href":"https:\/\/www.igssgt.org\/noticias\/wp-json\/wp\/v2\/media?parent=35869"}],"wp:term":[{"taxonomy":"category","embeddable":true,"href":"https:\/\/www.igssgt.org\/noticias\/wp-json\/wp\/v2\/categories?post=35869"},{"taxonomy":"post_tag","embeddable":true,"href":"https:\/\/www.igssgt.org\/noticias\/wp-json\/wp\/v2\/tags?post=35869"},{"taxonomy":"author","embeddable":true,"href":"https:\/\/www.igssgt.org\/noticias\/wp-json\/wp\/v2\/coauthors?post=35869"}],"curies":[{"name":"wp","href":"https:\/\/api.w.org\/{rel}","templated":true}]}}