{"id":35975,"date":"2023-06-08T15:00:00","date_gmt":"2023-06-08T21:00:00","guid":{"rendered":"https:\/\/www.igssgt.org\/noticias\/?p=35975"},"modified":"2023-06-12T10:37:25","modified_gmt":"2023-06-12T16:37:25","slug":"igss-celebra-el-vi-encuentro-de-salud-y-seguridad-ocupacional","status":"publish","type":"post","link":"https:\/\/www.igssgt.org\/noticias\/2023\/06\/08\/igss-celebra-el-vi-encuentro-de-salud-y-seguridad-ocupacional\/","title":{"rendered":"IGSS celebra el VI Encuentro de Salud y Seguridad Ocupacional"},"content":{"rendered":"\n<p class=\"has-drop-cap\">El Instituto Guatemalteco de Seguridad Social (IGSS) celebr\u00f3 el <strong>VI Encuentro de Salud y Seguridad Ocupacional<\/strong>, con el objetivo de promover una cultura de salud y seguridad en el ambiente laboral. El encuentro cont\u00f3 con la participaci\u00f3n de un panel de expertos que abord\u00f3 la importancia de la prevenci\u00f3n y la reducci\u00f3n de los riesgos laborales.<\/p>\n\n\n<p>Como ente rector de esta materia en el pa\u00eds, el Instituto fomenta un entorno seguro y saludable como un derecho humano fundamental.<\/p>\n<p><a href=\"\/wp-content\/uploads\/sites\/5\/2023\/06\/VI-Encuentro-de-Salud-y-Seguridad-Ocupacional-7.jpg\" target=\"_blank\" rel=\"noopener\"><img loading=\"lazy\" decoding=\"async\" class=\"alignnone wp-image-35982 size-full\" src=\"\/wp-content\/uploads\/sites\/5\/2023\/06\/VI-Encuentro-de-Salud-y-Seguridad-Ocupacional-7.jpg\" alt=\"\" width=\"1281\" height=\"969\" srcset=\"\/wp-content\/uploads\/sites\/5\/2023\/06\/VI-Encuentro-de-Salud-y-Seguridad-Ocupacional-7.jpg 1281w, \/wp-content\/uploads\/sites\/5\/2023\/06\/VI-Encuentro-de-Salud-y-Seguridad-Ocupacional-7-300x227.jpg 300w, \/wp-content\/uploads\/sites\/5\/2023\/06\/VI-Encuentro-de-Salud-y-Seguridad-Ocupacional-7-768x581.jpg 768w, \/wp-content\/uploads\/sites\/5\/2023\/06\/VI-Encuentro-de-Salud-y-Seguridad-Ocupacional-7-1024x775.jpg 1024w, \/wp-content\/uploads\/sites\/5\/2023\/06\/VI-Encuentro-de-Salud-y-Seguridad-Ocupacional-7-555x420.jpg 555w, \/wp-content\/uploads\/sites\/5\/2023\/06\/VI-Encuentro-de-Salud-y-Seguridad-Ocupacional-7-80x60.jpg 80w, \/wp-content\/uploads\/sites\/5\/2023\/06\/VI-Encuentro-de-Salud-y-Seguridad-Ocupacional-7-696x526.jpg 696w, \/wp-content\/uploads\/sites\/5\/2023\/06\/VI-Encuentro-de-Salud-y-Seguridad-Ocupacional-7-1068x808.jpg 1068w, \/wp-content\/uploads\/sites\/5\/2023\/06\/VI-Encuentro-de-Salud-y-Seguridad-Ocupacional-7-534x404.jpg 534w\" sizes=\"auto, (max-width: 1281px) 100vw, 1281px\" \/><\/a><\/p>\n<p>El gerente del Instituto, Lic. Edson Javier Rivera, indic\u00f3 que la salud y seguridad en el trabajo es una tarea tripartita, que compete al trabajador, al patrono y al Instituto. Asimismo, invit\u00f3 al sector empresarial a acercarse para obtener la asesor\u00eda debida en cuanto a la prevenci\u00f3n de los accidentes y enfermedades laborales.<\/p>\n<blockquote>\n<p>Se abord\u00f3 la importancia de la prevenci\u00f3n y la reducci\u00f3n de los riesgos laborales<\/p>\n<\/blockquote>\n<p>Por su parte, el director de la Junta Directiva del Seguro Social, Sr. Adolfo Lacs, expuso que sin seguridad social no hay salud ni protecci\u00f3n. Explic\u00f3 que cuando la empresa est\u00e1 inscrita en el IGSS, tiene asesor\u00edas profesionales en temas de seguridad ocupacional con el prop\u00f3sito de reducir los accidentes laborales, lo cual se traduce en una mayor productividad para la empresa y reducci\u00f3n de riesgos para los trabajadores <strong>\u201cNo es un gasto, es una inversi\u00f3n. Adem\u00e1s, los aportes al seguro social son deducibles del Impuesto Sobre la Renta\u201d<\/strong>, record\u00f3 Lacs.<\/p>\n<p><a href=\"\/wp-content\/uploads\/sites\/5\/2023\/06\/VI-Encuentro-de-Salud-y-Seguridad-Ocupacional-14b.jpg\"><img loading=\"lazy\" decoding=\"async\" class=\"alignnone wp-image-35984 size-full\" src=\"\/wp-content\/uploads\/sites\/5\/2023\/06\/VI-Encuentro-de-Salud-y-Seguridad-Ocupacional-14b.jpg\" alt=\"\" width=\"1321\" height=\"812\" srcset=\"\/wp-content\/uploads\/sites\/5\/2023\/06\/VI-Encuentro-de-Salud-y-Seguridad-Ocupacional-14b.jpg 1321w, \/wp-content\/uploads\/sites\/5\/2023\/06\/VI-Encuentro-de-Salud-y-Seguridad-Ocupacional-14b-300x184.jpg 300w, \/wp-content\/uploads\/sites\/5\/2023\/06\/VI-Encuentro-de-Salud-y-Seguridad-Ocupacional-14b-768x472.jpg 768w, \/wp-content\/uploads\/sites\/5\/2023\/06\/VI-Encuentro-de-Salud-y-Seguridad-Ocupacional-14b-1024x629.jpg 1024w, \/wp-content\/uploads\/sites\/5\/2023\/06\/VI-Encuentro-de-Salud-y-Seguridad-Ocupacional-14b-683x420.jpg 683w, \/wp-content\/uploads\/sites\/5\/2023\/06\/VI-Encuentro-de-Salud-y-Seguridad-Ocupacional-14b-696x428.jpg 696w, \/wp-content\/uploads\/sites\/5\/2023\/06\/VI-Encuentro-de-Salud-y-Seguridad-Ocupacional-14b-1068x656.jpg 1068w, \/wp-content\/uploads\/sites\/5\/2023\/06\/VI-Encuentro-de-Salud-y-Seguridad-Ocupacional-14b-356x220.jpg 356w, \/wp-content\/uploads\/sites\/5\/2023\/06\/VI-Encuentro-de-Salud-y-Seguridad-Ocupacional-14b-534x328.jpg 534w\" sizes=\"auto, (max-width: 1321px) 100vw, 1321px\" \/><\/a><\/p>\n<p>De igual manera, el jefe de la Secci\u00f3n de Seguridad e Higiene y Prevenci\u00f3n de Accidentes del IGSS, Dr. Mynor Mej\u00eda, inform\u00f3 que al Encuentro son invitados las empresas, trabajadores y expertos para socializar las normativas de seguridad ocupacional y dar a conocer la parte t\u00e9cnica.<\/p>\n<p>En esta jornada tambi\u00e9n fueron reconocidas las empresas Restaurantes Los Cebollines, Alimentos Maravilla S.A., Laboratorios Quifarma y Agora de Redes, por su destacado trabajo en la implementaci\u00f3n de medidas de salud y seguridad ocupacional.<\/p>\n<p><a href=\"\/wp-content\/uploads\/sites\/5\/2023\/06\/VI-Encuentro-de-Salud-y-Seguridad-Ocupacional-11.jpg\" target=\"_blank\" rel=\"noopener\"><img loading=\"lazy\" decoding=\"async\" class=\"alignnone wp-image-35986 size-full\" src=\"\/wp-content\/uploads\/sites\/5\/2023\/06\/VI-Encuentro-de-Salud-y-Seguridad-Ocupacional-11.jpg\" alt=\"\" width=\"1600\" height=\"1066\" srcset=\"\/wp-content\/uploads\/sites\/5\/2023\/06\/VI-Encuentro-de-Salud-y-Seguridad-Ocupacional-11.jpg 1600w, \/wp-content\/uploads\/sites\/5\/2023\/06\/VI-Encuentro-de-Salud-y-Seguridad-Ocupacional-11-300x200.jpg 300w, \/wp-content\/uploads\/sites\/5\/2023\/06\/VI-Encuentro-de-Salud-y-Seguridad-Ocupacional-11-768x512.jpg 768w, \/wp-content\/uploads\/sites\/5\/2023\/06\/VI-Encuentro-de-Salud-y-Seguridad-Ocupacional-11-1024x682.jpg 1024w, \/wp-content\/uploads\/sites\/5\/2023\/06\/VI-Encuentro-de-Salud-y-Seguridad-Ocupacional-11-1536x1023.jpg 1536w, \/wp-content\/uploads\/sites\/5\/2023\/06\/VI-Encuentro-de-Salud-y-Seguridad-Ocupacional-11-630x420.jpg 630w, \/wp-content\/uploads\/sites\/5\/2023\/06\/VI-Encuentro-de-Salud-y-Seguridad-Ocupacional-11-696x464.jpg 696w, \/wp-content\/uploads\/sites\/5\/2023\/06\/VI-Encuentro-de-Salud-y-Seguridad-Ocupacional-11-1068x712.jpg 1068w, \/wp-content\/uploads\/sites\/5\/2023\/06\/VI-Encuentro-de-Salud-y-Seguridad-Ocupacional-11-534x356.jpg 534w\" sizes=\"auto, (max-width: 1600px) 100vw, 1600px\" \/><\/a><\/p>\n<h3><strong>Las tem\u00e1ticas<\/strong><\/h3>\n<p>El VI Encuentro de Salud y Seguridad Ocupacional se desarrolla en dos jornadas de manera virtual y presencial. Los temas abordados hoy fueron:<\/p>\n<ul>\n<li>La evoluci\u00f3n de la salud y seguridad ocupacional en Guatemala, en el que destaca la creaci\u00f3n de la Ley Protectora de Obreros en 1906 y la creaci\u00f3n del IGSS en 1946<\/li>\n<li>El trabajo en alturas, el uso correcto del equipo de protecci\u00f3n y las l\u00edneas de rescate<\/li>\n<li>Los servicios m\u00e9dicos ocupacionales<\/li>\n<li>El tabaquismo entre los trabajadores<\/li>\n<li>La falta de apego entre la madre trabajadora y el hijo por la sobrecarga laboral<\/li>\n<\/ul>\n\r\n                <style type=\"text\/css\">\r\n                    \r\n                    #tdi_1  .td-doubleSlider-2 .td-item1 {\r\n                        background: url(\/wp-content\/uploads\/sites\/5\/2023\/06\/VI-Encuentro-de-Salud-y-Seguridad-Ocupacional-8-80x60.jpg) 0 0 no-repeat;\r\n                    }\r\n                    #tdi_1  .td-doubleSlider-2 .td-item2 {\r\n                        background: url(\/wp-content\/uploads\/sites\/5\/2023\/06\/VI-Encuentro-de-Salud-y-Seguridad-Ocupacional-1-80x60.jpg) 0 0 no-repeat;\r\n                    }\r\n                    #tdi_1  .td-doubleSlider-2 .td-item3 {\r\n                        background: url(\/wp-content\/uploads\/sites\/5\/2023\/06\/VI-Encuentro-de-Salud-y-Seguridad-Ocupacional-2-80x60.jpg) 0 0 no-repeat;\r\n                    }\r\n                    #tdi_1  .td-doubleSlider-2 .td-item4 {\r\n                        background: url(\/wp-content\/uploads\/sites\/5\/2023\/06\/VI-Encuentro-de-Salud-y-Seguridad-Ocupacional-4-80x60.jpg) 0 0 no-repeat;\r\n                    }\r\n                    #tdi_1  .td-doubleSlider-2 .td-item5 {\r\n                        background: url(\/wp-content\/uploads\/sites\/5\/2023\/06\/VI-Encuentro-de-Salud-y-Seguridad-Ocupacional-5-80x60.jpg) 0 0 no-repeat;\r\n                    }\r\n                    #tdi_1  .td-doubleSlider-2 .td-item6 {\r\n                        background: url(\/wp-content\/uploads\/sites\/5\/2023\/06\/VI-Encuentro-de-Salud-y-Seguridad-Ocupacional-9-80x60.jpg) 0 0 no-repeat;\r\n                    }\r\n                    #tdi_1  .td-doubleSlider-2 .td-item7 {\r\n                        background: url(\/wp-content\/uploads\/sites\/5\/2023\/06\/VI-Encuentro-de-Salud-y-Seguridad-Ocupacional-10-80x60.jpg) 0 0 no-repeat;\r\n                    }\r\n                    #tdi_1  .td-doubleSlider-2 .td-item8 {\r\n                        background: url(\/wp-content\/uploads\/sites\/5\/2023\/06\/VI-Encuentro-de-Salud-y-Seguridad-Ocupacional-12-80x60.jpg) 0 0 no-repeat;\r\n                    }\r\n                    #tdi_1  .td-doubleSlider-2 .td-item9 {\r\n                        background: url(\/wp-content\/uploads\/sites\/5\/2023\/06\/VI-Encuentro-de-Salud-y-Seguridad-Ocupacional-13-80x60.jpg) 0 0 no-repeat;\r\n                    }\r\n                <\/style>\r\n\r\n                <div id=\"tdi_1\" class=\"td-gallery td-slide-on-2-columns\">\r\n                    <div class=\"post_td_gallery\">\r\n                        <div class=\"td-gallery-slide-top\">\r\n                           <div class=\"td-gallery-title\"><\/div>\r\n\r\n                            <div class=\"td-gallery-controls-wrapper\">\r\n                                <div class=\"td-gallery-slide-count\"><span class=\"td-gallery-slide-item-focus\">1<\/span> de 10<\/div>\r\n                                <div class=\"td-gallery-slide-prev-next-but\">\r\n                                    <i class = \"td-icon-left doubleSliderPrevButton\"><\/i>\r\n                                    <i class = \"td-icon-right doubleSliderNextButton\"><\/i>\r\n                                <\/div>\r\n                            <\/div>\r\n                        <\/div>\r\n\r\n                        <div class = \"td-doubleSlider-1 \">\r\n                            <div class = \"td-slider\">\r\n                                \r\n                    <div class = \"td-slide-item td-item1\">\r\n                        <figure class=\"td-slide-galery-figure td-slide-popup-gallery\">\r\n                            <a class=\"slide-gallery-image-link\" href=\"\/wp-content\/uploads\/sites\/5\/2023\/06\/VI-Encuentro-de-Salud-y-Seguridad-Ocupacional-8.jpg\" title=\"VI Encuentro de Salud y Seguridad Ocupacional-8\"  data-caption=\"\"  data-description=\"\">\r\n                                <img decoding=\"async\" src=\"\/wp-content\/uploads\/sites\/5\/2023\/06\/VI-Encuentro-de-Salud-y-Seguridad-Ocupacional-8-630x420.jpg\" srcset=\"\/wp-content\/uploads\/sites\/5\/2023\/06\/VI-Encuentro-de-Salud-y-Seguridad-Ocupacional-8-630x420.jpg 630w, \/wp-content\/uploads\/sites\/5\/2023\/06\/VI-Encuentro-de-Salud-y-Seguridad-Ocupacional-8-300x200.jpg 300w, \/wp-content\/uploads\/sites\/5\/2023\/06\/VI-Encuentro-de-Salud-y-Seguridad-Ocupacional-8-768x512.jpg 768w, \/wp-content\/uploads\/sites\/5\/2023\/06\/VI-Encuentro-de-Salud-y-Seguridad-Ocupacional-8-1024x682.jpg 1024w, \/wp-content\/uploads\/sites\/5\/2023\/06\/VI-Encuentro-de-Salud-y-Seguridad-Ocupacional-8-1536x1023.jpg 1536w, \/wp-content\/uploads\/sites\/5\/2023\/06\/VI-Encuentro-de-Salud-y-Seguridad-Ocupacional-8-696x464.jpg 696w, \/wp-content\/uploads\/sites\/5\/2023\/06\/VI-Encuentro-de-Salud-y-Seguridad-Ocupacional-8-1068x712.jpg 1068w, \/wp-content\/uploads\/sites\/5\/2023\/06\/VI-Encuentro-de-Salud-y-Seguridad-Ocupacional-8-534x356.jpg 534w, \/wp-content\/uploads\/sites\/5\/2023\/06\/VI-Encuentro-de-Salud-y-Seguridad-Ocupacional-8.jpg 1600w\" sizes=\"(max-width: 630px) 100vw, 630px\" alt=\"\">\r\n                            <\/a>\r\n                            \r\n                        <\/figure>\r\n                    <\/div>\r\n                    <div class = \"td-slide-item td-item2\">\r\n                        <figure class=\"td-slide-galery-figure td-slide-popup-gallery\">\r\n                            <a class=\"slide-gallery-image-link\" href=\"\/wp-content\/uploads\/sites\/5\/2023\/06\/VI-Encuentro-de-Salud-y-Seguridad-Ocupacional-1.jpg\" title=\"VI Encuentro de Salud y Seguridad Ocupacional-1\"  data-caption=\"\"  data-description=\"\">\r\n                                <img decoding=\"async\" src=\"\/wp-content\/uploads\/sites\/5\/2023\/06\/VI-Encuentro-de-Salud-y-Seguridad-Ocupacional-1-630x420.jpg\" srcset=\"\/wp-content\/uploads\/sites\/5\/2023\/06\/VI-Encuentro-de-Salud-y-Seguridad-Ocupacional-1-630x420.jpg 630w, \/wp-content\/uploads\/sites\/5\/2023\/06\/VI-Encuentro-de-Salud-y-Seguridad-Ocupacional-1-300x200.jpg 300w, \/wp-content\/uploads\/sites\/5\/2023\/06\/VI-Encuentro-de-Salud-y-Seguridad-Ocupacional-1-768x512.jpg 768w, \/wp-content\/uploads\/sites\/5\/2023\/06\/VI-Encuentro-de-Salud-y-Seguridad-Ocupacional-1-1024x682.jpg 1024w, \/wp-content\/uploads\/sites\/5\/2023\/06\/VI-Encuentro-de-Salud-y-Seguridad-Ocupacional-1-1536x1023.jpg 1536w, \/wp-content\/uploads\/sites\/5\/2023\/06\/VI-Encuentro-de-Salud-y-Seguridad-Ocupacional-1-696x464.jpg 696w, \/wp-content\/uploads\/sites\/5\/2023\/06\/VI-Encuentro-de-Salud-y-Seguridad-Ocupacional-1-1068x712.jpg 1068w, \/wp-content\/uploads\/sites\/5\/2023\/06\/VI-Encuentro-de-Salud-y-Seguridad-Ocupacional-1-534x356.jpg 534w, \/wp-content\/uploads\/sites\/5\/2023\/06\/VI-Encuentro-de-Salud-y-Seguridad-Ocupacional-1.jpg 1600w\" sizes=\"(max-width: 630px) 100vw, 630px\" alt=\"\">\r\n                            <\/a>\r\n                            \r\n                        <\/figure>\r\n                    <\/div>\r\n                    <div class = \"td-slide-item td-item3\">\r\n                        <figure class=\"td-slide-galery-figure td-slide-popup-gallery\">\r\n                            <a class=\"slide-gallery-image-link\" href=\"\/wp-content\/uploads\/sites\/5\/2023\/06\/VI-Encuentro-de-Salud-y-Seguridad-Ocupacional-2.jpg\" title=\"VI Encuentro de Salud y Seguridad Ocupacional-2\"  data-caption=\"\"  data-description=\"\">\r\n                                <img decoding=\"async\" src=\"\/wp-content\/uploads\/sites\/5\/2023\/06\/VI-Encuentro-de-Salud-y-Seguridad-Ocupacional-2-630x420.jpg\" srcset=\"\/wp-content\/uploads\/sites\/5\/2023\/06\/VI-Encuentro-de-Salud-y-Seguridad-Ocupacional-2-630x420.jpg 630w, \/wp-content\/uploads\/sites\/5\/2023\/06\/VI-Encuentro-de-Salud-y-Seguridad-Ocupacional-2-300x200.jpg 300w, \/wp-content\/uploads\/sites\/5\/2023\/06\/VI-Encuentro-de-Salud-y-Seguridad-Ocupacional-2-768x512.jpg 768w, \/wp-content\/uploads\/sites\/5\/2023\/06\/VI-Encuentro-de-Salud-y-Seguridad-Ocupacional-2-1024x682.jpg 1024w, \/wp-content\/uploads\/sites\/5\/2023\/06\/VI-Encuentro-de-Salud-y-Seguridad-Ocupacional-2-1536x1023.jpg 1536w, \/wp-content\/uploads\/sites\/5\/2023\/06\/VI-Encuentro-de-Salud-y-Seguridad-Ocupacional-2-696x464.jpg 696w, \/wp-content\/uploads\/sites\/5\/2023\/06\/VI-Encuentro-de-Salud-y-Seguridad-Ocupacional-2-1068x712.jpg 1068w, \/wp-content\/uploads\/sites\/5\/2023\/06\/VI-Encuentro-de-Salud-y-Seguridad-Ocupacional-2-534x356.jpg 534w, \/wp-content\/uploads\/sites\/5\/2023\/06\/VI-Encuentro-de-Salud-y-Seguridad-Ocupacional-2.jpg 1600w\" sizes=\"(max-width: 630px) 100vw, 630px\" alt=\"\">\r\n                            <\/a>\r\n                            \r\n                        <\/figure>\r\n                    <\/div>\r\n                    <div class = \"td-slide-item td-item4\">\r\n                        <figure class=\"td-slide-galery-figure td-slide-popup-gallery\">\r\n                            <a class=\"slide-gallery-image-link\" href=\"\/wp-content\/uploads\/sites\/5\/2023\/06\/VI-Encuentro-de-Salud-y-Seguridad-Ocupacional-4.jpg\" title=\"VI Encuentro de Salud y Seguridad Ocupacional-4\"  data-caption=\"\"  data-description=\"\">\r\n                                <img decoding=\"async\" src=\"\/wp-content\/uploads\/sites\/5\/2023\/06\/VI-Encuentro-de-Salud-y-Seguridad-Ocupacional-4-630x420.jpg\" srcset=\"\/wp-content\/uploads\/sites\/5\/2023\/06\/VI-Encuentro-de-Salud-y-Seguridad-Ocupacional-4-630x420.jpg 630w, \/wp-content\/uploads\/sites\/5\/2023\/06\/VI-Encuentro-de-Salud-y-Seguridad-Ocupacional-4-300x200.jpg 300w, \/wp-content\/uploads\/sites\/5\/2023\/06\/VI-Encuentro-de-Salud-y-Seguridad-Ocupacional-4-768x512.jpg 768w, \/wp-content\/uploads\/sites\/5\/2023\/06\/VI-Encuentro-de-Salud-y-Seguridad-Ocupacional-4-1024x682.jpg 1024w, \/wp-content\/uploads\/sites\/5\/2023\/06\/VI-Encuentro-de-Salud-y-Seguridad-Ocupacional-4-1536x1023.jpg 1536w, \/wp-content\/uploads\/sites\/5\/2023\/06\/VI-Encuentro-de-Salud-y-Seguridad-Ocupacional-4-696x464.jpg 696w, \/wp-content\/uploads\/sites\/5\/2023\/06\/VI-Encuentro-de-Salud-y-Seguridad-Ocupacional-4-1068x712.jpg 1068w, \/wp-content\/uploads\/sites\/5\/2023\/06\/VI-Encuentro-de-Salud-y-Seguridad-Ocupacional-4-534x356.jpg 534w, \/wp-content\/uploads\/sites\/5\/2023\/06\/VI-Encuentro-de-Salud-y-Seguridad-Ocupacional-4.jpg 1600w\" sizes=\"(max-width: 630px) 100vw, 630px\" alt=\"\">\r\n                            <\/a>\r\n                            \r\n                        <\/figure>\r\n                    <\/div>\r\n                    <div class = \"td-slide-item td-item5\">\r\n                        <figure class=\"td-slide-galery-figure td-slide-popup-gallery\">\r\n                            <a class=\"slide-gallery-image-link\" href=\"\/wp-content\/uploads\/sites\/5\/2023\/06\/VI-Encuentro-de-Salud-y-Seguridad-Ocupacional-5.jpg\" title=\"VI Encuentro de Salud y Seguridad Ocupacional-5\"  data-caption=\"\"  data-description=\"\">\r\n                                <img decoding=\"async\" src=\"\/wp-content\/uploads\/sites\/5\/2023\/06\/VI-Encuentro-de-Salud-y-Seguridad-Ocupacional-5-630x420.jpg\" srcset=\"\/wp-content\/uploads\/sites\/5\/2023\/06\/VI-Encuentro-de-Salud-y-Seguridad-Ocupacional-5-630x420.jpg 630w, \/wp-content\/uploads\/sites\/5\/2023\/06\/VI-Encuentro-de-Salud-y-Seguridad-Ocupacional-5-300x200.jpg 300w, \/wp-content\/uploads\/sites\/5\/2023\/06\/VI-Encuentro-de-Salud-y-Seguridad-Ocupacional-5-768x512.jpg 768w, \/wp-content\/uploads\/sites\/5\/2023\/06\/VI-Encuentro-de-Salud-y-Seguridad-Ocupacional-5-1024x682.jpg 1024w, \/wp-content\/uploads\/sites\/5\/2023\/06\/VI-Encuentro-de-Salud-y-Seguridad-Ocupacional-5-1536x1023.jpg 1536w, \/wp-content\/uploads\/sites\/5\/2023\/06\/VI-Encuentro-de-Salud-y-Seguridad-Ocupacional-5-696x464.jpg 696w, \/wp-content\/uploads\/sites\/5\/2023\/06\/VI-Encuentro-de-Salud-y-Seguridad-Ocupacional-5-1068x712.jpg 1068w, \/wp-content\/uploads\/sites\/5\/2023\/06\/VI-Encuentro-de-Salud-y-Seguridad-Ocupacional-5-534x356.jpg 534w, \/wp-content\/uploads\/sites\/5\/2023\/06\/VI-Encuentro-de-Salud-y-Seguridad-Ocupacional-5.jpg 1600w\" sizes=\"(max-width: 630px) 100vw, 630px\" alt=\"\">\r\n                            <\/a>\r\n                            \r\n                        <\/figure>\r\n                    <\/div>\r\n                    <div class = \"td-slide-item td-item6\">\r\n                        <figure class=\"td-slide-galery-figure td-slide-popup-gallery\">\r\n                            <a class=\"slide-gallery-image-link\" href=\"\/wp-content\/uploads\/sites\/5\/2023\/06\/VI-Encuentro-de-Salud-y-Seguridad-Ocupacional-9.jpg\" title=\"VI Encuentro de Salud y Seguridad Ocupacional-9\"  data-caption=\"\"  data-description=\"\">\r\n                                <img decoding=\"async\" src=\"\/wp-content\/uploads\/sites\/5\/2023\/06\/VI-Encuentro-de-Salud-y-Seguridad-Ocupacional-9-674x420.jpg\" srcset=\"\/wp-content\/uploads\/sites\/5\/2023\/06\/VI-Encuentro-de-Salud-y-Seguridad-Ocupacional-9-674x420.jpg 674w, \/wp-content\/uploads\/sites\/5\/2023\/06\/VI-Encuentro-de-Salud-y-Seguridad-Ocupacional-9-300x187.jpg 300w, \/wp-content\/uploads\/sites\/5\/2023\/06\/VI-Encuentro-de-Salud-y-Seguridad-Ocupacional-9-768x478.jpg 768w, \/wp-content\/uploads\/sites\/5\/2023\/06\/VI-Encuentro-de-Salud-y-Seguridad-Ocupacional-9-1024x638.jpg 1024w, \/wp-content\/uploads\/sites\/5\/2023\/06\/VI-Encuentro-de-Salud-y-Seguridad-Ocupacional-9-696x433.jpg 696w, \/wp-content\/uploads\/sites\/5\/2023\/06\/VI-Encuentro-de-Salud-y-Seguridad-Ocupacional-9-1068x665.jpg 1068w, \/wp-content\/uploads\/sites\/5\/2023\/06\/VI-Encuentro-de-Salud-y-Seguridad-Ocupacional-9-534x333.jpg 534w, \/wp-content\/uploads\/sites\/5\/2023\/06\/VI-Encuentro-de-Salud-y-Seguridad-Ocupacional-9.jpg 1466w\" sizes=\"(max-width: 674px) 100vw, 674px\" alt=\"\">\r\n                            <\/a>\r\n                            \r\n                        <\/figure>\r\n                    <\/div>\r\n                    <div class = \"td-slide-item td-item7\">\r\n                        <figure class=\"td-slide-galery-figure td-slide-popup-gallery\">\r\n                            <a class=\"slide-gallery-image-link\" href=\"\/wp-content\/uploads\/sites\/5\/2023\/06\/VI-Encuentro-de-Salud-y-Seguridad-Ocupacional-10.jpg\" title=\"VI Encuentro de Salud y Seguridad Ocupacional-10\"  data-caption=\"\"  data-description=\"\">\r\n                                <img decoding=\"async\" src=\"\/wp-content\/uploads\/sites\/5\/2023\/06\/VI-Encuentro-de-Salud-y-Seguridad-Ocupacional-10-602x420.jpg\" srcset=\"\/wp-content\/uploads\/sites\/5\/2023\/06\/VI-Encuentro-de-Salud-y-Seguridad-Ocupacional-10-602x420.jpg 602w, \/wp-content\/uploads\/sites\/5\/2023\/06\/VI-Encuentro-de-Salud-y-Seguridad-Ocupacional-10-300x209.jpg 300w, \/wp-content\/uploads\/sites\/5\/2023\/06\/VI-Encuentro-de-Salud-y-Seguridad-Ocupacional-10-768x536.jpg 768w, \/wp-content\/uploads\/sites\/5\/2023\/06\/VI-Encuentro-de-Salud-y-Seguridad-Ocupacional-10-1024x714.jpg 1024w, \/wp-content\/uploads\/sites\/5\/2023\/06\/VI-Encuentro-de-Salud-y-Seguridad-Ocupacional-10-696x485.jpg 696w, \/wp-content\/uploads\/sites\/5\/2023\/06\/VI-Encuentro-de-Salud-y-Seguridad-Ocupacional-10-1068x745.jpg 1068w, \/wp-content\/uploads\/sites\/5\/2023\/06\/VI-Encuentro-de-Salud-y-Seguridad-Ocupacional-10-100x70.jpg 100w, \/wp-content\/uploads\/sites\/5\/2023\/06\/VI-Encuentro-de-Salud-y-Seguridad-Ocupacional-10-534x372.jpg 534w, \/wp-content\/uploads\/sites\/5\/2023\/06\/VI-Encuentro-de-Salud-y-Seguridad-Ocupacional-10.jpg 1530w\" sizes=\"(max-width: 602px) 100vw, 602px\" alt=\"\">\r\n                            <\/a>\r\n                            \r\n                        <\/figure>\r\n                    <\/div>\r\n                    <div class = \"td-slide-item td-item8\">\r\n                        <figure class=\"td-slide-galery-figure td-slide-popup-gallery\">\r\n                            <a class=\"slide-gallery-image-link\" href=\"\/wp-content\/uploads\/sites\/5\/2023\/06\/VI-Encuentro-de-Salud-y-Seguridad-Ocupacional-12.jpg\" title=\"VI Encuentro de Salud y Seguridad Ocupacional-12\"  data-caption=\"\"  data-description=\"\">\r\n                                <img decoding=\"async\" src=\"\/wp-content\/uploads\/sites\/5\/2023\/06\/VI-Encuentro-de-Salud-y-Seguridad-Ocupacional-12-630x420.jpg\" srcset=\"\/wp-content\/uploads\/sites\/5\/2023\/06\/VI-Encuentro-de-Salud-y-Seguridad-Ocupacional-12-630x420.jpg 630w, \/wp-content\/uploads\/sites\/5\/2023\/06\/VI-Encuentro-de-Salud-y-Seguridad-Ocupacional-12-300x200.jpg 300w, \/wp-content\/uploads\/sites\/5\/2023\/06\/VI-Encuentro-de-Salud-y-Seguridad-Ocupacional-12-768x512.jpg 768w, \/wp-content\/uploads\/sites\/5\/2023\/06\/VI-Encuentro-de-Salud-y-Seguridad-Ocupacional-12-1024x682.jpg 1024w, \/wp-content\/uploads\/sites\/5\/2023\/06\/VI-Encuentro-de-Salud-y-Seguridad-Ocupacional-12-1536x1023.jpg 1536w, \/wp-content\/uploads\/sites\/5\/2023\/06\/VI-Encuentro-de-Salud-y-Seguridad-Ocupacional-12-696x464.jpg 696w, \/wp-content\/uploads\/sites\/5\/2023\/06\/VI-Encuentro-de-Salud-y-Seguridad-Ocupacional-12-1068x712.jpg 1068w, \/wp-content\/uploads\/sites\/5\/2023\/06\/VI-Encuentro-de-Salud-y-Seguridad-Ocupacional-12-534x356.jpg 534w, \/wp-content\/uploads\/sites\/5\/2023\/06\/VI-Encuentro-de-Salud-y-Seguridad-Ocupacional-12.jpg 1600w\" sizes=\"(max-width: 630px) 100vw, 630px\" alt=\"\">\r\n                            <\/a>\r\n                            \r\n                        <\/figure>\r\n                    <\/div>\r\n                    <div class = \"td-slide-item td-item9\">\r\n                        <figure class=\"td-slide-galery-figure td-slide-popup-gallery\">\r\n                            <a class=\"slide-gallery-image-link\" href=\"\/wp-content\/uploads\/sites\/5\/2023\/06\/VI-Encuentro-de-Salud-y-Seguridad-Ocupacional-13.jpg\" title=\"VI Encuentro de Salud y Seguridad Ocupacional-13\"  data-caption=\"\"  data-description=\"\">\r\n                                <img decoding=\"async\" src=\"\/wp-content\/uploads\/sites\/5\/2023\/06\/VI-Encuentro-de-Salud-y-Seguridad-Ocupacional-13-630x420.jpg\" srcset=\"\/wp-content\/uploads\/sites\/5\/2023\/06\/VI-Encuentro-de-Salud-y-Seguridad-Ocupacional-13-630x420.jpg 630w, \/wp-content\/uploads\/sites\/5\/2023\/06\/VI-Encuentro-de-Salud-y-Seguridad-Ocupacional-13-300x200.jpg 300w, \/wp-content\/uploads\/sites\/5\/2023\/06\/VI-Encuentro-de-Salud-y-Seguridad-Ocupacional-13-768x512.jpg 768w, \/wp-content\/uploads\/sites\/5\/2023\/06\/VI-Encuentro-de-Salud-y-Seguridad-Ocupacional-13-1024x682.jpg 1024w, \/wp-content\/uploads\/sites\/5\/2023\/06\/VI-Encuentro-de-Salud-y-Seguridad-Ocupacional-13-1536x1023.jpg 1536w, \/wp-content\/uploads\/sites\/5\/2023\/06\/VI-Encuentro-de-Salud-y-Seguridad-Ocupacional-13-696x464.jpg 696w, \/wp-content\/uploads\/sites\/5\/2023\/06\/VI-Encuentro-de-Salud-y-Seguridad-Ocupacional-13-1068x712.jpg 1068w, \/wp-content\/uploads\/sites\/5\/2023\/06\/VI-Encuentro-de-Salud-y-Seguridad-Ocupacional-13-534x356.jpg 534w, \/wp-content\/uploads\/sites\/5\/2023\/06\/VI-Encuentro-de-Salud-y-Seguridad-Ocupacional-13.jpg 1600w\" sizes=\"(max-width: 630px) 100vw, 630px\" alt=\"\">\r\n                            <\/a>\r\n                            \r\n                        <\/figure>\r\n                    <\/div>\r\n                            <\/div>\r\n                        <\/div>\r\n\r\n                        <div class = \"td-doubleSlider-2\">\r\n                            <div class = \"td-slider\">\r\n                                \r\n                    <div class = \"td-button td-item1\">\r\n                        <div class = \"td-border\"><\/div>\r\n                    <\/div>\r\n                    <div class = \"td-button td-item2\">\r\n                        <div class = \"td-border\"><\/div>\r\n                    <\/div>\r\n                    <div class = \"td-button td-item3\">\r\n                        <div class = \"td-border\"><\/div>\r\n                    <\/div>\r\n                    <div class = \"td-button td-item4\">\r\n                        <div class = \"td-border\"><\/div>\r\n                    <\/div>\r\n                    <div class = \"td-button td-item5\">\r\n                        <div class = \"td-border\"><\/div>\r\n                    <\/div>\r\n                    <div class = \"td-button td-item6\">\r\n                        <div class = \"td-border\"><\/div>\r\n                    <\/div>\r\n                    <div class = \"td-button td-item7\">\r\n                        <div class = \"td-border\"><\/div>\r\n                    <\/div>\r\n                    <div class = \"td-button td-item8\">\r\n                        <div class = \"td-border\"><\/div>\r\n                    <\/div>\r\n                    <div class = \"td-button td-item9\">\r\n                        <div class = \"td-border\"><\/div>\r\n                    <\/div>\r\n                            <\/div>\r\n                        <\/div>\r\n\r\n                    <\/div>\r\n\r\n                <\/div>\r\n                ","protected":false},"excerpt":{"rendered":"<p>El Instituto Guatemalteco de Seguridad Social (IGSS) realiz\u00f3 este evento con el objetivo de promover una cultura de salud y seguridad en el ambiente laboral. <\/p>\n<p>El encuentro cont\u00f3 con la participaci\u00f3n de un panel de expertos que abord\u00f3 la importancia de la prevenci\u00f3n y la reducci\u00f3n de los riesgos laborales.<\/p>\n","protected":false},"author":1961,"featured_media":35981,"comment_status":"closed","ping_status":"closed","sticky":false,"template":"","format":"standard","meta":{"footnotes":""},"categories":[3,15,17],"tags":[964,1591,1719],"coauthors":[],"class_list":{"0":"post-35975","1":"post","2":"type-post","3":"status-publish","4":"format-standard","5":"has-post-thumbnail","7":"category-actualidad","8":"category-destacado","9":"category-formacion-y-desarrollo","10":"tag-formacion-y-desarrollo","11":"tag-gestion-de-riesgos-laborales","12":"tag-vi-encuentro-de-salud-y-seguridad-ocupacional"},"_links":{"self":[{"href":"https:\/\/www.igssgt.org\/noticias\/wp-json\/wp\/v2\/posts\/35975","targetHints":{"allow":["GET"]}}],"collection":[{"href":"https:\/\/www.igssgt.org\/noticias\/wp-json\/wp\/v2\/posts"}],"about":[{"href":"https:\/\/www.igssgt.org\/noticias\/wp-json\/wp\/v2\/types\/post"}],"author":[{"embeddable":true,"href":"https:\/\/www.igssgt.org\/noticias\/wp-json\/wp\/v2\/users\/1961"}],"replies":[{"embeddable":true,"href":"https:\/\/www.igssgt.org\/noticias\/wp-json\/wp\/v2\/comments?post=35975"}],"version-history":[{"count":5,"href":"https:\/\/www.igssgt.org\/noticias\/wp-json\/wp\/v2\/posts\/35975\/revisions"}],"predecessor-version":[{"id":36101,"href":"https:\/\/www.igssgt.org\/noticias\/wp-json\/wp\/v2\/posts\/35975\/revisions\/36101"}],"wp:featuredmedia":[{"embeddable":true,"href":"https:\/\/www.igssgt.org\/noticias\/wp-json\/wp\/v2\/media\/35981"}],"wp:attachment":[{"href":"https:\/\/www.igssgt.org\/noticias\/wp-json\/wp\/v2\/media?parent=35975"}],"wp:term":[{"taxonomy":"category","embeddable":true,"href":"https:\/\/www.igssgt.org\/noticias\/wp-json\/wp\/v2\/categories?post=35975"},{"taxonomy":"post_tag","embeddable":true,"href":"https:\/\/www.igssgt.org\/noticias\/wp-json\/wp\/v2\/tags?post=35975"},{"taxonomy":"author","embeddable":true,"href":"https:\/\/www.igssgt.org\/noticias\/wp-json\/wp\/v2\/coauthors?post=35975"}],"curies":[{"name":"wp","href":"https:\/\/api.w.org\/{rel}","templated":true}]}}