{"id":36030,"date":"2023-06-10T07:00:00","date_gmt":"2023-06-10T13:00:00","guid":{"rendered":"https:\/\/www.igssgt.org\/noticias\/?p=36030"},"modified":"2023-06-09T11:47:05","modified_gmt":"2023-06-09T17:47:05","slug":"el-dolor-de-cabeza-no-es-normal-consulte-a-su-medico","status":"publish","type":"post","link":"https:\/\/www.igssgt.org\/noticias\/2023\/06\/10\/el-dolor-de-cabeza-no-es-normal-consulte-a-su-medico\/","title":{"rendered":"El dolor de cabeza no es normal, consulte a su m\u00e9dico"},"content":{"rendered":"\n<p class=\"has-drop-cap\">La cefalea o dolor de cabeza es uno de los trastornos m\u00e1s comunes del sistema nervioso y uno de los principales motivos de consulta neurol\u00f3gica. Estos casos est\u00e1n en incremento y con frecuencia no reciben un tratamiento adecuado por el desconocimiento y tomarlos como algo normal.<\/p>\n\n\n<p>El doctor Alejandro D\u00edaz, neur\u00f3logo de la Unidad de Consulta Externa Autonom\u00eda del IGSS, explic\u00f3 que los dolores de cabeza pueden ser primarios y secundarios. En los primeros no hay ninguna otra enfermedad causante del dolor, y en los segundos s\u00ed hay un padecimiento base.<\/p>\n<p><a href=\"\/wp-content\/uploads\/sites\/5\/2023\/06\/dolor-de-cabeza-5.jpg\" target=\"_blank\" rel=\"noopener\"><img loading=\"lazy\" decoding=\"async\" class=\"alignnone wp-image-36033 size-full\" src=\"\/wp-content\/uploads\/sites\/5\/2023\/06\/dolor-de-cabeza-5.jpg\" alt=\"\" width=\"1321\" height=\"960\" srcset=\"\/wp-content\/uploads\/sites\/5\/2023\/06\/dolor-de-cabeza-5.jpg 1321w, \/wp-content\/uploads\/sites\/5\/2023\/06\/dolor-de-cabeza-5-300x218.jpg 300w, \/wp-content\/uploads\/sites\/5\/2023\/06\/dolor-de-cabeza-5-768x558.jpg 768w, \/wp-content\/uploads\/sites\/5\/2023\/06\/dolor-de-cabeza-5-1024x744.jpg 1024w, \/wp-content\/uploads\/sites\/5\/2023\/06\/dolor-de-cabeza-5-578x420.jpg 578w, \/wp-content\/uploads\/sites\/5\/2023\/06\/dolor-de-cabeza-5-696x506.jpg 696w, \/wp-content\/uploads\/sites\/5\/2023\/06\/dolor-de-cabeza-5-1068x776.jpg 1068w, \/wp-content\/uploads\/sites\/5\/2023\/06\/dolor-de-cabeza-5-324x235.jpg 324w, \/wp-content\/uploads\/sites\/5\/2023\/06\/dolor-de-cabeza-5-534x388.jpg 534w\" sizes=\"auto, (max-width: 1321px) 100vw, 1321px\" \/><\/a><\/p>\n<p>Entre los dolores de cabeza primarios m\u00e1s frecuentes se encuentran la cefalea tensional, la migra\u00f1a y las neuralgias craneales. De acuerdo con el especialista, la migra\u00f1a es una causa importante de suspensi\u00f3n laboral alrededor del mundo, ya que puede ser incapacitante si no recibe el tratamiento adecuado, lo que ocurre con frecuencia.<\/p>\n<blockquote>\n<p>Entre los dolores de cabeza m\u00e1s frecuentes se encuentran la cefalea tensional, la migra\u00f1a y las neuralgias craneales<\/p>\n<\/blockquote>\n<p>A decir de D\u00edaz, la ausencia de un tratamiento correcto ocurre principalmente porque los pacientes al empezar con dolores de cabeza espor\u00e1dicos, los consideran normales, y por otro lado, la atenci\u00f3n se busca con un m\u00e9dico de atenci\u00f3n primaria y en este nivel no hay un conocimiento especializado. <strong>\u201cLo ideal es que los dolores de cabeza no se vean como algo normal y que al presentarse se pueda acudir a consulta\u201d<\/strong>, indic\u00f3 el doctor.<\/p>\n<p><a href=\"\/wp-content\/uploads\/sites\/5\/2023\/06\/dolor-de-cabeza-4.jpg\" target=\"_blank\" rel=\"noopener\"><img loading=\"lazy\" decoding=\"async\" class=\"alignnone wp-image-36034 size-full\" src=\"\/wp-content\/uploads\/sites\/5\/2023\/06\/dolor-de-cabeza-4.jpg\" alt=\"\" width=\"1303\" height=\"1021\" srcset=\"\/wp-content\/uploads\/sites\/5\/2023\/06\/dolor-de-cabeza-4.jpg 1303w, \/wp-content\/uploads\/sites\/5\/2023\/06\/dolor-de-cabeza-4-300x235.jpg 300w, \/wp-content\/uploads\/sites\/5\/2023\/06\/dolor-de-cabeza-4-768x602.jpg 768w, \/wp-content\/uploads\/sites\/5\/2023\/06\/dolor-de-cabeza-4-1024x802.jpg 1024w, \/wp-content\/uploads\/sites\/5\/2023\/06\/dolor-de-cabeza-4-536x420.jpg 536w, \/wp-content\/uploads\/sites\/5\/2023\/06\/dolor-de-cabeza-4-696x545.jpg 696w, \/wp-content\/uploads\/sites\/5\/2023\/06\/dolor-de-cabeza-4-1068x837.jpg 1068w, \/wp-content\/uploads\/sites\/5\/2023\/06\/dolor-de-cabeza-4-534x418.jpg 534w\" sizes=\"auto, (max-width: 1303px) 100vw, 1303px\" \/><\/a><\/p>\n<p>El afiliado al IGSS puede acudir a consulta por enfermedad com\u00fan en la perif\u00e9rica que le corresponde y si el dolor es muy intenso y se asocia con v\u00f3mitos, v\u00e9rtigo y somnolencia puede presentarse a las emergencias de las unidades hospitalarias.<\/p>\n<p>Agreg\u00f3 que es necesario que el paciente, los empleadores y m\u00e9dicos est\u00e9n atentos a este padecimiento para evitar que se vuelva cr\u00f3nico y repercuta en las actividades cotidianas y laborales del afectado.<\/p>\n<p><a href=\"\/wp-content\/uploads\/sites\/5\/2023\/06\/dolor-de-cabeza-2.jpg\" target=\"_blank\" rel=\"noopener\"><img loading=\"lazy\" decoding=\"async\" class=\"alignnone wp-image-36036 size-full\" src=\"\/wp-content\/uploads\/sites\/5\/2023\/06\/dolor-de-cabeza-2.jpg\" alt=\"\" width=\"1600\" height=\"1066\" srcset=\"\/wp-content\/uploads\/sites\/5\/2023\/06\/dolor-de-cabeza-2.jpg 1600w, \/wp-content\/uploads\/sites\/5\/2023\/06\/dolor-de-cabeza-2-300x200.jpg 300w, \/wp-content\/uploads\/sites\/5\/2023\/06\/dolor-de-cabeza-2-768x512.jpg 768w, \/wp-content\/uploads\/sites\/5\/2023\/06\/dolor-de-cabeza-2-1024x682.jpg 1024w, \/wp-content\/uploads\/sites\/5\/2023\/06\/dolor-de-cabeza-2-1536x1023.jpg 1536w, \/wp-content\/uploads\/sites\/5\/2023\/06\/dolor-de-cabeza-2-630x420.jpg 630w, \/wp-content\/uploads\/sites\/5\/2023\/06\/dolor-de-cabeza-2-696x464.jpg 696w, \/wp-content\/uploads\/sites\/5\/2023\/06\/dolor-de-cabeza-2-1068x712.jpg 1068w, \/wp-content\/uploads\/sites\/5\/2023\/06\/dolor-de-cabeza-2-534x356.jpg 534w\" sizes=\"auto, (max-width: 1600px) 100vw, 1600px\" \/><\/a><\/p>\n<h3><strong>Consultas por cefaleas<\/strong><\/h3>\n<p>D\u00edaz inform\u00f3 que el dolor de cabeza es uno de los principales motivos de consulta neuorol\u00f3gica que han ido en incremento por factores relacionados con la falta de sue\u00f1o.<\/p>\n<p>Datos abiertos del IGSS se\u00f1alan que durante el 2022 se registraron 115 mil 949 consultas por cefalea, padecimiento que se encuentra en el Top 20 de atenciones en salud m\u00e1s frecuentes en ese a\u00f1o.<\/p>\n<h3><strong>Desconocimiento<\/strong><\/h3>\n<p>En el 2016 la OMS\/OPS estim\u00f3 que la prevalencia mundial de la cefalea en los adultos es de aproximadamente el 50 por ciento. A escala mundial, las cefaleas han sido subestimadas, se desconocen y no reciben la atenci\u00f3n adecuada y solo una minor\u00eda recibe un diagn\u00f3stico apropiado.<\/p>\n<p><a href=\"\/wp-content\/uploads\/sites\/5\/2023\/06\/dolor-de-cabeza-1.jpg\" target=\"_blank\" rel=\"noopener\"><img loading=\"lazy\" decoding=\"async\" class=\"alignnone wp-image-36035 size-full\" src=\"\/wp-content\/uploads\/sites\/5\/2023\/06\/dolor-de-cabeza-1.jpg\" alt=\"\" width=\"1600\" height=\"1066\" srcset=\"\/wp-content\/uploads\/sites\/5\/2023\/06\/dolor-de-cabeza-1.jpg 1600w, \/wp-content\/uploads\/sites\/5\/2023\/06\/dolor-de-cabeza-1-300x200.jpg 300w, \/wp-content\/uploads\/sites\/5\/2023\/06\/dolor-de-cabeza-1-768x512.jpg 768w, \/wp-content\/uploads\/sites\/5\/2023\/06\/dolor-de-cabeza-1-1024x682.jpg 1024w, \/wp-content\/uploads\/sites\/5\/2023\/06\/dolor-de-cabeza-1-1536x1023.jpg 1536w, \/wp-content\/uploads\/sites\/5\/2023\/06\/dolor-de-cabeza-1-630x420.jpg 630w, \/wp-content\/uploads\/sites\/5\/2023\/06\/dolor-de-cabeza-1-696x464.jpg 696w, \/wp-content\/uploads\/sites\/5\/2023\/06\/dolor-de-cabeza-1-1068x712.jpg 1068w, \/wp-content\/uploads\/sites\/5\/2023\/06\/dolor-de-cabeza-1-534x356.jpg 534w\" sizes=\"auto, (max-width: 1600px) 100vw, 1600px\" \/><\/a><\/p>","protected":false},"excerpt":{"rendered":"<p>La cefalea o dolor de cabeza es uno de los trastornos m\u00e1s comunes del sistema nervioso y uno de los principales motivos de consulta neurol\u00f3gica. Estos casos est\u00e1n en incremento y con frecuencia no reciben un tratamiento adecuado por el desconocimiento y tomarlos como algo normal. El doctor Alejandro D\u00edaz, neur\u00f3logo de la Unidad de [&hellip;]<\/p>\n","protected":false},"author":1961,"featured_media":36032,"comment_status":"closed","ping_status":"closed","sticky":false,"template":"","format":"standard","meta":{"footnotes":""},"categories":[3],"tags":[1724,829],"coauthors":[1448],"class_list":{"0":"post-36030","1":"post","2":"type-post","3":"status-publish","4":"format-standard","5":"has-post-thumbnail","7":"category-actualidad","8":"tag-dolor-de-cabeza","9":"tag-unidad-de-consulta-externa-autonomia"},"_links":{"self":[{"href":"https:\/\/www.igssgt.org\/noticias\/wp-json\/wp\/v2\/posts\/36030","targetHints":{"allow":["GET"]}}],"collection":[{"href":"https:\/\/www.igssgt.org\/noticias\/wp-json\/wp\/v2\/posts"}],"about":[{"href":"https:\/\/www.igssgt.org\/noticias\/wp-json\/wp\/v2\/types\/post"}],"author":[{"embeddable":true,"href":"https:\/\/www.igssgt.org\/noticias\/wp-json\/wp\/v2\/users\/1961"}],"replies":[{"embeddable":true,"href":"https:\/\/www.igssgt.org\/noticias\/wp-json\/wp\/v2\/comments?post=36030"}],"version-history":[{"count":5,"href":"https:\/\/www.igssgt.org\/noticias\/wp-json\/wp\/v2\/posts\/36030\/revisions"}],"predecessor-version":[{"id":36040,"href":"https:\/\/www.igssgt.org\/noticias\/wp-json\/wp\/v2\/posts\/36030\/revisions\/36040"}],"wp:featuredmedia":[{"embeddable":true,"href":"https:\/\/www.igssgt.org\/noticias\/wp-json\/wp\/v2\/media\/36032"}],"wp:attachment":[{"href":"https:\/\/www.igssgt.org\/noticias\/wp-json\/wp\/v2\/media?parent=36030"}],"wp:term":[{"taxonomy":"category","embeddable":true,"href":"https:\/\/www.igssgt.org\/noticias\/wp-json\/wp\/v2\/categories?post=36030"},{"taxonomy":"post_tag","embeddable":true,"href":"https:\/\/www.igssgt.org\/noticias\/wp-json\/wp\/v2\/tags?post=36030"},{"taxonomy":"author","embeddable":true,"href":"https:\/\/www.igssgt.org\/noticias\/wp-json\/wp\/v2\/coauthors?post=36030"}],"curies":[{"name":"wp","href":"https:\/\/api.w.org\/{rel}","templated":true}]}}