{"id":36041,"date":"2023-06-11T07:00:00","date_gmt":"2023-06-11T13:00:00","guid":{"rendered":"https:\/\/www.igssgt.org\/noticias\/?p=36041"},"modified":"2023-06-09T12:50:20","modified_gmt":"2023-06-09T18:50:20","slug":"mas-de-un-millon-de-hombres-en-el-mundo-padecen-de-cancer-de-prostata","status":"publish","type":"post","link":"https:\/\/www.igssgt.org\/noticias\/2023\/06\/11\/mas-de-un-millon-de-hombres-en-el-mundo-padecen-de-cancer-de-prostata\/","title":{"rendered":"M\u00e1s de un mill\u00f3n de hombres en el mundo padecen de c\u00e1ncer de pr\u00f3stata"},"content":{"rendered":"\n<p class=\"has-drop-cap\">Mantener un control efectivo de la salud de todos los asegurados es uno de los compromisos que tiene el Instituto Guatemalteco de Seguridad Social (IGSS), instituci\u00f3n que hace un llamado a prevenir el c\u00e1ncer de pr\u00f3stata que afecta al a\u00f1o a m\u00e1s de 1.2 millones de hombres a nivel mundial.<\/p>\n\n\n<p><a href=\"\/wp-content\/uploads\/sites\/5\/2023\/06\/cancer-de-prostata-2.jpg\" target=\"_blank\" rel=\"noopener\"><img loading=\"lazy\" decoding=\"async\" class=\"alignleft wp-image-36044\" src=\"\/wp-content\/uploads\/sites\/5\/2023\/06\/cancer-de-prostata-2.jpg\" alt=\"\" width=\"245\" height=\"323\" srcset=\"\/wp-content\/uploads\/sites\/5\/2023\/06\/cancer-de-prostata-2.jpg 1066w, \/wp-content\/uploads\/sites\/5\/2023\/06\/cancer-de-prostata-2-228x300.jpg 228w, \/wp-content\/uploads\/sites\/5\/2023\/06\/cancer-de-prostata-2-768x1011.jpg 768w, \/wp-content\/uploads\/sites\/5\/2023\/06\/cancer-de-prostata-2-778x1024.jpg 778w, \/wp-content\/uploads\/sites\/5\/2023\/06\/cancer-de-prostata-2-319x420.jpg 319w, \/wp-content\/uploads\/sites\/5\/2023\/06\/cancer-de-prostata-2-696x916.jpg 696w, \/wp-content\/uploads\/sites\/5\/2023\/06\/cancer-de-prostata-2-351x462.jpg 351w\" sizes=\"auto, (max-width: 245px) 100vw, 245px\" \/><\/a>El doctor Gabriel R\u00e1mila, ur\u00f3logo del Hospital General de Enfermedades, indica que la pr\u00f3stata es una gl\u00e1ndula situada debajo de la vejiga, en la parte final de la uretra masculina. Cumple una funci\u00f3n endocrina, la cual desarrolla todo el metabolismo de las hormonas masculinas, adem\u00e1s de regular la excreci\u00f3n de las ves\u00edculas seminales, pero como todo tejido humano, puede desarrollar una transformaci\u00f3n en DNA celular anormal que causa un crecimiento descontrolado de las c\u00e9lulas (c\u00e1ncer).<\/p>\n<p>En la actualidad, el 65 por ciento de todos los c\u00e1nceres de este tipo se diagnostican en hombres mayores de 65 a\u00f1os, pero si la enfermedad es descubierta de manera temprana puede ser tratada en sus etapas iniciales y su curaci\u00f3n es posible en un 85 por ciento de los casos.<\/p>\n<h3><strong>Prevenci\u00f3n y tratamiento<\/strong><\/h3>\n<p>Es una enfermedad silenciosa en su fase inicial y por ello se recomienda realizarse anualmente el estudio de Ant\u00edgeno Prost\u00e1tico Espec\u00edfico y exploraci\u00f3n f\u00edsica. Es importante destacar que, si existen antecedentes en familiares con este problema, los estudios se deben de realizar a partir de los 40 a\u00f1os.<\/p>\n<p><a href=\"\/wp-content\/uploads\/sites\/5\/2023\/06\/cancer-de-prostata-3.jpg\" target=\"_blank\" rel=\"noopener\"><img loading=\"lazy\" decoding=\"async\" class=\"alignnone wp-image-36045 size-full\" src=\"\/wp-content\/uploads\/sites\/5\/2023\/06\/cancer-de-prostata-3.jpg\" alt=\"\" width=\"1476\" height=\"1017\" srcset=\"\/wp-content\/uploads\/sites\/5\/2023\/06\/cancer-de-prostata-3.jpg 1476w, \/wp-content\/uploads\/sites\/5\/2023\/06\/cancer-de-prostata-3-300x207.jpg 300w, \/wp-content\/uploads\/sites\/5\/2023\/06\/cancer-de-prostata-3-768x529.jpg 768w, \/wp-content\/uploads\/sites\/5\/2023\/06\/cancer-de-prostata-3-1024x706.jpg 1024w, \/wp-content\/uploads\/sites\/5\/2023\/06\/cancer-de-prostata-3-610x420.jpg 610w, \/wp-content\/uploads\/sites\/5\/2023\/06\/cancer-de-prostata-3-218x150.jpg 218w, \/wp-content\/uploads\/sites\/5\/2023\/06\/cancer-de-prostata-3-696x480.jpg 696w, \/wp-content\/uploads\/sites\/5\/2023\/06\/cancer-de-prostata-3-1068x736.jpg 1068w, \/wp-content\/uploads\/sites\/5\/2023\/06\/cancer-de-prostata-3-100x70.jpg 100w, \/wp-content\/uploads\/sites\/5\/2023\/06\/cancer-de-prostata-3-534x368.jpg 534w\" sizes=\"auto, (max-width: 1476px) 100vw, 1476px\" \/><\/a><\/p>\n<p>R\u00e1mila sostiene que es fundamental mantener una dieta donde se incluya frutas y verduras, hacer ejercicio constantemente y tener un bajo peso.<\/p>\n<p><strong>\u201cLas opciones que existen para el tratamiento depender\u00e1n de la edad del paciente, de su estado de salud y de si el tumor se encuentra localizado. Cuando un tumor est\u00e1 localizado en la pr\u00f3stata las opciones de tratamiento son cirug\u00eda la cual se llama prostatectom\u00eda radical y la otra opci\u00f3n es la radiaci\u00f3n la cual consiste en usar un rayo que destruye las c\u00e9lulas cancerosas\u201d<\/strong>, asegur\u00f3 el profesional.<\/p>\n<p><a href=\"\/wp-content\/uploads\/sites\/5\/2023\/06\/cancer-de-prostata-1.jpg\" target=\"_blank\" rel=\"noopener\"><img loading=\"lazy\" decoding=\"async\" class=\"alignnone wp-image-36043 size-full\" src=\"\/wp-content\/uploads\/sites\/5\/2023\/06\/cancer-de-prostata-1.jpg\" alt=\"\" width=\"1376\" height=\"944\" srcset=\"\/wp-content\/uploads\/sites\/5\/2023\/06\/cancer-de-prostata-1.jpg 1376w, \/wp-content\/uploads\/sites\/5\/2023\/06\/cancer-de-prostata-1-300x206.jpg 300w, \/wp-content\/uploads\/sites\/5\/2023\/06\/cancer-de-prostata-1-768x527.jpg 768w, \/wp-content\/uploads\/sites\/5\/2023\/06\/cancer-de-prostata-1-1024x703.jpg 1024w, \/wp-content\/uploads\/sites\/5\/2023\/06\/cancer-de-prostata-1-612x420.jpg 612w, \/wp-content\/uploads\/sites\/5\/2023\/06\/cancer-de-prostata-1-218x150.jpg 218w, \/wp-content\/uploads\/sites\/5\/2023\/06\/cancer-de-prostata-1-696x477.jpg 696w, \/wp-content\/uploads\/sites\/5\/2023\/06\/cancer-de-prostata-1-1068x733.jpg 1068w, \/wp-content\/uploads\/sites\/5\/2023\/06\/cancer-de-prostata-1-100x70.jpg 100w, \/wp-content\/uploads\/sites\/5\/2023\/06\/cancer-de-prostata-1-534x366.jpg 534w\" sizes=\"auto, (max-width: 1376px) 100vw, 1376px\" \/><\/a><\/p>\n<h3><strong>Estad\u00edsticas<\/strong><\/h3>\n<p>Seg\u00fan el Departamento Actuarial y Estad\u00edstico del IGSS, en 2021 el Instituto atendi\u00f3 8 mil 933 consultas, mientras que en 2022 fueron 10 mil 454 pacientes.<\/p>\n<p>Est\u00e1 enfermedad cr\u00f3nica es considerada como el c\u00e1ncer m\u00e1s com\u00fan entre la poblaci\u00f3n masculina, seguido del de pulm\u00f3n y el colorrectal.<\/p>\n<p><a href=\"\/wp-content\/uploads\/sites\/5\/2023\/06\/cancer-de-prostata-4.jpg\" target=\"_blank\" rel=\"noopener\"><img loading=\"lazy\" decoding=\"async\" class=\"alignnone wp-image-36046 size-full\" src=\"\/wp-content\/uploads\/sites\/5\/2023\/06\/cancer-de-prostata-4.jpg\" alt=\"\" width=\"1532\" height=\"980\" srcset=\"\/wp-content\/uploads\/sites\/5\/2023\/06\/cancer-de-prostata-4.jpg 1532w, \/wp-content\/uploads\/sites\/5\/2023\/06\/cancer-de-prostata-4-300x192.jpg 300w, \/wp-content\/uploads\/sites\/5\/2023\/06\/cancer-de-prostata-4-768x491.jpg 768w, \/wp-content\/uploads\/sites\/5\/2023\/06\/cancer-de-prostata-4-1024x655.jpg 1024w, \/wp-content\/uploads\/sites\/5\/2023\/06\/cancer-de-prostata-4-657x420.jpg 657w, \/wp-content\/uploads\/sites\/5\/2023\/06\/cancer-de-prostata-4-696x445.jpg 696w, \/wp-content\/uploads\/sites\/5\/2023\/06\/cancer-de-prostata-4-1068x683.jpg 1068w, \/wp-content\/uploads\/sites\/5\/2023\/06\/cancer-de-prostata-4-534x342.jpg 534w\" sizes=\"auto, (max-width: 1532px) 100vw, 1532px\" \/><\/a><\/p>","protected":false},"excerpt":{"rendered":"<p>Mantener un control efectivo de la salud de todos los asegurados es uno de los compromisos que tiene el Instituto Guatemalteco de Seguridad Social (IGSS), instituci\u00f3n que hace un llamado a prevenir el c\u00e1ncer de pr\u00f3stata que afecta al a\u00f1o a m\u00e1s de 1.2 millones de hombres a nivel mundial. El doctor Gabriel R\u00e1mila, ur\u00f3logo [&hellip;]<\/p>\n","protected":false},"author":1961,"featured_media":36047,"comment_status":"closed","ping_status":"closed","sticky":false,"template":"","format":"standard","meta":{"footnotes":""},"categories":[3],"tags":[880,481],"coauthors":[1448],"class_list":{"0":"post-36041","1":"post","2":"type-post","3":"status-publish","4":"format-standard","5":"has-post-thumbnail","7":"category-actualidad","8":"tag-cancer-de-prostata","9":"tag-hospital-general-de-enfermedades"},"_links":{"self":[{"href":"https:\/\/www.igssgt.org\/noticias\/wp-json\/wp\/v2\/posts\/36041","targetHints":{"allow":["GET"]}}],"collection":[{"href":"https:\/\/www.igssgt.org\/noticias\/wp-json\/wp\/v2\/posts"}],"about":[{"href":"https:\/\/www.igssgt.org\/noticias\/wp-json\/wp\/v2\/types\/post"}],"author":[{"embeddable":true,"href":"https:\/\/www.igssgt.org\/noticias\/wp-json\/wp\/v2\/users\/1961"}],"replies":[{"embeddable":true,"href":"https:\/\/www.igssgt.org\/noticias\/wp-json\/wp\/v2\/comments?post=36041"}],"version-history":[{"count":10,"href":"https:\/\/www.igssgt.org\/noticias\/wp-json\/wp\/v2\/posts\/36041\/revisions"}],"predecessor-version":[{"id":36056,"href":"https:\/\/www.igssgt.org\/noticias\/wp-json\/wp\/v2\/posts\/36041\/revisions\/36056"}],"wp:featuredmedia":[{"embeddable":true,"href":"https:\/\/www.igssgt.org\/noticias\/wp-json\/wp\/v2\/media\/36047"}],"wp:attachment":[{"href":"https:\/\/www.igssgt.org\/noticias\/wp-json\/wp\/v2\/media?parent=36041"}],"wp:term":[{"taxonomy":"category","embeddable":true,"href":"https:\/\/www.igssgt.org\/noticias\/wp-json\/wp\/v2\/categories?post=36041"},{"taxonomy":"post_tag","embeddable":true,"href":"https:\/\/www.igssgt.org\/noticias\/wp-json\/wp\/v2\/tags?post=36041"},{"taxonomy":"author","embeddable":true,"href":"https:\/\/www.igssgt.org\/noticias\/wp-json\/wp\/v2\/coauthors?post=36041"}],"curies":[{"name":"wp","href":"https:\/\/api.w.org\/{rel}","templated":true}]}}