{"id":36057,"date":"2023-06-09T16:48:16","date_gmt":"2023-06-09T22:48:16","guid":{"rendered":"https:\/\/www.igssgt.org\/noticias\/?p=36057"},"modified":"2023-06-10T17:11:57","modified_gmt":"2023-06-10T23:11:57","slug":"igss-concluye-con-exito-el-vi-encuentro-de-salud-y-seguridad-ocupacional","status":"publish","type":"post","link":"https:\/\/www.igssgt.org\/noticias\/2023\/06\/09\/igss-concluye-con-exito-el-vi-encuentro-de-salud-y-seguridad-ocupacional\/","title":{"rendered":"IGSS concluye con \u00e9xito el VI Encuentro de Salud y Seguridad Ocupacional"},"content":{"rendered":"\n<p class=\"has-drop-cap\">El Instituto Guatemalteco de Seguridad Social (IGSS) finaliz\u00f3 con \u00e9xito el VI Encuentro de Salud y Seguridad Ocupacional donde se abordaron temas enriquecedores para promover una cultura de prevenci\u00f3n entre los patronos y colaboradores de las empresas afiliadas al instituto.<\/p>\n\n\n<p>La actividad se realiz\u00f3 el 8 y 9 de junio y cont\u00f3 con la participaci\u00f3n de m\u00e1s de 125 empresas de forma presencial y m\u00e1s de 700 de manera virtual.<\/p>\n<p><a href=\"\/wp-content\/uploads\/sites\/5\/2023\/06\/VI-Encuentro-de-Salud-y-Seguridad-Ocupacional2-16.jpg\" target=\"_blank\" rel=\"noopener\"><img loading=\"lazy\" decoding=\"async\" class=\"alignnone wp-image-36065 size-full\" src=\"\/wp-content\/uploads\/sites\/5\/2023\/06\/VI-Encuentro-de-Salud-y-Seguridad-Ocupacional2-16.jpg\" alt=\"\" width=\"1600\" height=\"1066\" srcset=\"\/wp-content\/uploads\/sites\/5\/2023\/06\/VI-Encuentro-de-Salud-y-Seguridad-Ocupacional2-16.jpg 1600w, \/wp-content\/uploads\/sites\/5\/2023\/06\/VI-Encuentro-de-Salud-y-Seguridad-Ocupacional2-16-300x200.jpg 300w, \/wp-content\/uploads\/sites\/5\/2023\/06\/VI-Encuentro-de-Salud-y-Seguridad-Ocupacional2-16-768x512.jpg 768w, \/wp-content\/uploads\/sites\/5\/2023\/06\/VI-Encuentro-de-Salud-y-Seguridad-Ocupacional2-16-1024x682.jpg 1024w, \/wp-content\/uploads\/sites\/5\/2023\/06\/VI-Encuentro-de-Salud-y-Seguridad-Ocupacional2-16-1536x1023.jpg 1536w, \/wp-content\/uploads\/sites\/5\/2023\/06\/VI-Encuentro-de-Salud-y-Seguridad-Ocupacional2-16-630x420.jpg 630w, \/wp-content\/uploads\/sites\/5\/2023\/06\/VI-Encuentro-de-Salud-y-Seguridad-Ocupacional2-16-696x464.jpg 696w, \/wp-content\/uploads\/sites\/5\/2023\/06\/VI-Encuentro-de-Salud-y-Seguridad-Ocupacional2-16-1068x712.jpg 1068w, \/wp-content\/uploads\/sites\/5\/2023\/06\/VI-Encuentro-de-Salud-y-Seguridad-Ocupacional2-16-534x356.jpg 534w\" sizes=\"auto, (max-width: 1600px) 100vw, 1600px\" \/><\/a><\/p>\n<p>El presidente de la Junta Directiva del IGSS, Lic. Jos\u00e9 Adolfo Flamenco Jau, indic\u00f3 que este encuentro es muestra del inter\u00e9s del Instituto para la prevenci\u00f3n de los accidentes y las enfermedades laborales, as\u00ed como del trabajo conjunto con el sector empleador.<\/p>\n<p><strong>\u201cSomos un aliado para que ustedes, en sus empresas sean mucho m\u00e1s productivos y dispongan de las herramientas necesarias para regular las condiciones de salud y seguridad ocupacional con el fin de proteger la vida, de todos los trabajadores que se encuentran en un lugar de trabajo, sean estos de entidades p\u00fablicas o privadas\u201d<\/strong>, resalt\u00f3 Flamenco.<\/p>\n<blockquote>\n<p>Este encuentro es muestra del inter\u00e9s del Instituto para la prevenci\u00f3n de los accidentes y las enfermedades laborales<\/p>\n<\/blockquote>\n<p>Por su parte, el jefe de la Secci\u00f3n de Seguridad e Higiene y Prevenci\u00f3n de Accidentes, Dr. Mynor Mej\u00eda, resalt\u00f3 el inter\u00e9s de las empresas de diferente \u00edndole en el cumplimiento de la normativa y en la implementaci\u00f3n de gestiones en salud y seguridad ocupacional.<\/p>\n<p>Durante la jornada de este d\u00eda se discutieron las propuestas de estrategias para cumplir con la seguridad y la salud como derecho fundamental del trabajador.<\/p>\n<p><a href=\"\/wp-content\/uploads\/sites\/5\/2023\/06\/VI-Encuentro-de-Salud-y-Seguridad-Ocupacional2-9.jpg\" target=\"_blank\" rel=\"noopener\"><img loading=\"lazy\" decoding=\"async\" class=\"alignnone wp-image-36067 size-full\" src=\"\/wp-content\/uploads\/sites\/5\/2023\/06\/VI-Encuentro-de-Salud-y-Seguridad-Ocupacional2-9.jpg\" alt=\"\" width=\"1600\" height=\"1066\" srcset=\"\/wp-content\/uploads\/sites\/5\/2023\/06\/VI-Encuentro-de-Salud-y-Seguridad-Ocupacional2-9.jpg 1600w, \/wp-content\/uploads\/sites\/5\/2023\/06\/VI-Encuentro-de-Salud-y-Seguridad-Ocupacional2-9-300x200.jpg 300w, \/wp-content\/uploads\/sites\/5\/2023\/06\/VI-Encuentro-de-Salud-y-Seguridad-Ocupacional2-9-768x512.jpg 768w, \/wp-content\/uploads\/sites\/5\/2023\/06\/VI-Encuentro-de-Salud-y-Seguridad-Ocupacional2-9-1024x682.jpg 1024w, \/wp-content\/uploads\/sites\/5\/2023\/06\/VI-Encuentro-de-Salud-y-Seguridad-Ocupacional2-9-1536x1023.jpg 1536w, \/wp-content\/uploads\/sites\/5\/2023\/06\/VI-Encuentro-de-Salud-y-Seguridad-Ocupacional2-9-630x420.jpg 630w, \/wp-content\/uploads\/sites\/5\/2023\/06\/VI-Encuentro-de-Salud-y-Seguridad-Ocupacional2-9-696x464.jpg 696w, \/wp-content\/uploads\/sites\/5\/2023\/06\/VI-Encuentro-de-Salud-y-Seguridad-Ocupacional2-9-1068x712.jpg 1068w, \/wp-content\/uploads\/sites\/5\/2023\/06\/VI-Encuentro-de-Salud-y-Seguridad-Ocupacional2-9-534x356.jpg 534w\" sizes=\"auto, (max-width: 1600px) 100vw, 1600px\" \/><\/a><\/p>\n<p>En el Foro participaron el Dr. Mynor Mej\u00eda, jefe de la Secci\u00f3n de Seguridad e Higiene del IGSS; la Licda. Mar\u00eda Isabel Salazar, viceministra de Trabajo, y la M. Sc. Karla Ram\u00edrez, directora de SISPRECON, quienes coincidieron en que es necesaria la homologaci\u00f3n de los criterios y plantear una estrategia com\u00fan que cuente con el aporte del sector empleador.<\/p>\n<p>La viceministra Salazar anunci\u00f3 que este a\u00f1o se crear\u00e1 la escuela de inspecci\u00f3n. <strong>\u201cLa inspecci\u00f3n es un eje central del cumplimiento de la ley, por lo que es un eje central de la creaci\u00f3n de empleo digno\u201d<\/strong>, indic\u00f3.<\/p>\n<p><a href=\"\/wp-content\/uploads\/sites\/5\/2023\/06\/VI-Encuentro-de-Salud-y-Seguridad-Ocupacional2-15.jpg\" target=\"_blank\" rel=\"noopener\"><img loading=\"lazy\" decoding=\"async\" class=\"alignnone wp-image-36066 size-full\" src=\"\/wp-content\/uploads\/sites\/5\/2023\/06\/VI-Encuentro-de-Salud-y-Seguridad-Ocupacional2-15.jpg\" alt=\"\" width=\"1487\" height=\"999\" srcset=\"\/wp-content\/uploads\/sites\/5\/2023\/06\/VI-Encuentro-de-Salud-y-Seguridad-Ocupacional2-15.jpg 1487w, \/wp-content\/uploads\/sites\/5\/2023\/06\/VI-Encuentro-de-Salud-y-Seguridad-Ocupacional2-15-300x202.jpg 300w, \/wp-content\/uploads\/sites\/5\/2023\/06\/VI-Encuentro-de-Salud-y-Seguridad-Ocupacional2-15-768x516.jpg 768w, \/wp-content\/uploads\/sites\/5\/2023\/06\/VI-Encuentro-de-Salud-y-Seguridad-Ocupacional2-15-1024x688.jpg 1024w, \/wp-content\/uploads\/sites\/5\/2023\/06\/VI-Encuentro-de-Salud-y-Seguridad-Ocupacional2-15-625x420.jpg 625w, \/wp-content\/uploads\/sites\/5\/2023\/06\/VI-Encuentro-de-Salud-y-Seguridad-Ocupacional2-15-696x468.jpg 696w, \/wp-content\/uploads\/sites\/5\/2023\/06\/VI-Encuentro-de-Salud-y-Seguridad-Ocupacional2-15-1068x718.jpg 1068w, \/wp-content\/uploads\/sites\/5\/2023\/06\/VI-Encuentro-de-Salud-y-Seguridad-Ocupacional2-15-534x359.jpg 534w\" sizes=\"auto, (max-width: 1487px) 100vw, 1487px\" \/><\/a><\/p>\n<p>Este d\u00eda tambi\u00e9n fueron desarrollados varios temas de inter\u00e9s como son las lesiones osteomusculares en espalda por accidentes de trabajo, el trabajo infantil y el trauma psicol\u00f3gico, el C\u00f3digo de \u00c9tica para la pr\u00e1ctica de Salud Ocupacional, la verificaci\u00f3n de cumplimiento de normativa de salud y seguridad ocupacional en las empresas, salud y seguridad ocupacional y compliance y las propuestas de estrategias de Guatemala para cumplir con la salud y la seguridad ocupacional como derecho fundamental del trabajador<\/p>\n<h3><strong>Cifras<\/strong><\/h3>\n<ul>\n<li>60 inspectores tiene el IGSS<\/li>\n<li>45 temas de capacitaci\u00f3n est\u00e1n a disposici\u00f3n de las empresas<\/li>\n<li>5000 monitores han sido capacitados por el IGSS<\/li>\n<li>300 registros de Planes de Salud y Seguridad Ocupacional se han realizado en 2023<\/li>\n<li>3142 libros de actas han sido habilitados desde 2017 hasta la fecha<\/li>\n<\/ul>\n\r\n                <style type=\"text\/css\">\r\n                    \r\n                    #tdi_1  .td-doubleSlider-2 .td-item1 {\r\n                        background: url(\/wp-content\/uploads\/sites\/5\/2023\/06\/VI-Encuentro-de-Salud-y-Seguridad-Ocupacional2-14-80x60.jpg) 0 0 no-repeat;\r\n                    }\r\n                    #tdi_1  .td-doubleSlider-2 .td-item2 {\r\n                        background: url(\/wp-content\/uploads\/sites\/5\/2023\/06\/VI-Encuentro-de-Salud-y-Seguridad-Ocupacional2-17-80x60.jpg) 0 0 no-repeat;\r\n                    }\r\n                    #tdi_1  .td-doubleSlider-2 .td-item3 {\r\n                        background: url(\/wp-content\/uploads\/sites\/5\/2023\/06\/VI-Encuentro-de-Salud-y-Seguridad-Ocupacional2-8-80x60.jpg) 0 0 no-repeat;\r\n                    }\r\n                    #tdi_1  .td-doubleSlider-2 .td-item4 {\r\n                        background: url(\/wp-content\/uploads\/sites\/5\/2023\/06\/VI-Encuentro-de-Salud-y-Seguridad-Ocupacional2-5-80x60.jpg) 0 0 no-repeat;\r\n                    }\r\n                    #tdi_1  .td-doubleSlider-2 .td-item5 {\r\n                        background: url(\/wp-content\/uploads\/sites\/5\/2023\/06\/VI-Encuentro-de-Salud-y-Seguridad-Ocupacional2-7-80x60.jpg) 0 0 no-repeat;\r\n                    }\r\n                    #tdi_1  .td-doubleSlider-2 .td-item6 {\r\n                        background: url(\/wp-content\/uploads\/sites\/5\/2023\/06\/VI-Encuentro-de-Salud-y-Seguridad-Ocupacional2-1-80x60.jpg) 0 0 no-repeat;\r\n                    }\r\n                    #tdi_1  .td-doubleSlider-2 .td-item7 {\r\n                        background: url(\/wp-content\/uploads\/sites\/5\/2023\/06\/VI-Encuentro-de-Salud-y-Seguridad-Ocupacional2-4-80x60.jpg) 0 0 no-repeat;\r\n                    }\r\n                    #tdi_1  .td-doubleSlider-2 .td-item8 {\r\n                        background: url(\/wp-content\/uploads\/sites\/5\/2023\/06\/VI-Encuentro-de-Salud-y-Seguridad-Ocupacional2-13-80x60.jpg) 0 0 no-repeat;\r\n                    }\r\n                    #tdi_1  .td-doubleSlider-2 .td-item9 {\r\n                        background: url(\/wp-content\/uploads\/sites\/5\/2023\/06\/VI-Encuentro-de-Salud-y-Seguridad-Ocupacional2-12-80x60.jpeg) 0 0 no-repeat;\r\n                    }\r\n                    #tdi_1  .td-doubleSlider-2 .td-item10 {\r\n                        background: url(\/wp-content\/uploads\/sites\/5\/2023\/06\/VI-Encuentro-de-Salud-y-Seguridad-Ocupacional2-10-80x60.jpeg) 0 0 no-repeat;\r\n                    }\r\n                    #tdi_1  .td-doubleSlider-2 .td-item11 {\r\n                        background: url(\/wp-content\/uploads\/sites\/5\/2023\/06\/VI-Encuentro-de-Salud-y-Seguridad-Ocupacional2-11-80x60.jpeg) 0 0 no-repeat;\r\n                    }\r\n                    #tdi_1  .td-doubleSlider-2 .td-item12 {\r\n                        background: url(\/wp-content\/uploads\/sites\/5\/2023\/06\/VI-Encuentro-de-Salud-y-Seguridad-Ocupacional2-2-80x60.jpg) 0 0 no-repeat;\r\n                    }\r\n                    #tdi_1  .td-doubleSlider-2 .td-item13 {\r\n                        background: url(\/wp-content\/uploads\/sites\/5\/2023\/06\/VI-Encuentro-de-Salud-y-Seguridad-Ocupacional2-3-80x60.jpg) 0 0 no-repeat;\r\n                    }\r\n                <\/style>\r\n\r\n                <div id=\"tdi_1\" class=\"td-gallery td-slide-on-2-columns\">\r\n                    <div class=\"post_td_gallery\">\r\n                        <div class=\"td-gallery-slide-top\">\r\n                           <div class=\"td-gallery-title\"><\/div>\r\n\r\n                            <div class=\"td-gallery-controls-wrapper\">\r\n                                <div class=\"td-gallery-slide-count\"><span class=\"td-gallery-slide-item-focus\">1<\/span> de 13<\/div>\r\n                                <div class=\"td-gallery-slide-prev-next-but\">\r\n                                    <i class = \"td-icon-left doubleSliderPrevButton\"><\/i>\r\n                                    <i class = \"td-icon-right doubleSliderNextButton\"><\/i>\r\n                                <\/div>\r\n                            <\/div>\r\n                        <\/div>\r\n\r\n                        <div class = \"td-doubleSlider-1 \">\r\n                            <div class = \"td-slider\">\r\n                                \r\n                    <div class = \"td-slide-item td-item1\">\r\n                        <figure class=\"td-slide-galery-figure td-slide-popup-gallery\">\r\n                            <a class=\"slide-gallery-image-link\" href=\"\/wp-content\/uploads\/sites\/5\/2023\/06\/VI-Encuentro-de-Salud-y-Seguridad-Ocupacional2-14.jpg\" title=\"VI Encuentro de Salud y Seguridad Ocupacional2-14\"  data-caption=\"\"  data-description=\"\">\r\n                                <img decoding=\"async\" src=\"\/wp-content\/uploads\/sites\/5\/2023\/06\/VI-Encuentro-de-Salud-y-Seguridad-Ocupacional2-14-630x420.jpg\" srcset=\"\/wp-content\/uploads\/sites\/5\/2023\/06\/VI-Encuentro-de-Salud-y-Seguridad-Ocupacional2-14-630x420.jpg 630w, \/wp-content\/uploads\/sites\/5\/2023\/06\/VI-Encuentro-de-Salud-y-Seguridad-Ocupacional2-14-300x200.jpg 300w, \/wp-content\/uploads\/sites\/5\/2023\/06\/VI-Encuentro-de-Salud-y-Seguridad-Ocupacional2-14-768x512.jpg 768w, \/wp-content\/uploads\/sites\/5\/2023\/06\/VI-Encuentro-de-Salud-y-Seguridad-Ocupacional2-14-1024x682.jpg 1024w, \/wp-content\/uploads\/sites\/5\/2023\/06\/VI-Encuentro-de-Salud-y-Seguridad-Ocupacional2-14-1536x1023.jpg 1536w, \/wp-content\/uploads\/sites\/5\/2023\/06\/VI-Encuentro-de-Salud-y-Seguridad-Ocupacional2-14-696x464.jpg 696w, \/wp-content\/uploads\/sites\/5\/2023\/06\/VI-Encuentro-de-Salud-y-Seguridad-Ocupacional2-14-1068x712.jpg 1068w, \/wp-content\/uploads\/sites\/5\/2023\/06\/VI-Encuentro-de-Salud-y-Seguridad-Ocupacional2-14-534x356.jpg 534w, \/wp-content\/uploads\/sites\/5\/2023\/06\/VI-Encuentro-de-Salud-y-Seguridad-Ocupacional2-14.jpg 1600w\" sizes=\"(max-width: 630px) 100vw, 630px\" alt=\"\">\r\n                            <\/a>\r\n                            \r\n                        <\/figure>\r\n                    <\/div>\r\n                    <div class = \"td-slide-item td-item2\">\r\n                        <figure class=\"td-slide-galery-figure td-slide-popup-gallery\">\r\n                            <a class=\"slide-gallery-image-link\" href=\"\/wp-content\/uploads\/sites\/5\/2023\/06\/VI-Encuentro-de-Salud-y-Seguridad-Ocupacional2-17.jpg\" title=\"VI Encuentro de Salud y Seguridad Ocupacional2-17\"  data-caption=\"\"  data-description=\"\">\r\n                                <img decoding=\"async\" src=\"\/wp-content\/uploads\/sites\/5\/2023\/06\/VI-Encuentro-de-Salud-y-Seguridad-Ocupacional2-17-630x420.jpg\" srcset=\"\/wp-content\/uploads\/sites\/5\/2023\/06\/VI-Encuentro-de-Salud-y-Seguridad-Ocupacional2-17-630x420.jpg 630w, \/wp-content\/uploads\/sites\/5\/2023\/06\/VI-Encuentro-de-Salud-y-Seguridad-Ocupacional2-17-300x200.jpg 300w, \/wp-content\/uploads\/sites\/5\/2023\/06\/VI-Encuentro-de-Salud-y-Seguridad-Ocupacional2-17-768x512.jpg 768w, \/wp-content\/uploads\/sites\/5\/2023\/06\/VI-Encuentro-de-Salud-y-Seguridad-Ocupacional2-17-1024x682.jpg 1024w, \/wp-content\/uploads\/sites\/5\/2023\/06\/VI-Encuentro-de-Salud-y-Seguridad-Ocupacional2-17-1536x1023.jpg 1536w, \/wp-content\/uploads\/sites\/5\/2023\/06\/VI-Encuentro-de-Salud-y-Seguridad-Ocupacional2-17-696x464.jpg 696w, \/wp-content\/uploads\/sites\/5\/2023\/06\/VI-Encuentro-de-Salud-y-Seguridad-Ocupacional2-17-1068x712.jpg 1068w, \/wp-content\/uploads\/sites\/5\/2023\/06\/VI-Encuentro-de-Salud-y-Seguridad-Ocupacional2-17-534x356.jpg 534w, \/wp-content\/uploads\/sites\/5\/2023\/06\/VI-Encuentro-de-Salud-y-Seguridad-Ocupacional2-17.jpg 1600w\" sizes=\"(max-width: 630px) 100vw, 630px\" alt=\"\">\r\n                            <\/a>\r\n                            \r\n                        <\/figure>\r\n                    <\/div>\r\n                    <div class = \"td-slide-item td-item3\">\r\n                        <figure class=\"td-slide-galery-figure td-slide-popup-gallery\">\r\n                            <a class=\"slide-gallery-image-link\" href=\"\/wp-content\/uploads\/sites\/5\/2023\/06\/VI-Encuentro-de-Salud-y-Seguridad-Ocupacional2-8.jpg\" title=\"VI Encuentro de Salud y Seguridad Ocupacional2-8\"  data-caption=\"\"  data-description=\"\">\r\n                                <img decoding=\"async\" src=\"\/wp-content\/uploads\/sites\/5\/2023\/06\/VI-Encuentro-de-Salud-y-Seguridad-Ocupacional2-8-630x420.jpg\" srcset=\"\/wp-content\/uploads\/sites\/5\/2023\/06\/VI-Encuentro-de-Salud-y-Seguridad-Ocupacional2-8-630x420.jpg 630w, \/wp-content\/uploads\/sites\/5\/2023\/06\/VI-Encuentro-de-Salud-y-Seguridad-Ocupacional2-8-300x200.jpg 300w, \/wp-content\/uploads\/sites\/5\/2023\/06\/VI-Encuentro-de-Salud-y-Seguridad-Ocupacional2-8-768x512.jpg 768w, \/wp-content\/uploads\/sites\/5\/2023\/06\/VI-Encuentro-de-Salud-y-Seguridad-Ocupacional2-8-1024x682.jpg 1024w, \/wp-content\/uploads\/sites\/5\/2023\/06\/VI-Encuentro-de-Salud-y-Seguridad-Ocupacional2-8-1536x1023.jpg 1536w, \/wp-content\/uploads\/sites\/5\/2023\/06\/VI-Encuentro-de-Salud-y-Seguridad-Ocupacional2-8-696x464.jpg 696w, \/wp-content\/uploads\/sites\/5\/2023\/06\/VI-Encuentro-de-Salud-y-Seguridad-Ocupacional2-8-1068x712.jpg 1068w, \/wp-content\/uploads\/sites\/5\/2023\/06\/VI-Encuentro-de-Salud-y-Seguridad-Ocupacional2-8-534x356.jpg 534w, \/wp-content\/uploads\/sites\/5\/2023\/06\/VI-Encuentro-de-Salud-y-Seguridad-Ocupacional2-8.jpg 1600w\" sizes=\"(max-width: 630px) 100vw, 630px\" alt=\"\">\r\n                            <\/a>\r\n                            \r\n                        <\/figure>\r\n                    <\/div>\r\n                    <div class = \"td-slide-item td-item4\">\r\n                        <figure class=\"td-slide-galery-figure td-slide-popup-gallery\">\r\n                            <a class=\"slide-gallery-image-link\" href=\"\/wp-content\/uploads\/sites\/5\/2023\/06\/VI-Encuentro-de-Salud-y-Seguridad-Ocupacional2-5.jpg\" title=\"VI Encuentro de Salud y Seguridad Ocupacional2-5\"  data-caption=\"\"  data-description=\"\">\r\n                                <img decoding=\"async\" src=\"\/wp-content\/uploads\/sites\/5\/2023\/06\/VI-Encuentro-de-Salud-y-Seguridad-Ocupacional2-5-630x420.jpg\" srcset=\"\/wp-content\/uploads\/sites\/5\/2023\/06\/VI-Encuentro-de-Salud-y-Seguridad-Ocupacional2-5-630x420.jpg 630w, \/wp-content\/uploads\/sites\/5\/2023\/06\/VI-Encuentro-de-Salud-y-Seguridad-Ocupacional2-5-300x200.jpg 300w, \/wp-content\/uploads\/sites\/5\/2023\/06\/VI-Encuentro-de-Salud-y-Seguridad-Ocupacional2-5-768x512.jpg 768w, \/wp-content\/uploads\/sites\/5\/2023\/06\/VI-Encuentro-de-Salud-y-Seguridad-Ocupacional2-5-1024x682.jpg 1024w, \/wp-content\/uploads\/sites\/5\/2023\/06\/VI-Encuentro-de-Salud-y-Seguridad-Ocupacional2-5-1536x1023.jpg 1536w, \/wp-content\/uploads\/sites\/5\/2023\/06\/VI-Encuentro-de-Salud-y-Seguridad-Ocupacional2-5-696x464.jpg 696w, \/wp-content\/uploads\/sites\/5\/2023\/06\/VI-Encuentro-de-Salud-y-Seguridad-Ocupacional2-5-1068x712.jpg 1068w, \/wp-content\/uploads\/sites\/5\/2023\/06\/VI-Encuentro-de-Salud-y-Seguridad-Ocupacional2-5-534x356.jpg 534w, \/wp-content\/uploads\/sites\/5\/2023\/06\/VI-Encuentro-de-Salud-y-Seguridad-Ocupacional2-5.jpg 1600w\" sizes=\"(max-width: 630px) 100vw, 630px\" alt=\"\">\r\n                            <\/a>\r\n                            \r\n                        <\/figure>\r\n                    <\/div>\r\n                    <div class = \"td-slide-item td-item5\">\r\n                        <figure class=\"td-slide-galery-figure td-slide-popup-gallery\">\r\n                            <a class=\"slide-gallery-image-link\" href=\"\/wp-content\/uploads\/sites\/5\/2023\/06\/VI-Encuentro-de-Salud-y-Seguridad-Ocupacional2-7.jpg\" title=\"VI Encuentro de Salud y Seguridad Ocupacional2-7\"  data-caption=\"\"  data-description=\"\">\r\n                                <img decoding=\"async\" src=\"\/wp-content\/uploads\/sites\/5\/2023\/06\/VI-Encuentro-de-Salud-y-Seguridad-Ocupacional2-7-630x420.jpg\" srcset=\"\/wp-content\/uploads\/sites\/5\/2023\/06\/VI-Encuentro-de-Salud-y-Seguridad-Ocupacional2-7-630x420.jpg 630w, \/wp-content\/uploads\/sites\/5\/2023\/06\/VI-Encuentro-de-Salud-y-Seguridad-Ocupacional2-7-300x200.jpg 300w, \/wp-content\/uploads\/sites\/5\/2023\/06\/VI-Encuentro-de-Salud-y-Seguridad-Ocupacional2-7-768x512.jpg 768w, \/wp-content\/uploads\/sites\/5\/2023\/06\/VI-Encuentro-de-Salud-y-Seguridad-Ocupacional2-7-1024x682.jpg 1024w, \/wp-content\/uploads\/sites\/5\/2023\/06\/VI-Encuentro-de-Salud-y-Seguridad-Ocupacional2-7-1536x1023.jpg 1536w, \/wp-content\/uploads\/sites\/5\/2023\/06\/VI-Encuentro-de-Salud-y-Seguridad-Ocupacional2-7-696x464.jpg 696w, \/wp-content\/uploads\/sites\/5\/2023\/06\/VI-Encuentro-de-Salud-y-Seguridad-Ocupacional2-7-1068x712.jpg 1068w, \/wp-content\/uploads\/sites\/5\/2023\/06\/VI-Encuentro-de-Salud-y-Seguridad-Ocupacional2-7-534x356.jpg 534w, \/wp-content\/uploads\/sites\/5\/2023\/06\/VI-Encuentro-de-Salud-y-Seguridad-Ocupacional2-7.jpg 1600w\" sizes=\"(max-width: 630px) 100vw, 630px\" alt=\"\">\r\n                            <\/a>\r\n                            \r\n                        <\/figure>\r\n                    <\/div>\r\n                    <div class = \"td-slide-item td-item6\">\r\n                        <figure class=\"td-slide-galery-figure td-slide-popup-gallery\">\r\n                            <a class=\"slide-gallery-image-link\" href=\"\/wp-content\/uploads\/sites\/5\/2023\/06\/VI-Encuentro-de-Salud-y-Seguridad-Ocupacional2-1.jpg\" title=\"VI Encuentro de Salud y Seguridad Ocupacional2-1\"  data-caption=\"\"  data-description=\"\">\r\n                                <img decoding=\"async\" src=\"\/wp-content\/uploads\/sites\/5\/2023\/06\/VI-Encuentro-de-Salud-y-Seguridad-Ocupacional2-1-555x420.jpg\" srcset=\"\/wp-content\/uploads\/sites\/5\/2023\/06\/VI-Encuentro-de-Salud-y-Seguridad-Ocupacional2-1-555x420.jpg 555w, \/wp-content\/uploads\/sites\/5\/2023\/06\/VI-Encuentro-de-Salud-y-Seguridad-Ocupacional2-1-300x227.jpg 300w, \/wp-content\/uploads\/sites\/5\/2023\/06\/VI-Encuentro-de-Salud-y-Seguridad-Ocupacional2-1-768x581.jpg 768w, \/wp-content\/uploads\/sites\/5\/2023\/06\/VI-Encuentro-de-Salud-y-Seguridad-Ocupacional2-1-1024x775.jpg 1024w, \/wp-content\/uploads\/sites\/5\/2023\/06\/VI-Encuentro-de-Salud-y-Seguridad-Ocupacional2-1-80x60.jpg 80w, \/wp-content\/uploads\/sites\/5\/2023\/06\/VI-Encuentro-de-Salud-y-Seguridad-Ocupacional2-1-696x526.jpg 696w, \/wp-content\/uploads\/sites\/5\/2023\/06\/VI-Encuentro-de-Salud-y-Seguridad-Ocupacional2-1-1068x808.jpg 1068w, \/wp-content\/uploads\/sites\/5\/2023\/06\/VI-Encuentro-de-Salud-y-Seguridad-Ocupacional2-1-534x404.jpg 534w, \/wp-content\/uploads\/sites\/5\/2023\/06\/VI-Encuentro-de-Salud-y-Seguridad-Ocupacional2-1.jpg 1281w\" sizes=\"(max-width: 555px) 100vw, 555px\" alt=\"\">\r\n                            <\/a>\r\n                            \r\n                        <\/figure>\r\n                    <\/div>\r\n                    <div class = \"td-slide-item td-item7\">\r\n                        <figure class=\"td-slide-galery-figure td-slide-popup-gallery\">\r\n                            <a class=\"slide-gallery-image-link\" href=\"\/wp-content\/uploads\/sites\/5\/2023\/06\/VI-Encuentro-de-Salud-y-Seguridad-Ocupacional2-4.jpg\" title=\"VI Encuentro de Salud y Seguridad Ocupacional2-4\"  data-caption=\"\"  data-description=\"\">\r\n                                <img decoding=\"async\" src=\"\/wp-content\/uploads\/sites\/5\/2023\/06\/VI-Encuentro-de-Salud-y-Seguridad-Ocupacional2-4-630x420.jpg\" srcset=\"\/wp-content\/uploads\/sites\/5\/2023\/06\/VI-Encuentro-de-Salud-y-Seguridad-Ocupacional2-4-630x420.jpg 630w, \/wp-content\/uploads\/sites\/5\/2023\/06\/VI-Encuentro-de-Salud-y-Seguridad-Ocupacional2-4-300x200.jpg 300w, \/wp-content\/uploads\/sites\/5\/2023\/06\/VI-Encuentro-de-Salud-y-Seguridad-Ocupacional2-4-768x512.jpg 768w, \/wp-content\/uploads\/sites\/5\/2023\/06\/VI-Encuentro-de-Salud-y-Seguridad-Ocupacional2-4-1024x682.jpg 1024w, \/wp-content\/uploads\/sites\/5\/2023\/06\/VI-Encuentro-de-Salud-y-Seguridad-Ocupacional2-4-1536x1023.jpg 1536w, \/wp-content\/uploads\/sites\/5\/2023\/06\/VI-Encuentro-de-Salud-y-Seguridad-Ocupacional2-4-696x464.jpg 696w, \/wp-content\/uploads\/sites\/5\/2023\/06\/VI-Encuentro-de-Salud-y-Seguridad-Ocupacional2-4-1068x712.jpg 1068w, \/wp-content\/uploads\/sites\/5\/2023\/06\/VI-Encuentro-de-Salud-y-Seguridad-Ocupacional2-4-534x356.jpg 534w, \/wp-content\/uploads\/sites\/5\/2023\/06\/VI-Encuentro-de-Salud-y-Seguridad-Ocupacional2-4.jpg 1600w\" sizes=\"(max-width: 630px) 100vw, 630px\" alt=\"\">\r\n                            <\/a>\r\n                            \r\n                        <\/figure>\r\n                    <\/div>\r\n                    <div class = \"td-slide-item td-item8\">\r\n                        <figure class=\"td-slide-galery-figure td-slide-popup-gallery\">\r\n                            <a class=\"slide-gallery-image-link\" href=\"\/wp-content\/uploads\/sites\/5\/2023\/06\/VI-Encuentro-de-Salud-y-Seguridad-Ocupacional2-13.jpg\" title=\"VI Encuentro de Salud y Seguridad Ocupacional2-13\"  data-caption=\"\"  data-description=\"\">\r\n                                <img decoding=\"async\" src=\"\/wp-content\/uploads\/sites\/5\/2023\/06\/VI-Encuentro-de-Salud-y-Seguridad-Ocupacional2-13-683x420.jpg\" srcset=\"\/wp-content\/uploads\/sites\/5\/2023\/06\/VI-Encuentro-de-Salud-y-Seguridad-Ocupacional2-13-683x420.jpg 683w, \/wp-content\/uploads\/sites\/5\/2023\/06\/VI-Encuentro-de-Salud-y-Seguridad-Ocupacional2-13-300x184.jpg 300w, \/wp-content\/uploads\/sites\/5\/2023\/06\/VI-Encuentro-de-Salud-y-Seguridad-Ocupacional2-13-768x472.jpg 768w, \/wp-content\/uploads\/sites\/5\/2023\/06\/VI-Encuentro-de-Salud-y-Seguridad-Ocupacional2-13-1024x629.jpg 1024w, \/wp-content\/uploads\/sites\/5\/2023\/06\/VI-Encuentro-de-Salud-y-Seguridad-Ocupacional2-13-696x428.jpg 696w, \/wp-content\/uploads\/sites\/5\/2023\/06\/VI-Encuentro-de-Salud-y-Seguridad-Ocupacional2-13-1068x656.jpg 1068w, \/wp-content\/uploads\/sites\/5\/2023\/06\/VI-Encuentro-de-Salud-y-Seguridad-Ocupacional2-13-356x220.jpg 356w, \/wp-content\/uploads\/sites\/5\/2023\/06\/VI-Encuentro-de-Salud-y-Seguridad-Ocupacional2-13-534x328.jpg 534w, \/wp-content\/uploads\/sites\/5\/2023\/06\/VI-Encuentro-de-Salud-y-Seguridad-Ocupacional2-13.jpg 1321w\" sizes=\"(max-width: 683px) 100vw, 683px\" alt=\"\">\r\n                            <\/a>\r\n                            \r\n                        <\/figure>\r\n                    <\/div>\r\n                    <div class = \"td-slide-item td-item9\">\r\n                        <figure class=\"td-slide-galery-figure td-slide-popup-gallery\">\r\n                            <a class=\"slide-gallery-image-link\" href=\"\/wp-content\/uploads\/sites\/5\/2023\/06\/VI-Encuentro-de-Salud-y-Seguridad-Ocupacional2-12.jpeg\" title=\"VI Encuentro de Salud y Seguridad Ocupacional2-12\"  data-caption=\"\"  data-description=\"\">\r\n                                <img decoding=\"async\" src=\"\/wp-content\/uploads\/sites\/5\/2023\/06\/VI-Encuentro-de-Salud-y-Seguridad-Ocupacional2-12-630x420.jpeg\" srcset=\"\/wp-content\/uploads\/sites\/5\/2023\/06\/VI-Encuentro-de-Salud-y-Seguridad-Ocupacional2-12-630x420.jpeg 630w, \/wp-content\/uploads\/sites\/5\/2023\/06\/VI-Encuentro-de-Salud-y-Seguridad-Ocupacional2-12-300x200.jpeg 300w, \/wp-content\/uploads\/sites\/5\/2023\/06\/VI-Encuentro-de-Salud-y-Seguridad-Ocupacional2-12-768x512.jpeg 768w, \/wp-content\/uploads\/sites\/5\/2023\/06\/VI-Encuentro-de-Salud-y-Seguridad-Ocupacional2-12-1024x683.jpeg 1024w, \/wp-content\/uploads\/sites\/5\/2023\/06\/VI-Encuentro-de-Salud-y-Seguridad-Ocupacional2-12-696x464.jpeg 696w, \/wp-content\/uploads\/sites\/5\/2023\/06\/VI-Encuentro-de-Salud-y-Seguridad-Ocupacional2-12-534x356.jpeg 534w, \/wp-content\/uploads\/sites\/5\/2023\/06\/VI-Encuentro-de-Salud-y-Seguridad-Ocupacional2-12.jpeg 1068w\" sizes=\"(max-width: 630px) 100vw, 630px\" alt=\"\">\r\n                            <\/a>\r\n                            \r\n                        <\/figure>\r\n                    <\/div>\r\n                    <div class = \"td-slide-item td-item10\">\r\n                        <figure class=\"td-slide-galery-figure td-slide-popup-gallery\">\r\n                            <a class=\"slide-gallery-image-link\" href=\"\/wp-content\/uploads\/sites\/5\/2023\/06\/VI-Encuentro-de-Salud-y-Seguridad-Ocupacional2-10.jpeg\" title=\"VI Encuentro de Salud y Seguridad Ocupacional2-10\"  data-caption=\"\"  data-description=\"\">\r\n                                <img decoding=\"async\" src=\"\/wp-content\/uploads\/sites\/5\/2023\/06\/VI-Encuentro-de-Salud-y-Seguridad-Ocupacional2-10-630x420.jpeg\" srcset=\"\/wp-content\/uploads\/sites\/5\/2023\/06\/VI-Encuentro-de-Salud-y-Seguridad-Ocupacional2-10-630x420.jpeg 630w, \/wp-content\/uploads\/sites\/5\/2023\/06\/VI-Encuentro-de-Salud-y-Seguridad-Ocupacional2-10-300x200.jpeg 300w, \/wp-content\/uploads\/sites\/5\/2023\/06\/VI-Encuentro-de-Salud-y-Seguridad-Ocupacional2-10-768x512.jpeg 768w, \/wp-content\/uploads\/sites\/5\/2023\/06\/VI-Encuentro-de-Salud-y-Seguridad-Ocupacional2-10-1024x683.jpeg 1024w, \/wp-content\/uploads\/sites\/5\/2023\/06\/VI-Encuentro-de-Salud-y-Seguridad-Ocupacional2-10-696x464.jpeg 696w, \/wp-content\/uploads\/sites\/5\/2023\/06\/VI-Encuentro-de-Salud-y-Seguridad-Ocupacional2-10-534x356.jpeg 534w, \/wp-content\/uploads\/sites\/5\/2023\/06\/VI-Encuentro-de-Salud-y-Seguridad-Ocupacional2-10.jpeg 1068w\" sizes=\"(max-width: 630px) 100vw, 630px\" alt=\"\">\r\n                            <\/a>\r\n                            \r\n                        <\/figure>\r\n                    <\/div>\r\n                    <div class = \"td-slide-item td-item11\">\r\n                        <figure class=\"td-slide-galery-figure td-slide-popup-gallery\">\r\n                            <a class=\"slide-gallery-image-link\" href=\"\/wp-content\/uploads\/sites\/5\/2023\/06\/VI-Encuentro-de-Salud-y-Seguridad-Ocupacional2-11.jpeg\" title=\"VI Encuentro de Salud y Seguridad Ocupacional2-11\"  data-caption=\"\"  data-description=\"\">\r\n                                <img decoding=\"async\" src=\"\/wp-content\/uploads\/sites\/5\/2023\/06\/VI-Encuentro-de-Salud-y-Seguridad-Ocupacional2-11-630x420.jpeg\" srcset=\"\/wp-content\/uploads\/sites\/5\/2023\/06\/VI-Encuentro-de-Salud-y-Seguridad-Ocupacional2-11-630x420.jpeg 630w, \/wp-content\/uploads\/sites\/5\/2023\/06\/VI-Encuentro-de-Salud-y-Seguridad-Ocupacional2-11-300x200.jpeg 300w, \/wp-content\/uploads\/sites\/5\/2023\/06\/VI-Encuentro-de-Salud-y-Seguridad-Ocupacional2-11-768x512.jpeg 768w, \/wp-content\/uploads\/sites\/5\/2023\/06\/VI-Encuentro-de-Salud-y-Seguridad-Ocupacional2-11-1024x683.jpeg 1024w, \/wp-content\/uploads\/sites\/5\/2023\/06\/VI-Encuentro-de-Salud-y-Seguridad-Ocupacional2-11-696x464.jpeg 696w, \/wp-content\/uploads\/sites\/5\/2023\/06\/VI-Encuentro-de-Salud-y-Seguridad-Ocupacional2-11-534x356.jpeg 534w, \/wp-content\/uploads\/sites\/5\/2023\/06\/VI-Encuentro-de-Salud-y-Seguridad-Ocupacional2-11.jpeg 1068w\" sizes=\"(max-width: 630px) 100vw, 630px\" alt=\"\">\r\n                            <\/a>\r\n                            \r\n                        <\/figure>\r\n                    <\/div>\r\n                    <div class = \"td-slide-item td-item12\">\r\n                        <figure class=\"td-slide-galery-figure td-slide-popup-gallery\">\r\n                            <a class=\"slide-gallery-image-link\" href=\"\/wp-content\/uploads\/sites\/5\/2023\/06\/VI-Encuentro-de-Salud-y-Seguridad-Ocupacional2-2.jpg\" title=\"VI Encuentro de Salud y Seguridad Ocupacional2-2\"  data-caption=\"\"  data-description=\"\">\r\n                                <img decoding=\"async\" src=\"\/wp-content\/uploads\/sites\/5\/2023\/06\/VI-Encuentro-de-Salud-y-Seguridad-Ocupacional2-2-630x420.jpg\" srcset=\"\/wp-content\/uploads\/sites\/5\/2023\/06\/VI-Encuentro-de-Salud-y-Seguridad-Ocupacional2-2-630x420.jpg 630w, \/wp-content\/uploads\/sites\/5\/2023\/06\/VI-Encuentro-de-Salud-y-Seguridad-Ocupacional2-2-300x200.jpg 300w, \/wp-content\/uploads\/sites\/5\/2023\/06\/VI-Encuentro-de-Salud-y-Seguridad-Ocupacional2-2-768x512.jpg 768w, \/wp-content\/uploads\/sites\/5\/2023\/06\/VI-Encuentro-de-Salud-y-Seguridad-Ocupacional2-2-1024x682.jpg 1024w, \/wp-content\/uploads\/sites\/5\/2023\/06\/VI-Encuentro-de-Salud-y-Seguridad-Ocupacional2-2-1536x1023.jpg 1536w, \/wp-content\/uploads\/sites\/5\/2023\/06\/VI-Encuentro-de-Salud-y-Seguridad-Ocupacional2-2-696x464.jpg 696w, \/wp-content\/uploads\/sites\/5\/2023\/06\/VI-Encuentro-de-Salud-y-Seguridad-Ocupacional2-2-1068x712.jpg 1068w, \/wp-content\/uploads\/sites\/5\/2023\/06\/VI-Encuentro-de-Salud-y-Seguridad-Ocupacional2-2-534x356.jpg 534w, \/wp-content\/uploads\/sites\/5\/2023\/06\/VI-Encuentro-de-Salud-y-Seguridad-Ocupacional2-2.jpg 1600w\" sizes=\"(max-width: 630px) 100vw, 630px\" alt=\"\">\r\n                            <\/a>\r\n                            \r\n                        <\/figure>\r\n                    <\/div>\r\n                    <div class = \"td-slide-item td-item13\">\r\n                        <figure class=\"td-slide-galery-figure td-slide-popup-gallery\">\r\n                            <a class=\"slide-gallery-image-link\" href=\"\/wp-content\/uploads\/sites\/5\/2023\/06\/VI-Encuentro-de-Salud-y-Seguridad-Ocupacional2-3.jpg\" title=\"VI Encuentro de Salud y Seguridad Ocupacional2-3\"  data-caption=\"\"  data-description=\"\">\r\n                                <img decoding=\"async\" src=\"\/wp-content\/uploads\/sites\/5\/2023\/06\/VI-Encuentro-de-Salud-y-Seguridad-Ocupacional2-3-630x420.jpg\" srcset=\"\/wp-content\/uploads\/sites\/5\/2023\/06\/VI-Encuentro-de-Salud-y-Seguridad-Ocupacional2-3-630x420.jpg 630w, \/wp-content\/uploads\/sites\/5\/2023\/06\/VI-Encuentro-de-Salud-y-Seguridad-Ocupacional2-3-300x200.jpg 300w, \/wp-content\/uploads\/sites\/5\/2023\/06\/VI-Encuentro-de-Salud-y-Seguridad-Ocupacional2-3-768x512.jpg 768w, \/wp-content\/uploads\/sites\/5\/2023\/06\/VI-Encuentro-de-Salud-y-Seguridad-Ocupacional2-3-1024x682.jpg 1024w, \/wp-content\/uploads\/sites\/5\/2023\/06\/VI-Encuentro-de-Salud-y-Seguridad-Ocupacional2-3-1536x1023.jpg 1536w, \/wp-content\/uploads\/sites\/5\/2023\/06\/VI-Encuentro-de-Salud-y-Seguridad-Ocupacional2-3-696x464.jpg 696w, \/wp-content\/uploads\/sites\/5\/2023\/06\/VI-Encuentro-de-Salud-y-Seguridad-Ocupacional2-3-1068x712.jpg 1068w, \/wp-content\/uploads\/sites\/5\/2023\/06\/VI-Encuentro-de-Salud-y-Seguridad-Ocupacional2-3-534x356.jpg 534w, \/wp-content\/uploads\/sites\/5\/2023\/06\/VI-Encuentro-de-Salud-y-Seguridad-Ocupacional2-3.jpg 1600w\" sizes=\"(max-width: 630px) 100vw, 630px\" alt=\"\">\r\n                            <\/a>\r\n                            \r\n                        <\/figure>\r\n                    <\/div>\r\n                            <\/div>\r\n                        <\/div>\r\n\r\n                        <div class = \"td-doubleSlider-2\">\r\n                            <div class = \"td-slider\">\r\n                                \r\n                    <div class = \"td-button td-item1\">\r\n                        <div class = \"td-border\"><\/div>\r\n                    <\/div>\r\n                    <div class = \"td-button td-item2\">\r\n                        <div class = \"td-border\"><\/div>\r\n                    <\/div>\r\n                    <div class = \"td-button td-item3\">\r\n                        <div class = \"td-border\"><\/div>\r\n                    <\/div>\r\n                    <div class = \"td-button td-item4\">\r\n                        <div class = \"td-border\"><\/div>\r\n                    <\/div>\r\n                    <div class = \"td-button td-item5\">\r\n                        <div class = \"td-border\"><\/div>\r\n                    <\/div>\r\n                    <div class = \"td-button td-item6\">\r\n                        <div class = \"td-border\"><\/div>\r\n                    <\/div>\r\n                    <div class = \"td-button td-item7\">\r\n                        <div class = \"td-border\"><\/div>\r\n                    <\/div>\r\n                    <div class = \"td-button td-item8\">\r\n                        <div class = \"td-border\"><\/div>\r\n                    <\/div>\r\n                    <div class = \"td-button td-item9\">\r\n                        <div class = \"td-border\"><\/div>\r\n                    <\/div>\r\n                    <div class = \"td-button td-item10\">\r\n                        <div class = \"td-border\"><\/div>\r\n                    <\/div>\r\n                    <div class = \"td-button td-item11\">\r\n                        <div class = \"td-border\"><\/div>\r\n                    <\/div>\r\n                    <div class = \"td-button td-item12\">\r\n                        <div class = \"td-border\"><\/div>\r\n                    <\/div>\r\n                    <div class = \"td-button td-item13\">\r\n                        <div class = \"td-border\"><\/div>\r\n                    <\/div>\r\n                            <\/div>\r\n                        <\/div>\r\n\r\n                    <\/div>\r\n\r\n                <\/div>\r\n                ","protected":false},"excerpt":{"rendered":"<p>El Instituto Guatemalteco de Seguridad Social (IGSS) finaliz\u00f3 con \u00e9xito el VI Encuentro de Salud y Seguridad Ocupacional donde se abordaron temas enriquecedores para promover una cultura de prevenci\u00f3n entre los patronos y colaboradores de las empresas afiliadas al instituto. La actividad se realiz\u00f3 el 8 y 9 de junio y cont\u00f3 con la participaci\u00f3n [&hellip;]<\/p>\n","protected":false},"author":1961,"featured_media":36058,"comment_status":"closed","ping_status":"closed","sticky":false,"template":"","format":"standard","meta":{"footnotes":""},"categories":[3],"tags":[1591,1719],"coauthors":[],"class_list":{"0":"post-36057","1":"post","2":"type-post","3":"status-publish","4":"format-standard","5":"has-post-thumbnail","7":"category-actualidad","8":"tag-gestion-de-riesgos-laborales","9":"tag-vi-encuentro-de-salud-y-seguridad-ocupacional"},"_links":{"self":[{"href":"https:\/\/www.igssgt.org\/noticias\/wp-json\/wp\/v2\/posts\/36057","targetHints":{"allow":["GET"]}}],"collection":[{"href":"https:\/\/www.igssgt.org\/noticias\/wp-json\/wp\/v2\/posts"}],"about":[{"href":"https:\/\/www.igssgt.org\/noticias\/wp-json\/wp\/v2\/types\/post"}],"author":[{"embeddable":true,"href":"https:\/\/www.igssgt.org\/noticias\/wp-json\/wp\/v2\/users\/1961"}],"replies":[{"embeddable":true,"href":"https:\/\/www.igssgt.org\/noticias\/wp-json\/wp\/v2\/comments?post=36057"}],"version-history":[{"count":9,"href":"https:\/\/www.igssgt.org\/noticias\/wp-json\/wp\/v2\/posts\/36057\/revisions"}],"predecessor-version":[{"id":36085,"href":"https:\/\/www.igssgt.org\/noticias\/wp-json\/wp\/v2\/posts\/36057\/revisions\/36085"}],"wp:featuredmedia":[{"embeddable":true,"href":"https:\/\/www.igssgt.org\/noticias\/wp-json\/wp\/v2\/media\/36058"}],"wp:attachment":[{"href":"https:\/\/www.igssgt.org\/noticias\/wp-json\/wp\/v2\/media?parent=36057"}],"wp:term":[{"taxonomy":"category","embeddable":true,"href":"https:\/\/www.igssgt.org\/noticias\/wp-json\/wp\/v2\/categories?post=36057"},{"taxonomy":"post_tag","embeddable":true,"href":"https:\/\/www.igssgt.org\/noticias\/wp-json\/wp\/v2\/tags?post=36057"},{"taxonomy":"author","embeddable":true,"href":"https:\/\/www.igssgt.org\/noticias\/wp-json\/wp\/v2\/coauthors?post=36057"}],"curies":[{"name":"wp","href":"https:\/\/api.w.org\/{rel}","templated":true}]}}