{"id":36086,"date":"2023-06-12T10:17:48","date_gmt":"2023-06-12T16:17:48","guid":{"rendered":"https:\/\/www.igssgt.org\/noticias\/?p=36086"},"modified":"2023-06-12T10:17:49","modified_gmt":"2023-06-12T16:17:49","slug":"pacientes-de-ceibal-reciben-charla-sobre-la-desnutricion","status":"publish","type":"post","link":"https:\/\/www.igssgt.org\/noticias\/2023\/06\/12\/pacientes-de-ceibal-reciben-charla-sobre-la-desnutricion\/","title":{"rendered":"Pacientes de Ceibal reciben charla sobre la desnutrici\u00f3n"},"content":{"rendered":"\n<p class=\"has-drop-cap\">La desnutrici\u00f3n se manifiesta en el organismo cuando se da un desbalance entre la ingesta de nutrientes y el gasto energ\u00e9tico que la persona lleva a cabo.<\/p>\n\n\n<p>Por ello, la licenciada Emily Barrientos, nutricionista del Hospital General de Accidentes Ceibal, durante una sesi\u00f3n educativa dictada a pacientes del M\u00f3dulo de Miembro Inferior, asegur\u00f3 que la falta de una alimentaci\u00f3n balanceada es la causa principal de los cuadros de desnutrici\u00f3n en adultos.<\/p>\n<p><a href=\"\/wp-content\/uploads\/sites\/5\/2023\/06\/notadesnutricion-1.jpg\" target=\"_blank\" rel=\"noopener\"><img loading=\"lazy\" decoding=\"async\" class=\"alignnone wp-image-36088 size-full\" src=\"\/wp-content\/uploads\/sites\/5\/2023\/06\/notadesnutricion-1.jpg\" alt=\"\" width=\"1496\" height=\"1496\" srcset=\"\/wp-content\/uploads\/sites\/5\/2023\/06\/notadesnutricion-1.jpg 1496w, \/wp-content\/uploads\/sites\/5\/2023\/06\/notadesnutricion-1-150x150.jpg 150w, \/wp-content\/uploads\/sites\/5\/2023\/06\/notadesnutricion-1-300x300.jpg 300w, \/wp-content\/uploads\/sites\/5\/2023\/06\/notadesnutricion-1-768x768.jpg 768w, \/wp-content\/uploads\/sites\/5\/2023\/06\/notadesnutricion-1-1024x1024.jpg 1024w, \/wp-content\/uploads\/sites\/5\/2023\/06\/notadesnutricion-1-420x420.jpg 420w, \/wp-content\/uploads\/sites\/5\/2023\/06\/notadesnutricion-1-696x696.jpg 696w, \/wp-content\/uploads\/sites\/5\/2023\/06\/notadesnutricion-1-1068x1068.jpg 1068w, \/wp-content\/uploads\/sites\/5\/2023\/06\/notadesnutricion-1-462x462.jpg 462w\" sizes=\"auto, (max-width: 1496px) 100vw, 1496px\" \/><\/a><\/p>\n<p>De igual forma coment\u00f3 que durante la en ocasiones la desnutrici\u00f3n en un adulto puede pasar desapercibida al no presentar ning\u00fan s\u00edntoma, esto en casos leves.<\/p>\n<p>Por aparte recalc\u00f3 que en los casos graves la desnutrici\u00f3n causa da\u00f1os severos y permanentes al organismo de la persona que la padece.<\/p>\n<h3><strong>Signos de Desnutrici\u00f3n<\/strong><\/h3>\n<ul>\n<li>P\u00e9rdida de masa muscular<\/li>\n<li>Cansancio<\/li>\n<li>P\u00e9rdida de cabello<\/li>\n<\/ul>\n<p>Para prevenirla, la especialista recomend\u00f3 a los pacientes asegurarse de ingerir las porciones recomendadas de frutas, verduras, cereales, frutos secos y carnes, entre otros, asegurando mantener una dieta balanceada.<\/p>\n<p><a href=\"\/wp-content\/uploads\/sites\/5\/2023\/06\/notadesnutricion-8.jpg\" target=\"_blank\" rel=\"noopener\"><img loading=\"lazy\" decoding=\"async\" class=\"alignnone wp-image-36093 size-full\" src=\"\/wp-content\/uploads\/sites\/5\/2023\/06\/notadesnutricion-8.jpg\" alt=\"\" width=\"1496\" height=\"1496\" srcset=\"\/wp-content\/uploads\/sites\/5\/2023\/06\/notadesnutricion-8.jpg 1496w, \/wp-content\/uploads\/sites\/5\/2023\/06\/notadesnutricion-8-150x150.jpg 150w, \/wp-content\/uploads\/sites\/5\/2023\/06\/notadesnutricion-8-300x300.jpg 300w, \/wp-content\/uploads\/sites\/5\/2023\/06\/notadesnutricion-8-768x768.jpg 768w, \/wp-content\/uploads\/sites\/5\/2023\/06\/notadesnutricion-8-1024x1024.jpg 1024w, \/wp-content\/uploads\/sites\/5\/2023\/06\/notadesnutricion-8-420x420.jpg 420w, \/wp-content\/uploads\/sites\/5\/2023\/06\/notadesnutricion-8-696x696.jpg 696w, \/wp-content\/uploads\/sites\/5\/2023\/06\/notadesnutricion-8-1068x1068.jpg 1068w, \/wp-content\/uploads\/sites\/5\/2023\/06\/notadesnutricion-8-462x462.jpg 462w\" sizes=\"auto, (max-width: 1496px) 100vw, 1496px\" \/><\/a><\/p>\n<p>En cuanto a los pacientes diab\u00e9ticos, coment\u00f3 que cada caso debe de ser evaluado en forma personal para recomendar una dieta espec\u00edfica de acuerdo a cada condici\u00f3n m\u00e9dica.<\/p>\n<p>Los pacientes compartieron sus experiencias con la alimentaci\u00f3n que reciben en el hospital y expusieron sus inquietudes en cuanto a los horarios adecuados y cantidades id\u00f3neas que deben de ingerir de acuerdo a su diagn\u00f3stico.<\/p>\n\r\n                <style type=\"text\/css\">\r\n                    \r\n                    #tdi_1  .td-doubleSlider-2 .td-item1 {\r\n                        background: url(\/wp-content\/uploads\/sites\/5\/2023\/06\/notadesnutricion-4-80x60.jpg) 0 0 no-repeat;\r\n                    }\r\n                    #tdi_1  .td-doubleSlider-2 .td-item2 {\r\n                        background: url(\/wp-content\/uploads\/sites\/5\/2023\/06\/notadesnutricion-7-80x60.jpg) 0 0 no-repeat;\r\n                    }\r\n                    #tdi_1  .td-doubleSlider-2 .td-item3 {\r\n                        background: url(\/wp-content\/uploads\/sites\/5\/2023\/06\/notadesnutricion-6-80x60.jpg) 0 0 no-repeat;\r\n                    }\r\n                    #tdi_1  .td-doubleSlider-2 .td-item4 {\r\n                        background: url(\/wp-content\/uploads\/sites\/5\/2023\/06\/notadesnutricion-2-80x60.jpg) 0 0 no-repeat;\r\n                    }\r\n                    #tdi_1  .td-doubleSlider-2 .td-item5 {\r\n                        background: url(\/wp-content\/uploads\/sites\/5\/2023\/06\/notadesnutricion-5-80x60.jpg) 0 0 no-repeat;\r\n                    }\r\n                <\/style>\r\n\r\n                <div id=\"tdi_1\" class=\"td-gallery td-slide-on-2-columns\">\r\n                    <div class=\"post_td_gallery\">\r\n                        <div class=\"td-gallery-slide-top\">\r\n                           <div class=\"td-gallery-title\"><\/div>\r\n\r\n                            <div class=\"td-gallery-controls-wrapper\">\r\n                                <div class=\"td-gallery-slide-count\"><span class=\"td-gallery-slide-item-focus\">1<\/span> de 5<\/div>\r\n                                <div class=\"td-gallery-slide-prev-next-but\">\r\n                                    <i class = \"td-icon-left doubleSliderPrevButton\"><\/i>\r\n                                    <i class = \"td-icon-right doubleSliderNextButton\"><\/i>\r\n                                <\/div>\r\n                            <\/div>\r\n                        <\/div>\r\n\r\n                        <div class = \"td-doubleSlider-1 \">\r\n                            <div class = \"td-slider\">\r\n                                \r\n                    <div class = \"td-slide-item td-item1\">\r\n                        <figure class=\"td-slide-galery-figure td-slide-popup-gallery\">\r\n                            <a class=\"slide-gallery-image-link\" href=\"\/wp-content\/uploads\/sites\/5\/2023\/06\/notadesnutricion-4.jpg\" title=\"notadesnutricion-4\"  data-caption=\"\"  data-description=\"\">\r\n                                <img decoding=\"async\" src=\"\/wp-content\/uploads\/sites\/5\/2023\/06\/notadesnutricion-4-420x420.jpg\" srcset=\"\/wp-content\/uploads\/sites\/5\/2023\/06\/notadesnutricion-4-420x420.jpg 420w, \/wp-content\/uploads\/sites\/5\/2023\/06\/notadesnutricion-4-150x150.jpg 150w, \/wp-content\/uploads\/sites\/5\/2023\/06\/notadesnutricion-4-300x300.jpg 300w, \/wp-content\/uploads\/sites\/5\/2023\/06\/notadesnutricion-4-768x768.jpg 768w, \/wp-content\/uploads\/sites\/5\/2023\/06\/notadesnutricion-4-1024x1024.jpg 1024w, \/wp-content\/uploads\/sites\/5\/2023\/06\/notadesnutricion-4-696x696.jpg 696w, \/wp-content\/uploads\/sites\/5\/2023\/06\/notadesnutricion-4-1068x1068.jpg 1068w, \/wp-content\/uploads\/sites\/5\/2023\/06\/notadesnutricion-4-462x462.jpg 462w, \/wp-content\/uploads\/sites\/5\/2023\/06\/notadesnutricion-4.jpg 1496w\" sizes=\"(max-width: 420px) 100vw, 420px\" alt=\"\">\r\n                            <\/a>\r\n                            \r\n                        <\/figure>\r\n                    <\/div>\r\n                    <div class = \"td-slide-item td-item2\">\r\n                        <figure class=\"td-slide-galery-figure td-slide-popup-gallery\">\r\n                            <a class=\"slide-gallery-image-link\" href=\"\/wp-content\/uploads\/sites\/5\/2023\/06\/notadesnutricion-7.jpg\" title=\"notadesnutricion-7\"  data-caption=\"\"  data-description=\"\">\r\n                                <img decoding=\"async\" src=\"\/wp-content\/uploads\/sites\/5\/2023\/06\/notadesnutricion-7-420x420.jpg\" srcset=\"\/wp-content\/uploads\/sites\/5\/2023\/06\/notadesnutricion-7-420x420.jpg 420w, \/wp-content\/uploads\/sites\/5\/2023\/06\/notadesnutricion-7-150x150.jpg 150w, \/wp-content\/uploads\/sites\/5\/2023\/06\/notadesnutricion-7-300x300.jpg 300w, \/wp-content\/uploads\/sites\/5\/2023\/06\/notadesnutricion-7-768x768.jpg 768w, \/wp-content\/uploads\/sites\/5\/2023\/06\/notadesnutricion-7-1024x1024.jpg 1024w, \/wp-content\/uploads\/sites\/5\/2023\/06\/notadesnutricion-7-696x696.jpg 696w, \/wp-content\/uploads\/sites\/5\/2023\/06\/notadesnutricion-7-1068x1068.jpg 1068w, \/wp-content\/uploads\/sites\/5\/2023\/06\/notadesnutricion-7-462x462.jpg 462w, \/wp-content\/uploads\/sites\/5\/2023\/06\/notadesnutricion-7.jpg 1496w\" sizes=\"(max-width: 420px) 100vw, 420px\" alt=\"\">\r\n                            <\/a>\r\n                            \r\n                        <\/figure>\r\n                    <\/div>\r\n                    <div class = \"td-slide-item td-item3\">\r\n                        <figure class=\"td-slide-galery-figure td-slide-popup-gallery\">\r\n                            <a class=\"slide-gallery-image-link\" href=\"\/wp-content\/uploads\/sites\/5\/2023\/06\/notadesnutricion-6.jpg\" title=\"notadesnutricion-6\"  data-caption=\"\"  data-description=\"\">\r\n                                <img decoding=\"async\" src=\"\/wp-content\/uploads\/sites\/5\/2023\/06\/notadesnutricion-6-420x420.jpg\" srcset=\"\/wp-content\/uploads\/sites\/5\/2023\/06\/notadesnutricion-6-420x420.jpg 420w, \/wp-content\/uploads\/sites\/5\/2023\/06\/notadesnutricion-6-150x150.jpg 150w, \/wp-content\/uploads\/sites\/5\/2023\/06\/notadesnutricion-6-300x300.jpg 300w, \/wp-content\/uploads\/sites\/5\/2023\/06\/notadesnutricion-6-768x768.jpg 768w, \/wp-content\/uploads\/sites\/5\/2023\/06\/notadesnutricion-6-1024x1024.jpg 1024w, \/wp-content\/uploads\/sites\/5\/2023\/06\/notadesnutricion-6-696x696.jpg 696w, \/wp-content\/uploads\/sites\/5\/2023\/06\/notadesnutricion-6-1068x1068.jpg 1068w, \/wp-content\/uploads\/sites\/5\/2023\/06\/notadesnutricion-6-462x462.jpg 462w, \/wp-content\/uploads\/sites\/5\/2023\/06\/notadesnutricion-6.jpg 1496w\" sizes=\"(max-width: 420px) 100vw, 420px\" alt=\"\">\r\n                            <\/a>\r\n                            \r\n                        <\/figure>\r\n                    <\/div>\r\n                    <div class = \"td-slide-item td-item4\">\r\n                        <figure class=\"td-slide-galery-figure td-slide-popup-gallery\">\r\n                            <a class=\"slide-gallery-image-link\" href=\"\/wp-content\/uploads\/sites\/5\/2023\/06\/notadesnutricion-2.jpg\" title=\"notadesnutricion-2\"  data-caption=\"\"  data-description=\"\">\r\n                                <img decoding=\"async\" src=\"\/wp-content\/uploads\/sites\/5\/2023\/06\/notadesnutricion-2-420x420.jpg\" srcset=\"\/wp-content\/uploads\/sites\/5\/2023\/06\/notadesnutricion-2-420x420.jpg 420w, \/wp-content\/uploads\/sites\/5\/2023\/06\/notadesnutricion-2-150x150.jpg 150w, \/wp-content\/uploads\/sites\/5\/2023\/06\/notadesnutricion-2-300x300.jpg 300w, \/wp-content\/uploads\/sites\/5\/2023\/06\/notadesnutricion-2-768x768.jpg 768w, \/wp-content\/uploads\/sites\/5\/2023\/06\/notadesnutricion-2-1024x1024.jpg 1024w, \/wp-content\/uploads\/sites\/5\/2023\/06\/notadesnutricion-2-696x696.jpg 696w, \/wp-content\/uploads\/sites\/5\/2023\/06\/notadesnutricion-2-1068x1068.jpg 1068w, \/wp-content\/uploads\/sites\/5\/2023\/06\/notadesnutricion-2-462x462.jpg 462w, \/wp-content\/uploads\/sites\/5\/2023\/06\/notadesnutricion-2.jpg 1496w\" sizes=\"(max-width: 420px) 100vw, 420px\" alt=\"\">\r\n                            <\/a>\r\n                            \r\n                        <\/figure>\r\n                    <\/div>\r\n                    <div class = \"td-slide-item td-item5\">\r\n                        <figure class=\"td-slide-galery-figure td-slide-popup-gallery\">\r\n                            <a class=\"slide-gallery-image-link\" href=\"\/wp-content\/uploads\/sites\/5\/2023\/06\/notadesnutricion-5.jpg\" title=\"notadesnutricion-5\"  data-caption=\"\"  data-description=\"\">\r\n                                <img decoding=\"async\" src=\"\/wp-content\/uploads\/sites\/5\/2023\/06\/notadesnutricion-5-420x420.jpg\" srcset=\"\/wp-content\/uploads\/sites\/5\/2023\/06\/notadesnutricion-5-420x420.jpg 420w, \/wp-content\/uploads\/sites\/5\/2023\/06\/notadesnutricion-5-150x150.jpg 150w, \/wp-content\/uploads\/sites\/5\/2023\/06\/notadesnutricion-5-300x300.jpg 300w, \/wp-content\/uploads\/sites\/5\/2023\/06\/notadesnutricion-5-768x768.jpg 768w, \/wp-content\/uploads\/sites\/5\/2023\/06\/notadesnutricion-5-1024x1024.jpg 1024w, \/wp-content\/uploads\/sites\/5\/2023\/06\/notadesnutricion-5-696x696.jpg 696w, \/wp-content\/uploads\/sites\/5\/2023\/06\/notadesnutricion-5-1068x1068.jpg 1068w, \/wp-content\/uploads\/sites\/5\/2023\/06\/notadesnutricion-5-462x462.jpg 462w, \/wp-content\/uploads\/sites\/5\/2023\/06\/notadesnutricion-5.jpg 1496w\" sizes=\"(max-width: 420px) 100vw, 420px\" alt=\"\">\r\n                            <\/a>\r\n                            \r\n                        <\/figure>\r\n                    <\/div>\r\n                            <\/div>\r\n                        <\/div>\r\n\r\n                        <div class = \"td-doubleSlider-2\">\r\n                            <div class = \"td-slider\">\r\n                                \r\n                    <div class = \"td-button td-item1\">\r\n                        <div class = \"td-border\"><\/div>\r\n                    <\/div>\r\n                    <div class = \"td-button td-item2\">\r\n                        <div class = \"td-border\"><\/div>\r\n                    <\/div>\r\n                    <div class = \"td-button td-item3\">\r\n                        <div class = \"td-border\"><\/div>\r\n                    <\/div>\r\n                    <div class = \"td-button td-item4\">\r\n                        <div class = \"td-border\"><\/div>\r\n                    <\/div>\r\n                    <div class = \"td-button td-item5\">\r\n                        <div class = \"td-border\"><\/div>\r\n                    <\/div>\r\n                            <\/div>\r\n                        <\/div>\r\n\r\n                    <\/div>\r\n\r\n                <\/div>\r\n                ","protected":false},"excerpt":{"rendered":"<p>La desnutrici\u00f3n se manifiesta en el organismo cuando se da un desbalance entre la ingesta de nutrientes y el gasto energ\u00e9tico que la persona lleva a cabo. Por ello, la licenciada Emily Barrientos, nutricionista del Hospital General de Accidentes Ceibal, durante una sesi\u00f3n educativa dictada a pacientes del M\u00f3dulo de Miembro Inferior, asegur\u00f3 que la [&hellip;]<\/p>\n","protected":false},"author":1961,"featured_media":36089,"comment_status":"closed","ping_status":"closed","sticky":false,"template":"","format":"standard","meta":{"footnotes":""},"categories":[3],"tags":[1725,480],"coauthors":[],"class_list":{"0":"post-36086","1":"post","2":"type-post","3":"status-publish","4":"format-standard","5":"has-post-thumbnail","7":"category-actualidad","8":"tag-desnutricion","9":"tag-hospital-general-de-accidentes-ceibal"},"_links":{"self":[{"href":"https:\/\/www.igssgt.org\/noticias\/wp-json\/wp\/v2\/posts\/36086","targetHints":{"allow":["GET"]}}],"collection":[{"href":"https:\/\/www.igssgt.org\/noticias\/wp-json\/wp\/v2\/posts"}],"about":[{"href":"https:\/\/www.igssgt.org\/noticias\/wp-json\/wp\/v2\/types\/post"}],"author":[{"embeddable":true,"href":"https:\/\/www.igssgt.org\/noticias\/wp-json\/wp\/v2\/users\/1961"}],"replies":[{"embeddable":true,"href":"https:\/\/www.igssgt.org\/noticias\/wp-json\/wp\/v2\/comments?post=36086"}],"version-history":[{"count":2,"href":"https:\/\/www.igssgt.org\/noticias\/wp-json\/wp\/v2\/posts\/36086\/revisions"}],"predecessor-version":[{"id":36096,"href":"https:\/\/www.igssgt.org\/noticias\/wp-json\/wp\/v2\/posts\/36086\/revisions\/36096"}],"wp:featuredmedia":[{"embeddable":true,"href":"https:\/\/www.igssgt.org\/noticias\/wp-json\/wp\/v2\/media\/36089"}],"wp:attachment":[{"href":"https:\/\/www.igssgt.org\/noticias\/wp-json\/wp\/v2\/media?parent=36086"}],"wp:term":[{"taxonomy":"category","embeddable":true,"href":"https:\/\/www.igssgt.org\/noticias\/wp-json\/wp\/v2\/categories?post=36086"},{"taxonomy":"post_tag","embeddable":true,"href":"https:\/\/www.igssgt.org\/noticias\/wp-json\/wp\/v2\/tags?post=36086"},{"taxonomy":"author","embeddable":true,"href":"https:\/\/www.igssgt.org\/noticias\/wp-json\/wp\/v2\/coauthors?post=36086"}],"curies":[{"name":"wp","href":"https:\/\/api.w.org\/{rel}","templated":true}]}}