{"id":3641,"date":"2018-01-12T08:00:44","date_gmt":"2018-01-12T14:00:44","guid":{"rendered":"http:\/\/noticias-igss.org\/?p=3906"},"modified":"2018-01-12T08:00:44","modified_gmt":"2018-01-12T14:00:44","slug":"el-periodico-igss-evalua-propuesta-para-ampliar-cobertura-a-mas-personas","status":"publish","type":"post","link":"https:\/\/www.igssgt.org\/noticias\/2018\/01\/12\/el-periodico-igss-evalua-propuesta-para-ampliar-cobertura-a-mas-personas\/","title":{"rendered":"El Peri\u00f3dico: IGSS eval\u00faa propuesta para ampliar cobertura a m\u00e1s personas"},"content":{"rendered":"<p><strong>Por: Geldi Mu\u00f1oz Palala elPeri\u00f3dico<\/strong><\/p>\n<p>El Instituto Guatemalteco de Seguridad Social (IGSS) realiza un estudio para evaluar la factibilidad de incluir a personas que no cuentan con protecci\u00f3n social, luego de una solicitud que le plantearon sindicatos de trabajadores.<\/p>\n<p>El director de la Junta Directiva del IGSS y l\u00edder sindical, Adolfo Lacs, explic\u00f3 que, por medio de \u00e9l, representantes de sindicatos de trabajadores le pidieron a dicha asamblea que se realice un estudio para ampliar la seguridad social en los pr\u00f3ximos cinco a\u00f1os.<\/p>\n<p>Lacs, tambi\u00e9n secretario de Conflictos de la Federaci\u00f3n Sindical de Empleados Bancarios, de Servicios y del Estado de Guatemala (Fesebs), coment\u00f3 que la propuesta hecha incluye ampliar la cobertura a tres sectores.<\/p>\n<p>El primero, a empresas con menos de tres trabajadores formales, por ejemplo, las cl\u00ednicas donde laboran una enfermera y una secretaria. \u201cAll\u00ed hablamos de m\u00e1s o menos 300 mil personas, m\u00e1s su c\u00f3nyuge y sus hijos menores de siete a\u00f1os\u201d, indic\u00f3.<\/p>\n<blockquote><p>Seg\u00fan la Encuesta Nacional de Empleo e Ingresos a nivel nacional, no menos de 34 por ciento de los asalariados est\u00e1n afiliados al IGSS.<\/p><\/blockquote>\n<p>El otro segmento son todas las peque\u00f1as empresas o peque\u00f1os contribuyentes, por ejemplo, el se\u00f1or de la tienda del barrio que \u00e9l mismo atiende y su esposa. \u201cHablamos de otras 300 mil personas, m\u00e1s los hijos menores de siete a\u00f1os; y la mayor\u00eda de estos peque\u00f1os contribuyentes son mujeres\u201d, dijo Lacs.<\/p>\n<p>Y el otro segmento que se busca cubrir es a profesionales universitarios que est\u00e1n colegiados.<\/p>\n<p>La propuesta consiste en ir integrando a esos tres segmentos en los pr\u00f3ximos cinco a\u00f1os. Adem\u00e1s, se pidi\u00f3 evaluar la ampliaci\u00f3n de la edad de atenci\u00f3n a los ni\u00f1os hasta los 12 a\u00f1os, en la actualidad es hasta los siete.<\/p>\n<p>\u201cAll\u00ed estar\u00edamos cubriendo a m\u00e1s o menos 3.5 millones de personas m\u00e1s\u201d, dijo Lacs.<\/p>\n<p><strong>En evaluaci\u00f3n<\/strong><\/p>\n<p>La vocera del IGSS, Luc\u00eda Dub\u00f3n, explic\u00f3 que el proyecto est\u00e1 en estudio en la Subgerencia de Planificaci\u00f3n del Instituto, porque se debe establecer si es viable por medio de an\u00e1lisis actuariales.<\/p>\n<p>Agreg\u00f3 que al terminar el estudio se trasladar\u00eda a la Junta Directiva del IGSS para que lo conozca y determine si es factible o no la propuesta planteada.<\/p>\n<p>Seg\u00fan el bolet\u00edn estad\u00edstico de afiliaci\u00f3n del Seguro Social, en 2016 se cerr\u00f3 con 981 mil 255 hijos menores de siete a\u00f1os y a 529 mil 477 c\u00f3nyuges, dentro de la poblaci\u00f3n protegida, y con 1.3 millones de afiliados. Para 2017, la cantidad de cotizantes se mantuvo en el rango de 1.3 millones.<\/p>\n<p><strong>Incumplimiento<\/strong><\/p>\n<p>El secretario general adjunto, de la Confederaci\u00f3n Central General de Trabajadores de Guatemala (CGTG), Victoriano Zacar\u00edas, coment\u00f3 que la propuesta la hicieron porque est\u00e1n interesados en que todos tengan cobertura social, como lo establece la misma Constituci\u00f3n.<\/p>\n<p>Sin embargo, refiri\u00f3 que hace falta mucho por recorrer, ya que la ley no se cumple ni para las personas que cuentan con empleo formal, en especial de sectores como la maquila.<\/p>\n<p><em>\u201cAll\u00ed estar\u00edamos cubriendo a m\u00e1s o menos 3.5 millones de personas\u201d.<\/em><\/p>\n<p><strong><em>Adolfo Lacs, \u00a0secretario de Conflictos de la Fesebs.<\/em><\/strong><\/p>\n<hr \/>\n<p>&nbsp;<\/p>\n","protected":false},"excerpt":{"rendered":"<p>Por: Geldi Mu\u00f1oz Palala elPeri\u00f3dico El Instituto Guatemalteco de Seguridad Social (IGSS) realiza un estudio para evaluar la factibilidad de incluir a personas que no cuentan con protecci\u00f3n social, luego de una solicitud que le plantearon sindicatos de trabajadores. El director de la Junta Directiva del IGSS y l\u00edder sindical, Adolfo Lacs, explic\u00f3 que, por [&hellip;]<\/p>\n","protected":false},"author":4,"featured_media":3642,"comment_status":"open","ping_status":"open","sticky":false,"template":"","format":"standard","meta":{"footnotes":""},"categories":[3,41,29],"tags":[396,490,807],"coauthors":[],"class_list":{"0":"post-3641","1":"post","2":"type-post","3":"status-publish","4":"format-standard","5":"has-post-thumbnail","7":"category-actualidad","8":"category-igss-en-los-medios","9":"category-publicaciones","10":"tag-el-periodico","11":"tag-igss","12":"tag-sr-adolfo-lacs"},"_links":{"self":[{"href":"https:\/\/www.igssgt.org\/noticias\/wp-json\/wp\/v2\/posts\/3641","targetHints":{"allow":["GET"]}}],"collection":[{"href":"https:\/\/www.igssgt.org\/noticias\/wp-json\/wp\/v2\/posts"}],"about":[{"href":"https:\/\/www.igssgt.org\/noticias\/wp-json\/wp\/v2\/types\/post"}],"author":[{"embeddable":true,"href":"https:\/\/www.igssgt.org\/noticias\/wp-json\/wp\/v2\/users\/4"}],"replies":[{"embeddable":true,"href":"https:\/\/www.igssgt.org\/noticias\/wp-json\/wp\/v2\/comments?post=3641"}],"version-history":[{"count":0,"href":"https:\/\/www.igssgt.org\/noticias\/wp-json\/wp\/v2\/posts\/3641\/revisions"}],"wp:featuredmedia":[{"embeddable":true,"href":"https:\/\/www.igssgt.org\/noticias\/wp-json\/wp\/v2\/media\/3642"}],"wp:attachment":[{"href":"https:\/\/www.igssgt.org\/noticias\/wp-json\/wp\/v2\/media?parent=3641"}],"wp:term":[{"taxonomy":"category","embeddable":true,"href":"https:\/\/www.igssgt.org\/noticias\/wp-json\/wp\/v2\/categories?post=3641"},{"taxonomy":"post_tag","embeddable":true,"href":"https:\/\/www.igssgt.org\/noticias\/wp-json\/wp\/v2\/tags?post=3641"},{"taxonomy":"author","embeddable":true,"href":"https:\/\/www.igssgt.org\/noticias\/wp-json\/wp\/v2\/coauthors?post=3641"}],"curies":[{"name":"wp","href":"https:\/\/api.w.org\/{rel}","templated":true}]}}