{"id":36435,"date":"2023-07-03T07:00:00","date_gmt":"2023-07-03T13:00:00","guid":{"rendered":"https:\/\/www.igssgt.org\/noticias\/?p=36435"},"modified":"2023-06-30T15:35:15","modified_gmt":"2023-06-30T21:35:15","slug":"dolor-de-cabeza-severo-y-repentino-podria-tratarse-de-aneurisma-cerebral","status":"publish","type":"post","link":"https:\/\/www.igssgt.org\/noticias\/2023\/07\/03\/dolor-de-cabeza-severo-y-repentino-podria-tratarse-de-aneurisma-cerebral\/","title":{"rendered":"\u00bfDolor de cabeza severo y repentino? Podr\u00eda tratarse de aneurisma cerebral"},"content":{"rendered":"\n<p class=\"has-drop-cap\">El aneurisma es una lesi\u00f3n en las arterias del cerebro. Sucede cuando hay un elevado flujo sangu\u00edneo que las debilita, abulta y ocasiona su ruptura. El s\u00edntoma caracter\u00edstico es un dolor de cabeza repentino y palpitante, de intensidad severa. Asimismo, se acompa\u00f1a de visi\u00f3n doble, n\u00e1useas y v\u00f3mitos provocados por la presi\u00f3n en el cr\u00e1neo y, con frecuencia, el paciente se desmaya.<\/p>\n\n\n<p>Aunque en teor\u00eda ocurre alrededor de los 55 a\u00f1os, el m\u00e9dico internista y neur\u00f3logo Sergio Chang, del Hospital General de Enfermedades IGSS Zona 9, expres\u00f3 que lo ha visto en personas de entre 35 y 40. En ese sentido, los factores de riesgo no modificables son la edad, los antecedentes familiares y el g\u00e9nero, pues la posibilidad de que aparezca en mujeres es mayor.<\/p>\n<p><a href=\"\/wp-content\/uploads\/sites\/5\/2023\/06\/nota-dolor-de-cabeza-2.jpg\" target=\"_blank\" rel=\"noopener\"><img loading=\"lazy\" decoding=\"async\" class=\"alignnone wp-image-36438 size-full\" src=\"\/wp-content\/uploads\/sites\/5\/2023\/06\/nota-dolor-de-cabeza-2.jpg\" alt=\"\" width=\"1600\" height=\"1435\" srcset=\"\/wp-content\/uploads\/sites\/5\/2023\/06\/nota-dolor-de-cabeza-2.jpg 1600w, \/wp-content\/uploads\/sites\/5\/2023\/06\/nota-dolor-de-cabeza-2-300x269.jpg 300w, \/wp-content\/uploads\/sites\/5\/2023\/06\/nota-dolor-de-cabeza-2-768x689.jpg 768w, \/wp-content\/uploads\/sites\/5\/2023\/06\/nota-dolor-de-cabeza-2-1024x918.jpg 1024w, \/wp-content\/uploads\/sites\/5\/2023\/06\/nota-dolor-de-cabeza-2-1536x1378.jpg 1536w, \/wp-content\/uploads\/sites\/5\/2023\/06\/nota-dolor-de-cabeza-2-468x420.jpg 468w, \/wp-content\/uploads\/sites\/5\/2023\/06\/nota-dolor-de-cabeza-2-696x624.jpg 696w, \/wp-content\/uploads\/sites\/5\/2023\/06\/nota-dolor-de-cabeza-2-1068x958.jpg 1068w, \/wp-content\/uploads\/sites\/5\/2023\/06\/nota-dolor-de-cabeza-2-515x462.jpg 515w\" sizes=\"auto, (max-width: 1600px) 100vw, 1600px\" \/><\/a><\/p>\n<p>Entre las causas que s\u00ed es posible cambiar se encuentran la hipertensi\u00f3n, el tabaquismo y el consumo de drogas, principalmente la coca\u00edna. <strong>\u201cEso es lo que m\u00e1s se ha observado respecto a la procedencia de los aneurismas\u201d<\/strong>, detall\u00f3. Por otro lado, las molestias cl\u00ednicas pueden darse cuando se realiza un esfuerzo como defecar o durante el coito.<\/p>\n<p>Si bien el experto se\u00f1al\u00f3 que la probabilidad de fallecimiento oscila entre un 8 y un 67 por ciento, en t\u00e9rminos generales es del 51 por ciento. En contraparte, el 49 por ciento de sobrevivientes quedan con secuelas neurol\u00f3gicas importantes, como modificaciones en la conducta, en el estado de \u00e1nimo o, inlcuso, dejar de mover alguna parte del cuerpo (d\u00e9ficit motor).<\/p>\n<p><a href=\"\/wp-content\/uploads\/sites\/5\/2023\/06\/nota-dolor-de-cabeza-4.jpg\" target=\"_blank\" rel=\"noopener\"><img loading=\"lazy\" decoding=\"async\" class=\"alignright wp-image-36440\" src=\"\/wp-content\/uploads\/sites\/5\/2023\/06\/nota-dolor-de-cabeza-4.jpg\" alt=\"\" width=\"287\" height=\"398\" srcset=\"\/wp-content\/uploads\/sites\/5\/2023\/06\/nota-dolor-de-cabeza-4.jpg 1066w, \/wp-content\/uploads\/sites\/5\/2023\/06\/nota-dolor-de-cabeza-4-217x300.jpg 217w, \/wp-content\/uploads\/sites\/5\/2023\/06\/nota-dolor-de-cabeza-4-768x1064.jpg 768w, \/wp-content\/uploads\/sites\/5\/2023\/06\/nota-dolor-de-cabeza-4-739x1024.jpg 739w, \/wp-content\/uploads\/sites\/5\/2023\/06\/nota-dolor-de-cabeza-4-303x420.jpg 303w, \/wp-content\/uploads\/sites\/5\/2023\/06\/nota-dolor-de-cabeza-4-696x964.jpg 696w, \/wp-content\/uploads\/sites\/5\/2023\/06\/nota-dolor-de-cabeza-4-333x462.jpg 333w\" sizes=\"auto, (max-width: 287px) 100vw, 287px\" \/><\/a>Los casos en que la persona no queda con ning\u00fan tipo de secuela son excepcionales. <strong>\u201cEsto se asocia a hemorragias peque\u00f1as. Es lamentable, pero no se puede predecir qui\u00e9n tendr\u00e1 una as\u00ed. Usualmente, las manifestaciones son muy agresivas\u201d<\/strong>, se\u00f1al\u00f3 Chang.<\/p>\n<p>En cuanto a los cuidados del paciente, el hospital proporciona tratamiento m\u00e9dico, el cual est\u00e1 a cargo del Departamento de Medicina Interna con el apoyo de Neurolog\u00eda y el \u00c1rea de Medicina Cr\u00edtica. El especialista indic\u00f3 que el afectado es enviado a terapia intensiva para vigilar su ritmo card\u00edaco, adem\u00e1s de la funci\u00f3n renal y pulmonar, ya que todas las complicaciones derivadas de la hemorragia acontecen en los primeros 21 d\u00edas.<\/p>\n<p>El segundo tratamiento es el quir\u00fargico. Lo practican si el enfermo sufre otras complicaciones como aumento de l\u00edquido en el cerebro (hidrocefalia), o si el sangrado es tan grave que eleva la presi\u00f3n del cr\u00e1neo. <strong>\u201cEn ese momento entra neurocirug\u00eda, con quienes contamos en los casos que ameritan la colocaci\u00f3n de una v\u00e1lvula o la liberaci\u00f3n de la presi\u00f3n del cr\u00e1neo a trav\u00e9s de una craneotom\u00eda\u201d<\/strong>, concluy\u00f3.<\/p>\n<p><a href=\"\/wp-content\/uploads\/sites\/5\/2023\/06\/nota-dolor-de-cabeza-3.jpg\" target=\"_blank\" rel=\"noopener\"><img loading=\"lazy\" decoding=\"async\" class=\"alignnone wp-image-36439 size-full\" src=\"\/wp-content\/uploads\/sites\/5\/2023\/06\/nota-dolor-de-cabeza-3.jpg\" alt=\"\" width=\"1349\" height=\"1177\" srcset=\"\/wp-content\/uploads\/sites\/5\/2023\/06\/nota-dolor-de-cabeza-3.jpg 1349w, \/wp-content\/uploads\/sites\/5\/2023\/06\/nota-dolor-de-cabeza-3-300x262.jpg 300w, \/wp-content\/uploads\/sites\/5\/2023\/06\/nota-dolor-de-cabeza-3-768x670.jpg 768w, \/wp-content\/uploads\/sites\/5\/2023\/06\/nota-dolor-de-cabeza-3-1024x893.jpg 1024w, \/wp-content\/uploads\/sites\/5\/2023\/06\/nota-dolor-de-cabeza-3-481x420.jpg 481w, \/wp-content\/uploads\/sites\/5\/2023\/06\/nota-dolor-de-cabeza-3-696x607.jpg 696w, \/wp-content\/uploads\/sites\/5\/2023\/06\/nota-dolor-de-cabeza-3-1068x932.jpg 1068w, \/wp-content\/uploads\/sites\/5\/2023\/06\/nota-dolor-de-cabeza-3-530x462.jpg 530w\" sizes=\"auto, (max-width: 1349px) 100vw, 1349px\" \/><\/a><\/p>","protected":false},"excerpt":{"rendered":"<p>El aneurisma es una lesi\u00f3n en las arterias del cerebro. Sucede cuando hay un elevado flujo sangu\u00edneo que las debilita, abulta y ocasiona su ruptura. El s\u00edntoma caracter\u00edstico es un dolor de cabeza repentino y palpitante, de intensidad severa. Asimismo, se acompa\u00f1a de visi\u00f3n doble, n\u00e1useas y v\u00f3mitos provocados por la presi\u00f3n en el cr\u00e1neo [&hellip;]<\/p>\n","protected":false},"author":1961,"featured_media":36437,"comment_status":"closed","ping_status":"closed","sticky":false,"template":"","format":"standard","meta":{"footnotes":""},"categories":[3],"tags":[1740,1724],"coauthors":[1448],"class_list":{"0":"post-36435","1":"post","2":"type-post","3":"status-publish","4":"format-standard","5":"has-post-thumbnail","7":"category-actualidad","8":"tag-aneurisma-cerebral","9":"tag-dolor-de-cabeza"},"_links":{"self":[{"href":"https:\/\/www.igssgt.org\/noticias\/wp-json\/wp\/v2\/posts\/36435","targetHints":{"allow":["GET"]}}],"collection":[{"href":"https:\/\/www.igssgt.org\/noticias\/wp-json\/wp\/v2\/posts"}],"about":[{"href":"https:\/\/www.igssgt.org\/noticias\/wp-json\/wp\/v2\/types\/post"}],"author":[{"embeddable":true,"href":"https:\/\/www.igssgt.org\/noticias\/wp-json\/wp\/v2\/users\/1961"}],"replies":[{"embeddable":true,"href":"https:\/\/www.igssgt.org\/noticias\/wp-json\/wp\/v2\/comments?post=36435"}],"version-history":[{"count":2,"href":"https:\/\/www.igssgt.org\/noticias\/wp-json\/wp\/v2\/posts\/36435\/revisions"}],"predecessor-version":[{"id":36441,"href":"https:\/\/www.igssgt.org\/noticias\/wp-json\/wp\/v2\/posts\/36435\/revisions\/36441"}],"wp:featuredmedia":[{"embeddable":true,"href":"https:\/\/www.igssgt.org\/noticias\/wp-json\/wp\/v2\/media\/36437"}],"wp:attachment":[{"href":"https:\/\/www.igssgt.org\/noticias\/wp-json\/wp\/v2\/media?parent=36435"}],"wp:term":[{"taxonomy":"category","embeddable":true,"href":"https:\/\/www.igssgt.org\/noticias\/wp-json\/wp\/v2\/categories?post=36435"},{"taxonomy":"post_tag","embeddable":true,"href":"https:\/\/www.igssgt.org\/noticias\/wp-json\/wp\/v2\/tags?post=36435"},{"taxonomy":"author","embeddable":true,"href":"https:\/\/www.igssgt.org\/noticias\/wp-json\/wp\/v2\/coauthors?post=36435"}],"curies":[{"name":"wp","href":"https:\/\/api.w.org\/{rel}","templated":true}]}}