{"id":36525,"date":"2023-07-10T09:29:07","date_gmt":"2023-07-10T15:29:07","guid":{"rendered":"https:\/\/www.igssgt.org\/noticias\/?p=36525"},"modified":"2023-07-10T09:41:57","modified_gmt":"2023-07-10T15:41:57","slug":"el-igss-abre-convocatoria-para-estudiar-el-curso-de-auxiliar-de-enfermeria","status":"publish","type":"post","link":"https:\/\/www.igssgt.org\/noticias\/2023\/07\/10\/el-igss-abre-convocatoria-para-estudiar-el-curso-de-auxiliar-de-enfermeria\/","title":{"rendered":"El IGSS abre convocatoria para estudiar el curso de Auxiliar de Enfermer\u00eda"},"content":{"rendered":"\n<p class=\"has-drop-cap\">La Escuela de Enfermer\u00eda del Seguro Social invita a participar en la convocatoria para estudiar el ciclo 2024. El pensum est\u00e1 avalado por el Ministerio de Salud P\u00fablica y Asistencia Social (MSPAS).<\/p>\n\n\n<p><strong>El curso tiene una duraci\u00f3n de 11 meses<\/strong> y consta de tres fases: la primera, enfocada en la atenci\u00f3n integral en situaciones m\u00e9dico quir\u00fargicas. La segunda prepara a los estudiantes para cubrir casos durante etapas del ciclo vital (materno infantil). Por \u00faltimo, el Instituto brinda capacitaci\u00f3n en temas de salud comunitaria.<\/p>\n<p><a href=\"\/wp-content\/uploads\/sites\/5\/2023\/07\/Curso-de-Auxiliar-de-Enfermeria-4.jpg\" target=\"_blank\" rel=\"noopener\"><img loading=\"lazy\" decoding=\"async\" class=\"alignnone wp-image-36530 size-full\" src=\"\/wp-content\/uploads\/sites\/5\/2023\/07\/Curso-de-Auxiliar-de-Enfermeria-4.jpg\" alt=\"\" width=\"1600\" height=\"1314\" srcset=\"\/wp-content\/uploads\/sites\/5\/2023\/07\/Curso-de-Auxiliar-de-Enfermeria-4.jpg 1600w, \/wp-content\/uploads\/sites\/5\/2023\/07\/Curso-de-Auxiliar-de-Enfermeria-4-300x246.jpg 300w, \/wp-content\/uploads\/sites\/5\/2023\/07\/Curso-de-Auxiliar-de-Enfermeria-4-768x631.jpg 768w, \/wp-content\/uploads\/sites\/5\/2023\/07\/Curso-de-Auxiliar-de-Enfermeria-4-1024x841.jpg 1024w, \/wp-content\/uploads\/sites\/5\/2023\/07\/Curso-de-Auxiliar-de-Enfermeria-4-1536x1261.jpg 1536w, \/wp-content\/uploads\/sites\/5\/2023\/07\/Curso-de-Auxiliar-de-Enfermeria-4-511x420.jpg 511w, \/wp-content\/uploads\/sites\/5\/2023\/07\/Curso-de-Auxiliar-de-Enfermeria-4-696x572.jpg 696w, \/wp-content\/uploads\/sites\/5\/2023\/07\/Curso-de-Auxiliar-de-Enfermeria-4-1068x877.jpg 1068w, \/wp-content\/uploads\/sites\/5\/2023\/07\/Curso-de-Auxiliar-de-Enfermeria-4-534x439.jpg 534w\" sizes=\"auto, (max-width: 1600px) 100vw, 1600px\" \/><\/a><\/p>\n<p><strong>El curso es gratuito y de cupo limitado<\/strong>, por lo cual los futuros estudiantes deben someterse a un proceso de selecci\u00f3n institucional. <strong>Una vez sean aprobados y finalicen los estudios, el IGSS brinda la oportunidad de trabajo en cualquiera de sus unidades m\u00e9dicas<\/strong>.<\/p>\n<blockquote>\n<p>Las charlas informativas se impartir\u00e1n el 12 de julio, el 9 de agosto y el 7 de septiembre del a\u00f1o en curso a las 8:00 horas<\/p>\n<\/blockquote>\n<p>La licenciada Janette Rodr\u00edguez, directora de la escuela, explic\u00f3 que se impartir\u00e1n <strong>charlas informativas el 12 de julio, el 9 de agosto y el 7 de septiembre<\/strong> del a\u00f1o en curso a las <strong>8:00 horas<\/strong>. La direcci\u00f3n es <strong>5\u00aa. Avenida 01-00, zona 13<\/strong>, lugar en el que tambi\u00e9n pueden obtener m\u00e1s informaci\u00f3n.<\/p>\n<p><a href=\"\/wp-content\/uploads\/sites\/5\/2023\/07\/Curso-de-Auxiliar-de-Enfermeria-2.jpg\" target=\"_blank\" rel=\"noopener\"><img loading=\"lazy\" decoding=\"async\" class=\"alignnone wp-image-36528 size-full\" src=\"\/wp-content\/uploads\/sites\/5\/2023\/07\/Curso-de-Auxiliar-de-Enfermeria-2.jpg\" alt=\"\" width=\"1600\" height=\"1183\" srcset=\"\/wp-content\/uploads\/sites\/5\/2023\/07\/Curso-de-Auxiliar-de-Enfermeria-2.jpg 1600w, \/wp-content\/uploads\/sites\/5\/2023\/07\/Curso-de-Auxiliar-de-Enfermeria-2-485x360.jpg 485w, \/wp-content\/uploads\/sites\/5\/2023\/07\/Curso-de-Auxiliar-de-Enfermeria-2-300x222.jpg 300w, \/wp-content\/uploads\/sites\/5\/2023\/07\/Curso-de-Auxiliar-de-Enfermeria-2-768x568.jpg 768w, \/wp-content\/uploads\/sites\/5\/2023\/07\/Curso-de-Auxiliar-de-Enfermeria-2-1024x757.jpg 1024w, \/wp-content\/uploads\/sites\/5\/2023\/07\/Curso-de-Auxiliar-de-Enfermeria-2-1536x1136.jpg 1536w, \/wp-content\/uploads\/sites\/5\/2023\/07\/Curso-de-Auxiliar-de-Enfermeria-2-568x420.jpg 568w, \/wp-content\/uploads\/sites\/5\/2023\/07\/Curso-de-Auxiliar-de-Enfermeria-2-80x60.jpg 80w, \/wp-content\/uploads\/sites\/5\/2023\/07\/Curso-de-Auxiliar-de-Enfermeria-2-696x515.jpg 696w, \/wp-content\/uploads\/sites\/5\/2023\/07\/Curso-de-Auxiliar-de-Enfermeria-2-1068x790.jpg 1068w, \/wp-content\/uploads\/sites\/5\/2023\/07\/Curso-de-Auxiliar-de-Enfermeria-2-534x395.jpg 534w\" sizes=\"auto, (max-width: 1600px) 100vw, 1600px\" \/><\/a><\/p>\n<h3><strong>Los requisitos son:<\/strong><\/h3>\n<ul>\n<li>Ser guatemalteco<\/li>\n<li>Tener de 18 a 32 a\u00f1os<\/li>\n<li>Diploma de tercero b\u00e1sico y constancia de mecanograf\u00eda<\/li>\n<li>Disponibilidad de tiempo completo para estudiar<\/li>\n<li>Estar dispuesto a someterse a un proceso de selecci\u00f3n institucional<\/li>\n<li>Presentarse con DPI o constancia de tr\u00e1mite de DPI durante todo el proceso<\/li>\n<\/ul>\n<p>Si tiene consultas puede escribir al correo electr\u00f3nico: <a href=\"mailto:escueladeenfermeriaigss@gmail.com\" target=\"_blank\" rel=\"noopener\">escueladeenfermeriaigss@gmail.com<\/a>. Adem\u00e1s, est\u00e1 habilitado el tel\u00e9fono <strong>2412-1224<\/strong>, extensiones <strong>83479 y 83472<\/strong>.<\/p>\n<p><a href=\"\/wp-content\/uploads\/sites\/5\/2023\/07\/Curso-de-Auxiliar-de-Enfermeria-5.jpg\" target=\"_blank\" rel=\"noopener\"><img loading=\"lazy\" decoding=\"async\" class=\"alignnone wp-image-36531 size-full\" src=\"\/wp-content\/uploads\/sites\/5\/2023\/07\/Curso-de-Auxiliar-de-Enfermeria-5.jpg\" alt=\"\" width=\"1600\" height=\"1127\" srcset=\"\/wp-content\/uploads\/sites\/5\/2023\/07\/Curso-de-Auxiliar-de-Enfermeria-5.jpg 1600w, \/wp-content\/uploads\/sites\/5\/2023\/07\/Curso-de-Auxiliar-de-Enfermeria-5-300x211.jpg 300w, \/wp-content\/uploads\/sites\/5\/2023\/07\/Curso-de-Auxiliar-de-Enfermeria-5-768x541.jpg 768w, \/wp-content\/uploads\/sites\/5\/2023\/07\/Curso-de-Auxiliar-de-Enfermeria-5-1024x721.jpg 1024w, \/wp-content\/uploads\/sites\/5\/2023\/07\/Curso-de-Auxiliar-de-Enfermeria-5-1536x1082.jpg 1536w, \/wp-content\/uploads\/sites\/5\/2023\/07\/Curso-de-Auxiliar-de-Enfermeria-5-596x420.jpg 596w, \/wp-content\/uploads\/sites\/5\/2023\/07\/Curso-de-Auxiliar-de-Enfermeria-5-696x490.jpg 696w, \/wp-content\/uploads\/sites\/5\/2023\/07\/Curso-de-Auxiliar-de-Enfermeria-5-1068x752.jpg 1068w, \/wp-content\/uploads\/sites\/5\/2023\/07\/Curso-de-Auxiliar-de-Enfermeria-5-100x70.jpg 100w, \/wp-content\/uploads\/sites\/5\/2023\/07\/Curso-de-Auxiliar-de-Enfermeria-5-534x376.jpg 534w\" sizes=\"auto, (max-width: 1600px) 100vw, 1600px\" \/><\/a><\/p>","protected":false},"excerpt":{"rendered":"<p>La Escuela de Enfermer\u00eda del Seguro Social invita a participar en la convocatoria para estudiar el ciclo 2024. El pensum est\u00e1 avalado por el Ministerio de Salud P\u00fablica y Asistencia Social (MSPAS). El curso tiene una duraci\u00f3n de 11 meses y consta de tres fases: la primera, enfocada en la atenci\u00f3n integral en situaciones m\u00e9dico [&hellip;]<\/p>\n","protected":false},"author":1961,"featured_media":36529,"comment_status":"closed","ping_status":"closed","sticky":false,"template":"","format":"standard","meta":{"footnotes":""},"categories":[3],"tags":[416,648],"coauthors":[],"class_list":{"0":"post-36525","1":"post","2":"type-post","3":"status-publish","4":"format-standard","5":"has-post-thumbnail","7":"category-actualidad","8":"tag-escuela-de-auxiliares-de-enfermeria-del-igss","9":"tag-mspas"},"_links":{"self":[{"href":"https:\/\/www.igssgt.org\/noticias\/wp-json\/wp\/v2\/posts\/36525","targetHints":{"allow":["GET"]}}],"collection":[{"href":"https:\/\/www.igssgt.org\/noticias\/wp-json\/wp\/v2\/posts"}],"about":[{"href":"https:\/\/www.igssgt.org\/noticias\/wp-json\/wp\/v2\/types\/post"}],"author":[{"embeddable":true,"href":"https:\/\/www.igssgt.org\/noticias\/wp-json\/wp\/v2\/users\/1961"}],"replies":[{"embeddable":true,"href":"https:\/\/www.igssgt.org\/noticias\/wp-json\/wp\/v2\/comments?post=36525"}],"version-history":[{"count":2,"href":"https:\/\/www.igssgt.org\/noticias\/wp-json\/wp\/v2\/posts\/36525\/revisions"}],"predecessor-version":[{"id":36532,"href":"https:\/\/www.igssgt.org\/noticias\/wp-json\/wp\/v2\/posts\/36525\/revisions\/36532"}],"wp:featuredmedia":[{"embeddable":true,"href":"https:\/\/www.igssgt.org\/noticias\/wp-json\/wp\/v2\/media\/36529"}],"wp:attachment":[{"href":"https:\/\/www.igssgt.org\/noticias\/wp-json\/wp\/v2\/media?parent=36525"}],"wp:term":[{"taxonomy":"category","embeddable":true,"href":"https:\/\/www.igssgt.org\/noticias\/wp-json\/wp\/v2\/categories?post=36525"},{"taxonomy":"post_tag","embeddable":true,"href":"https:\/\/www.igssgt.org\/noticias\/wp-json\/wp\/v2\/tags?post=36525"},{"taxonomy":"author","embeddable":true,"href":"https:\/\/www.igssgt.org\/noticias\/wp-json\/wp\/v2\/coauthors?post=36525"}],"curies":[{"name":"wp","href":"https:\/\/api.w.org\/{rel}","templated":true}]}}