{"id":36567,"date":"2023-07-10T08:30:00","date_gmt":"2023-07-10T14:30:00","guid":{"rendered":"https:\/\/www.igssgt.org\/noticias\/?p=36567"},"modified":"2023-08-14T14:59:35","modified_gmt":"2023-08-14T20:59:35","slug":"convocatoria-para-las-plazas-medico-especialista-pediatria-y-tecnico-en-farmacia-para-el-hospital-general-dr-juan-jose-arevalo-bermejo","status":"publish","type":"post","link":"https:\/\/www.igssgt.org\/noticias\/2023\/07\/10\/convocatoria-para-las-plazas-medico-especialista-pediatria-y-tecnico-en-farmacia-para-el-hospital-general-dr-juan-jose-arevalo-bermejo\/","title":{"rendered":"Convocatoria para las plazas: M\u00e9dico Especialista (Pediatr\u00eda) y T\u00e9cnico en Farmacia para el Hospital General Dr. Juan Jos\u00e9 Ar\u00e9valo Bermejo"},"content":{"rendered":"\n<h3>Puestos:\u00a0<\/h3>\n<ul>\n<li><strong>M\u00e9dico Especialista de Consulta Externa de 4 horas (Pediatr\u00eda, 16:00 a 20:00 horas)<\/strong><\/li>\n<li><strong>T\u00e9cnico en Farmacia<\/strong><\/li>\n<\/ul>\n<h3>Unidad: Hospital General Dr. Juan Jos\u00e9 Ar\u00e9valo Bermejo<\/h3>\n<h3>Fecha l\u00edmite de recepci\u00f3n de solicitudes: 21 de julio de 2023<\/h3>\n<p><a href=\"\/wp-content\/uploads\/sites\/5\/2023\/07\/Convocatoria-plaza-IGSS-medico-y-tecnico-de-farmacia-zona-6-2023.jpg\"><img loading=\"lazy\" decoding=\"async\" class=\"aligncenter size-full wp-image-36568\" src=\"\/wp-content\/uploads\/sites\/5\/2023\/07\/Convocatoria-plaza-IGSS-medico-y-tecnico-de-farmacia-zona-6-2023.jpg\" alt=\"\" width=\"993\" height=\"1600\" srcset=\"\/wp-content\/uploads\/sites\/5\/2023\/07\/Convocatoria-plaza-IGSS-medico-y-tecnico-de-farmacia-zona-6-2023.jpg 993w, \/wp-content\/uploads\/sites\/5\/2023\/07\/Convocatoria-plaza-IGSS-medico-y-tecnico-de-farmacia-zona-6-2023-186x300.jpg 186w, \/wp-content\/uploads\/sites\/5\/2023\/07\/Convocatoria-plaza-IGSS-medico-y-tecnico-de-farmacia-zona-6-2023-768x1237.jpg 768w, \/wp-content\/uploads\/sites\/5\/2023\/07\/Convocatoria-plaza-IGSS-medico-y-tecnico-de-farmacia-zona-6-2023-636x1024.jpg 636w, \/wp-content\/uploads\/sites\/5\/2023\/07\/Convocatoria-plaza-IGSS-medico-y-tecnico-de-farmacia-zona-6-2023-953x1536.jpg 953w, \/wp-content\/uploads\/sites\/5\/2023\/07\/Convocatoria-plaza-IGSS-medico-y-tecnico-de-farmacia-zona-6-2023-261x420.jpg 261w, \/wp-content\/uploads\/sites\/5\/2023\/07\/Convocatoria-plaza-IGSS-medico-y-tecnico-de-farmacia-zona-6-2023-696x1121.jpg 696w, \/wp-content\/uploads\/sites\/5\/2023\/07\/Convocatoria-plaza-IGSS-medico-y-tecnico-de-farmacia-zona-6-2023-287x462.jpg 287w\" sizes=\"auto, (max-width: 993px) 100vw, 993px\" \/><\/a><\/p>\n","protected":false},"excerpt":{"rendered":"<p>Puestos:\u00a0<\/p>\n<p>&#8211; M\u00e9dico Especialista de Consulta Externa de 4 horas (Pediatr\u00eda, 16:00 a 20:00 horas).<br \/>\n&#8211; T\u00e9cnico en Farmacia.<\/p>\n<p>Unidad: Hospital General Dr. Juan Jos\u00e9 Ar\u00e9valo Bermejo.<\/p>\n<p>Fecha l\u00edmite de recepci\u00f3n de solicitudes: 21 de julio de 2023.<\/p>\n<p>\u2b05\ufe0f Para descargar la convocatoria haga clic en la imagen.<\/p>\n<p>\ud83d\udd34 Convocatoria cerrada.<\/p>\n","protected":false},"author":4,"featured_media":36568,"comment_status":"closed","ping_status":"closed","sticky":false,"template":"","format":"standard","meta":{"footnotes":""},"categories":[1299],"tags":[1300,1301],"coauthors":[],"class_list":{"0":"post-36567","1":"post","2":"type-post","3":"status-publish","4":"format-standard","5":"has-post-thumbnail","7":"category-plazas-vacantes","8":"tag-empleos-igss","9":"tag-plazas-vacantes"},"_links":{"self":[{"href":"https:\/\/www.igssgt.org\/noticias\/wp-json\/wp\/v2\/posts\/36567","targetHints":{"allow":["GET"]}}],"collection":[{"href":"https:\/\/www.igssgt.org\/noticias\/wp-json\/wp\/v2\/posts"}],"about":[{"href":"https:\/\/www.igssgt.org\/noticias\/wp-json\/wp\/v2\/types\/post"}],"author":[{"embeddable":true,"href":"https:\/\/www.igssgt.org\/noticias\/wp-json\/wp\/v2\/users\/4"}],"replies":[{"embeddable":true,"href":"https:\/\/www.igssgt.org\/noticias\/wp-json\/wp\/v2\/comments?post=36567"}],"version-history":[{"count":2,"href":"https:\/\/www.igssgt.org\/noticias\/wp-json\/wp\/v2\/posts\/36567\/revisions"}],"predecessor-version":[{"id":37360,"href":"https:\/\/www.igssgt.org\/noticias\/wp-json\/wp\/v2\/posts\/36567\/revisions\/37360"}],"wp:featuredmedia":[{"embeddable":true,"href":"https:\/\/www.igssgt.org\/noticias\/wp-json\/wp\/v2\/media\/36568"}],"wp:attachment":[{"href":"https:\/\/www.igssgt.org\/noticias\/wp-json\/wp\/v2\/media?parent=36567"}],"wp:term":[{"taxonomy":"category","embeddable":true,"href":"https:\/\/www.igssgt.org\/noticias\/wp-json\/wp\/v2\/categories?post=36567"},{"taxonomy":"post_tag","embeddable":true,"href":"https:\/\/www.igssgt.org\/noticias\/wp-json\/wp\/v2\/tags?post=36567"},{"taxonomy":"author","embeddable":true,"href":"https:\/\/www.igssgt.org\/noticias\/wp-json\/wp\/v2\/coauthors?post=36567"}],"curies":[{"name":"wp","href":"https:\/\/api.w.org\/{rel}","templated":true}]}}