{"id":3663,"date":"2018-01-18T18:45:45","date_gmt":"2018-01-19T00:45:45","guid":{"rendered":"http:\/\/noticias-igss.org\/?p=3972"},"modified":"2018-01-18T18:45:45","modified_gmt":"2018-01-19T00:45:45","slug":"igss-y-pdh-instalan-mesa-tecnica-para-mejorar-atencion-y-cobertura-de-derechohabientes","status":"publish","type":"post","link":"https:\/\/www.igssgt.org\/noticias\/2018\/01\/18\/igss-y-pdh-instalan-mesa-tecnica-para-mejorar-atencion-y-cobertura-de-derechohabientes\/","title":{"rendered":"IGSS y PDH instalan mesa t\u00e9cnica para mejorar atenci\u00f3n y cobertura de derechohabientes"},"content":{"rendered":"<p><a href=\"\/noticias\/wp-content\/uploads\/sites\/5\/2018\/01\/Visita-del-Procurador-de-los-Derechos-Humanos-a-la-Junta-Directiva-IGSS-2018-5.jpg\"><img loading=\"lazy\" decoding=\"async\" class=\"aligncenter size-full wp-image-3978\" src=\"\/noticias\/wp-content\/uploads\/sites\/5\/2018\/01\/Visita-del-Procurador-de-los-Derechos-Humanos-a-la-Junta-Directiva-IGSS-2018-5.jpg\" alt=\"\" width=\"2048\" height=\"1365\" \/><\/a><\/p>\n<p>Durante una reuni\u00f3n de trabajo la Junta Directiva del Instituto Guatemalteco de Seguridad Social (IGSS) y la Procuradur\u00eda de Derechos Humanos (PDH) acordaron la creaci\u00f3n de una mesa t\u00e9cnica de trabajo en la que se abordar\u00e1n temas relacionados con la mejora de la atenci\u00f3n y cobertura de los derechohabientes.<\/p>\n<p>El licenciado Carlos Contreras, presidente de la Junta Directiva, expres\u00f3 que esa di<span class=\"text_exposed_show\">rectiva est\u00e1 muy interesada en abrir espacios para trabajar en una coordinaci\u00f3n interinstitucional permanente con otras instancias para mejorar la atenci\u00f3n a los derechohabientes del IGSS. \u201cTenemos una apertura constante para que los esfuerzos que hacemos sean transparentes y de conocimiento para todos\u201d resalt\u00f3.<\/span><\/p>\n<div class=\"text_exposed_show\">\n<p>Asimismo, el doctor Erick Porres representante suplente de la Universidad San Carlos de Guatemala ante la JD del IGSS, inst\u00f3 al PDH Jord\u00e1n Rodas para que d\u00e9 acompa\u00f1amiento a la verificaci\u00f3n de medicamentos que el Instituto adquiere para los afiliados. \u201cNosotros trabajamos en una l\u00ednea de transparencia y rendici\u00f3n de cuentas a la sociedad\u201d, expres\u00f3.<\/p>\n<p>El licenciado Jord\u00e1n Rodas, Procurador de los Derechos Humanos, felicit\u00f3 a la directiva por la transparencia con la que se ha realizado el mecanismo de licitaci\u00f3n de compras de medicamentos por medio de la Oficina de las Naciones Unidas de Servicios para Proyectos (UNOPS por sus siglas en ingl\u00e9s).<\/p>\n<p>Durante la visita el magistrado de conciencia anunci\u00f3 que en poco tiempo se nombrar\u00e1 la figura del Defensor del \u00e1rea de Salud, lo que vendr\u00e1 a fortalecer la supervisi\u00f3n de los servicios de salud que brinda el Instituto.<\/p>\n<p>Tambi\u00e9n, expuso las necesidades que existen en el sistema de salud como la construcci\u00f3n de un hospital en Zacapa, as\u00ed como la temporalidad de citas en las unidades m\u00e9dicas, por lo que en esa procuradur\u00eda est\u00e1n abiertos a trabajar conjuntamente con el IGSS para mejorar los mecanismos en beneficio de los afiliados al seguro social.<\/p>\n\r\n                <style type=\"text\/css\">\r\n                    \r\n                    #tdi_1  .td-doubleSlider-2 .td-item1 {\r\n                        background: url(\/wp-content\/uploads\/sites\/5\/2018\/01\/Visita-del-Procurador-de-los-Derechos-Humanos-a-la-Junta-Directiva-IGSS-2018-3-80x60.jpg) 0 0 no-repeat;\r\n                    }\r\n                    #tdi_1  .td-doubleSlider-2 .td-item2 {\r\n                        background: url(\/wp-content\/uploads\/sites\/5\/2018\/01\/Visita-del-Procurador-de-los-Derechos-Humanos-a-la-Junta-Directiva-IGSS-2018-1-80x60.jpg) 0 0 no-repeat;\r\n                    }\r\n                    #tdi_1  .td-doubleSlider-2 .td-item3 {\r\n                        background: url(\/wp-content\/uploads\/sites\/5\/2018\/01\/Visita-del-Procurador-de-los-Derechos-Humanos-a-la-Junta-Directiva-IGSS-2018-4-80x60.jpg) 0 0 no-repeat;\r\n                    }\r\n                    #tdi_1  .td-doubleSlider-2 .td-item4 {\r\n                        background: url(\/wp-content\/uploads\/sites\/5\/2018\/01\/Visita-del-Procurador-de-los-Derechos-Humanos-a-la-Junta-Directiva-IGSS-2018-9-80x60.jpg) 0 0 no-repeat;\r\n                    }\r\n                    #tdi_1  .td-doubleSlider-2 .td-item5 {\r\n                        background: url(\/wp-content\/uploads\/sites\/5\/2018\/01\/Visita-del-Procurador-de-los-Derechos-Humanos-a-la-Junta-Directiva-IGSS-2018-2-80x60.jpg) 0 0 no-repeat;\r\n                    }\r\n                    #tdi_1  .td-doubleSlider-2 .td-item6 {\r\n                        background: url(\/wp-content\/uploads\/sites\/5\/2018\/01\/Visita-del-Procurador-de-los-Derechos-Humanos-a-la-Junta-Directiva-IGSS-2018-5-80x60.jpg) 0 0 no-repeat;\r\n                    }\r\n                    #tdi_1  .td-doubleSlider-2 .td-item7 {\r\n                        background: url(\/wp-content\/uploads\/sites\/5\/2018\/01\/Visita-del-Procurador-de-los-Derechos-Humanos-a-la-Junta-Directiva-IGSS-2018-6-80x60.jpg) 0 0 no-repeat;\r\n                    }\r\n                    #tdi_1  .td-doubleSlider-2 .td-item8 {\r\n                        background: url(\/wp-content\/uploads\/sites\/5\/2018\/01\/Visita-del-Procurador-de-los-Derechos-Humanos-a-la-Junta-Directiva-IGSS-2018-7-80x60.jpg) 0 0 no-repeat;\r\n                    }\r\n                    #tdi_1  .td-doubleSlider-2 .td-item9 {\r\n                        background: url(\/wp-content\/uploads\/sites\/5\/2018\/01\/Visita-del-Procurador-de-los-Derechos-Humanos-a-la-Junta-Directiva-IGSS-2018-8-80x60.jpg) 0 0 no-repeat;\r\n                    }\r\n                    #tdi_1  .td-doubleSlider-2 .td-item10 {\r\n                        background: url(\/wp-content\/uploads\/sites\/5\/2018\/01\/Visita-del-Procurador-de-los-Derechos-Humanos-a-la-Junta-Directiva-IGSS-2018-10-80x60.jpg) 0 0 no-repeat;\r\n                    }\r\n                <\/style>\r\n\r\n                <div id=\"tdi_1\" class=\"td-gallery td-slide-on-2-columns\">\r\n                    <div class=\"post_td_gallery\">\r\n                        <div class=\"td-gallery-slide-top\">\r\n                           <div class=\"td-gallery-title\"><\/div>\r\n\r\n                            <div class=\"td-gallery-controls-wrapper\">\r\n                                <div class=\"td-gallery-slide-count\"><span class=\"td-gallery-slide-item-focus\">1<\/span> de 10<\/div>\r\n                                <div class=\"td-gallery-slide-prev-next-but\">\r\n                                    <i class = \"td-icon-left doubleSliderPrevButton\"><\/i>\r\n                                    <i class = \"td-icon-right doubleSliderNextButton\"><\/i>\r\n                                <\/div>\r\n                            <\/div>\r\n                        <\/div>\r\n\r\n                        <div class = \"td-doubleSlider-1 \">\r\n                            <div class = \"td-slider\">\r\n                                \r\n                    <div class = \"td-slide-item td-item1\">\r\n                        <figure class=\"td-slide-galery-figure td-slide-popup-gallery\">\r\n                            <a class=\"slide-gallery-image-link\" href=\"\/wp-content\/uploads\/sites\/5\/2018\/01\/Visita-del-Procurador-de-los-Derechos-Humanos-a-la-Junta-Directiva-IGSS-2018-3.jpg\" title=\"Visita-del-Procurador-de-los-Derechos-Humanos-a-la-Junta-Directiva-IGSS-2018-3\"  data-caption=\"\"  data-description=\"\">\r\n                                <img decoding=\"async\" src=\"\/wp-content\/uploads\/sites\/5\/2018\/01\/Visita-del-Procurador-de-los-Derechos-Humanos-a-la-Junta-Directiva-IGSS-2018-3-630x420.jpg\" srcset=\"\/wp-content\/uploads\/sites\/5\/2018\/01\/Visita-del-Procurador-de-los-Derechos-Humanos-a-la-Junta-Directiva-IGSS-2018-3-630x420.jpg 630w, \/wp-content\/uploads\/sites\/5\/2018\/01\/Visita-del-Procurador-de-los-Derechos-Humanos-a-la-Junta-Directiva-IGSS-2018-3-1536x1024.jpg 1536w, \/wp-content\/uploads\/sites\/5\/2018\/01\/Visita-del-Procurador-de-los-Derechos-Humanos-a-la-Junta-Directiva-IGSS-2018-3-300x200.jpg 300w, \/wp-content\/uploads\/sites\/5\/2018\/01\/Visita-del-Procurador-de-los-Derechos-Humanos-a-la-Junta-Directiva-IGSS-2018-3-768x512.jpg 768w, \/wp-content\/uploads\/sites\/5\/2018\/01\/Visita-del-Procurador-de-los-Derechos-Humanos-a-la-Junta-Directiva-IGSS-2018-3-1024x683.jpg 1024w, \/wp-content\/uploads\/sites\/5\/2018\/01\/Visita-del-Procurador-de-los-Derechos-Humanos-a-la-Junta-Directiva-IGSS-2018-3-696x464.jpg 696w, \/wp-content\/uploads\/sites\/5\/2018\/01\/Visita-del-Procurador-de-los-Derechos-Humanos-a-la-Junta-Directiva-IGSS-2018-3-1068x712.jpg 1068w, \/wp-content\/uploads\/sites\/5\/2018\/01\/Visita-del-Procurador-de-los-Derechos-Humanos-a-la-Junta-Directiva-IGSS-2018-3-534x356.jpg 534w, \/wp-content\/uploads\/sites\/5\/2018\/01\/Visita-del-Procurador-de-los-Derechos-Humanos-a-la-Junta-Directiva-IGSS-2018-3-1920x1280.jpg 1920w, \/wp-content\/uploads\/sites\/5\/2018\/01\/Visita-del-Procurador-de-los-Derechos-Humanos-a-la-Junta-Directiva-IGSS-2018-3.jpg 2048w\" sizes=\"(max-width: 630px) 100vw, 630px\" alt=\"\">\r\n                            <\/a>\r\n                            \r\n                        <\/figure>\r\n                    <\/div>\r\n                    <div class = \"td-slide-item td-item2\">\r\n                        <figure class=\"td-slide-galery-figure td-slide-popup-gallery\">\r\n                            <a class=\"slide-gallery-image-link\" href=\"\/wp-content\/uploads\/sites\/5\/2018\/01\/Visita-del-Procurador-de-los-Derechos-Humanos-a-la-Junta-Directiva-IGSS-2018-1.jpg\" title=\"Visita-del-Procurador-de-los-Derechos-Humanos-a-la-Junta-Directiva-IGSS-2018-1\"  data-caption=\"\"  data-description=\"\">\r\n                                <img decoding=\"async\" src=\"\/wp-content\/uploads\/sites\/5\/2018\/01\/Visita-del-Procurador-de-los-Derechos-Humanos-a-la-Junta-Directiva-IGSS-2018-1-630x420.jpg\" srcset=\"\/wp-content\/uploads\/sites\/5\/2018\/01\/Visita-del-Procurador-de-los-Derechos-Humanos-a-la-Junta-Directiva-IGSS-2018-1-630x420.jpg 630w, \/wp-content\/uploads\/sites\/5\/2018\/01\/Visita-del-Procurador-de-los-Derechos-Humanos-a-la-Junta-Directiva-IGSS-2018-1-1536x1024.jpg 1536w, \/wp-content\/uploads\/sites\/5\/2018\/01\/Visita-del-Procurador-de-los-Derechos-Humanos-a-la-Junta-Directiva-IGSS-2018-1-300x200.jpg 300w, \/wp-content\/uploads\/sites\/5\/2018\/01\/Visita-del-Procurador-de-los-Derechos-Humanos-a-la-Junta-Directiva-IGSS-2018-1-768x512.jpg 768w, \/wp-content\/uploads\/sites\/5\/2018\/01\/Visita-del-Procurador-de-los-Derechos-Humanos-a-la-Junta-Directiva-IGSS-2018-1-1024x683.jpg 1024w, \/wp-content\/uploads\/sites\/5\/2018\/01\/Visita-del-Procurador-de-los-Derechos-Humanos-a-la-Junta-Directiva-IGSS-2018-1-696x464.jpg 696w, \/wp-content\/uploads\/sites\/5\/2018\/01\/Visita-del-Procurador-de-los-Derechos-Humanos-a-la-Junta-Directiva-IGSS-2018-1-1068x712.jpg 1068w, \/wp-content\/uploads\/sites\/5\/2018\/01\/Visita-del-Procurador-de-los-Derechos-Humanos-a-la-Junta-Directiva-IGSS-2018-1-534x356.jpg 534w, \/wp-content\/uploads\/sites\/5\/2018\/01\/Visita-del-Procurador-de-los-Derechos-Humanos-a-la-Junta-Directiva-IGSS-2018-1-1920x1280.jpg 1920w, \/wp-content\/uploads\/sites\/5\/2018\/01\/Visita-del-Procurador-de-los-Derechos-Humanos-a-la-Junta-Directiva-IGSS-2018-1.jpg 2048w\" sizes=\"(max-width: 630px) 100vw, 630px\" alt=\"\">\r\n                            <\/a>\r\n                            \r\n                        <\/figure>\r\n                    <\/div>\r\n                    <div class = \"td-slide-item td-item3\">\r\n                        <figure class=\"td-slide-galery-figure td-slide-popup-gallery\">\r\n                            <a class=\"slide-gallery-image-link\" href=\"\/wp-content\/uploads\/sites\/5\/2018\/01\/Visita-del-Procurador-de-los-Derechos-Humanos-a-la-Junta-Directiva-IGSS-2018-4.jpg\" title=\"Visita-del-Procurador-de-los-Derechos-Humanos-a-la-Junta-Directiva-IGSS-2018-4\"  data-caption=\"\"  data-description=\"\">\r\n                                <img decoding=\"async\" src=\"\/wp-content\/uploads\/sites\/5\/2018\/01\/Visita-del-Procurador-de-los-Derechos-Humanos-a-la-Junta-Directiva-IGSS-2018-4-630x420.jpg\" srcset=\"\/wp-content\/uploads\/sites\/5\/2018\/01\/Visita-del-Procurador-de-los-Derechos-Humanos-a-la-Junta-Directiva-IGSS-2018-4-630x420.jpg 630w, \/wp-content\/uploads\/sites\/5\/2018\/01\/Visita-del-Procurador-de-los-Derechos-Humanos-a-la-Junta-Directiva-IGSS-2018-4-1536x1024.jpg 1536w, \/wp-content\/uploads\/sites\/5\/2018\/01\/Visita-del-Procurador-de-los-Derechos-Humanos-a-la-Junta-Directiva-IGSS-2018-4-300x200.jpg 300w, \/wp-content\/uploads\/sites\/5\/2018\/01\/Visita-del-Procurador-de-los-Derechos-Humanos-a-la-Junta-Directiva-IGSS-2018-4-768x512.jpg 768w, \/wp-content\/uploads\/sites\/5\/2018\/01\/Visita-del-Procurador-de-los-Derechos-Humanos-a-la-Junta-Directiva-IGSS-2018-4-1024x683.jpg 1024w, \/wp-content\/uploads\/sites\/5\/2018\/01\/Visita-del-Procurador-de-los-Derechos-Humanos-a-la-Junta-Directiva-IGSS-2018-4-696x464.jpg 696w, \/wp-content\/uploads\/sites\/5\/2018\/01\/Visita-del-Procurador-de-los-Derechos-Humanos-a-la-Junta-Directiva-IGSS-2018-4-1068x712.jpg 1068w, \/wp-content\/uploads\/sites\/5\/2018\/01\/Visita-del-Procurador-de-los-Derechos-Humanos-a-la-Junta-Directiva-IGSS-2018-4-534x356.jpg 534w, \/wp-content\/uploads\/sites\/5\/2018\/01\/Visita-del-Procurador-de-los-Derechos-Humanos-a-la-Junta-Directiva-IGSS-2018-4-1920x1280.jpg 1920w, \/wp-content\/uploads\/sites\/5\/2018\/01\/Visita-del-Procurador-de-los-Derechos-Humanos-a-la-Junta-Directiva-IGSS-2018-4.jpg 2048w\" sizes=\"(max-width: 630px) 100vw, 630px\" alt=\"\">\r\n                            <\/a>\r\n                            \r\n                        <\/figure>\r\n                    <\/div>\r\n                    <div class = \"td-slide-item td-item4\">\r\n                        <figure class=\"td-slide-galery-figure td-slide-popup-gallery\">\r\n                            <a class=\"slide-gallery-image-link\" href=\"\/wp-content\/uploads\/sites\/5\/2018\/01\/Visita-del-Procurador-de-los-Derechos-Humanos-a-la-Junta-Directiva-IGSS-2018-9.jpg\" title=\"Visita-del-Procurador-de-los-Derechos-Humanos-a-la-Junta-Directiva-IGSS-2018-9\"  data-caption=\"\"  data-description=\"\">\r\n                                <img decoding=\"async\" src=\"\/wp-content\/uploads\/sites\/5\/2018\/01\/Visita-del-Procurador-de-los-Derechos-Humanos-a-la-Junta-Directiva-IGSS-2018-9-615x420.jpg\" srcset=\"\/wp-content\/uploads\/sites\/5\/2018\/01\/Visita-del-Procurador-de-los-Derechos-Humanos-a-la-Junta-Directiva-IGSS-2018-9-615x420.jpg 615w, \/wp-content\/uploads\/sites\/5\/2018\/01\/Visita-del-Procurador-de-los-Derechos-Humanos-a-la-Junta-Directiva-IGSS-2018-9-1536x1049.jpg 1536w, \/wp-content\/uploads\/sites\/5\/2018\/01\/Visita-del-Procurador-de-los-Derechos-Humanos-a-la-Junta-Directiva-IGSS-2018-9-300x205.jpg 300w, \/wp-content\/uploads\/sites\/5\/2018\/01\/Visita-del-Procurador-de-los-Derechos-Humanos-a-la-Junta-Directiva-IGSS-2018-9-768x524.jpg 768w, \/wp-content\/uploads\/sites\/5\/2018\/01\/Visita-del-Procurador-de-los-Derechos-Humanos-a-la-Junta-Directiva-IGSS-2018-9-1024x699.jpg 1024w, \/wp-content\/uploads\/sites\/5\/2018\/01\/Visita-del-Procurador-de-los-Derechos-Humanos-a-la-Junta-Directiva-IGSS-2018-9-218x150.jpg 218w, \/wp-content\/uploads\/sites\/5\/2018\/01\/Visita-del-Procurador-de-los-Derechos-Humanos-a-la-Junta-Directiva-IGSS-2018-9-696x475.jpg 696w, \/wp-content\/uploads\/sites\/5\/2018\/01\/Visita-del-Procurador-de-los-Derechos-Humanos-a-la-Junta-Directiva-IGSS-2018-9-1068x729.jpg 1068w, \/wp-content\/uploads\/sites\/5\/2018\/01\/Visita-del-Procurador-de-los-Derechos-Humanos-a-la-Junta-Directiva-IGSS-2018-9-534x365.jpg 534w, \/wp-content\/uploads\/sites\/5\/2018\/01\/Visita-del-Procurador-de-los-Derechos-Humanos-a-la-Junta-Directiva-IGSS-2018-9-1920x1311.jpg 1920w, \/wp-content\/uploads\/sites\/5\/2018\/01\/Visita-del-Procurador-de-los-Derechos-Humanos-a-la-Junta-Directiva-IGSS-2018-9.jpg 2042w\" sizes=\"(max-width: 615px) 100vw, 615px\" alt=\"\">\r\n                            <\/a>\r\n                            \r\n                        <\/figure>\r\n                    <\/div>\r\n                    <div class = \"td-slide-item td-item5\">\r\n                        <figure class=\"td-slide-galery-figure td-slide-popup-gallery\">\r\n                            <a class=\"slide-gallery-image-link\" href=\"\/wp-content\/uploads\/sites\/5\/2018\/01\/Visita-del-Procurador-de-los-Derechos-Humanos-a-la-Junta-Directiva-IGSS-2018-2.jpg\" title=\"Visita-del-Procurador-de-los-Derechos-Humanos-a-la-Junta-Directiva-IGSS-2018-2\"  data-caption=\"\"  data-description=\"\">\r\n                                <img decoding=\"async\" src=\"\/wp-content\/uploads\/sites\/5\/2018\/01\/Visita-del-Procurador-de-los-Derechos-Humanos-a-la-Junta-Directiva-IGSS-2018-2-630x420.jpg\" srcset=\"\/wp-content\/uploads\/sites\/5\/2018\/01\/Visita-del-Procurador-de-los-Derechos-Humanos-a-la-Junta-Directiva-IGSS-2018-2-630x420.jpg 630w, \/wp-content\/uploads\/sites\/5\/2018\/01\/Visita-del-Procurador-de-los-Derechos-Humanos-a-la-Junta-Directiva-IGSS-2018-2-1536x1024.jpg 1536w, \/wp-content\/uploads\/sites\/5\/2018\/01\/Visita-del-Procurador-de-los-Derechos-Humanos-a-la-Junta-Directiva-IGSS-2018-2-300x200.jpg 300w, \/wp-content\/uploads\/sites\/5\/2018\/01\/Visita-del-Procurador-de-los-Derechos-Humanos-a-la-Junta-Directiva-IGSS-2018-2-768x512.jpg 768w, \/wp-content\/uploads\/sites\/5\/2018\/01\/Visita-del-Procurador-de-los-Derechos-Humanos-a-la-Junta-Directiva-IGSS-2018-2-1024x683.jpg 1024w, \/wp-content\/uploads\/sites\/5\/2018\/01\/Visita-del-Procurador-de-los-Derechos-Humanos-a-la-Junta-Directiva-IGSS-2018-2-696x464.jpg 696w, \/wp-content\/uploads\/sites\/5\/2018\/01\/Visita-del-Procurador-de-los-Derechos-Humanos-a-la-Junta-Directiva-IGSS-2018-2-1068x712.jpg 1068w, \/wp-content\/uploads\/sites\/5\/2018\/01\/Visita-del-Procurador-de-los-Derechos-Humanos-a-la-Junta-Directiva-IGSS-2018-2-534x356.jpg 534w, \/wp-content\/uploads\/sites\/5\/2018\/01\/Visita-del-Procurador-de-los-Derechos-Humanos-a-la-Junta-Directiva-IGSS-2018-2.jpg 2048w\" sizes=\"(max-width: 630px) 100vw, 630px\" alt=\"\">\r\n                            <\/a>\r\n                            \r\n                        <\/figure>\r\n                    <\/div>\r\n                    <div class = \"td-slide-item td-item6\">\r\n                        <figure class=\"td-slide-galery-figure td-slide-popup-gallery\">\r\n                            <a class=\"slide-gallery-image-link\" href=\"\/wp-content\/uploads\/sites\/5\/2018\/01\/Visita-del-Procurador-de-los-Derechos-Humanos-a-la-Junta-Directiva-IGSS-2018-5.jpg\" title=\"Visita-del-Procurador-de-los-Derechos-Humanos-a-la-Junta-Directiva-IGSS-2018-5\"  data-caption=\"\"  data-description=\"\">\r\n                                <img decoding=\"async\" src=\"\/wp-content\/uploads\/sites\/5\/2018\/01\/Visita-del-Procurador-de-los-Derechos-Humanos-a-la-Junta-Directiva-IGSS-2018-5-630x420.jpg\" srcset=\"\/wp-content\/uploads\/sites\/5\/2018\/01\/Visita-del-Procurador-de-los-Derechos-Humanos-a-la-Junta-Directiva-IGSS-2018-5-630x420.jpg 630w, \/wp-content\/uploads\/sites\/5\/2018\/01\/Visita-del-Procurador-de-los-Derechos-Humanos-a-la-Junta-Directiva-IGSS-2018-5-1536x1024.jpg 1536w, \/wp-content\/uploads\/sites\/5\/2018\/01\/Visita-del-Procurador-de-los-Derechos-Humanos-a-la-Junta-Directiva-IGSS-2018-5-300x200.jpg 300w, \/wp-content\/uploads\/sites\/5\/2018\/01\/Visita-del-Procurador-de-los-Derechos-Humanos-a-la-Junta-Directiva-IGSS-2018-5-768x512.jpg 768w, \/wp-content\/uploads\/sites\/5\/2018\/01\/Visita-del-Procurador-de-los-Derechos-Humanos-a-la-Junta-Directiva-IGSS-2018-5-1024x683.jpg 1024w, \/wp-content\/uploads\/sites\/5\/2018\/01\/Visita-del-Procurador-de-los-Derechos-Humanos-a-la-Junta-Directiva-IGSS-2018-5-696x464.jpg 696w, \/wp-content\/uploads\/sites\/5\/2018\/01\/Visita-del-Procurador-de-los-Derechos-Humanos-a-la-Junta-Directiva-IGSS-2018-5-1068x712.jpg 1068w, \/wp-content\/uploads\/sites\/5\/2018\/01\/Visita-del-Procurador-de-los-Derechos-Humanos-a-la-Junta-Directiva-IGSS-2018-5-534x356.jpg 534w, \/wp-content\/uploads\/sites\/5\/2018\/01\/Visita-del-Procurador-de-los-Derechos-Humanos-a-la-Junta-Directiva-IGSS-2018-5-1920x1280.jpg 1920w, \/wp-content\/uploads\/sites\/5\/2018\/01\/Visita-del-Procurador-de-los-Derechos-Humanos-a-la-Junta-Directiva-IGSS-2018-5.jpg 2048w\" sizes=\"(max-width: 630px) 100vw, 630px\" alt=\"\">\r\n                            <\/a>\r\n                            \r\n                        <\/figure>\r\n                    <\/div>\r\n                    <div class = \"td-slide-item td-item7\">\r\n                        <figure class=\"td-slide-galery-figure td-slide-popup-gallery\">\r\n                            <a class=\"slide-gallery-image-link\" href=\"\/wp-content\/uploads\/sites\/5\/2018\/01\/Visita-del-Procurador-de-los-Derechos-Humanos-a-la-Junta-Directiva-IGSS-2018-6.jpg\" title=\"Visita-del-Procurador-de-los-Derechos-Humanos-a-la-Junta-Directiva-IGSS-2018-6\"  data-caption=\"\"  data-description=\"\">\r\n                                <img decoding=\"async\" src=\"\/wp-content\/uploads\/sites\/5\/2018\/01\/Visita-del-Procurador-de-los-Derechos-Humanos-a-la-Junta-Directiva-IGSS-2018-6-544x420.jpg\" srcset=\"\/wp-content\/uploads\/sites\/5\/2018\/01\/Visita-del-Procurador-de-los-Derechos-Humanos-a-la-Junta-Directiva-IGSS-2018-6-544x420.jpg 544w, \/wp-content\/uploads\/sites\/5\/2018\/01\/Visita-del-Procurador-de-los-Derechos-Humanos-a-la-Junta-Directiva-IGSS-2018-6-1536x1185.jpg 1536w, \/wp-content\/uploads\/sites\/5\/2018\/01\/Visita-del-Procurador-de-los-Derechos-Humanos-a-la-Junta-Directiva-IGSS-2018-6-300x232.jpg 300w, \/wp-content\/uploads\/sites\/5\/2018\/01\/Visita-del-Procurador-de-los-Derechos-Humanos-a-la-Junta-Directiva-IGSS-2018-6-768x593.jpg 768w, \/wp-content\/uploads\/sites\/5\/2018\/01\/Visita-del-Procurador-de-los-Derechos-Humanos-a-la-Junta-Directiva-IGSS-2018-6-1024x790.jpg 1024w, \/wp-content\/uploads\/sites\/5\/2018\/01\/Visita-del-Procurador-de-los-Derechos-Humanos-a-la-Junta-Directiva-IGSS-2018-6-696x537.jpg 696w, \/wp-content\/uploads\/sites\/5\/2018\/01\/Visita-del-Procurador-de-los-Derechos-Humanos-a-la-Junta-Directiva-IGSS-2018-6-1068x824.jpg 1068w, \/wp-content\/uploads\/sites\/5\/2018\/01\/Visita-del-Procurador-de-los-Derechos-Humanos-a-la-Junta-Directiva-IGSS-2018-6-534x412.jpg 534w, \/wp-content\/uploads\/sites\/5\/2018\/01\/Visita-del-Procurador-de-los-Derechos-Humanos-a-la-Junta-Directiva-IGSS-2018-6.jpg 1840w\" sizes=\"(max-width: 544px) 100vw, 544px\" alt=\"\">\r\n                            <\/a>\r\n                            \r\n                        <\/figure>\r\n                    <\/div>\r\n                    <div class = \"td-slide-item td-item8\">\r\n                        <figure class=\"td-slide-galery-figure td-slide-popup-gallery\">\r\n                            <a class=\"slide-gallery-image-link\" href=\"\/wp-content\/uploads\/sites\/5\/2018\/01\/Visita-del-Procurador-de-los-Derechos-Humanos-a-la-Junta-Directiva-IGSS-2018-7.jpg\" title=\"Visita-del-Procurador-de-los-Derechos-Humanos-a-la-Junta-Directiva-IGSS-2018-7\"  data-caption=\"\"  data-description=\"\">\r\n                                <img decoding=\"async\" src=\"\/wp-content\/uploads\/sites\/5\/2018\/01\/Visita-del-Procurador-de-los-Derechos-Humanos-a-la-Junta-Directiva-IGSS-2018-7-630x420.jpg\" srcset=\"\/wp-content\/uploads\/sites\/5\/2018\/01\/Visita-del-Procurador-de-los-Derechos-Humanos-a-la-Junta-Directiva-IGSS-2018-7-630x420.jpg 630w, \/wp-content\/uploads\/sites\/5\/2018\/01\/Visita-del-Procurador-de-los-Derechos-Humanos-a-la-Junta-Directiva-IGSS-2018-7-1536x1024.jpg 1536w, \/wp-content\/uploads\/sites\/5\/2018\/01\/Visita-del-Procurador-de-los-Derechos-Humanos-a-la-Junta-Directiva-IGSS-2018-7-300x200.jpg 300w, \/wp-content\/uploads\/sites\/5\/2018\/01\/Visita-del-Procurador-de-los-Derechos-Humanos-a-la-Junta-Directiva-IGSS-2018-7-768x512.jpg 768w, \/wp-content\/uploads\/sites\/5\/2018\/01\/Visita-del-Procurador-de-los-Derechos-Humanos-a-la-Junta-Directiva-IGSS-2018-7-1024x683.jpg 1024w, \/wp-content\/uploads\/sites\/5\/2018\/01\/Visita-del-Procurador-de-los-Derechos-Humanos-a-la-Junta-Directiva-IGSS-2018-7-696x464.jpg 696w, \/wp-content\/uploads\/sites\/5\/2018\/01\/Visita-del-Procurador-de-los-Derechos-Humanos-a-la-Junta-Directiva-IGSS-2018-7-1068x712.jpg 1068w, \/wp-content\/uploads\/sites\/5\/2018\/01\/Visita-del-Procurador-de-los-Derechos-Humanos-a-la-Junta-Directiva-IGSS-2018-7-534x356.jpg 534w, \/wp-content\/uploads\/sites\/5\/2018\/01\/Visita-del-Procurador-de-los-Derechos-Humanos-a-la-Junta-Directiva-IGSS-2018-7-1920x1280.jpg 1920w, \/wp-content\/uploads\/sites\/5\/2018\/01\/Visita-del-Procurador-de-los-Derechos-Humanos-a-la-Junta-Directiva-IGSS-2018-7.jpg 2048w\" sizes=\"(max-width: 630px) 100vw, 630px\" alt=\"\">\r\n                            <\/a>\r\n                            \r\n                        <\/figure>\r\n                    <\/div>\r\n                    <div class = \"td-slide-item td-item9\">\r\n                        <figure class=\"td-slide-galery-figure td-slide-popup-gallery\">\r\n                            <a class=\"slide-gallery-image-link\" href=\"\/wp-content\/uploads\/sites\/5\/2018\/01\/Visita-del-Procurador-de-los-Derechos-Humanos-a-la-Junta-Directiva-IGSS-2018-8.jpg\" title=\"Visita-del-Procurador-de-los-Derechos-Humanos-a-la-Junta-Directiva-IGSS-2018-8\"  data-caption=\"\"  data-description=\"\">\r\n                                <img decoding=\"async\" src=\"\/wp-content\/uploads\/sites\/5\/2018\/01\/Visita-del-Procurador-de-los-Derechos-Humanos-a-la-Junta-Directiva-IGSS-2018-8-632x420.jpg\" srcset=\"\/wp-content\/uploads\/sites\/5\/2018\/01\/Visita-del-Procurador-de-los-Derechos-Humanos-a-la-Junta-Directiva-IGSS-2018-8-632x420.jpg 632w, \/wp-content\/uploads\/sites\/5\/2018\/01\/Visita-del-Procurador-de-los-Derechos-Humanos-a-la-Junta-Directiva-IGSS-2018-8-1536x1021.jpg 1536w, \/wp-content\/uploads\/sites\/5\/2018\/01\/Visita-del-Procurador-de-los-Derechos-Humanos-a-la-Junta-Directiva-IGSS-2018-8-300x199.jpg 300w, \/wp-content\/uploads\/sites\/5\/2018\/01\/Visita-del-Procurador-de-los-Derechos-Humanos-a-la-Junta-Directiva-IGSS-2018-8-768x511.jpg 768w, \/wp-content\/uploads\/sites\/5\/2018\/01\/Visita-del-Procurador-de-los-Derechos-Humanos-a-la-Junta-Directiva-IGSS-2018-8-1024x681.jpg 1024w, \/wp-content\/uploads\/sites\/5\/2018\/01\/Visita-del-Procurador-de-los-Derechos-Humanos-a-la-Junta-Directiva-IGSS-2018-8-696x463.jpg 696w, \/wp-content\/uploads\/sites\/5\/2018\/01\/Visita-del-Procurador-de-los-Derechos-Humanos-a-la-Junta-Directiva-IGSS-2018-8-1068x710.jpg 1068w, \/wp-content\/uploads\/sites\/5\/2018\/01\/Visita-del-Procurador-de-los-Derechos-Humanos-a-la-Junta-Directiva-IGSS-2018-8-534x355.jpg 534w, \/wp-content\/uploads\/sites\/5\/2018\/01\/Visita-del-Procurador-de-los-Derechos-Humanos-a-la-Junta-Directiva-IGSS-2018-8-1920x1277.jpg 1920w, \/wp-content\/uploads\/sites\/5\/2018\/01\/Visita-del-Procurador-de-los-Derechos-Humanos-a-la-Junta-Directiva-IGSS-2018-8.jpg 1967w\" sizes=\"(max-width: 632px) 100vw, 632px\" alt=\"\">\r\n                            <\/a>\r\n                            \r\n                        <\/figure>\r\n                    <\/div>\r\n                    <div class = \"td-slide-item td-item10\">\r\n                        <figure class=\"td-slide-galery-figure td-slide-popup-gallery\">\r\n                            <a class=\"slide-gallery-image-link\" href=\"\/wp-content\/uploads\/sites\/5\/2018\/01\/Visita-del-Procurador-de-los-Derechos-Humanos-a-la-Junta-Directiva-IGSS-2018-10.jpg\" title=\"Visita-del-Procurador-de-los-Derechos-Humanos-a-la-Junta-Directiva-IGSS-2018-10\"  data-caption=\"\"  data-description=\"\">\r\n                                <img decoding=\"async\" src=\"\/wp-content\/uploads\/sites\/5\/2018\/01\/Visita-del-Procurador-de-los-Derechos-Humanos-a-la-Junta-Directiva-IGSS-2018-10-695x420.jpg\" srcset=\"\/wp-content\/uploads\/sites\/5\/2018\/01\/Visita-del-Procurador-de-los-Derechos-Humanos-a-la-Junta-Directiva-IGSS-2018-10-695x420.jpg 695w, \/wp-content\/uploads\/sites\/5\/2018\/01\/Visita-del-Procurador-de-los-Derechos-Humanos-a-la-Junta-Directiva-IGSS-2018-10-1536x928.jpg 1536w, \/wp-content\/uploads\/sites\/5\/2018\/01\/Visita-del-Procurador-de-los-Derechos-Humanos-a-la-Junta-Directiva-IGSS-2018-10-300x181.jpg 300w, \/wp-content\/uploads\/sites\/5\/2018\/01\/Visita-del-Procurador-de-los-Derechos-Humanos-a-la-Junta-Directiva-IGSS-2018-10-768x464.jpg 768w, \/wp-content\/uploads\/sites\/5\/2018\/01\/Visita-del-Procurador-de-los-Derechos-Humanos-a-la-Junta-Directiva-IGSS-2018-10-1024x619.jpg 1024w, \/wp-content\/uploads\/sites\/5\/2018\/01\/Visita-del-Procurador-de-los-Derechos-Humanos-a-la-Junta-Directiva-IGSS-2018-10-696x420.jpg 696w, \/wp-content\/uploads\/sites\/5\/2018\/01\/Visita-del-Procurador-de-los-Derechos-Humanos-a-la-Junta-Directiva-IGSS-2018-10-1068x645.jpg 1068w, \/wp-content\/uploads\/sites\/5\/2018\/01\/Visita-del-Procurador-de-los-Derechos-Humanos-a-la-Junta-Directiva-IGSS-2018-10-534x323.jpg 534w, \/wp-content\/uploads\/sites\/5\/2018\/01\/Visita-del-Procurador-de-los-Derechos-Humanos-a-la-Junta-Directiva-IGSS-2018-10-1920x1160.jpg 1920w, \/wp-content\/uploads\/sites\/5\/2018\/01\/Visita-del-Procurador-de-los-Derechos-Humanos-a-la-Junta-Directiva-IGSS-2018-10.jpg 2048w\" sizes=\"(max-width: 695px) 100vw, 695px\" alt=\"\">\r\n                            <\/a>\r\n                            \r\n                        <\/figure>\r\n                    <\/div>\r\n                            <\/div>\r\n                        <\/div>\r\n\r\n                        <div class = \"td-doubleSlider-2\">\r\n                            <div class = \"td-slider\">\r\n                                \r\n                    <div class = \"td-button td-item1\">\r\n                        <div class = \"td-border\"><\/div>\r\n                    <\/div>\r\n                    <div class = \"td-button td-item2\">\r\n                        <div class = \"td-border\"><\/div>\r\n                    <\/div>\r\n                    <div class = \"td-button td-item3\">\r\n                        <div class = \"td-border\"><\/div>\r\n                    <\/div>\r\n                    <div class = \"td-button td-item4\">\r\n                        <div class = \"td-border\"><\/div>\r\n                    <\/div>\r\n                    <div class = \"td-button td-item5\">\r\n                        <div class = \"td-border\"><\/div>\r\n                    <\/div>\r\n                    <div class = \"td-button td-item6\">\r\n                        <div class = \"td-border\"><\/div>\r\n                    <\/div>\r\n                    <div class = \"td-button td-item7\">\r\n                        <div class = \"td-border\"><\/div>\r\n                    <\/div>\r\n                    <div class = \"td-button td-item8\">\r\n                        <div class = \"td-border\"><\/div>\r\n                    <\/div>\r\n                    <div class = \"td-button td-item9\">\r\n                        <div class = \"td-border\"><\/div>\r\n                    <\/div>\r\n                    <div class = \"td-button td-item10\">\r\n                        <div class = \"td-border\"><\/div>\r\n                    <\/div>\r\n                            <\/div>\r\n                        <\/div>\r\n\r\n                    <\/div>\r\n\r\n                <\/div>\r\n                \n<hr \/>\n<p>&nbsp;<\/p>\n<\/div>\n","protected":false},"excerpt":{"rendered":"<p>Durante una reuni\u00f3n de trabajo la Junta Directiva del Instituto Guatemalteco de Seguridad Social (IGSS) y la Procuradur\u00eda de Derechos Humanos (PDH) acordaron la creaci\u00f3n de una mesa t\u00e9cnica de trabajo en la que se abordar\u00e1n temas relacionados con la mejora de la atenci\u00f3n y cobertura de los derechohabientes. El licenciado Carlos Contreras, presidente de [&hellip;]<\/p>\n","protected":false},"author":4,"featured_media":3664,"comment_status":"open","ping_status":"open","sticky":false,"template":"","format":"standard","meta":{"footnotes":""},"categories":[3,15,16,19,21,29],"tags":[284,490,544,573,697,729,842],"coauthors":[],"class_list":{"0":"post-3663","1":"post","2":"type-post","3":"status-publish","4":"format-standard","5":"has-post-thumbnail","7":"category-actualidad","8":"category-destacado","9":"category-featured","10":"category-integridad-y-trasparencia","11":"category-junta-directiva-igss","12":"category-publicaciones","13":"tag-dr-erick-porres","14":"tag-igss","15":"tag-junta-directiva-igss","16":"tag-lic-jordan-rodas","17":"tag-pdh","18":"tag-procurador-de-los-derechos-humanos","19":"tag-unops"},"_links":{"self":[{"href":"https:\/\/www.igssgt.org\/noticias\/wp-json\/wp\/v2\/posts\/3663","targetHints":{"allow":["GET"]}}],"collection":[{"href":"https:\/\/www.igssgt.org\/noticias\/wp-json\/wp\/v2\/posts"}],"about":[{"href":"https:\/\/www.igssgt.org\/noticias\/wp-json\/wp\/v2\/types\/post"}],"author":[{"embeddable":true,"href":"https:\/\/www.igssgt.org\/noticias\/wp-json\/wp\/v2\/users\/4"}],"replies":[{"embeddable":true,"href":"https:\/\/www.igssgt.org\/noticias\/wp-json\/wp\/v2\/comments?post=3663"}],"version-history":[{"count":0,"href":"https:\/\/www.igssgt.org\/noticias\/wp-json\/wp\/v2\/posts\/3663\/revisions"}],"wp:featuredmedia":[{"embeddable":true,"href":"https:\/\/www.igssgt.org\/noticias\/wp-json\/wp\/v2\/media\/3664"}],"wp:attachment":[{"href":"https:\/\/www.igssgt.org\/noticias\/wp-json\/wp\/v2\/media?parent=3663"}],"wp:term":[{"taxonomy":"category","embeddable":true,"href":"https:\/\/www.igssgt.org\/noticias\/wp-json\/wp\/v2\/categories?post=3663"},{"taxonomy":"post_tag","embeddable":true,"href":"https:\/\/www.igssgt.org\/noticias\/wp-json\/wp\/v2\/tags?post=3663"},{"taxonomy":"author","embeddable":true,"href":"https:\/\/www.igssgt.org\/noticias\/wp-json\/wp\/v2\/coauthors?post=3663"}],"curies":[{"name":"wp","href":"https:\/\/api.w.org\/{rel}","templated":true}]}}