{"id":36659,"date":"2023-07-17T10:51:38","date_gmt":"2023-07-17T16:51:38","guid":{"rendered":"https:\/\/www.igssgt.org\/noticias\/?p=36659"},"modified":"2023-07-17T13:49:11","modified_gmt":"2023-07-17T19:49:11","slug":"comunicado-igss-realiza-jornada-de-seguridad-social-en-sayaxche-peten","status":"publish","type":"post","link":"https:\/\/www.igssgt.org\/noticias\/2023\/07\/17\/comunicado-igss-realiza-jornada-de-seguridad-social-en-sayaxche-peten\/","title":{"rendered":"Comunicado. IGSS REALIZA JORNADA DE SEGURIDAD SOCIAL EN SAYAXCH\u00c9, PET\u00c9N"},"content":{"rendered":"\n<h6 class=\"p1\"><strong>\u2022 Se incluye atenci\u00f3n m\u00e9dica por enfermedad com\u00fan, pediatr\u00eda, gineco-obstetricia, medicina interna, ultrasonidos y nutrici\u00f3n, entre otros servicios que se brindan gracias a un equipo multidisciplinario integrado por 80 personas.<\/strong><\/h6>\n<h6 class=\"p1\"><strong>\u2022 Se estima atender a 6 mil afiliados y derechohabientes con servicios especializados, en las instalaciones de la Escuela de Campo Agroambiental (ECA) del Grupo HAME.<\/strong><\/h6>\n\n\n\n<div style=\"height:30px\" aria-hidden=\"true\" class=\"wp-block-spacer\"><\/div>\n\n\n\n<p class=\"has-drop-cap\">El Instituto Guatemalteco de Seguridad Social (IGSS) como parte de su Pol\u00edtica Preventiva en salud desarroll\u00f3 una jornada diferenciada para los trabajadores de la Palma Africana en el \u00e1rea de Sayaxch\u00e9, Pet\u00e9n por medio del Sistema de Cl\u00ednica de Empresas, con lo cual busca asegurar la calidad de vida de los afiliados en el campo y la ciudad.<\/p>\n\n\n\n<p class=\"p1\">Con base en los principios de universalidad del derecho a la salud y en cumplimiento al Plan Estrat\u00e9gico Institucional, el IGSS permanecer\u00e1 del 17 al 26 de julio en las instalaciones de la Escuela de Campo Agroambiental (ECA) situada en el Km. en Kilometro 352 aldea La Colonia ruta Sayaxch\u00e9, Pet\u00e9n gracias a la alianza con la Gremial de Palmicultores de Guatemala (GREPALMA) y el apoyo de la empresa Reforestadora de Palmas del Pet\u00e9n, S.A. (REPSA) parte de Grupo HAME.<\/p>\n<figure id=\"attachment_36673\" aria-describedby=\"caption-attachment-36673\" style=\"width: 390px\" class=\"wp-caption alignright\"><a href=\"\/wp-content\/uploads\/sites\/5\/2023\/07\/Comunicado-IGSS-REALIZA-JORNADA-DE-SEGURIDAD-SOCIAL.jpg\" target=\"_blank\" rel=\"noopener\"><img loading=\"lazy\" decoding=\"async\" class=\"wp-image-36673\" src=\"\/wp-content\/uploads\/sites\/5\/2023\/07\/Comunicado-IGSS-REALIZA-JORNADA-DE-SEGURIDAD-SOCIAL.jpg\" alt=\"\" width=\"390\" height=\"503\" srcset=\"\/wp-content\/uploads\/sites\/5\/2023\/07\/Comunicado-IGSS-REALIZA-JORNADA-DE-SEGURIDAD-SOCIAL.jpg 1240w, \/wp-content\/uploads\/sites\/5\/2023\/07\/Comunicado-IGSS-REALIZA-JORNADA-DE-SEGURIDAD-SOCIAL-233x300.jpg 233w, \/wp-content\/uploads\/sites\/5\/2023\/07\/Comunicado-IGSS-REALIZA-JORNADA-DE-SEGURIDAD-SOCIAL-768x991.jpg 768w, \/wp-content\/uploads\/sites\/5\/2023\/07\/Comunicado-IGSS-REALIZA-JORNADA-DE-SEGURIDAD-SOCIAL-794x1024.jpg 794w, \/wp-content\/uploads\/sites\/5\/2023\/07\/Comunicado-IGSS-REALIZA-JORNADA-DE-SEGURIDAD-SOCIAL-1190x1536.jpg 1190w, \/wp-content\/uploads\/sites\/5\/2023\/07\/Comunicado-IGSS-REALIZA-JORNADA-DE-SEGURIDAD-SOCIAL-326x420.jpg 326w, \/wp-content\/uploads\/sites\/5\/2023\/07\/Comunicado-IGSS-REALIZA-JORNADA-DE-SEGURIDAD-SOCIAL-696x898.jpg 696w, \/wp-content\/uploads\/sites\/5\/2023\/07\/Comunicado-IGSS-REALIZA-JORNADA-DE-SEGURIDAD-SOCIAL-1068x1378.jpg 1068w, \/wp-content\/uploads\/sites\/5\/2023\/07\/Comunicado-IGSS-REALIZA-JORNADA-DE-SEGURIDAD-SOCIAL-358x462.jpg 358w\" sizes=\"auto, (max-width: 390px) 100vw, 390px\" \/><\/a><figcaption id=\"caption-attachment-36673\" class=\"wp-caption-text\">Haga clic para descargar el comunicado.<\/figcaption><\/figure>\n<p class=\"p1\">\u00abEstamos convencidos que este tipo de alianzas apuntalan los grandes objetivos del Instituto para llegar a lugares con acceso reducido a servicios en salud y brindar prestaciones de calidad a m\u00e1s trabajadores y sus familias, este es el segundo gran paso que damos con los patronos de esta \u00e1rea norte del pa\u00eds fungiendo como el brazo social de la poblaci\u00f3n econ\u00f3micamente activa para contribuir con la estabilidad pecuniaria no solo de nuestros cotizantes, sino de esta comunidad\u00bb coment\u00f3 el doctor Francisco Javier G\u00f3dinez Jerez, Subgerente de Prestaciones en Salud.<\/p>\n<p class=\"p1\">El Instituto impulsa un modelo de atenci\u00f3n que permite un servicio integral en beneficio de ni\u00f1os y adultos, impactando positivamente a la poblaci\u00f3n atendida con servicios de odontolog\u00eda, pediatr\u00eda, nutrici\u00f3n, salud reproductiva, esquemas de vacunaci\u00f3n y plan educacional sobre diferentes enfermedades propias de la mujer, entre otras orientaciones que realiza un equipo de traductores del idioma castellano al Q&#8217;eqchi.<\/p>\n<p>\u00abEl IGSS nuevamente hace historia en uno de los lugares m\u00e1s rec\u00f3nditos del Pet\u00e9n, los trabajadores de la palma y sus familias beneficiarias est\u00e1n siendo atendidos por un equipo de especialistas comprometidos con la Seguridad Social y nuestros afiliados. Esta alianza con las gremiales merece ser celebrada porque nos acercan cada vez m\u00e1s a los patronos como la mejor opci\u00f3n para sus trabajadores, con tratamientos y atenci\u00f3n oportuna hasta su lugar de trabajo\u00bb, puntualiz\u00f3 el licenciado Jos\u00e9 Adolfo Flamenco Jau, presidente de la Junta Directiva del IGSS, quien record\u00f3 la reciente Jornada realizada para los asegurados del \u00e1rea del Polochic en Alta Verapaz en donde se atendi\u00f3 a m\u00e1s de 4,600 trabajadores de la palma de aceite y poblaci\u00f3n en la zona.<\/p>\n<p>Con estas acciones el IGSS avanza en la ampliaci\u00f3n de la cobertura para trabajadores del campo y la ciudad, acercando los servicios al sector empresarial y afiliado a nivel nacional como parte del principio de universalidad de la Pol\u00edtica Preventiva del IGSS que busca promoci\u00f3n de la salud y la prevenci\u00f3n de enfermedades para todos.<\/p>\n<p>\u00abEn la Gremial de Palmicultores de Guatemala, estamos convencidos que unir esfuerzos con m\u00faltiples actores incrementa la oportunidad de beneficiar a las comunidades del \u00e1rea rural, por lo que nos unimos a la iniciativa del IGSS #UnIGSSm\u00e1sCercaDeTi para apoyar a que llegue la atenci\u00f3n m\u00e9dica a la poblaci\u00f3n de Sayaxch\u00e9, Pet\u00e9n \u00e1rea donde est\u00e1 presente la palma de aceite. Estas jornadas m\u00e9dicas no solo permitir\u00e1n el acceso a servicios de salud, sino que tambi\u00e9n brindar\u00e1n oportunidad de recibir informaci\u00f3n sobre h\u00e1bitos saludables y prevenci\u00f3n de enfermedades\u00bb, indic\u00f3 Karen Rosales, directora ejecutiva de GREPALMA.<\/p>\n<p><strong><em>\u00a1M\u00e1s salud para los guatemaltecos!<\/em><\/strong><\/p>\n","protected":false},"excerpt":{"rendered":"<p>\u2022 Se incluye atenci\u00f3n m\u00e9dica por enfermedad com\u00fan, pediatr\u00eda, gineco-obstetricia, medicina interna, ultrasonidos y nutrici\u00f3n, entre otros servicios que se brindan gracias a un equipo multidisciplinario integrado por 80 personas. \u2022 Se estima atender a 6 mil afiliados y derechohabientes con servicios especializados, en las instalaciones de la Escuela de Campo Agroambiental (ECA) del Grupo [&hellip;]<\/p>\n","protected":false},"author":1961,"featured_media":36687,"comment_status":"closed","ping_status":"closed","sticky":false,"template":"","format":"standard","meta":{"footnotes":""},"categories":[3,13,1177,15,29],"tags":[192,193,1744],"coauthors":[],"class_list":{"0":"post-36659","1":"post","2":"type-post","3":"status-publish","4":"format-standard","5":"has-post-thumbnail","7":"category-actualidad","8":"category-comunicados-de-prensa","9":"category-comunicados-generales","10":"category-destacado","11":"category-publicaciones","12":"tag-comunicado","13":"tag-comunicado-de-prensa","14":"tag-jornada-de-seguridad-social"},"_links":{"self":[{"href":"https:\/\/www.igssgt.org\/noticias\/wp-json\/wp\/v2\/posts\/36659","targetHints":{"allow":["GET"]}}],"collection":[{"href":"https:\/\/www.igssgt.org\/noticias\/wp-json\/wp\/v2\/posts"}],"about":[{"href":"https:\/\/www.igssgt.org\/noticias\/wp-json\/wp\/v2\/types\/post"}],"author":[{"embeddable":true,"href":"https:\/\/www.igssgt.org\/noticias\/wp-json\/wp\/v2\/users\/1961"}],"replies":[{"embeddable":true,"href":"https:\/\/www.igssgt.org\/noticias\/wp-json\/wp\/v2\/comments?post=36659"}],"version-history":[{"count":11,"href":"https:\/\/www.igssgt.org\/noticias\/wp-json\/wp\/v2\/posts\/36659\/revisions"}],"predecessor-version":[{"id":36674,"href":"https:\/\/www.igssgt.org\/noticias\/wp-json\/wp\/v2\/posts\/36659\/revisions\/36674"}],"wp:featuredmedia":[{"embeddable":true,"href":"https:\/\/www.igssgt.org\/noticias\/wp-json\/wp\/v2\/media\/36687"}],"wp:attachment":[{"href":"https:\/\/www.igssgt.org\/noticias\/wp-json\/wp\/v2\/media?parent=36659"}],"wp:term":[{"taxonomy":"category","embeddable":true,"href":"https:\/\/www.igssgt.org\/noticias\/wp-json\/wp\/v2\/categories?post=36659"},{"taxonomy":"post_tag","embeddable":true,"href":"https:\/\/www.igssgt.org\/noticias\/wp-json\/wp\/v2\/tags?post=36659"},{"taxonomy":"author","embeddable":true,"href":"https:\/\/www.igssgt.org\/noticias\/wp-json\/wp\/v2\/coauthors?post=36659"}],"curies":[{"name":"wp","href":"https:\/\/api.w.org\/{rel}","templated":true}]}}