{"id":36688,"date":"2023-07-17T15:44:45","date_gmt":"2023-07-17T21:44:45","guid":{"rendered":"https:\/\/www.igssgt.org\/noticias\/?p=36688"},"modified":"2023-07-18T10:14:08","modified_gmt":"2023-07-18T16:14:08","slug":"arranca-gran-jornada-diferenciada-de-la-seguridad-social-en-sayaxche-peten","status":"publish","type":"post","link":"https:\/\/www.igssgt.org\/noticias\/2023\/07\/17\/arranca-gran-jornada-diferenciada-de-la-seguridad-social-en-sayaxche-peten\/","title":{"rendered":"Arranca Gran Jornada Diferenciada de la Seguridad Social en Sayaxch\u00e9, Pet\u00e9n"},"content":{"rendered":"\n<p class=\"has-drop-cap\">Con el objetivo de acortar las distancias y ser una esperanza para los afiliados y derechohabientes de los lugares m\u00e1s alejados del pa\u00eds, el IGSS realiza una nueva Jornada Diferenciada de la Seguridad Social en el caser\u00edo La Torre, Sayaxch\u00e9, Pet\u00e9n, una comunidad ubicada a m\u00e1s de 352 kil\u00f3metros de la ciudad capital.<\/p>\n\n\n\n<p>La actividad se desarrollar\u00e1 durante 10 d\u00edas, del 17 al 26 de julio de 2023. Para esa labor se ha desplegado a un equipo de 108 profesionales (incluidos traductores del idioma castellano al Q\u00b4eqchi\u00b4), tecnolog\u00eda m\u00e9dica de \u00faltima generaci\u00f3n y 14 veh\u00edculos institucionales.<\/p>\n<p><a href=\"\/wp-content\/uploads\/sites\/5\/2023\/07\/Jornada-Diferenciada-de-la-Seguridad-Social-2.jpg\" target=\"_blank\" rel=\"noopener\"><img loading=\"lazy\" decoding=\"async\" class=\"alignnone wp-image-36691 size-full\" src=\"\/wp-content\/uploads\/sites\/5\/2023\/07\/Jornada-Diferenciada-de-la-Seguridad-Social-2.jpg\" alt=\"\" width=\"1600\" height=\"1066\" srcset=\"\/wp-content\/uploads\/sites\/5\/2023\/07\/Jornada-Diferenciada-de-la-Seguridad-Social-2.jpg 1600w, \/wp-content\/uploads\/sites\/5\/2023\/07\/Jornada-Diferenciada-de-la-Seguridad-Social-2-300x200.jpg 300w, \/wp-content\/uploads\/sites\/5\/2023\/07\/Jornada-Diferenciada-de-la-Seguridad-Social-2-768x512.jpg 768w, \/wp-content\/uploads\/sites\/5\/2023\/07\/Jornada-Diferenciada-de-la-Seguridad-Social-2-1024x682.jpg 1024w, \/wp-content\/uploads\/sites\/5\/2023\/07\/Jornada-Diferenciada-de-la-Seguridad-Social-2-1536x1023.jpg 1536w, \/wp-content\/uploads\/sites\/5\/2023\/07\/Jornada-Diferenciada-de-la-Seguridad-Social-2-630x420.jpg 630w, \/wp-content\/uploads\/sites\/5\/2023\/07\/Jornada-Diferenciada-de-la-Seguridad-Social-2-696x464.jpg 696w, \/wp-content\/uploads\/sites\/5\/2023\/07\/Jornada-Diferenciada-de-la-Seguridad-Social-2-1068x712.jpg 1068w, \/wp-content\/uploads\/sites\/5\/2023\/07\/Jornada-Diferenciada-de-la-Seguridad-Social-2-534x356.jpg 534w\" sizes=\"auto, (max-width: 1600px) 100vw, 1600px\" \/><\/a><\/p>\n<p>La jornada se est\u00e1 llevando a cabo en las instalaciones de la Reforestadora de Palmas de Pet\u00e9n S.A. \/ Grupo Hame, donde m\u00e1s de 6 mil trabajadores y sus familias recibir\u00e1n atenci\u00f3n especializada en medicina general e interna, pediatr\u00eda, odontolog\u00eda, ginecolog\u00eda, ultrasonidos, laboratorio cl\u00ednico y nutrici\u00f3n.<\/p>\n<p>El licenciado Jos\u00e9 Adolfo Flamenco Jau, presidente de la Junta Directiva del IGSS, resalt\u00f3 que se ha trabajado con asociaciones de patronos que han permitido que el Instituto se acerque a las \u00e1reas de trabajo a prestar los servicios pecuniarios y de salud. <strong>\u201cEste tipo de jornadas son un ejemplo del esfuerzo, compromiso, calidad y calidez que IGSS brinda a nuestros afiliados y derechohabientes\u201d<\/strong>, manifest\u00f3.<\/p>\n<blockquote>\n<p>Este tipo de jornadas son un ejemplo del esfuerzo, compromiso, calidad y calidez que IGSS brinda a nuestros afiliados y derechohabientes<\/p>\n<\/blockquote>\n<p>Asimismo, se imparten charlas informativas sobre alimentaci\u00f3n sana, prevenci\u00f3n de accidentes y los beneficios de las cl\u00ednicas de empresa, adem\u00e1s de extender recetas y otorgar medicamentos para diferentes enfermedades.<\/p>\n<p><strong>\u201cHe visto de manera directa y de cerca el gran trabajo de la delegaci\u00f3n del IGSS. Lo \u00fanico que puedo decir es que estoy segura de que ser\u00e1 un \u00e9xito\u201d<\/strong>, expres\u00f3 la licenciada Karen Rosales, directora ejecutiva de Grepalma, qui\u00e9n agreg\u00f3 que articulando acciones entre autoridades p\u00fablicas y espacios del sector privado, es la \u00fanica forma de facilitar el acceso a la salud.<\/p>\n<p><a href=\"\/wp-content\/uploads\/sites\/5\/2023\/07\/Jornada-Diferenciada-de-la-Seguridad-Social-6.jpg\" target=\"_blank\" rel=\"noopener\"><img loading=\"lazy\" decoding=\"async\" class=\"alignnone wp-image-36692 size-full\" src=\"\/wp-content\/uploads\/sites\/5\/2023\/07\/Jornada-Diferenciada-de-la-Seguridad-Social-6.jpg\" alt=\"\" width=\"1424\" height=\"1041\" srcset=\"\/wp-content\/uploads\/sites\/5\/2023\/07\/Jornada-Diferenciada-de-la-Seguridad-Social-6.jpg 1424w, \/wp-content\/uploads\/sites\/5\/2023\/07\/Jornada-Diferenciada-de-la-Seguridad-Social-6-300x219.jpg 300w, \/wp-content\/uploads\/sites\/5\/2023\/07\/Jornada-Diferenciada-de-la-Seguridad-Social-6-768x561.jpg 768w, \/wp-content\/uploads\/sites\/5\/2023\/07\/Jornada-Diferenciada-de-la-Seguridad-Social-6-1024x749.jpg 1024w, \/wp-content\/uploads\/sites\/5\/2023\/07\/Jornada-Diferenciada-de-la-Seguridad-Social-6-575x420.jpg 575w, \/wp-content\/uploads\/sites\/5\/2023\/07\/Jornada-Diferenciada-de-la-Seguridad-Social-6-696x509.jpg 696w, \/wp-content\/uploads\/sites\/5\/2023\/07\/Jornada-Diferenciada-de-la-Seguridad-Social-6-1068x781.jpg 1068w, \/wp-content\/uploads\/sites\/5\/2023\/07\/Jornada-Diferenciada-de-la-Seguridad-Social-6-534x390.jpg 534w\" sizes=\"auto, (max-width: 1424px) 100vw, 1424px\" \/><\/a><\/p>\n<p>Por su parte, el doctor Francisco Javier G\u00f3dinez, subgerente de Prestaciones en Salud, expres\u00f3 que este tipo de alianzas crean lazos que son de sumo beneficio para los trabajadores guatemaltecos y sus familias.<\/p>\n<p>Con este modelo de atenci\u00f3n y a trav\u00e9s del programa de Cl\u00ednicas de Empresa, el Instituto impulsa un servicio integral en beneficio de trabajadores del campo y la ciudad, cumpliendo con el eje 1 de la Pol\u00edtica Preventiva, Promoci\u00f3n de la salud y Prevenci\u00f3n de la Enfermedad.<\/p>\n\n\n\n\r\n                <style type=\"text\/css\">\r\n                    \r\n                    #tdi_1  .td-doubleSlider-2 .td-item1 {\r\n                        background: url(\/wp-content\/uploads\/sites\/5\/2023\/07\/Jornada-Diferenciada-de-la-Seguridad-Social-1-80x60.jpg) 0 0 no-repeat;\r\n                    }\r\n                    #tdi_1  .td-doubleSlider-2 .td-item2 {\r\n                        background: url(\/wp-content\/uploads\/sites\/5\/2023\/07\/Jornada-Diferenciada-de-la-Seguridad-Social-7-80x60.jpg) 0 0 no-repeat;\r\n                    }\r\n                    #tdi_1  .td-doubleSlider-2 .td-item3 {\r\n                        background: url(\/wp-content\/uploads\/sites\/5\/2023\/07\/Jornada-Diferenciada-de-la-Seguridad-Social-10-80x60.jpg) 0 0 no-repeat;\r\n                    }\r\n                    #tdi_1  .td-doubleSlider-2 .td-item4 {\r\n                        background: url(\/wp-content\/uploads\/sites\/5\/2023\/07\/Jornada-Diferenciada-de-la-Seguridad-Social-5-80x60.jpg) 0 0 no-repeat;\r\n                    }\r\n                    #tdi_1  .td-doubleSlider-2 .td-item5 {\r\n                        background: url(\/wp-content\/uploads\/sites\/5\/2023\/07\/Jornada-Diferenciada-de-la-Seguridad-Social-3-80x60.jpg) 0 0 no-repeat;\r\n                    }\r\n                    #tdi_1  .td-doubleSlider-2 .td-item6 {\r\n                        background: url(\/wp-content\/uploads\/sites\/5\/2023\/07\/Jornada-Diferenciada-de-la-Seguridad-Social-4-80x60.jpg) 0 0 no-repeat;\r\n                    }\r\n                    #tdi_1  .td-doubleSlider-2 .td-item7 {\r\n                        background: url(\/wp-content\/uploads\/sites\/5\/2023\/07\/Jornada-Diferenciada-de-la-Seguridad-Social-9-80x60.jpg) 0 0 no-repeat;\r\n                    }\r\n                <\/style>\r\n\r\n                <div id=\"tdi_1\" class=\"td-gallery td-slide-on-2-columns\">\r\n                    <div class=\"post_td_gallery\">\r\n                        <div class=\"td-gallery-slide-top\">\r\n                           <div class=\"td-gallery-title\"><\/div>\r\n\r\n                            <div class=\"td-gallery-controls-wrapper\">\r\n                                <div class=\"td-gallery-slide-count\"><span class=\"td-gallery-slide-item-focus\">1<\/span> de 7<\/div>\r\n                                <div class=\"td-gallery-slide-prev-next-but\">\r\n                                    <i class = \"td-icon-left doubleSliderPrevButton\"><\/i>\r\n                                    <i class = \"td-icon-right doubleSliderNextButton\"><\/i>\r\n                                <\/div>\r\n                            <\/div>\r\n                        <\/div>\r\n\r\n                        <div class = \"td-doubleSlider-1 \">\r\n                            <div class = \"td-slider\">\r\n                                \r\n                    <div class = \"td-slide-item td-item1\">\r\n                        <figure class=\"td-slide-galery-figure td-slide-popup-gallery\">\r\n                            <a class=\"slide-gallery-image-link\" href=\"\/wp-content\/uploads\/sites\/5\/2023\/07\/Jornada-Diferenciada-de-la-Seguridad-Social-1.jpg\" title=\"Jornada Diferenciada de la Seguridad Social-1\"  data-caption=\"\"  data-description=\"\">\r\n                                <img decoding=\"async\" src=\"\/wp-content\/uploads\/sites\/5\/2023\/07\/Jornada-Diferenciada-de-la-Seguridad-Social-1-649x420.jpg\" srcset=\"\/wp-content\/uploads\/sites\/5\/2023\/07\/Jornada-Diferenciada-de-la-Seguridad-Social-1-649x420.jpg 649w, \/wp-content\/uploads\/sites\/5\/2023\/07\/Jornada-Diferenciada-de-la-Seguridad-Social-1-300x194.jpg 300w, \/wp-content\/uploads\/sites\/5\/2023\/07\/Jornada-Diferenciada-de-la-Seguridad-Social-1-768x497.jpg 768w, \/wp-content\/uploads\/sites\/5\/2023\/07\/Jornada-Diferenciada-de-la-Seguridad-Social-1-1024x663.jpg 1024w, \/wp-content\/uploads\/sites\/5\/2023\/07\/Jornada-Diferenciada-de-la-Seguridad-Social-1-696x451.jpg 696w, \/wp-content\/uploads\/sites\/5\/2023\/07\/Jornada-Diferenciada-de-la-Seguridad-Social-1-1068x692.jpg 1068w, \/wp-content\/uploads\/sites\/5\/2023\/07\/Jornada-Diferenciada-de-la-Seguridad-Social-1-534x346.jpg 534w, \/wp-content\/uploads\/sites\/5\/2023\/07\/Jornada-Diferenciada-de-la-Seguridad-Social-1.jpg 1504w\" sizes=\"(max-width: 649px) 100vw, 649px\" alt=\"\">\r\n                            <\/a>\r\n                            \r\n                        <\/figure>\r\n                    <\/div>\r\n                    <div class = \"td-slide-item td-item2\">\r\n                        <figure class=\"td-slide-galery-figure td-slide-popup-gallery\">\r\n                            <a class=\"slide-gallery-image-link\" href=\"\/wp-content\/uploads\/sites\/5\/2023\/07\/Jornada-Diferenciada-de-la-Seguridad-Social-7.jpg\" title=\"Jornada Diferenciada de la Seguridad Social-7\"  data-caption=\"\"  data-description=\"\">\r\n                                <img decoding=\"async\" src=\"\/wp-content\/uploads\/sites\/5\/2023\/07\/Jornada-Diferenciada-de-la-Seguridad-Social-7-599x420.jpg\" srcset=\"\/wp-content\/uploads\/sites\/5\/2023\/07\/Jornada-Diferenciada-de-la-Seguridad-Social-7-599x420.jpg 599w, \/wp-content\/uploads\/sites\/5\/2023\/07\/Jornada-Diferenciada-de-la-Seguridad-Social-7-300x210.jpg 300w, \/wp-content\/uploads\/sites\/5\/2023\/07\/Jornada-Diferenciada-de-la-Seguridad-Social-7-768x539.jpg 768w, \/wp-content\/uploads\/sites\/5\/2023\/07\/Jornada-Diferenciada-de-la-Seguridad-Social-7-1024x718.jpg 1024w, \/wp-content\/uploads\/sites\/5\/2023\/07\/Jornada-Diferenciada-de-la-Seguridad-Social-7-696x488.jpg 696w, \/wp-content\/uploads\/sites\/5\/2023\/07\/Jornada-Diferenciada-de-la-Seguridad-Social-7-1068x749.jpg 1068w, \/wp-content\/uploads\/sites\/5\/2023\/07\/Jornada-Diferenciada-de-la-Seguridad-Social-7-100x70.jpg 100w, \/wp-content\/uploads\/sites\/5\/2023\/07\/Jornada-Diferenciada-de-la-Seguridad-Social-7-534x374.jpg 534w, \/wp-content\/uploads\/sites\/5\/2023\/07\/Jornada-Diferenciada-de-la-Seguridad-Social-7.jpg 1342w\" sizes=\"(max-width: 599px) 100vw, 599px\" alt=\"\">\r\n                            <\/a>\r\n                            \r\n                        <\/figure>\r\n                    <\/div>\r\n                    <div class = \"td-slide-item td-item3\">\r\n                        <figure class=\"td-slide-galery-figure td-slide-popup-gallery\">\r\n                            <a class=\"slide-gallery-image-link\" href=\"\/wp-content\/uploads\/sites\/5\/2023\/07\/Jornada-Diferenciada-de-la-Seguridad-Social-10.jpg\" title=\"Jornada Diferenciada de la Seguridad Social-10\"  data-caption=\"\"  data-description=\"\">\r\n                                <img decoding=\"async\" src=\"\/wp-content\/uploads\/sites\/5\/2023\/07\/Jornada-Diferenciada-de-la-Seguridad-Social-10-630x420.jpg\" srcset=\"\/wp-content\/uploads\/sites\/5\/2023\/07\/Jornada-Diferenciada-de-la-Seguridad-Social-10-630x420.jpg 630w, \/wp-content\/uploads\/sites\/5\/2023\/07\/Jornada-Diferenciada-de-la-Seguridad-Social-10-300x200.jpg 300w, \/wp-content\/uploads\/sites\/5\/2023\/07\/Jornada-Diferenciada-de-la-Seguridad-Social-10-768x512.jpg 768w, \/wp-content\/uploads\/sites\/5\/2023\/07\/Jornada-Diferenciada-de-la-Seguridad-Social-10-1024x682.jpg 1024w, \/wp-content\/uploads\/sites\/5\/2023\/07\/Jornada-Diferenciada-de-la-Seguridad-Social-10-1536x1023.jpg 1536w, \/wp-content\/uploads\/sites\/5\/2023\/07\/Jornada-Diferenciada-de-la-Seguridad-Social-10-696x464.jpg 696w, \/wp-content\/uploads\/sites\/5\/2023\/07\/Jornada-Diferenciada-de-la-Seguridad-Social-10-1068x712.jpg 1068w, \/wp-content\/uploads\/sites\/5\/2023\/07\/Jornada-Diferenciada-de-la-Seguridad-Social-10-534x356.jpg 534w, \/wp-content\/uploads\/sites\/5\/2023\/07\/Jornada-Diferenciada-de-la-Seguridad-Social-10.jpg 1600w\" sizes=\"(max-width: 630px) 100vw, 630px\" alt=\"\">\r\n                            <\/a>\r\n                            \r\n                        <\/figure>\r\n                    <\/div>\r\n                    <div class = \"td-slide-item td-item4\">\r\n                        <figure class=\"td-slide-galery-figure td-slide-popup-gallery\">\r\n                            <a class=\"slide-gallery-image-link\" href=\"\/wp-content\/uploads\/sites\/5\/2023\/07\/Jornada-Diferenciada-de-la-Seguridad-Social-5.jpg\" title=\"Jornada Diferenciada de la Seguridad Social-5\"  data-caption=\"\"  data-description=\"\">\r\n                                <img decoding=\"async\" src=\"\/wp-content\/uploads\/sites\/5\/2023\/07\/Jornada-Diferenciada-de-la-Seguridad-Social-5-630x420.jpg\" srcset=\"\/wp-content\/uploads\/sites\/5\/2023\/07\/Jornada-Diferenciada-de-la-Seguridad-Social-5-630x420.jpg 630w, \/wp-content\/uploads\/sites\/5\/2023\/07\/Jornada-Diferenciada-de-la-Seguridad-Social-5-300x200.jpg 300w, \/wp-content\/uploads\/sites\/5\/2023\/07\/Jornada-Diferenciada-de-la-Seguridad-Social-5-768x512.jpg 768w, \/wp-content\/uploads\/sites\/5\/2023\/07\/Jornada-Diferenciada-de-la-Seguridad-Social-5-1024x682.jpg 1024w, \/wp-content\/uploads\/sites\/5\/2023\/07\/Jornada-Diferenciada-de-la-Seguridad-Social-5-1536x1023.jpg 1536w, \/wp-content\/uploads\/sites\/5\/2023\/07\/Jornada-Diferenciada-de-la-Seguridad-Social-5-696x464.jpg 696w, \/wp-content\/uploads\/sites\/5\/2023\/07\/Jornada-Diferenciada-de-la-Seguridad-Social-5-1068x712.jpg 1068w, \/wp-content\/uploads\/sites\/5\/2023\/07\/Jornada-Diferenciada-de-la-Seguridad-Social-5-534x356.jpg 534w, \/wp-content\/uploads\/sites\/5\/2023\/07\/Jornada-Diferenciada-de-la-Seguridad-Social-5.jpg 1600w\" sizes=\"(max-width: 630px) 100vw, 630px\" alt=\"\">\r\n                            <\/a>\r\n                            \r\n                        <\/figure>\r\n                    <\/div>\r\n                    <div class = \"td-slide-item td-item5\">\r\n                        <figure class=\"td-slide-galery-figure td-slide-popup-gallery\">\r\n                            <a class=\"slide-gallery-image-link\" href=\"\/wp-content\/uploads\/sites\/5\/2023\/07\/Jornada-Diferenciada-de-la-Seguridad-Social-3.jpg\" title=\"Jornada Diferenciada de la Seguridad Social-3\"  data-caption=\"\"  data-description=\"\">\r\n                                <img decoding=\"async\" src=\"\/wp-content\/uploads\/sites\/5\/2023\/07\/Jornada-Diferenciada-de-la-Seguridad-Social-3-630x420.jpg\" srcset=\"\/wp-content\/uploads\/sites\/5\/2023\/07\/Jornada-Diferenciada-de-la-Seguridad-Social-3-630x420.jpg 630w, \/wp-content\/uploads\/sites\/5\/2023\/07\/Jornada-Diferenciada-de-la-Seguridad-Social-3-300x200.jpg 300w, \/wp-content\/uploads\/sites\/5\/2023\/07\/Jornada-Diferenciada-de-la-Seguridad-Social-3-768x512.jpg 768w, \/wp-content\/uploads\/sites\/5\/2023\/07\/Jornada-Diferenciada-de-la-Seguridad-Social-3-1024x682.jpg 1024w, \/wp-content\/uploads\/sites\/5\/2023\/07\/Jornada-Diferenciada-de-la-Seguridad-Social-3-1536x1023.jpg 1536w, \/wp-content\/uploads\/sites\/5\/2023\/07\/Jornada-Diferenciada-de-la-Seguridad-Social-3-696x464.jpg 696w, \/wp-content\/uploads\/sites\/5\/2023\/07\/Jornada-Diferenciada-de-la-Seguridad-Social-3-1068x712.jpg 1068w, \/wp-content\/uploads\/sites\/5\/2023\/07\/Jornada-Diferenciada-de-la-Seguridad-Social-3-534x356.jpg 534w, \/wp-content\/uploads\/sites\/5\/2023\/07\/Jornada-Diferenciada-de-la-Seguridad-Social-3.jpg 1600w\" sizes=\"(max-width: 630px) 100vw, 630px\" alt=\"\">\r\n                            <\/a>\r\n                            \r\n                        <\/figure>\r\n                    <\/div>\r\n                    <div class = \"td-slide-item td-item6\">\r\n                        <figure class=\"td-slide-galery-figure td-slide-popup-gallery\">\r\n                            <a class=\"slide-gallery-image-link\" href=\"\/wp-content\/uploads\/sites\/5\/2023\/07\/Jornada-Diferenciada-de-la-Seguridad-Social-4.jpg\" title=\"Jornada Diferenciada de la Seguridad Social-4\"  data-caption=\"\"  data-description=\"\">\r\n                                <img decoding=\"async\" src=\"\/wp-content\/uploads\/sites\/5\/2023\/07\/Jornada-Diferenciada-de-la-Seguridad-Social-4-630x420.jpg\" srcset=\"\/wp-content\/uploads\/sites\/5\/2023\/07\/Jornada-Diferenciada-de-la-Seguridad-Social-4-630x420.jpg 630w, \/wp-content\/uploads\/sites\/5\/2023\/07\/Jornada-Diferenciada-de-la-Seguridad-Social-4-300x200.jpg 300w, \/wp-content\/uploads\/sites\/5\/2023\/07\/Jornada-Diferenciada-de-la-Seguridad-Social-4-768x512.jpg 768w, \/wp-content\/uploads\/sites\/5\/2023\/07\/Jornada-Diferenciada-de-la-Seguridad-Social-4-1024x682.jpg 1024w, \/wp-content\/uploads\/sites\/5\/2023\/07\/Jornada-Diferenciada-de-la-Seguridad-Social-4-1536x1023.jpg 1536w, \/wp-content\/uploads\/sites\/5\/2023\/07\/Jornada-Diferenciada-de-la-Seguridad-Social-4-696x464.jpg 696w, \/wp-content\/uploads\/sites\/5\/2023\/07\/Jornada-Diferenciada-de-la-Seguridad-Social-4-1068x712.jpg 1068w, \/wp-content\/uploads\/sites\/5\/2023\/07\/Jornada-Diferenciada-de-la-Seguridad-Social-4-534x356.jpg 534w, \/wp-content\/uploads\/sites\/5\/2023\/07\/Jornada-Diferenciada-de-la-Seguridad-Social-4.jpg 1600w\" sizes=\"(max-width: 630px) 100vw, 630px\" alt=\"\">\r\n                            <\/a>\r\n                            \r\n                        <\/figure>\r\n                    <\/div>\r\n                    <div class = \"td-slide-item td-item7\">\r\n                        <figure class=\"td-slide-galery-figure td-slide-popup-gallery\">\r\n                            <a class=\"slide-gallery-image-link\" href=\"\/wp-content\/uploads\/sites\/5\/2023\/07\/Jornada-Diferenciada-de-la-Seguridad-Social-9.jpg\" title=\"Jornada Diferenciada de la Seguridad Social-9\"  data-caption=\"\"  data-description=\"\">\r\n                                <img decoding=\"async\" src=\"\/wp-content\/uploads\/sites\/5\/2023\/07\/Jornada-Diferenciada-de-la-Seguridad-Social-9-630x420.jpg\" srcset=\"\/wp-content\/uploads\/sites\/5\/2023\/07\/Jornada-Diferenciada-de-la-Seguridad-Social-9-630x420.jpg 630w, \/wp-content\/uploads\/sites\/5\/2023\/07\/Jornada-Diferenciada-de-la-Seguridad-Social-9-300x200.jpg 300w, \/wp-content\/uploads\/sites\/5\/2023\/07\/Jornada-Diferenciada-de-la-Seguridad-Social-9-768x512.jpg 768w, \/wp-content\/uploads\/sites\/5\/2023\/07\/Jornada-Diferenciada-de-la-Seguridad-Social-9-1024x682.jpg 1024w, \/wp-content\/uploads\/sites\/5\/2023\/07\/Jornada-Diferenciada-de-la-Seguridad-Social-9-1536x1023.jpg 1536w, \/wp-content\/uploads\/sites\/5\/2023\/07\/Jornada-Diferenciada-de-la-Seguridad-Social-9-696x464.jpg 696w, \/wp-content\/uploads\/sites\/5\/2023\/07\/Jornada-Diferenciada-de-la-Seguridad-Social-9-1068x712.jpg 1068w, \/wp-content\/uploads\/sites\/5\/2023\/07\/Jornada-Diferenciada-de-la-Seguridad-Social-9-534x356.jpg 534w, \/wp-content\/uploads\/sites\/5\/2023\/07\/Jornada-Diferenciada-de-la-Seguridad-Social-9.jpg 1600w\" sizes=\"(max-width: 630px) 100vw, 630px\" alt=\"\">\r\n                            <\/a>\r\n                            \r\n                        <\/figure>\r\n                    <\/div>\r\n                            <\/div>\r\n                        <\/div>\r\n\r\n                        <div class = \"td-doubleSlider-2\">\r\n                            <div class = \"td-slider\">\r\n                                \r\n                    <div class = \"td-button td-item1\">\r\n                        <div class = \"td-border\"><\/div>\r\n                    <\/div>\r\n                    <div class = \"td-button td-item2\">\r\n                        <div class = \"td-border\"><\/div>\r\n                    <\/div>\r\n                    <div class = \"td-button td-item3\">\r\n                        <div class = \"td-border\"><\/div>\r\n                    <\/div>\r\n                    <div class = \"td-button td-item4\">\r\n                        <div class = \"td-border\"><\/div>\r\n                    <\/div>\r\n                    <div class = \"td-button td-item5\">\r\n                        <div class = \"td-border\"><\/div>\r\n                    <\/div>\r\n                    <div class = \"td-button td-item6\">\r\n                        <div class = \"td-border\"><\/div>\r\n                    <\/div>\r\n                    <div class = \"td-button td-item7\">\r\n                        <div class = \"td-border\"><\/div>\r\n                    <\/div>\r\n                            <\/div>\r\n                        <\/div>\r\n\r\n                    <\/div>\r\n\r\n                <\/div>\r\n                \n","protected":false},"excerpt":{"rendered":"<p>Con el objetivo de acortar las distancias y ser una esperanza para los afiliados y derechohabientes de los lugares m\u00e1s alejados del pa\u00eds, el IGSS realiza una nueva Jornada Diferenciada de la Seguridad Social en el caser\u00edo La Torre, Sayaxch\u00e9, Pet\u00e9n, una comunidad ubicada a m\u00e1s de 352 kil\u00f3metros de la ciudad capital. La actividad [&hellip;]<\/p>\n","protected":false},"author":1961,"featured_media":36690,"comment_status":"closed","ping_status":"closed","sticky":false,"template":"","format":"standard","meta":{"footnotes":""},"categories":[3],"tags":[1746,1745],"coauthors":[],"class_list":{"0":"post-36688","1":"post","2":"type-post","3":"status-publish","4":"format-standard","5":"has-post-thumbnail","7":"category-actualidad","8":"tag-jornada-diferenciada-de-la-seguridad-social","9":"tag-peten"},"_links":{"self":[{"href":"https:\/\/www.igssgt.org\/noticias\/wp-json\/wp\/v2\/posts\/36688","targetHints":{"allow":["GET"]}}],"collection":[{"href":"https:\/\/www.igssgt.org\/noticias\/wp-json\/wp\/v2\/posts"}],"about":[{"href":"https:\/\/www.igssgt.org\/noticias\/wp-json\/wp\/v2\/types\/post"}],"author":[{"embeddable":true,"href":"https:\/\/www.igssgt.org\/noticias\/wp-json\/wp\/v2\/users\/1961"}],"replies":[{"embeddable":true,"href":"https:\/\/www.igssgt.org\/noticias\/wp-json\/wp\/v2\/comments?post=36688"}],"version-history":[{"count":4,"href":"https:\/\/www.igssgt.org\/noticias\/wp-json\/wp\/v2\/posts\/36688\/revisions"}],"predecessor-version":[{"id":36704,"href":"https:\/\/www.igssgt.org\/noticias\/wp-json\/wp\/v2\/posts\/36688\/revisions\/36704"}],"wp:featuredmedia":[{"embeddable":true,"href":"https:\/\/www.igssgt.org\/noticias\/wp-json\/wp\/v2\/media\/36690"}],"wp:attachment":[{"href":"https:\/\/www.igssgt.org\/noticias\/wp-json\/wp\/v2\/media?parent=36688"}],"wp:term":[{"taxonomy":"category","embeddable":true,"href":"https:\/\/www.igssgt.org\/noticias\/wp-json\/wp\/v2\/categories?post=36688"},{"taxonomy":"post_tag","embeddable":true,"href":"https:\/\/www.igssgt.org\/noticias\/wp-json\/wp\/v2\/tags?post=36688"},{"taxonomy":"author","embeddable":true,"href":"https:\/\/www.igssgt.org\/noticias\/wp-json\/wp\/v2\/coauthors?post=36688"}],"curies":[{"name":"wp","href":"https:\/\/api.w.org\/{rel}","templated":true}]}}