{"id":36713,"date":"2023-07-18T13:05:00","date_gmt":"2023-07-18T19:05:00","guid":{"rendered":"https:\/\/www.igssgt.org\/noticias\/?p=36713"},"modified":"2023-07-18T13:52:17","modified_gmt":"2023-07-18T19:52:17","slug":"el-igss-realiza-traslado-de-pacientes-por-complicaciones-de-salud-en-sayaxche-peten","status":"publish","type":"post","link":"https:\/\/www.igssgt.org\/noticias\/2023\/07\/18\/el-igss-realiza-traslado-de-pacientes-por-complicaciones-de-salud-en-sayaxche-peten\/","title":{"rendered":"El IGSS realiza traslado de pacientes por complicaciones de salud en Sayaxch\u00e9, Pet\u00e9n"},"content":{"rendered":"\n<p class=\"has-drop-cap\">Personal m\u00e9dico del Instituto Guatemalteco de Seguridad Social realiz\u00f3 el traslado de tres pacientes durante el segundo d\u00eda de la Jornada de la Seguridad Social en Sayaxch\u00e9, Pet\u00e9n.<\/p>\n\n\n\n<p>El primero presentaba problemas de hiperglucemia descompensada (nivel alto de az\u00facar en la sangre), por lo que fue tratado en el lugar con soluciones y medicamentos.<\/p>\n\n\n\n<p>Tambi\u00e9n a un segundo paciente que lleg\u00f3 a la Jornada con dolores abdominales y que luego de prestarle atenci\u00f3n primaria y practicarle laboratorios fue diagnosticado con apendicitis aguda, por lo que se dio el traslado de emergencia para una posible cirug\u00eda.<\/p>\n<p><iframe loading=\"lazy\" title=\"Emergencias en Jornada de la Seguridad Social en Sayaxche\u0301, Pet\u00e9n\" width=\"696\" height=\"392\" src=\"https:\/\/www.youtube.com\/embed\/1T2Ik5lxR30?feature=oembed\" frameborder=\"0\" allow=\"accelerometer; autoplay; clipboard-write; encrypted-media; gyroscope; picture-in-picture; web-share\" allowfullscreen><\/iframe><\/p>\n<p>Por \u00faltimo se atendi\u00f3 una mujer con 34 semanas de gestaci\u00f3n que presentaba un cent\u00edmetro de dilataci\u00f3n y un cuadro de placenta baja, la cual provoca que el feto baje y comience labores de parto, por lo que se considera un alumbramiento prematuro.<\/p>\n<p>Seg\u00fan del doctor Juan Roberto Morales Castillo, m\u00e9dico en jefe de la Jornada, est\u00e1 condici\u00f3n es la causante de una alta mortalidad en menores.<\/p>\n<p>Los tres fueron trasladados al centro asistencial en Sayaxch\u00e9.<\/p>\n\r\n                <style type=\"text\/css\">\r\n                    \r\n                    #tdi_1  .td-doubleSlider-2 .td-item1 {\r\n                        background: url(\/wp-content\/uploads\/sites\/5\/2023\/07\/traslados-de-emergencia-sajaxche-peten-igss-20234-80x60.jpg) 0 0 no-repeat;\r\n                    }\r\n                    #tdi_1  .td-doubleSlider-2 .td-item2 {\r\n                        background: url(\/wp-content\/uploads\/sites\/5\/2023\/07\/traslados-de-emergencia-sajaxche-peten-igss-20232-80x60.jpg) 0 0 no-repeat;\r\n                    }\r\n                    #tdi_1  .td-doubleSlider-2 .td-item3 {\r\n                        background: url(\/wp-content\/uploads\/sites\/5\/2023\/07\/traslados-de-emergencia-sajaxche-peten-igss-20233-80x60.jpg) 0 0 no-repeat;\r\n                    }\r\n                    #tdi_1  .td-doubleSlider-2 .td-item4 {\r\n                        background: url(\/wp-content\/uploads\/sites\/5\/2023\/07\/traslados-de-emergencia-sajaxche-peten-igss-20237-80x60.jpg) 0 0 no-repeat;\r\n                    }\r\n                    #tdi_1  .td-doubleSlider-2 .td-item5 {\r\n                        background: url(\/wp-content\/uploads\/sites\/5\/2023\/07\/traslados-de-emergencia-sajaxche-peten-igss-20235-80x60.jpg) 0 0 no-repeat;\r\n                    }\r\n                    #tdi_1  .td-doubleSlider-2 .td-item6 {\r\n                        background: url(\/wp-content\/uploads\/sites\/5\/2023\/07\/traslados-de-emergencia-sajaxche-peten-igss-20236-80x60.jpg) 0 0 no-repeat;\r\n                    }\r\n                <\/style>\r\n\r\n                <div id=\"tdi_1\" class=\"td-gallery td-slide-on-2-columns\">\r\n                    <div class=\"post_td_gallery\">\r\n                        <div class=\"td-gallery-slide-top\">\r\n                           <div class=\"td-gallery-title\">Galer\u00eda de Im\u00e1genes<\/div>\r\n\r\n                            <div class=\"td-gallery-controls-wrapper\">\r\n                                <div class=\"td-gallery-slide-count\"><span class=\"td-gallery-slide-item-focus\">1<\/span> de 6<\/div>\r\n                                <div class=\"td-gallery-slide-prev-next-but\">\r\n                                    <i class = \"td-icon-left doubleSliderPrevButton\"><\/i>\r\n                                    <i class = \"td-icon-right doubleSliderNextButton\"><\/i>\r\n                                <\/div>\r\n                            <\/div>\r\n                        <\/div>\r\n\r\n                        <div class = \"td-doubleSlider-1 \">\r\n                            <div class = \"td-slider\">\r\n                                \r\n                    <div class = \"td-slide-item td-item1\">\r\n                        <figure class=\"td-slide-galery-figure td-slide-popup-gallery\">\r\n                            <a class=\"slide-gallery-image-link\" href=\"\/wp-content\/uploads\/sites\/5\/2023\/07\/traslados-de-emergencia-sajaxche-peten-igss-20234.jpg\" title=\"traslados de emergencia sajaxche peten igss 20234\"  data-caption=\"\"  data-description=\"\">\r\n                                <img decoding=\"async\" src=\"\/wp-content\/uploads\/sites\/5\/2023\/07\/traslados-de-emergencia-sajaxche-peten-igss-20234-630x420.jpg\" srcset=\"\/wp-content\/uploads\/sites\/5\/2023\/07\/traslados-de-emergencia-sajaxche-peten-igss-20234-630x420.jpg 630w, \/wp-content\/uploads\/sites\/5\/2023\/07\/traslados-de-emergencia-sajaxche-peten-igss-20234-300x200.jpg 300w, \/wp-content\/uploads\/sites\/5\/2023\/07\/traslados-de-emergencia-sajaxche-peten-igss-20234-768x512.jpg 768w, \/wp-content\/uploads\/sites\/5\/2023\/07\/traslados-de-emergencia-sajaxche-peten-igss-20234-1024x682.jpg 1024w, \/wp-content\/uploads\/sites\/5\/2023\/07\/traslados-de-emergencia-sajaxche-peten-igss-20234-1536x1023.jpg 1536w, \/wp-content\/uploads\/sites\/5\/2023\/07\/traslados-de-emergencia-sajaxche-peten-igss-20234-696x464.jpg 696w, \/wp-content\/uploads\/sites\/5\/2023\/07\/traslados-de-emergencia-sajaxche-peten-igss-20234-1068x712.jpg 1068w, \/wp-content\/uploads\/sites\/5\/2023\/07\/traslados-de-emergencia-sajaxche-peten-igss-20234-534x356.jpg 534w, \/wp-content\/uploads\/sites\/5\/2023\/07\/traslados-de-emergencia-sajaxche-peten-igss-20234.jpg 1600w\" sizes=\"(max-width: 630px) 100vw, 630px\" alt=\"\">\r\n                            <\/a>\r\n                            \r\n                        <\/figure>\r\n                    <\/div>\r\n                    <div class = \"td-slide-item td-item2\">\r\n                        <figure class=\"td-slide-galery-figure td-slide-popup-gallery\">\r\n                            <a class=\"slide-gallery-image-link\" href=\"\/wp-content\/uploads\/sites\/5\/2023\/07\/traslados-de-emergencia-sajaxche-peten-igss-20232.jpg\" title=\"traslados de emergencia sajaxche peten igss 20232\"  data-caption=\"\"  data-description=\"\">\r\n                                <img decoding=\"async\" src=\"\/wp-content\/uploads\/sites\/5\/2023\/07\/traslados-de-emergencia-sajaxche-peten-igss-20232-630x420.jpg\" srcset=\"\/wp-content\/uploads\/sites\/5\/2023\/07\/traslados-de-emergencia-sajaxche-peten-igss-20232-630x420.jpg 630w, \/wp-content\/uploads\/sites\/5\/2023\/07\/traslados-de-emergencia-sajaxche-peten-igss-20232-300x200.jpg 300w, \/wp-content\/uploads\/sites\/5\/2023\/07\/traslados-de-emergencia-sajaxche-peten-igss-20232-768x512.jpg 768w, \/wp-content\/uploads\/sites\/5\/2023\/07\/traslados-de-emergencia-sajaxche-peten-igss-20232-1024x682.jpg 1024w, \/wp-content\/uploads\/sites\/5\/2023\/07\/traslados-de-emergencia-sajaxche-peten-igss-20232-1536x1023.jpg 1536w, \/wp-content\/uploads\/sites\/5\/2023\/07\/traslados-de-emergencia-sajaxche-peten-igss-20232-696x464.jpg 696w, \/wp-content\/uploads\/sites\/5\/2023\/07\/traslados-de-emergencia-sajaxche-peten-igss-20232-1068x712.jpg 1068w, \/wp-content\/uploads\/sites\/5\/2023\/07\/traslados-de-emergencia-sajaxche-peten-igss-20232-534x356.jpg 534w, \/wp-content\/uploads\/sites\/5\/2023\/07\/traslados-de-emergencia-sajaxche-peten-igss-20232.jpg 1600w\" sizes=\"(max-width: 630px) 100vw, 630px\" alt=\"\">\r\n                            <\/a>\r\n                            \r\n                        <\/figure>\r\n                    <\/div>\r\n                    <div class = \"td-slide-item td-item3\">\r\n                        <figure class=\"td-slide-galery-figure td-slide-popup-gallery\">\r\n                            <a class=\"slide-gallery-image-link\" href=\"\/wp-content\/uploads\/sites\/5\/2023\/07\/traslados-de-emergencia-sajaxche-peten-igss-20233.jpg\" title=\"traslados de emergencia sajaxche peten igss 20233\"  data-caption=\"\"  data-description=\"\">\r\n                                <img decoding=\"async\" src=\"\/wp-content\/uploads\/sites\/5\/2023\/07\/traslados-de-emergencia-sajaxche-peten-igss-20233-630x420.jpg\" srcset=\"\/wp-content\/uploads\/sites\/5\/2023\/07\/traslados-de-emergencia-sajaxche-peten-igss-20233-630x420.jpg 630w, \/wp-content\/uploads\/sites\/5\/2023\/07\/traslados-de-emergencia-sajaxche-peten-igss-20233-300x200.jpg 300w, \/wp-content\/uploads\/sites\/5\/2023\/07\/traslados-de-emergencia-sajaxche-peten-igss-20233-768x512.jpg 768w, \/wp-content\/uploads\/sites\/5\/2023\/07\/traslados-de-emergencia-sajaxche-peten-igss-20233-1024x682.jpg 1024w, \/wp-content\/uploads\/sites\/5\/2023\/07\/traslados-de-emergencia-sajaxche-peten-igss-20233-1536x1023.jpg 1536w, \/wp-content\/uploads\/sites\/5\/2023\/07\/traslados-de-emergencia-sajaxche-peten-igss-20233-696x464.jpg 696w, \/wp-content\/uploads\/sites\/5\/2023\/07\/traslados-de-emergencia-sajaxche-peten-igss-20233-1068x712.jpg 1068w, \/wp-content\/uploads\/sites\/5\/2023\/07\/traslados-de-emergencia-sajaxche-peten-igss-20233-534x356.jpg 534w, \/wp-content\/uploads\/sites\/5\/2023\/07\/traslados-de-emergencia-sajaxche-peten-igss-20233.jpg 1600w\" sizes=\"(max-width: 630px) 100vw, 630px\" alt=\"\">\r\n                            <\/a>\r\n                            \r\n                        <\/figure>\r\n                    <\/div>\r\n                    <div class = \"td-slide-item td-item4\">\r\n                        <figure class=\"td-slide-galery-figure td-slide-popup-gallery\">\r\n                            <a class=\"slide-gallery-image-link\" href=\"\/wp-content\/uploads\/sites\/5\/2023\/07\/traslados-de-emergencia-sajaxche-peten-igss-20237.jpg\" title=\"traslados de emergencia sajaxche peten igss 20237\"  data-caption=\"\"  data-description=\"\">\r\n                                <img decoding=\"async\" src=\"\/wp-content\/uploads\/sites\/5\/2023\/07\/traslados-de-emergencia-sajaxche-peten-igss-20237-630x420.jpg\" srcset=\"\/wp-content\/uploads\/sites\/5\/2023\/07\/traslados-de-emergencia-sajaxche-peten-igss-20237-630x420.jpg 630w, \/wp-content\/uploads\/sites\/5\/2023\/07\/traslados-de-emergencia-sajaxche-peten-igss-20237-300x200.jpg 300w, \/wp-content\/uploads\/sites\/5\/2023\/07\/traslados-de-emergencia-sajaxche-peten-igss-20237-768x512.jpg 768w, \/wp-content\/uploads\/sites\/5\/2023\/07\/traslados-de-emergencia-sajaxche-peten-igss-20237-1024x682.jpg 1024w, \/wp-content\/uploads\/sites\/5\/2023\/07\/traslados-de-emergencia-sajaxche-peten-igss-20237-1536x1023.jpg 1536w, \/wp-content\/uploads\/sites\/5\/2023\/07\/traslados-de-emergencia-sajaxche-peten-igss-20237-696x464.jpg 696w, \/wp-content\/uploads\/sites\/5\/2023\/07\/traslados-de-emergencia-sajaxche-peten-igss-20237-1068x712.jpg 1068w, \/wp-content\/uploads\/sites\/5\/2023\/07\/traslados-de-emergencia-sajaxche-peten-igss-20237-534x356.jpg 534w, \/wp-content\/uploads\/sites\/5\/2023\/07\/traslados-de-emergencia-sajaxche-peten-igss-20237.jpg 1600w\" sizes=\"(max-width: 630px) 100vw, 630px\" alt=\"\">\r\n                            <\/a>\r\n                            \r\n                        <\/figure>\r\n                    <\/div>\r\n                    <div class = \"td-slide-item td-item5\">\r\n                        <figure class=\"td-slide-galery-figure td-slide-popup-gallery\">\r\n                            <a class=\"slide-gallery-image-link\" href=\"\/wp-content\/uploads\/sites\/5\/2023\/07\/traslados-de-emergencia-sajaxche-peten-igss-20235.jpg\" title=\"traslados de emergencia sajaxche peten igss 20235\"  data-caption=\"\"  data-description=\"\">\r\n                                <img decoding=\"async\" src=\"\/wp-content\/uploads\/sites\/5\/2023\/07\/traslados-de-emergencia-sajaxche-peten-igss-20235-630x420.jpg\" srcset=\"\/wp-content\/uploads\/sites\/5\/2023\/07\/traslados-de-emergencia-sajaxche-peten-igss-20235-630x420.jpg 630w, \/wp-content\/uploads\/sites\/5\/2023\/07\/traslados-de-emergencia-sajaxche-peten-igss-20235-300x200.jpg 300w, \/wp-content\/uploads\/sites\/5\/2023\/07\/traslados-de-emergencia-sajaxche-peten-igss-20235-768x512.jpg 768w, \/wp-content\/uploads\/sites\/5\/2023\/07\/traslados-de-emergencia-sajaxche-peten-igss-20235-1024x682.jpg 1024w, \/wp-content\/uploads\/sites\/5\/2023\/07\/traslados-de-emergencia-sajaxche-peten-igss-20235-1536x1023.jpg 1536w, \/wp-content\/uploads\/sites\/5\/2023\/07\/traslados-de-emergencia-sajaxche-peten-igss-20235-696x464.jpg 696w, \/wp-content\/uploads\/sites\/5\/2023\/07\/traslados-de-emergencia-sajaxche-peten-igss-20235-1068x712.jpg 1068w, \/wp-content\/uploads\/sites\/5\/2023\/07\/traslados-de-emergencia-sajaxche-peten-igss-20235-534x356.jpg 534w, \/wp-content\/uploads\/sites\/5\/2023\/07\/traslados-de-emergencia-sajaxche-peten-igss-20235.jpg 1600w\" sizes=\"(max-width: 630px) 100vw, 630px\" alt=\"\">\r\n                            <\/a>\r\n                            \r\n                        <\/figure>\r\n                    <\/div>\r\n                    <div class = \"td-slide-item td-item6\">\r\n                        <figure class=\"td-slide-galery-figure td-slide-popup-gallery\">\r\n                            <a class=\"slide-gallery-image-link\" href=\"\/wp-content\/uploads\/sites\/5\/2023\/07\/traslados-de-emergencia-sajaxche-peten-igss-20236.jpg\" title=\"traslados de emergencia sajaxche peten igss 20236\"  data-caption=\"\"  data-description=\"\">\r\n                                <img decoding=\"async\" src=\"\/wp-content\/uploads\/sites\/5\/2023\/07\/traslados-de-emergencia-sajaxche-peten-igss-20236-630x420.jpg\" srcset=\"\/wp-content\/uploads\/sites\/5\/2023\/07\/traslados-de-emergencia-sajaxche-peten-igss-20236-630x420.jpg 630w, \/wp-content\/uploads\/sites\/5\/2023\/07\/traslados-de-emergencia-sajaxche-peten-igss-20236-300x200.jpg 300w, \/wp-content\/uploads\/sites\/5\/2023\/07\/traslados-de-emergencia-sajaxche-peten-igss-20236-768x512.jpg 768w, \/wp-content\/uploads\/sites\/5\/2023\/07\/traslados-de-emergencia-sajaxche-peten-igss-20236-1024x682.jpg 1024w, \/wp-content\/uploads\/sites\/5\/2023\/07\/traslados-de-emergencia-sajaxche-peten-igss-20236-1536x1023.jpg 1536w, \/wp-content\/uploads\/sites\/5\/2023\/07\/traslados-de-emergencia-sajaxche-peten-igss-20236-696x464.jpg 696w, \/wp-content\/uploads\/sites\/5\/2023\/07\/traslados-de-emergencia-sajaxche-peten-igss-20236-1068x712.jpg 1068w, \/wp-content\/uploads\/sites\/5\/2023\/07\/traslados-de-emergencia-sajaxche-peten-igss-20236-534x356.jpg 534w, \/wp-content\/uploads\/sites\/5\/2023\/07\/traslados-de-emergencia-sajaxche-peten-igss-20236.jpg 1600w\" sizes=\"(max-width: 630px) 100vw, 630px\" alt=\"\">\r\n                            <\/a>\r\n                            \r\n                        <\/figure>\r\n                    <\/div>\r\n                            <\/div>\r\n                        <\/div>\r\n\r\n                        <div class = \"td-doubleSlider-2\">\r\n                            <div class = \"td-slider\">\r\n                                \r\n                    <div class = \"td-button td-item1\">\r\n                        <div class = \"td-border\"><\/div>\r\n                    <\/div>\r\n                    <div class = \"td-button td-item2\">\r\n                        <div class = \"td-border\"><\/div>\r\n                    <\/div>\r\n                    <div class = \"td-button td-item3\">\r\n                        <div class = \"td-border\"><\/div>\r\n                    <\/div>\r\n                    <div class = \"td-button td-item4\">\r\n                        <div class = \"td-border\"><\/div>\r\n                    <\/div>\r\n                    <div class = \"td-button td-item5\">\r\n                        <div class = \"td-border\"><\/div>\r\n                    <\/div>\r\n                    <div class = \"td-button td-item6\">\r\n                        <div class = \"td-border\"><\/div>\r\n                    <\/div>\r\n                            <\/div>\r\n                        <\/div>\r\n\r\n                    <\/div>\r\n\r\n                <\/div>\r\n                \n","protected":false},"excerpt":{"rendered":"<p>Personal m\u00e9dico del Instituto Guatemalteco de Seguridad Social realiz\u00f3 el traslado de tres pacientes durante el segundo d\u00eda de la Jornada de la Seguridad Social en Sayaxch\u00e9, Pet\u00e9n. El primero presentaba problemas de hiperglucemia descompensada (nivel alto de az\u00facar en la sangre), por lo que fue tratado en el lugar con soluciones y medicamentos. Tambi\u00e9n [&hellip;]<\/p>\n","protected":false},"author":4,"featured_media":36715,"comment_status":"closed","ping_status":"closed","sticky":false,"template":"","format":"standard","meta":{"footnotes":""},"categories":[3],"tags":[1746,536,1745,1747],"coauthors":[],"class_list":{"0":"post-36713","1":"post","2":"type-post","3":"status-publish","4":"format-standard","5":"has-post-thumbnail","7":"category-actualidad","8":"tag-jornada-diferenciada-de-la-seguridad-social","9":"tag-jornadas-medicas","10":"tag-peten","11":"tag-sayaxche"},"_links":{"self":[{"href":"https:\/\/www.igssgt.org\/noticias\/wp-json\/wp\/v2\/posts\/36713","targetHints":{"allow":["GET"]}}],"collection":[{"href":"https:\/\/www.igssgt.org\/noticias\/wp-json\/wp\/v2\/posts"}],"about":[{"href":"https:\/\/www.igssgt.org\/noticias\/wp-json\/wp\/v2\/types\/post"}],"author":[{"embeddable":true,"href":"https:\/\/www.igssgt.org\/noticias\/wp-json\/wp\/v2\/users\/4"}],"replies":[{"embeddable":true,"href":"https:\/\/www.igssgt.org\/noticias\/wp-json\/wp\/v2\/comments?post=36713"}],"version-history":[{"count":2,"href":"https:\/\/www.igssgt.org\/noticias\/wp-json\/wp\/v2\/posts\/36713\/revisions"}],"predecessor-version":[{"id":36722,"href":"https:\/\/www.igssgt.org\/noticias\/wp-json\/wp\/v2\/posts\/36713\/revisions\/36722"}],"wp:featuredmedia":[{"embeddable":true,"href":"https:\/\/www.igssgt.org\/noticias\/wp-json\/wp\/v2\/media\/36715"}],"wp:attachment":[{"href":"https:\/\/www.igssgt.org\/noticias\/wp-json\/wp\/v2\/media?parent=36713"}],"wp:term":[{"taxonomy":"category","embeddable":true,"href":"https:\/\/www.igssgt.org\/noticias\/wp-json\/wp\/v2\/categories?post=36713"},{"taxonomy":"post_tag","embeddable":true,"href":"https:\/\/www.igssgt.org\/noticias\/wp-json\/wp\/v2\/tags?post=36713"},{"taxonomy":"author","embeddable":true,"href":"https:\/\/www.igssgt.org\/noticias\/wp-json\/wp\/v2\/coauthors?post=36713"}],"curies":[{"name":"wp","href":"https:\/\/api.w.org\/{rel}","templated":true}]}}