{"id":36724,"date":"2023-07-18T15:10:00","date_gmt":"2023-07-18T21:10:00","guid":{"rendered":"https:\/\/www.igssgt.org\/noticias\/?p=36724"},"modified":"2023-08-14T14:55:00","modified_gmt":"2023-08-14T20:55:00","slug":"convocatoria-para-plazas-de-medicos-especialistas-en-el-hospital-general-dr-juan-jose-arevalo-bermejo","status":"publish","type":"post","link":"https:\/\/www.igssgt.org\/noticias\/2023\/07\/18\/convocatoria-para-plazas-de-medicos-especialistas-en-el-hospital-general-dr-juan-jose-arevalo-bermejo\/","title":{"rendered":"Convocatoria para plazas de M\u00e9dicos Especialistas en el Hospital General Dr. Juan Jos\u00e9 Ar\u00e9valo Bermejo"},"content":{"rendered":"\n<h3>Puestos:\u00a0<\/h3>\n<ul>\n<li><strong>M\u00e9dico Especialista A con turno de 6 horas, Medicina Interna (07:00 a 13:00 horas)<\/strong><\/li>\n<li><strong>M\u00e9dico Especialista A con turno de 4 horas, Ginecolog\u00eda y Obstetricia (7:00 a 11:00 horas)<\/strong><\/li>\n<\/ul>\n<h3>Unidad: Hospital General Dr. Juan Jos\u00e9 Ar\u00e9valo Bermejo<\/h3>\n<h3>Fecha l\u00edmite de recepci\u00f3n de solicitudes: 01 de agosto de 2023<\/h3>\n<p><a href=\"\/wp-content\/uploads\/sites\/5\/2023\/07\/Convocatoria-plaza-IGSS-medico-especialista-2023.jpg\"><img loading=\"lazy\" decoding=\"async\" class=\"aligncenter size-full wp-image-36725\" src=\"\/wp-content\/uploads\/sites\/5\/2023\/07\/Convocatoria-plaza-IGSS-medico-especialista-2023.jpg\" alt=\"\" width=\"1140\" height=\"1600\" srcset=\"\/wp-content\/uploads\/sites\/5\/2023\/07\/Convocatoria-plaza-IGSS-medico-especialista-2023.jpg 1140w, \/wp-content\/uploads\/sites\/5\/2023\/07\/Convocatoria-plaza-IGSS-medico-especialista-2023-214x300.jpg 214w, \/wp-content\/uploads\/sites\/5\/2023\/07\/Convocatoria-plaza-IGSS-medico-especialista-2023-768x1078.jpg 768w, \/wp-content\/uploads\/sites\/5\/2023\/07\/Convocatoria-plaza-IGSS-medico-especialista-2023-730x1024.jpg 730w, \/wp-content\/uploads\/sites\/5\/2023\/07\/Convocatoria-plaza-IGSS-medico-especialista-2023-1094x1536.jpg 1094w, \/wp-content\/uploads\/sites\/5\/2023\/07\/Convocatoria-plaza-IGSS-medico-especialista-2023-299x420.jpg 299w, \/wp-content\/uploads\/sites\/5\/2023\/07\/Convocatoria-plaza-IGSS-medico-especialista-2023-696x977.jpg 696w, \/wp-content\/uploads\/sites\/5\/2023\/07\/Convocatoria-plaza-IGSS-medico-especialista-2023-1068x1499.jpg 1068w, \/wp-content\/uploads\/sites\/5\/2023\/07\/Convocatoria-plaza-IGSS-medico-especialista-2023-329x462.jpg 329w\" sizes=\"auto, (max-width: 1140px) 100vw, 1140px\" \/><\/a><\/p>\n","protected":false},"excerpt":{"rendered":"<p>Puestos:\u00a0<\/p>\n<p>&#8211; M\u00e9dico Especialista A con turno de 6 horas, Medicina Interna (07:00 a 13:00 horas).<br \/>\n&#8211; M\u00e9dico Especialista A con turno de 4 horas, Ginecolog\u00eda y Obstetricia (7:00 a 11:00 horas).<\/p>\n<p>Unidad: Hospital General Dr. Juan Jos\u00e9 Ar\u00e9valo Bermejo<\/p>\n<p>Fecha l\u00edmite de recepci\u00f3n de solicitudes: 01 de agosto de 2023.<\/p>\n<p>\u2b05\ufe0f Para descargar la convocatoria haga clic en la imagen.<\/p>\n<p>\ud83d\udd34 Convocatoria cerrada.<\/p>\n","protected":false},"author":4,"featured_media":36725,"comment_status":"closed","ping_status":"closed","sticky":false,"template":"","format":"standard","meta":{"footnotes":""},"categories":[1299],"tags":[213,1300],"coauthors":[],"class_list":{"0":"post-36724","1":"post","2":"type-post","3":"status-publish","4":"format-standard","5":"has-post-thumbnail","7":"category-plazas-vacantes","8":"tag-convocatoria-plazas-igss","9":"tag-empleos-igss"},"_links":{"self":[{"href":"https:\/\/www.igssgt.org\/noticias\/wp-json\/wp\/v2\/posts\/36724","targetHints":{"allow":["GET"]}}],"collection":[{"href":"https:\/\/www.igssgt.org\/noticias\/wp-json\/wp\/v2\/posts"}],"about":[{"href":"https:\/\/www.igssgt.org\/noticias\/wp-json\/wp\/v2\/types\/post"}],"author":[{"embeddable":true,"href":"https:\/\/www.igssgt.org\/noticias\/wp-json\/wp\/v2\/users\/4"}],"replies":[{"embeddable":true,"href":"https:\/\/www.igssgt.org\/noticias\/wp-json\/wp\/v2\/comments?post=36724"}],"version-history":[{"count":2,"href":"https:\/\/www.igssgt.org\/noticias\/wp-json\/wp\/v2\/posts\/36724\/revisions"}],"predecessor-version":[{"id":37344,"href":"https:\/\/www.igssgt.org\/noticias\/wp-json\/wp\/v2\/posts\/36724\/revisions\/37344"}],"wp:featuredmedia":[{"embeddable":true,"href":"https:\/\/www.igssgt.org\/noticias\/wp-json\/wp\/v2\/media\/36725"}],"wp:attachment":[{"href":"https:\/\/www.igssgt.org\/noticias\/wp-json\/wp\/v2\/media?parent=36724"}],"wp:term":[{"taxonomy":"category","embeddable":true,"href":"https:\/\/www.igssgt.org\/noticias\/wp-json\/wp\/v2\/categories?post=36724"},{"taxonomy":"post_tag","embeddable":true,"href":"https:\/\/www.igssgt.org\/noticias\/wp-json\/wp\/v2\/tags?post=36724"},{"taxonomy":"author","embeddable":true,"href":"https:\/\/www.igssgt.org\/noticias\/wp-json\/wp\/v2\/coauthors?post=36724"}],"curies":[{"name":"wp","href":"https:\/\/api.w.org\/{rel}","templated":true}]}}