{"id":36868,"date":"2023-07-25T15:55:57","date_gmt":"2023-07-25T21:55:57","guid":{"rendered":"https:\/\/www.igssgt.org\/noticias\/?p=36868"},"modified":"2023-07-26T08:59:16","modified_gmt":"2023-07-26T14:59:16","slug":"embarazos-de-alto-riesgo-se-atienden-exitosamente-durante-la-jornada-de-diferenciada-de-la-seguridad-social-en-sayaxche-peten","status":"publish","type":"post","link":"https:\/\/www.igssgt.org\/noticias\/2023\/07\/25\/embarazos-de-alto-riesgo-se-atienden-exitosamente-durante-la-jornada-de-diferenciada-de-la-seguridad-social-en-sayaxche-peten\/","title":{"rendered":"Embarazos de alto riesgo se atienden exitosamente durante la Jornada Diferenciada de la Seguridad Social en Sayaxch\u00e9, Pet\u00e9n"},"content":{"rendered":"\n<p class=\"has-drop-cap\">Durante la Jornada Diferenciada de la Seguridad Social que se realiza en el caser\u00edo La Torre, Sayaxch\u00e9, Pet\u00e9n, los m\u00e9dicos del IGSS han atendido embarazos de alto riesgo, demostrando con hechos que la maternidad es uno de los pilares de atenci\u00f3n de Instituto, adem\u00e1s de reconocer el papel fundamental de las madres en el desarrollo de la sociedad.<\/p>\n\n\n\n<p><a href=\"\/wp-content\/uploads\/sites\/5\/2023\/07\/jornada-diferenciada-4.jpg\" target=\"_blank\" rel=\"noopener\"><img loading=\"lazy\" decoding=\"async\" class=\"alignleft wp-image-36873\" src=\"\/wp-content\/uploads\/sites\/5\/2023\/07\/jornada-diferenciada-4.jpg\" alt=\"\" width=\"307\" height=\"350\" srcset=\"\/wp-content\/uploads\/sites\/5\/2023\/07\/jornada-diferenciada-4.jpg 1200w, \/wp-content\/uploads\/sites\/5\/2023\/07\/jornada-diferenciada-4-264x300.jpg 264w, \/wp-content\/uploads\/sites\/5\/2023\/07\/jornada-diferenciada-4-768x874.jpg 768w, \/wp-content\/uploads\/sites\/5\/2023\/07\/jornada-diferenciada-4-900x1024.jpg 900w, \/wp-content\/uploads\/sites\/5\/2023\/07\/jornada-diferenciada-4-369x420.jpg 369w, \/wp-content\/uploads\/sites\/5\/2023\/07\/jornada-diferenciada-4-696x792.jpg 696w, \/wp-content\/uploads\/sites\/5\/2023\/07\/jornada-diferenciada-4-1068x1216.jpg 1068w, \/wp-content\/uploads\/sites\/5\/2023\/07\/jornada-diferenciada-4-406x462.jpg 406w\" sizes=\"auto, (max-width: 307px) 100vw, 307px\" \/><\/a>Con esa convicci\u00f3n, la ginec\u00f3loga Mar\u00eda Gabriela V\u00e1squez atendi\u00f3 a la se\u00f1ora Mar\u00eda Choc Caal, a quien se le diagnostic\u00f3 un embarazo de 36.6 semanas que presentaba presencia de quiste de uraco e hidronefrosis fetal leve, problemas que obligaron a un trabajo de parto inicial y el traslado hacia el Hospital de Gineco Obstetricia del IGSS en la Ciudad de Guatemala.<\/p>\n<p><a href=\"\/wp-content\/uploads\/sites\/5\/2023\/07\/jornada-diferenciada-2.jpg\" target=\"_blank\" rel=\"noopener\"><img loading=\"lazy\" decoding=\"async\" class=\"alignright wp-image-36871\" src=\"\/wp-content\/uploads\/sites\/5\/2023\/07\/jornada-diferenciada-2.jpg\" alt=\"\" width=\"230\" height=\"350\" srcset=\"\/wp-content\/uploads\/sites\/5\/2023\/07\/jornada-diferenciada-2.jpg 900w, \/wp-content\/uploads\/sites\/5\/2023\/07\/jornada-diferenciada-2-198x300.jpg 198w, \/wp-content\/uploads\/sites\/5\/2023\/07\/jornada-diferenciada-2-768x1167.jpg 768w, \/wp-content\/uploads\/sites\/5\/2023\/07\/jornada-diferenciada-2-674x1024.jpg 674w, \/wp-content\/uploads\/sites\/5\/2023\/07\/jornada-diferenciada-2-277x420.jpg 277w, \/wp-content\/uploads\/sites\/5\/2023\/07\/jornada-diferenciada-2-696x1057.jpg 696w, \/wp-content\/uploads\/sites\/5\/2023\/07\/jornada-diferenciada-2-304x462.jpg 304w\" sizes=\"auto, (max-width: 230px) 100vw, 230px\" \/><\/a>Mientras que a la paciente Eva Ich Cho, con 28 semanas de gestaci\u00f3n, se le practic\u00f3 un trabajo de parto prematuro a cargo del doctor Pablo Alfonso Cifuentes. Para resguardar la seguridad de madre y beb\u00e9, fue enviada al Hospital Nacional de Sayaxch\u00e9, donde se le contin\u00faa brindando la atenci\u00f3n m\u00e9dica.<\/p>\n<p>Por \u00faltimo, la gineco obstetra Denisse Noriega, diagnostic\u00f3 restricci\u00f3n de crecimiento uterino en la se\u00f1ora Olga Xo B\u00f3, con un embarazo de 33.5 semanas. Debido a las condiciones de riego, fue necesario un trabajo de parto inicial y el traslado de la paciente a un centro asistencial contratado por el Seguro Social en San Benito, Pet\u00e9n.<\/p>\n<p>Gracias a la labor y profesionalismo del recurso humano del Seguro Social, de la mano de tecnolog\u00eda m\u00e9dica de \u00faltima generaci\u00f3n, es posible brindar servicios con calidad en ginecolog\u00eda y obstetricia, que incluyen ultrasonidos y salud reproductiva a decenas madres afiliadas y beneficiarias de los lugares m\u00e1s rec\u00f3nditos del pa\u00eds, a quienes estas oportunas intervenciones han salvado la vida de ellas y sus reci\u00e9n nacidos.<\/p>\n<p><a href=\"\/wp-content\/uploads\/sites\/5\/2023\/07\/jornada-diferenciada-3.jpg\" target=\"_blank\" rel=\"noopener\"><img loading=\"lazy\" decoding=\"async\" class=\"alignnone wp-image-36872 size-full\" src=\"\/wp-content\/uploads\/sites\/5\/2023\/07\/jornada-diferenciada-3.jpg\" alt=\"\" width=\"870\" height=\"561\" srcset=\"\/wp-content\/uploads\/sites\/5\/2023\/07\/jornada-diferenciada-3.jpg 870w, \/wp-content\/uploads\/sites\/5\/2023\/07\/jornada-diferenciada-3-300x193.jpg 300w, \/wp-content\/uploads\/sites\/5\/2023\/07\/jornada-diferenciada-3-768x495.jpg 768w, \/wp-content\/uploads\/sites\/5\/2023\/07\/jornada-diferenciada-3-651x420.jpg 651w, \/wp-content\/uploads\/sites\/5\/2023\/07\/jornada-diferenciada-3-696x449.jpg 696w, \/wp-content\/uploads\/sites\/5\/2023\/07\/jornada-diferenciada-3-534x344.jpg 534w\" sizes=\"auto, (max-width: 870px) 100vw, 870px\" \/><\/a><\/p>\n","protected":false},"excerpt":{"rendered":"<p>Durante la Jornada Diferenciada de la Seguridad Social que se realiza en el caser\u00edo La Torre, Sayaxch\u00e9, Pet\u00e9n, los m\u00e9dicos del IGSS han atendido embarazos de alto riesgo, demostrando con hechos que la maternidad es uno de los pilares de atenci\u00f3n de Instituto, adem\u00e1s de reconocer el papel fundamental de las madres en el desarrollo [&hellip;]<\/p>\n","protected":false},"author":1961,"featured_media":36870,"comment_status":"closed","ping_status":"closed","sticky":false,"template":"","format":"standard","meta":{"footnotes":""},"categories":[3],"tags":[1072,1746],"coauthors":[],"class_list":{"0":"post-36868","1":"post","2":"type-post","3":"status-publish","4":"format-standard","5":"has-post-thumbnail","7":"category-actualidad","8":"tag-embarazo","9":"tag-jornada-diferenciada-de-la-seguridad-social"},"_links":{"self":[{"href":"https:\/\/www.igssgt.org\/noticias\/wp-json\/wp\/v2\/posts\/36868","targetHints":{"allow":["GET"]}}],"collection":[{"href":"https:\/\/www.igssgt.org\/noticias\/wp-json\/wp\/v2\/posts"}],"about":[{"href":"https:\/\/www.igssgt.org\/noticias\/wp-json\/wp\/v2\/types\/post"}],"author":[{"embeddable":true,"href":"https:\/\/www.igssgt.org\/noticias\/wp-json\/wp\/v2\/users\/1961"}],"replies":[{"embeddable":true,"href":"https:\/\/www.igssgt.org\/noticias\/wp-json\/wp\/v2\/comments?post=36868"}],"version-history":[{"count":3,"href":"https:\/\/www.igssgt.org\/noticias\/wp-json\/wp\/v2\/posts\/36868\/revisions"}],"predecessor-version":[{"id":36875,"href":"https:\/\/www.igssgt.org\/noticias\/wp-json\/wp\/v2\/posts\/36868\/revisions\/36875"}],"wp:featuredmedia":[{"embeddable":true,"href":"https:\/\/www.igssgt.org\/noticias\/wp-json\/wp\/v2\/media\/36870"}],"wp:attachment":[{"href":"https:\/\/www.igssgt.org\/noticias\/wp-json\/wp\/v2\/media?parent=36868"}],"wp:term":[{"taxonomy":"category","embeddable":true,"href":"https:\/\/www.igssgt.org\/noticias\/wp-json\/wp\/v2\/categories?post=36868"},{"taxonomy":"post_tag","embeddable":true,"href":"https:\/\/www.igssgt.org\/noticias\/wp-json\/wp\/v2\/tags?post=36868"},{"taxonomy":"author","embeddable":true,"href":"https:\/\/www.igssgt.org\/noticias\/wp-json\/wp\/v2\/coauthors?post=36868"}],"curies":[{"name":"wp","href":"https:\/\/api.w.org\/{rel}","templated":true}]}}