{"id":36887,"date":"2023-07-26T13:05:00","date_gmt":"2023-07-26T19:05:00","guid":{"rendered":"https:\/\/www.igssgt.org\/noticias\/?p=36887"},"modified":"2023-07-31T09:26:59","modified_gmt":"2023-07-31T15:26:59","slug":"llevamos-atencion-integral-a-los-asegurados-de-painsa-en-otra-gran-jornada-diferenciada-de-la-seguridad-social","status":"publish","type":"post","link":"https:\/\/www.igssgt.org\/noticias\/2023\/07\/26\/llevamos-atencion-integral-a-los-asegurados-de-painsa-en-otra-gran-jornada-diferenciada-de-la-seguridad-social\/","title":{"rendered":"Llevamos atenci\u00f3n integral a los asegurados de Painsa, en otra Gran Jornada Diferenciada de la Seguridad Social"},"content":{"rendered":"\n<p class=\"has-drop-cap\">Cada d\u00eda se consolida en el Instituto Guatemalteco de Seguridad Social -IGSS- el objetivo principal de asegurar una vida de calidad para los trabajadores de los diferentes sectores de la industria y el comercio del pa\u00eds.<\/p>\n\n\n\n<p>Prueba de lo anterior se evidenci\u00f3 con otra exitosa Gran Jornada de la Seguridad Social que se realiz\u00f3 en la empresa Papelera Internacional, S. A., (Painsa).<\/p>\n<p>Cerca de 550 trabajadores de la planta ubicada en el Km. 10, carretera al Atl\u00e1ntico, recibieron servicios m\u00e9dicos personalizados en medicina general, odontolog\u00eda, glucometr\u00eda, vacunaci\u00f3n, control de talla y peso, presi\u00f3n arterial, as\u00ed como plan educacional acerca de salud reproductiva, nutrici\u00f3n y hasta la oportunidad de donar sangre voluntariamente, entre otros. Sin dejar de lado la orientaci\u00f3n en servicios pecuniarios y de salud ocupacional.<\/p>\n<p><a href=\"\/wp-content\/uploads\/sites\/5\/2023\/07\/Nota-Jornada-Diferenciada-de-la-Seguridad-Social-7.jpg\"><img loading=\"lazy\" decoding=\"async\" class=\"aligncenter size-full wp-image-36889\" src=\"\/wp-content\/uploads\/sites\/5\/2023\/07\/Nota-Jornada-Diferenciada-de-la-Seguridad-Social-7.jpg\" alt=\"\" width=\"1280\" height=\"853\" srcset=\"\/wp-content\/uploads\/sites\/5\/2023\/07\/Nota-Jornada-Diferenciada-de-la-Seguridad-Social-7.jpg 1280w, \/wp-content\/uploads\/sites\/5\/2023\/07\/Nota-Jornada-Diferenciada-de-la-Seguridad-Social-7-300x200.jpg 300w, \/wp-content\/uploads\/sites\/5\/2023\/07\/Nota-Jornada-Diferenciada-de-la-Seguridad-Social-7-768x512.jpg 768w, \/wp-content\/uploads\/sites\/5\/2023\/07\/Nota-Jornada-Diferenciada-de-la-Seguridad-Social-7-1024x682.jpg 1024w, \/wp-content\/uploads\/sites\/5\/2023\/07\/Nota-Jornada-Diferenciada-de-la-Seguridad-Social-7-630x420.jpg 630w, \/wp-content\/uploads\/sites\/5\/2023\/07\/Nota-Jornada-Diferenciada-de-la-Seguridad-Social-7-696x464.jpg 696w, \/wp-content\/uploads\/sites\/5\/2023\/07\/Nota-Jornada-Diferenciada-de-la-Seguridad-Social-7-1068x712.jpg 1068w, \/wp-content\/uploads\/sites\/5\/2023\/07\/Nota-Jornada-Diferenciada-de-la-Seguridad-Social-7-534x356.jpg 534w\" sizes=\"auto, (max-width: 1280px) 100vw, 1280px\" \/><\/a><\/p>\n<p>\u201cLa Jornada viene a beneficiar a todos los afiliados que laboran en la planta del departamento de Guatemala y en breve a un n\u00famero mayor en R\u00edo Hondo, Zacapa, en el Km. 129\u201d, se\u00f1al\u00f3 el presidente de Junta Directiva del Instituto, licenciado Jos\u00e9 Adolfo Flamenco Jau.<\/p>\n<p>Por su parte, el licenciado Jos\u00e9 H\u00e9ctor Rodr\u00edguez, director de Recursos Humanos de Painsa, se\u00f1al\u00f3 estar comprometidos para trabajar en conjunto con el IGSS los proyectos preventivos en salud para sus colaboradores, que son el bien m\u00e1s importante de la empresa.<\/p>\n<p><a href=\"\/wp-content\/uploads\/sites\/5\/2023\/07\/Nota-Jornada-Diferenciada-de-la-Seguridad-Social-14.jpg\"><img loading=\"lazy\" decoding=\"async\" class=\"aligncenter size-full wp-image-36890\" src=\"\/wp-content\/uploads\/sites\/5\/2023\/07\/Nota-Jornada-Diferenciada-de-la-Seguridad-Social-14.jpg\" alt=\"\" width=\"1280\" height=\"853\" srcset=\"\/wp-content\/uploads\/sites\/5\/2023\/07\/Nota-Jornada-Diferenciada-de-la-Seguridad-Social-14.jpg 1280w, \/wp-content\/uploads\/sites\/5\/2023\/07\/Nota-Jornada-Diferenciada-de-la-Seguridad-Social-14-300x200.jpg 300w, \/wp-content\/uploads\/sites\/5\/2023\/07\/Nota-Jornada-Diferenciada-de-la-Seguridad-Social-14-768x512.jpg 768w, \/wp-content\/uploads\/sites\/5\/2023\/07\/Nota-Jornada-Diferenciada-de-la-Seguridad-Social-14-1024x682.jpg 1024w, \/wp-content\/uploads\/sites\/5\/2023\/07\/Nota-Jornada-Diferenciada-de-la-Seguridad-Social-14-630x420.jpg 630w, \/wp-content\/uploads\/sites\/5\/2023\/07\/Nota-Jornada-Diferenciada-de-la-Seguridad-Social-14-696x464.jpg 696w, \/wp-content\/uploads\/sites\/5\/2023\/07\/Nota-Jornada-Diferenciada-de-la-Seguridad-Social-14-1068x712.jpg 1068w, \/wp-content\/uploads\/sites\/5\/2023\/07\/Nota-Jornada-Diferenciada-de-la-Seguridad-Social-14-534x356.jpg 534w\" sizes=\"auto, (max-width: 1280px) 100vw, 1280px\" \/><\/a><\/p>\n<p>Mientras que el ingeniero Eduardo Font Mussa, director general de la empresa, resalt\u00f3 los antecedentes de la productora de papel que est\u00e1 por arribar a 40 a\u00f1os de trayectoria en el pa\u00eds, y que cuenta en la actualidad con m\u00e1s de 1 mil 100 colaboradores en sus dos plantas. \u201cPainsa es parte de un corporativo regional que valora su recurso humano y el medio ambiente\u201d, puntualiz\u00f3.<\/p>\n<p>Ricardo Villatoro, uno de los tantos afiliados beneficiados durante la actividad, aprovech\u00f3 para ser atendido por un fisioterapista por padecer una lesi\u00f3n articular. Y Alejandra Morales hizo lo propio para una revisi\u00f3n odontol\u00f3gica.<\/p>\n<p>\u00abNuestro compromiso es que el Seguro Social sea un brazo amigo del sector empresarial y una esperanza para nuestros asegurados. Por ello, continuaremos en la tarea tit\u00e1nica de reducir las distancias, acercando la atenci\u00f3n m\u00e9dica y pecuniaria, as\u00ed como gestiones administrativas a los lugares m\u00e1s remotos del pa\u00eds\u201d, finaliz\u00f3 Flamenco.<\/p>\n\r\n                <style type=\"text\/css\">\r\n                    \r\n                    #tdi_1  .td-doubleSlider-2 .td-item1 {\r\n                        background: url(\/wp-content\/uploads\/sites\/5\/2023\/07\/Nota-Jornada-Diferenciada-de-la-Seguridad-Social-5-80x60.jpg) 0 0 no-repeat;\r\n                    }\r\n                    #tdi_1  .td-doubleSlider-2 .td-item2 {\r\n                        background: url(\/wp-content\/uploads\/sites\/5\/2023\/07\/Nota-Jornada-Diferenciada-de-la-Seguridad-Social-18-80x60.jpg) 0 0 no-repeat;\r\n                    }\r\n                    #tdi_1  .td-doubleSlider-2 .td-item3 {\r\n                        background: url(\/wp-content\/uploads\/sites\/5\/2023\/07\/Nota-Jornada-Diferenciada-de-la-Seguridad-Social-3-80x60.jpg) 0 0 no-repeat;\r\n                    }\r\n                    #tdi_1  .td-doubleSlider-2 .td-item4 {\r\n                        background: url(\/wp-content\/uploads\/sites\/5\/2023\/07\/Nota-Jornada-Diferenciada-de-la-Seguridad-Social-19-80x60.jpg) 0 0 no-repeat;\r\n                    }\r\n                    #tdi_1  .td-doubleSlider-2 .td-item5 {\r\n                        background: url(\/wp-content\/uploads\/sites\/5\/2023\/07\/Nota-Jornada-Diferenciada-de-la-Seguridad-Social-17-80x60.jpg) 0 0 no-repeat;\r\n                    }\r\n                    #tdi_1  .td-doubleSlider-2 .td-item6 {\r\n                        background: url(\/wp-content\/uploads\/sites\/5\/2023\/07\/Nota-Jornada-Diferenciada-de-la-Seguridad-Social-7-80x60.jpg) 0 0 no-repeat;\r\n                    }\r\n                    #tdi_1  .td-doubleSlider-2 .td-item7 {\r\n                        background: url(\/wp-content\/uploads\/sites\/5\/2023\/07\/Nota-Jornada-Diferenciada-de-la-Seguridad-Social-2-80x60.jpg) 0 0 no-repeat;\r\n                    }\r\n                    #tdi_1  .td-doubleSlider-2 .td-item8 {\r\n                        background: url(\/wp-content\/uploads\/sites\/5\/2023\/07\/Nota-Jornada-Diferenciada-de-la-Seguridad-Social-9-80x60.jpg) 0 0 no-repeat;\r\n                    }\r\n                    #tdi_1  .td-doubleSlider-2 .td-item9 {\r\n                        background: url(\/wp-content\/uploads\/sites\/5\/2023\/07\/Nota-Jornada-Diferenciada-de-la-Seguridad-Social-14-80x60.jpg) 0 0 no-repeat;\r\n                    }\r\n                    #tdi_1  .td-doubleSlider-2 .td-item10 {\r\n                        background: url(\/wp-content\/uploads\/sites\/5\/2023\/07\/Nota-Jornada-Diferenciada-de-la-Seguridad-Social-12-80x60.jpg) 0 0 no-repeat;\r\n                    }\r\n                    #tdi_1  .td-doubleSlider-2 .td-item11 {\r\n                        background: url(\/wp-content\/uploads\/sites\/5\/2023\/07\/Nota-Jornada-Diferenciada-de-la-Seguridad-Social-16-80x60.jpg) 0 0 no-repeat;\r\n                    }\r\n                    #tdi_1  .td-doubleSlider-2 .td-item12 {\r\n                        background: url(\/wp-content\/uploads\/sites\/5\/2023\/07\/Nota-Jornada-Diferenciada-de-la-Seguridad-Social-1-80x60.jpg) 0 0 no-repeat;\r\n                    }\r\n                    #tdi_1  .td-doubleSlider-2 .td-item13 {\r\n                        background: url(\/wp-content\/uploads\/sites\/5\/2023\/07\/Nota-Jornada-Diferenciada-de-la-Seguridad-Social-11-80x60.jpg) 0 0 no-repeat;\r\n                    }\r\n                    #tdi_1  .td-doubleSlider-2 .td-item14 {\r\n                        background: url(\/wp-content\/uploads\/sites\/5\/2023\/07\/Nota-Jornada-Diferenciada-de-la-Seguridad-Social-15-80x60.jpg) 0 0 no-repeat;\r\n                    }\r\n                <\/style>\r\n\r\n                <div id=\"tdi_1\" class=\"td-gallery td-slide-on-2-columns\">\r\n                    <div class=\"post_td_gallery\">\r\n                        <div class=\"td-gallery-slide-top\">\r\n                           <div class=\"td-gallery-title\">Galer\u00eda de Im\u00e1genes<\/div>\r\n\r\n                            <div class=\"td-gallery-controls-wrapper\">\r\n                                <div class=\"td-gallery-slide-count\"><span class=\"td-gallery-slide-item-focus\">1<\/span> de 14<\/div>\r\n                                <div class=\"td-gallery-slide-prev-next-but\">\r\n                                    <i class = \"td-icon-left doubleSliderPrevButton\"><\/i>\r\n                                    <i class = \"td-icon-right doubleSliderNextButton\"><\/i>\r\n                                <\/div>\r\n                            <\/div>\r\n                        <\/div>\r\n\r\n                        <div class = \"td-doubleSlider-1 \">\r\n                            <div class = \"td-slider\">\r\n                                \r\n                    <div class = \"td-slide-item td-item1\">\r\n                        <figure class=\"td-slide-galery-figure td-slide-popup-gallery\">\r\n                            <a class=\"slide-gallery-image-link\" href=\"\/wp-content\/uploads\/sites\/5\/2023\/07\/Nota-Jornada-Diferenciada-de-la-Seguridad-Social-5.jpg\" title=\"Nota Jornada Diferenciada de la Seguridad Social 5\"  data-caption=\"\"  data-description=\"\">\r\n                                <img decoding=\"async\" src=\"\/wp-content\/uploads\/sites\/5\/2023\/07\/Nota-Jornada-Diferenciada-de-la-Seguridad-Social-5-630x420.jpg\" srcset=\"\/wp-content\/uploads\/sites\/5\/2023\/07\/Nota-Jornada-Diferenciada-de-la-Seguridad-Social-5-630x420.jpg 630w, \/wp-content\/uploads\/sites\/5\/2023\/07\/Nota-Jornada-Diferenciada-de-la-Seguridad-Social-5-300x200.jpg 300w, \/wp-content\/uploads\/sites\/5\/2023\/07\/Nota-Jornada-Diferenciada-de-la-Seguridad-Social-5-768x512.jpg 768w, \/wp-content\/uploads\/sites\/5\/2023\/07\/Nota-Jornada-Diferenciada-de-la-Seguridad-Social-5-1024x682.jpg 1024w, \/wp-content\/uploads\/sites\/5\/2023\/07\/Nota-Jornada-Diferenciada-de-la-Seguridad-Social-5-696x464.jpg 696w, \/wp-content\/uploads\/sites\/5\/2023\/07\/Nota-Jornada-Diferenciada-de-la-Seguridad-Social-5-1068x712.jpg 1068w, \/wp-content\/uploads\/sites\/5\/2023\/07\/Nota-Jornada-Diferenciada-de-la-Seguridad-Social-5-534x356.jpg 534w, \/wp-content\/uploads\/sites\/5\/2023\/07\/Nota-Jornada-Diferenciada-de-la-Seguridad-Social-5.jpg 1280w\" sizes=\"(max-width: 630px) 100vw, 630px\" alt=\"\">\r\n                            <\/a>\r\n                            \r\n                        <\/figure>\r\n                    <\/div>\r\n                    <div class = \"td-slide-item td-item2\">\r\n                        <figure class=\"td-slide-galery-figure td-slide-popup-gallery\">\r\n                            <a class=\"slide-gallery-image-link\" href=\"\/wp-content\/uploads\/sites\/5\/2023\/07\/Nota-Jornada-Diferenciada-de-la-Seguridad-Social-18.jpg\" title=\"Nota Jornada Diferenciada de la Seguridad Social 18\"  data-caption=\"\"  data-description=\"\">\r\n                                <img decoding=\"async\" src=\"\/wp-content\/uploads\/sites\/5\/2023\/07\/Nota-Jornada-Diferenciada-de-la-Seguridad-Social-18-557x420.jpg\" srcset=\"\/wp-content\/uploads\/sites\/5\/2023\/07\/Nota-Jornada-Diferenciada-de-la-Seguridad-Social-18-557x420.jpg 557w, \/wp-content\/uploads\/sites\/5\/2023\/07\/Nota-Jornada-Diferenciada-de-la-Seguridad-Social-18-300x226.jpg 300w, \/wp-content\/uploads\/sites\/5\/2023\/07\/Nota-Jornada-Diferenciada-de-la-Seguridad-Social-18-768x579.jpg 768w, \/wp-content\/uploads\/sites\/5\/2023\/07\/Nota-Jornada-Diferenciada-de-la-Seguridad-Social-18-1024x772.jpg 1024w, \/wp-content\/uploads\/sites\/5\/2023\/07\/Nota-Jornada-Diferenciada-de-la-Seguridad-Social-18-1536x1159.jpg 1536w, \/wp-content\/uploads\/sites\/5\/2023\/07\/Nota-Jornada-Diferenciada-de-la-Seguridad-Social-18-80x60.jpg 80w, \/wp-content\/uploads\/sites\/5\/2023\/07\/Nota-Jornada-Diferenciada-de-la-Seguridad-Social-18-696x525.jpg 696w, \/wp-content\/uploads\/sites\/5\/2023\/07\/Nota-Jornada-Diferenciada-de-la-Seguridad-Social-18-1068x806.jpg 1068w, \/wp-content\/uploads\/sites\/5\/2023\/07\/Nota-Jornada-Diferenciada-de-la-Seguridad-Social-18-534x403.jpg 534w, \/wp-content\/uploads\/sites\/5\/2023\/07\/Nota-Jornada-Diferenciada-de-la-Seguridad-Social-18.jpg 1600w\" sizes=\"(max-width: 557px) 100vw, 557px\" alt=\"\">\r\n                            <\/a>\r\n                            \r\n                        <\/figure>\r\n                    <\/div>\r\n                    <div class = \"td-slide-item td-item3\">\r\n                        <figure class=\"td-slide-galery-figure td-slide-popup-gallery\">\r\n                            <a class=\"slide-gallery-image-link\" href=\"\/wp-content\/uploads\/sites\/5\/2023\/07\/Nota-Jornada-Diferenciada-de-la-Seguridad-Social-3.jpg\" title=\"Nota Jornada Diferenciada de la Seguridad Social 3\"  data-caption=\"\"  data-description=\"\">\r\n                                <img decoding=\"async\" src=\"\/wp-content\/uploads\/sites\/5\/2023\/07\/Nota-Jornada-Diferenciada-de-la-Seguridad-Social-3-630x420.jpg\" srcset=\"\/wp-content\/uploads\/sites\/5\/2023\/07\/Nota-Jornada-Diferenciada-de-la-Seguridad-Social-3-630x420.jpg 630w, \/wp-content\/uploads\/sites\/5\/2023\/07\/Nota-Jornada-Diferenciada-de-la-Seguridad-Social-3-300x200.jpg 300w, \/wp-content\/uploads\/sites\/5\/2023\/07\/Nota-Jornada-Diferenciada-de-la-Seguridad-Social-3-768x512.jpg 768w, \/wp-content\/uploads\/sites\/5\/2023\/07\/Nota-Jornada-Diferenciada-de-la-Seguridad-Social-3-1024x682.jpg 1024w, \/wp-content\/uploads\/sites\/5\/2023\/07\/Nota-Jornada-Diferenciada-de-la-Seguridad-Social-3-696x464.jpg 696w, \/wp-content\/uploads\/sites\/5\/2023\/07\/Nota-Jornada-Diferenciada-de-la-Seguridad-Social-3-1068x712.jpg 1068w, \/wp-content\/uploads\/sites\/5\/2023\/07\/Nota-Jornada-Diferenciada-de-la-Seguridad-Social-3-534x356.jpg 534w, \/wp-content\/uploads\/sites\/5\/2023\/07\/Nota-Jornada-Diferenciada-de-la-Seguridad-Social-3.jpg 1280w\" sizes=\"(max-width: 630px) 100vw, 630px\" alt=\"\">\r\n                            <\/a>\r\n                            \r\n                        <\/figure>\r\n                    <\/div>\r\n                    <div class = \"td-slide-item td-item4\">\r\n                        <figure class=\"td-slide-galery-figure td-slide-popup-gallery\">\r\n                            <a class=\"slide-gallery-image-link\" href=\"\/wp-content\/uploads\/sites\/5\/2023\/07\/Nota-Jornada-Diferenciada-de-la-Seguridad-Social-19.jpg\" title=\"Nota Jornada Diferenciada de la Seguridad Social 19\"  data-caption=\"\"  data-description=\"\">\r\n                                <img decoding=\"async\" src=\"\/wp-content\/uploads\/sites\/5\/2023\/07\/Nota-Jornada-Diferenciada-de-la-Seguridad-Social-19-612x420.jpg\" srcset=\"\/wp-content\/uploads\/sites\/5\/2023\/07\/Nota-Jornada-Diferenciada-de-la-Seguridad-Social-19-612x420.jpg 612w, \/wp-content\/uploads\/sites\/5\/2023\/07\/Nota-Jornada-Diferenciada-de-la-Seguridad-Social-19-300x206.jpg 300w, \/wp-content\/uploads\/sites\/5\/2023\/07\/Nota-Jornada-Diferenciada-de-la-Seguridad-Social-19-768x527.jpg 768w, \/wp-content\/uploads\/sites\/5\/2023\/07\/Nota-Jornada-Diferenciada-de-la-Seguridad-Social-19-1024x703.jpg 1024w, \/wp-content\/uploads\/sites\/5\/2023\/07\/Nota-Jornada-Diferenciada-de-la-Seguridad-Social-19-218x150.jpg 218w, \/wp-content\/uploads\/sites\/5\/2023\/07\/Nota-Jornada-Diferenciada-de-la-Seguridad-Social-19-696x478.jpg 696w, \/wp-content\/uploads\/sites\/5\/2023\/07\/Nota-Jornada-Diferenciada-de-la-Seguridad-Social-19-1068x733.jpg 1068w, \/wp-content\/uploads\/sites\/5\/2023\/07\/Nota-Jornada-Diferenciada-de-la-Seguridad-Social-19-100x70.jpg 100w, \/wp-content\/uploads\/sites\/5\/2023\/07\/Nota-Jornada-Diferenciada-de-la-Seguridad-Social-19-534x366.jpg 534w, \/wp-content\/uploads\/sites\/5\/2023\/07\/Nota-Jornada-Diferenciada-de-la-Seguridad-Social-19.jpg 1243w\" sizes=\"(max-width: 612px) 100vw, 612px\" alt=\"\">\r\n                            <\/a>\r\n                            \r\n                        <\/figure>\r\n                    <\/div>\r\n                    <div class = \"td-slide-item td-item5\">\r\n                        <figure class=\"td-slide-galery-figure td-slide-popup-gallery\">\r\n                            <a class=\"slide-gallery-image-link\" href=\"\/wp-content\/uploads\/sites\/5\/2023\/07\/Nota-Jornada-Diferenciada-de-la-Seguridad-Social-17.jpg\" title=\"Nota Jornada Diferenciada de la Seguridad Social 17\"  data-caption=\"\"  data-description=\"\">\r\n                                <img decoding=\"async\" src=\"\/wp-content\/uploads\/sites\/5\/2023\/07\/Nota-Jornada-Diferenciada-de-la-Seguridad-Social-17-630x420.jpg\" srcset=\"\/wp-content\/uploads\/sites\/5\/2023\/07\/Nota-Jornada-Diferenciada-de-la-Seguridad-Social-17-630x420.jpg 630w, \/wp-content\/uploads\/sites\/5\/2023\/07\/Nota-Jornada-Diferenciada-de-la-Seguridad-Social-17-300x200.jpg 300w, \/wp-content\/uploads\/sites\/5\/2023\/07\/Nota-Jornada-Diferenciada-de-la-Seguridad-Social-17-768x512.jpg 768w, \/wp-content\/uploads\/sites\/5\/2023\/07\/Nota-Jornada-Diferenciada-de-la-Seguridad-Social-17-1024x682.jpg 1024w, \/wp-content\/uploads\/sites\/5\/2023\/07\/Nota-Jornada-Diferenciada-de-la-Seguridad-Social-17-696x464.jpg 696w, \/wp-content\/uploads\/sites\/5\/2023\/07\/Nota-Jornada-Diferenciada-de-la-Seguridad-Social-17-1068x712.jpg 1068w, \/wp-content\/uploads\/sites\/5\/2023\/07\/Nota-Jornada-Diferenciada-de-la-Seguridad-Social-17-534x356.jpg 534w, \/wp-content\/uploads\/sites\/5\/2023\/07\/Nota-Jornada-Diferenciada-de-la-Seguridad-Social-17.jpg 1280w\" sizes=\"(max-width: 630px) 100vw, 630px\" alt=\"\">\r\n                            <\/a>\r\n                            \r\n                        <\/figure>\r\n                    <\/div>\r\n                    <div class = \"td-slide-item td-item6\">\r\n                        <figure class=\"td-slide-galery-figure td-slide-popup-gallery\">\r\n                            <a class=\"slide-gallery-image-link\" href=\"\/wp-content\/uploads\/sites\/5\/2023\/07\/Nota-Jornada-Diferenciada-de-la-Seguridad-Social-7.jpg\" title=\"Nota Jornada Diferenciada de la Seguridad Social 7\"  data-caption=\"\"  data-description=\"\">\r\n                                <img decoding=\"async\" src=\"\/wp-content\/uploads\/sites\/5\/2023\/07\/Nota-Jornada-Diferenciada-de-la-Seguridad-Social-7-630x420.jpg\" srcset=\"\/wp-content\/uploads\/sites\/5\/2023\/07\/Nota-Jornada-Diferenciada-de-la-Seguridad-Social-7-630x420.jpg 630w, \/wp-content\/uploads\/sites\/5\/2023\/07\/Nota-Jornada-Diferenciada-de-la-Seguridad-Social-7-300x200.jpg 300w, \/wp-content\/uploads\/sites\/5\/2023\/07\/Nota-Jornada-Diferenciada-de-la-Seguridad-Social-7-768x512.jpg 768w, \/wp-content\/uploads\/sites\/5\/2023\/07\/Nota-Jornada-Diferenciada-de-la-Seguridad-Social-7-1024x682.jpg 1024w, \/wp-content\/uploads\/sites\/5\/2023\/07\/Nota-Jornada-Diferenciada-de-la-Seguridad-Social-7-696x464.jpg 696w, \/wp-content\/uploads\/sites\/5\/2023\/07\/Nota-Jornada-Diferenciada-de-la-Seguridad-Social-7-1068x712.jpg 1068w, \/wp-content\/uploads\/sites\/5\/2023\/07\/Nota-Jornada-Diferenciada-de-la-Seguridad-Social-7-534x356.jpg 534w, \/wp-content\/uploads\/sites\/5\/2023\/07\/Nota-Jornada-Diferenciada-de-la-Seguridad-Social-7.jpg 1280w\" sizes=\"(max-width: 630px) 100vw, 630px\" alt=\"\">\r\n                            <\/a>\r\n                            \r\n                        <\/figure>\r\n                    <\/div>\r\n                    <div class = \"td-slide-item td-item7\">\r\n                        <figure class=\"td-slide-galery-figure td-slide-popup-gallery\">\r\n                            <a class=\"slide-gallery-image-link\" href=\"\/wp-content\/uploads\/sites\/5\/2023\/07\/Nota-Jornada-Diferenciada-de-la-Seguridad-Social-2.jpg\" title=\"Nota Jornada Diferenciada de la Seguridad Social 2\"  data-caption=\"\"  data-description=\"\">\r\n                                <img decoding=\"async\" src=\"\/wp-content\/uploads\/sites\/5\/2023\/07\/Nota-Jornada-Diferenciada-de-la-Seguridad-Social-2-630x420.jpg\" srcset=\"\/wp-content\/uploads\/sites\/5\/2023\/07\/Nota-Jornada-Diferenciada-de-la-Seguridad-Social-2-630x420.jpg 630w, \/wp-content\/uploads\/sites\/5\/2023\/07\/Nota-Jornada-Diferenciada-de-la-Seguridad-Social-2-300x200.jpg 300w, \/wp-content\/uploads\/sites\/5\/2023\/07\/Nota-Jornada-Diferenciada-de-la-Seguridad-Social-2-768x512.jpg 768w, \/wp-content\/uploads\/sites\/5\/2023\/07\/Nota-Jornada-Diferenciada-de-la-Seguridad-Social-2-1024x682.jpg 1024w, \/wp-content\/uploads\/sites\/5\/2023\/07\/Nota-Jornada-Diferenciada-de-la-Seguridad-Social-2-696x464.jpg 696w, \/wp-content\/uploads\/sites\/5\/2023\/07\/Nota-Jornada-Diferenciada-de-la-Seguridad-Social-2-1068x712.jpg 1068w, \/wp-content\/uploads\/sites\/5\/2023\/07\/Nota-Jornada-Diferenciada-de-la-Seguridad-Social-2-534x356.jpg 534w, \/wp-content\/uploads\/sites\/5\/2023\/07\/Nota-Jornada-Diferenciada-de-la-Seguridad-Social-2.jpg 1280w\" sizes=\"(max-width: 630px) 100vw, 630px\" alt=\"\">\r\n                            <\/a>\r\n                            \r\n                        <\/figure>\r\n                    <\/div>\r\n                    <div class = \"td-slide-item td-item8\">\r\n                        <figure class=\"td-slide-galery-figure td-slide-popup-gallery\">\r\n                            <a class=\"slide-gallery-image-link\" href=\"\/wp-content\/uploads\/sites\/5\/2023\/07\/Nota-Jornada-Diferenciada-de-la-Seguridad-Social-9.jpg\" title=\"Nota Jornada Diferenciada de la Seguridad Social 9\"  data-caption=\"\"  data-description=\"\">\r\n                                <img decoding=\"async\" src=\"\/wp-content\/uploads\/sites\/5\/2023\/07\/Nota-Jornada-Diferenciada-de-la-Seguridad-Social-9-630x420.jpg\" srcset=\"\/wp-content\/uploads\/sites\/5\/2023\/07\/Nota-Jornada-Diferenciada-de-la-Seguridad-Social-9-630x420.jpg 630w, \/wp-content\/uploads\/sites\/5\/2023\/07\/Nota-Jornada-Diferenciada-de-la-Seguridad-Social-9-300x200.jpg 300w, \/wp-content\/uploads\/sites\/5\/2023\/07\/Nota-Jornada-Diferenciada-de-la-Seguridad-Social-9-768x512.jpg 768w, \/wp-content\/uploads\/sites\/5\/2023\/07\/Nota-Jornada-Diferenciada-de-la-Seguridad-Social-9-1024x682.jpg 1024w, \/wp-content\/uploads\/sites\/5\/2023\/07\/Nota-Jornada-Diferenciada-de-la-Seguridad-Social-9-696x464.jpg 696w, \/wp-content\/uploads\/sites\/5\/2023\/07\/Nota-Jornada-Diferenciada-de-la-Seguridad-Social-9-1068x712.jpg 1068w, \/wp-content\/uploads\/sites\/5\/2023\/07\/Nota-Jornada-Diferenciada-de-la-Seguridad-Social-9-534x356.jpg 534w, \/wp-content\/uploads\/sites\/5\/2023\/07\/Nota-Jornada-Diferenciada-de-la-Seguridad-Social-9.jpg 1280w\" sizes=\"(max-width: 630px) 100vw, 630px\" alt=\"\">\r\n                            <\/a>\r\n                            \r\n                        <\/figure>\r\n                    <\/div>\r\n                    <div class = \"td-slide-item td-item9\">\r\n                        <figure class=\"td-slide-galery-figure td-slide-popup-gallery\">\r\n                            <a class=\"slide-gallery-image-link\" href=\"\/wp-content\/uploads\/sites\/5\/2023\/07\/Nota-Jornada-Diferenciada-de-la-Seguridad-Social-14.jpg\" title=\"Nota Jornada Diferenciada de la Seguridad Social 14\"  data-caption=\"\"  data-description=\"\">\r\n                                <img decoding=\"async\" src=\"\/wp-content\/uploads\/sites\/5\/2023\/07\/Nota-Jornada-Diferenciada-de-la-Seguridad-Social-14-630x420.jpg\" srcset=\"\/wp-content\/uploads\/sites\/5\/2023\/07\/Nota-Jornada-Diferenciada-de-la-Seguridad-Social-14-630x420.jpg 630w, \/wp-content\/uploads\/sites\/5\/2023\/07\/Nota-Jornada-Diferenciada-de-la-Seguridad-Social-14-300x200.jpg 300w, \/wp-content\/uploads\/sites\/5\/2023\/07\/Nota-Jornada-Diferenciada-de-la-Seguridad-Social-14-768x512.jpg 768w, \/wp-content\/uploads\/sites\/5\/2023\/07\/Nota-Jornada-Diferenciada-de-la-Seguridad-Social-14-1024x682.jpg 1024w, \/wp-content\/uploads\/sites\/5\/2023\/07\/Nota-Jornada-Diferenciada-de-la-Seguridad-Social-14-696x464.jpg 696w, \/wp-content\/uploads\/sites\/5\/2023\/07\/Nota-Jornada-Diferenciada-de-la-Seguridad-Social-14-1068x712.jpg 1068w, \/wp-content\/uploads\/sites\/5\/2023\/07\/Nota-Jornada-Diferenciada-de-la-Seguridad-Social-14-534x356.jpg 534w, \/wp-content\/uploads\/sites\/5\/2023\/07\/Nota-Jornada-Diferenciada-de-la-Seguridad-Social-14.jpg 1280w\" sizes=\"(max-width: 630px) 100vw, 630px\" alt=\"\">\r\n                            <\/a>\r\n                            \r\n                        <\/figure>\r\n                    <\/div>\r\n                    <div class = \"td-slide-item td-item10\">\r\n                        <figure class=\"td-slide-galery-figure td-slide-popup-gallery\">\r\n                            <a class=\"slide-gallery-image-link\" href=\"\/wp-content\/uploads\/sites\/5\/2023\/07\/Nota-Jornada-Diferenciada-de-la-Seguridad-Social-12.jpg\" title=\"Nota Jornada Diferenciada de la Seguridad Social 12\"  data-caption=\"\"  data-description=\"\">\r\n                                <img decoding=\"async\" src=\"\/wp-content\/uploads\/sites\/5\/2023\/07\/Nota-Jornada-Diferenciada-de-la-Seguridad-Social-12-630x420.jpg\" srcset=\"\/wp-content\/uploads\/sites\/5\/2023\/07\/Nota-Jornada-Diferenciada-de-la-Seguridad-Social-12-630x420.jpg 630w, \/wp-content\/uploads\/sites\/5\/2023\/07\/Nota-Jornada-Diferenciada-de-la-Seguridad-Social-12-300x200.jpg 300w, \/wp-content\/uploads\/sites\/5\/2023\/07\/Nota-Jornada-Diferenciada-de-la-Seguridad-Social-12-768x512.jpg 768w, \/wp-content\/uploads\/sites\/5\/2023\/07\/Nota-Jornada-Diferenciada-de-la-Seguridad-Social-12-1024x682.jpg 1024w, \/wp-content\/uploads\/sites\/5\/2023\/07\/Nota-Jornada-Diferenciada-de-la-Seguridad-Social-12-696x464.jpg 696w, \/wp-content\/uploads\/sites\/5\/2023\/07\/Nota-Jornada-Diferenciada-de-la-Seguridad-Social-12-1068x712.jpg 1068w, \/wp-content\/uploads\/sites\/5\/2023\/07\/Nota-Jornada-Diferenciada-de-la-Seguridad-Social-12-534x356.jpg 534w, \/wp-content\/uploads\/sites\/5\/2023\/07\/Nota-Jornada-Diferenciada-de-la-Seguridad-Social-12.jpg 1280w\" sizes=\"(max-width: 630px) 100vw, 630px\" alt=\"\">\r\n                            <\/a>\r\n                            \r\n                        <\/figure>\r\n                    <\/div>\r\n                    <div class = \"td-slide-item td-item11\">\r\n                        <figure class=\"td-slide-galery-figure td-slide-popup-gallery\">\r\n                            <a class=\"slide-gallery-image-link\" href=\"\/wp-content\/uploads\/sites\/5\/2023\/07\/Nota-Jornada-Diferenciada-de-la-Seguridad-Social-16.jpg\" title=\"Nota Jornada Diferenciada de la Seguridad Social 16\"  data-caption=\"\"  data-description=\"\">\r\n                                <img decoding=\"async\" src=\"\/wp-content\/uploads\/sites\/5\/2023\/07\/Nota-Jornada-Diferenciada-de-la-Seguridad-Social-16-630x420.jpg\" srcset=\"\/wp-content\/uploads\/sites\/5\/2023\/07\/Nota-Jornada-Diferenciada-de-la-Seguridad-Social-16-630x420.jpg 630w, \/wp-content\/uploads\/sites\/5\/2023\/07\/Nota-Jornada-Diferenciada-de-la-Seguridad-Social-16-300x200.jpg 300w, \/wp-content\/uploads\/sites\/5\/2023\/07\/Nota-Jornada-Diferenciada-de-la-Seguridad-Social-16-768x512.jpg 768w, \/wp-content\/uploads\/sites\/5\/2023\/07\/Nota-Jornada-Diferenciada-de-la-Seguridad-Social-16-1024x682.jpg 1024w, \/wp-content\/uploads\/sites\/5\/2023\/07\/Nota-Jornada-Diferenciada-de-la-Seguridad-Social-16-696x464.jpg 696w, \/wp-content\/uploads\/sites\/5\/2023\/07\/Nota-Jornada-Diferenciada-de-la-Seguridad-Social-16-1068x712.jpg 1068w, \/wp-content\/uploads\/sites\/5\/2023\/07\/Nota-Jornada-Diferenciada-de-la-Seguridad-Social-16-534x356.jpg 534w, \/wp-content\/uploads\/sites\/5\/2023\/07\/Nota-Jornada-Diferenciada-de-la-Seguridad-Social-16.jpg 1280w\" sizes=\"(max-width: 630px) 100vw, 630px\" alt=\"\">\r\n                            <\/a>\r\n                            \r\n                        <\/figure>\r\n                    <\/div>\r\n                    <div class = \"td-slide-item td-item12\">\r\n                        <figure class=\"td-slide-galery-figure td-slide-popup-gallery\">\r\n                            <a class=\"slide-gallery-image-link\" href=\"\/wp-content\/uploads\/sites\/5\/2023\/07\/Nota-Jornada-Diferenciada-de-la-Seguridad-Social-1.jpg\" title=\"Nota Jornada Diferenciada de la Seguridad Social 1\"  data-caption=\"\"  data-description=\"\">\r\n                                <img decoding=\"async\" src=\"\/wp-content\/uploads\/sites\/5\/2023\/07\/Nota-Jornada-Diferenciada-de-la-Seguridad-Social-1-630x420.jpg\" srcset=\"\/wp-content\/uploads\/sites\/5\/2023\/07\/Nota-Jornada-Diferenciada-de-la-Seguridad-Social-1-630x420.jpg 630w, \/wp-content\/uploads\/sites\/5\/2023\/07\/Nota-Jornada-Diferenciada-de-la-Seguridad-Social-1-300x200.jpg 300w, \/wp-content\/uploads\/sites\/5\/2023\/07\/Nota-Jornada-Diferenciada-de-la-Seguridad-Social-1-768x512.jpg 768w, \/wp-content\/uploads\/sites\/5\/2023\/07\/Nota-Jornada-Diferenciada-de-la-Seguridad-Social-1-1024x682.jpg 1024w, \/wp-content\/uploads\/sites\/5\/2023\/07\/Nota-Jornada-Diferenciada-de-la-Seguridad-Social-1-696x464.jpg 696w, \/wp-content\/uploads\/sites\/5\/2023\/07\/Nota-Jornada-Diferenciada-de-la-Seguridad-Social-1-1068x712.jpg 1068w, \/wp-content\/uploads\/sites\/5\/2023\/07\/Nota-Jornada-Diferenciada-de-la-Seguridad-Social-1-534x356.jpg 534w, \/wp-content\/uploads\/sites\/5\/2023\/07\/Nota-Jornada-Diferenciada-de-la-Seguridad-Social-1.jpg 1280w\" sizes=\"(max-width: 630px) 100vw, 630px\" alt=\"\">\r\n                            <\/a>\r\n                            \r\n                        <\/figure>\r\n                    <\/div>\r\n                    <div class = \"td-slide-item td-item13\">\r\n                        <figure class=\"td-slide-galery-figure td-slide-popup-gallery\">\r\n                            <a class=\"slide-gallery-image-link\" href=\"\/wp-content\/uploads\/sites\/5\/2023\/07\/Nota-Jornada-Diferenciada-de-la-Seguridad-Social-11.jpg\" title=\"Nota Jornada Diferenciada de la Seguridad Social 11\"  data-caption=\"\"  data-description=\"\">\r\n                                <img decoding=\"async\" src=\"\/wp-content\/uploads\/sites\/5\/2023\/07\/Nota-Jornada-Diferenciada-de-la-Seguridad-Social-11-420x420.jpg\" srcset=\"\/wp-content\/uploads\/sites\/5\/2023\/07\/Nota-Jornada-Diferenciada-de-la-Seguridad-Social-11-420x420.jpg 420w, \/wp-content\/uploads\/sites\/5\/2023\/07\/Nota-Jornada-Diferenciada-de-la-Seguridad-Social-11-150x150.jpg 150w, \/wp-content\/uploads\/sites\/5\/2023\/07\/Nota-Jornada-Diferenciada-de-la-Seguridad-Social-11-300x300.jpg 300w, \/wp-content\/uploads\/sites\/5\/2023\/07\/Nota-Jornada-Diferenciada-de-la-Seguridad-Social-11-768x768.jpg 768w, \/wp-content\/uploads\/sites\/5\/2023\/07\/Nota-Jornada-Diferenciada-de-la-Seguridad-Social-11-1024x1024.jpg 1024w, \/wp-content\/uploads\/sites\/5\/2023\/07\/Nota-Jornada-Diferenciada-de-la-Seguridad-Social-11-1536x1536.jpg 1536w, \/wp-content\/uploads\/sites\/5\/2023\/07\/Nota-Jornada-Diferenciada-de-la-Seguridad-Social-11-696x696.jpg 696w, \/wp-content\/uploads\/sites\/5\/2023\/07\/Nota-Jornada-Diferenciada-de-la-Seguridad-Social-11-1068x1068.jpg 1068w, \/wp-content\/uploads\/sites\/5\/2023\/07\/Nota-Jornada-Diferenciada-de-la-Seguridad-Social-11-462x462.jpg 462w, \/wp-content\/uploads\/sites\/5\/2023\/07\/Nota-Jornada-Diferenciada-de-la-Seguridad-Social-11.jpg 1581w\" sizes=\"(max-width: 420px) 100vw, 420px\" alt=\"\">\r\n                            <\/a>\r\n                            \r\n                        <\/figure>\r\n                    <\/div>\r\n                    <div class = \"td-slide-item td-item14\">\r\n                        <figure class=\"td-slide-galery-figure td-slide-popup-gallery\">\r\n                            <a class=\"slide-gallery-image-link\" href=\"\/wp-content\/uploads\/sites\/5\/2023\/07\/Nota-Jornada-Diferenciada-de-la-Seguridad-Social-15.jpg\" title=\"Nota Jornada Diferenciada de la Seguridad Social 15\"  data-caption=\"\"  data-description=\"\">\r\n                                <img decoding=\"async\" src=\"\/wp-content\/uploads\/sites\/5\/2023\/07\/Nota-Jornada-Diferenciada-de-la-Seguridad-Social-15-630x420.jpg\" srcset=\"\/wp-content\/uploads\/sites\/5\/2023\/07\/Nota-Jornada-Diferenciada-de-la-Seguridad-Social-15-630x420.jpg 630w, \/wp-content\/uploads\/sites\/5\/2023\/07\/Nota-Jornada-Diferenciada-de-la-Seguridad-Social-15-300x200.jpg 300w, \/wp-content\/uploads\/sites\/5\/2023\/07\/Nota-Jornada-Diferenciada-de-la-Seguridad-Social-15-768x512.jpg 768w, \/wp-content\/uploads\/sites\/5\/2023\/07\/Nota-Jornada-Diferenciada-de-la-Seguridad-Social-15-1024x682.jpg 1024w, \/wp-content\/uploads\/sites\/5\/2023\/07\/Nota-Jornada-Diferenciada-de-la-Seguridad-Social-15-696x464.jpg 696w, \/wp-content\/uploads\/sites\/5\/2023\/07\/Nota-Jornada-Diferenciada-de-la-Seguridad-Social-15-1068x712.jpg 1068w, \/wp-content\/uploads\/sites\/5\/2023\/07\/Nota-Jornada-Diferenciada-de-la-Seguridad-Social-15-534x356.jpg 534w, \/wp-content\/uploads\/sites\/5\/2023\/07\/Nota-Jornada-Diferenciada-de-la-Seguridad-Social-15.jpg 1280w\" sizes=\"(max-width: 630px) 100vw, 630px\" alt=\"\">\r\n                            <\/a>\r\n                            \r\n                        <\/figure>\r\n                    <\/div>\r\n                            <\/div>\r\n                        <\/div>\r\n\r\n                        <div class = \"td-doubleSlider-2\">\r\n                            <div class = \"td-slider\">\r\n                                \r\n                    <div class = \"td-button td-item1\">\r\n                        <div class = \"td-border\"><\/div>\r\n                    <\/div>\r\n                    <div class = \"td-button td-item2\">\r\n                        <div class = \"td-border\"><\/div>\r\n                    <\/div>\r\n                    <div class = \"td-button td-item3\">\r\n                        <div class = \"td-border\"><\/div>\r\n                    <\/div>\r\n                    <div class = \"td-button td-item4\">\r\n                        <div class = \"td-border\"><\/div>\r\n                    <\/div>\r\n                    <div class = \"td-button td-item5\">\r\n                        <div class = \"td-border\"><\/div>\r\n                    <\/div>\r\n                    <div class = \"td-button td-item6\">\r\n                        <div class = \"td-border\"><\/div>\r\n                    <\/div>\r\n                    <div class = \"td-button td-item7\">\r\n                        <div class = \"td-border\"><\/div>\r\n                    <\/div>\r\n                    <div class = \"td-button td-item8\">\r\n                        <div class = \"td-border\"><\/div>\r\n                    <\/div>\r\n                    <div class = \"td-button td-item9\">\r\n                        <div class = \"td-border\"><\/div>\r\n                    <\/div>\r\n                    <div class = \"td-button td-item10\">\r\n                        <div class = \"td-border\"><\/div>\r\n                    <\/div>\r\n                    <div class = \"td-button td-item11\">\r\n                        <div class = \"td-border\"><\/div>\r\n                    <\/div>\r\n                    <div class = \"td-button td-item12\">\r\n                        <div class = \"td-border\"><\/div>\r\n                    <\/div>\r\n                    <div class = \"td-button td-item13\">\r\n                        <div class = \"td-border\"><\/div>\r\n                    <\/div>\r\n                    <div class = \"td-button td-item14\">\r\n                        <div class = \"td-border\"><\/div>\r\n                    <\/div>\r\n                            <\/div>\r\n                        <\/div>\r\n\r\n                    <\/div>\r\n\r\n                <\/div>\r\n                \n<p>\u00a0<\/p>\n","protected":false},"excerpt":{"rendered":"<p>Cerca de 550 trabajadores de la empresa Papelera Internacional, S. A., (Painsa), recibieron servicios m\u00e9dicos personalizados en medicina general, odontolog\u00eda, glucometr\u00eda, vacunaci\u00f3n, control de talla y peso, presi\u00f3n arterial, as\u00ed como plan educacional acerca de salud reproductiva, nutrici\u00f3n y hasta la oportunidad de donar sangre voluntariamente, entre otros. Sin dejar de lado la orientaci\u00f3n en servicios pecuniarios y de salud ocupacional.<\/p>\n","protected":false},"author":4,"featured_media":36888,"comment_status":"closed","ping_status":"closed","sticky":false,"template":"","format":"standard","meta":{"footnotes":""},"categories":[3,15],"tags":[1746,1753],"coauthors":[],"class_list":{"0":"post-36887","1":"post","2":"type-post","3":"status-publish","4":"format-standard","5":"has-post-thumbnail","7":"category-actualidad","8":"category-destacado","9":"tag-jornada-diferenciada-de-la-seguridad-social","10":"tag-papelera-internacional"},"_links":{"self":[{"href":"https:\/\/www.igssgt.org\/noticias\/wp-json\/wp\/v2\/posts\/36887","targetHints":{"allow":["GET"]}}],"collection":[{"href":"https:\/\/www.igssgt.org\/noticias\/wp-json\/wp\/v2\/posts"}],"about":[{"href":"https:\/\/www.igssgt.org\/noticias\/wp-json\/wp\/v2\/types\/post"}],"author":[{"embeddable":true,"href":"https:\/\/www.igssgt.org\/noticias\/wp-json\/wp\/v2\/users\/4"}],"replies":[{"embeddable":true,"href":"https:\/\/www.igssgt.org\/noticias\/wp-json\/wp\/v2\/comments?post=36887"}],"version-history":[{"count":3,"href":"https:\/\/www.igssgt.org\/noticias\/wp-json\/wp\/v2\/posts\/36887\/revisions"}],"predecessor-version":[{"id":37003,"href":"https:\/\/www.igssgt.org\/noticias\/wp-json\/wp\/v2\/posts\/36887\/revisions\/37003"}],"wp:featuredmedia":[{"embeddable":true,"href":"https:\/\/www.igssgt.org\/noticias\/wp-json\/wp\/v2\/media\/36888"}],"wp:attachment":[{"href":"https:\/\/www.igssgt.org\/noticias\/wp-json\/wp\/v2\/media?parent=36887"}],"wp:term":[{"taxonomy":"category","embeddable":true,"href":"https:\/\/www.igssgt.org\/noticias\/wp-json\/wp\/v2\/categories?post=36887"},{"taxonomy":"post_tag","embeddable":true,"href":"https:\/\/www.igssgt.org\/noticias\/wp-json\/wp\/v2\/tags?post=36887"},{"taxonomy":"author","embeddable":true,"href":"https:\/\/www.igssgt.org\/noticias\/wp-json\/wp\/v2\/coauthors?post=36887"}],"curies":[{"name":"wp","href":"https:\/\/api.w.org\/{rel}","templated":true}]}}