{"id":36905,"date":"2023-07-26T15:50:56","date_gmt":"2023-07-26T21:50:56","guid":{"rendered":"https:\/\/www.igssgt.org\/noticias\/?p=36905"},"modified":"2023-07-26T15:50:57","modified_gmt":"2023-07-26T21:50:57","slug":"el-igss-hace-un-llamado-a-cuidar-del-adulto-mayor","status":"publish","type":"post","link":"https:\/\/www.igssgt.org\/noticias\/2023\/07\/26\/el-igss-hace-un-llamado-a-cuidar-del-adulto-mayor\/","title":{"rendered":"El IGSS hace un llamado a cuidar del adulto mayor"},"content":{"rendered":"\n<p class=\"has-drop-cap\">El Instituto Guatemalteco de Seguridad Social (IGSS) hace un llamado a todos los adultos mayores, en ocasi\u00f3n del D\u00eda Nacional del Abuelo, a continuar con una alimentaci\u00f3n saludable y mantener el orden y control de sus medicamentos.<\/p>\n\n\n\n<p>La cl\u00ednica de psicolog\u00eda de CAMIP 3 Zunil recomend\u00f3 el consumo suficiente de verduras, carnes blancas como pollo y pescado, as\u00ed como frutas y semillas secas para cuidar la memoria, adem\u00e1s de seguir con una rutina activa para mejorar su calidad de vida y fortalecer el desarrollo integral.<\/p>\n<p><a href=\"\/wp-content\/uploads\/sites\/5\/2023\/07\/dia-del-abuelo-5.jpg\" target=\"_blank\" rel=\"noopener\"><img loading=\"lazy\" decoding=\"async\" class=\"alignnone wp-image-36910 size-full\" src=\"\/wp-content\/uploads\/sites\/5\/2023\/07\/dia-del-abuelo-5.jpg\" alt=\"\" width=\"1600\" height=\"1200\" srcset=\"\/wp-content\/uploads\/sites\/5\/2023\/07\/dia-del-abuelo-5.jpg 1600w, \/wp-content\/uploads\/sites\/5\/2023\/07\/dia-del-abuelo-5-300x225.jpg 300w, \/wp-content\/uploads\/sites\/5\/2023\/07\/dia-del-abuelo-5-768x576.jpg 768w, \/wp-content\/uploads\/sites\/5\/2023\/07\/dia-del-abuelo-5-1024x768.jpg 1024w, \/wp-content\/uploads\/sites\/5\/2023\/07\/dia-del-abuelo-5-1536x1152.jpg 1536w, \/wp-content\/uploads\/sites\/5\/2023\/07\/dia-del-abuelo-5-560x420.jpg 560w, \/wp-content\/uploads\/sites\/5\/2023\/07\/dia-del-abuelo-5-80x60.jpg 80w, \/wp-content\/uploads\/sites\/5\/2023\/07\/dia-del-abuelo-5-696x522.jpg 696w, \/wp-content\/uploads\/sites\/5\/2023\/07\/dia-del-abuelo-5-1068x801.jpg 1068w, \/wp-content\/uploads\/sites\/5\/2023\/07\/dia-del-abuelo-5-265x198.jpg 265w, \/wp-content\/uploads\/sites\/5\/2023\/07\/dia-del-abuelo-5-534x401.jpg 534w\" sizes=\"auto, (max-width: 1600px) 100vw, 1600px\" \/><\/a><\/p>\n<p>El licenciado Mario Ruiz, psic\u00f3logo de dicha unidad m\u00e9dica, los inst\u00f3 a hacer ejercicio moderado, mantenerse ocupados con h\u00e1bitos de lectura, escritura o aprendiendo un nuevo idioma, y as\u00ed prevenir enfermedades cr\u00f3nicas, demencia y discapacidad.<\/p>\n<p>En la actualidad, CAMIP 3 Zunil brinda atenci\u00f3n a una poblaci\u00f3n de alrededor de 18 mil 880 adultos mayores, brindando servicios tanto en enfermedad com\u00fan como en las diferentes especialidades m\u00e9dicas y profesionales que tiene disponibles.<\/p>\n<p><a href=\"\/wp-content\/uploads\/sites\/5\/2023\/07\/dia-del-abuelo-3.jpg\" target=\"_blank\" rel=\"noopener\"><img loading=\"lazy\" decoding=\"async\" class=\"alignnone wp-image-36909 size-full\" src=\"\/wp-content\/uploads\/sites\/5\/2023\/07\/dia-del-abuelo-3.jpg\" alt=\"\" width=\"1600\" height=\"1200\" srcset=\"\/wp-content\/uploads\/sites\/5\/2023\/07\/dia-del-abuelo-3.jpg 1600w, \/wp-content\/uploads\/sites\/5\/2023\/07\/dia-del-abuelo-3-300x225.jpg 300w, \/wp-content\/uploads\/sites\/5\/2023\/07\/dia-del-abuelo-3-768x576.jpg 768w, \/wp-content\/uploads\/sites\/5\/2023\/07\/dia-del-abuelo-3-1024x768.jpg 1024w, \/wp-content\/uploads\/sites\/5\/2023\/07\/dia-del-abuelo-3-1536x1152.jpg 1536w, \/wp-content\/uploads\/sites\/5\/2023\/07\/dia-del-abuelo-3-560x420.jpg 560w, \/wp-content\/uploads\/sites\/5\/2023\/07\/dia-del-abuelo-3-80x60.jpg 80w, \/wp-content\/uploads\/sites\/5\/2023\/07\/dia-del-abuelo-3-696x522.jpg 696w, \/wp-content\/uploads\/sites\/5\/2023\/07\/dia-del-abuelo-3-1068x801.jpg 1068w, \/wp-content\/uploads\/sites\/5\/2023\/07\/dia-del-abuelo-3-265x198.jpg 265w, \/wp-content\/uploads\/sites\/5\/2023\/07\/dia-del-abuelo-3-534x401.jpg 534w\" sizes=\"auto, (max-width: 1600px) 100vw, 1600px\" \/><\/a><\/p>\n<p>La doctora Adi S\u00e1nchez, encargada del Programa de M\u00e9dico de Cabecera del Centro de Atenci\u00f3n M\u00e9dico Integral para Pensionados CAMIP 2 Barranquilla, donde son atendidos m\u00e1s de 33 mil pacientes al a\u00f1o, se refiri\u00f3 a que este segmento de la poblaci\u00f3n se una en los aspectos sociales, culturales, espirituales y c\u00edvicos para lograr una mayor longevidad.<\/p>\n<p>El D\u00eda Nacional del Abuelo se conmemora cada 26 de julio en el pa\u00eds, decretado por el Congreso de la Rep\u00fablica en el a\u00f1o 2013, para rendir homenaje a todas aquellas personas que con su sabidur\u00eda y experiencia de vida brindan amor a sus nietos y dem\u00e1s familiares.<\/p>\n\n\n\n\r\n                <style type=\"text\/css\">\r\n                    \r\n                    #tdi_1  .td-doubleSlider-2 .td-item1 {\r\n                        background: url(\/wp-content\/uploads\/sites\/5\/2023\/07\/dia-del-abuelo-4-80x60.jpg) 0 0 no-repeat;\r\n                    }\r\n                    #tdi_1  .td-doubleSlider-2 .td-item2 {\r\n                        background: url(\/wp-content\/uploads\/sites\/5\/2023\/07\/dia-del-abuelo-6-80x60.jpg) 0 0 no-repeat;\r\n                    }\r\n                    #tdi_1  .td-doubleSlider-2 .td-item3 {\r\n                        background: url(\/wp-content\/uploads\/sites\/5\/2023\/07\/dia-del-abuelo-2-80x60.jpg) 0 0 no-repeat;\r\n                    }\r\n                    #tdi_1  .td-doubleSlider-2 .td-item4 {\r\n                        background: url(\/wp-content\/uploads\/sites\/5\/2023\/07\/dia-del-abuelo-1-80x60.jpg) 0 0 no-repeat;\r\n                    }\r\n                <\/style>\r\n\r\n                <div id=\"tdi_1\" class=\"td-gallery td-slide-on-2-columns\">\r\n                    <div class=\"post_td_gallery\">\r\n                        <div class=\"td-gallery-slide-top\">\r\n                           <div class=\"td-gallery-title\"><\/div>\r\n\r\n                            <div class=\"td-gallery-controls-wrapper\">\r\n                                <div class=\"td-gallery-slide-count\"><span class=\"td-gallery-slide-item-focus\">1<\/span> de 4<\/div>\r\n                                <div class=\"td-gallery-slide-prev-next-but\">\r\n                                    <i class = \"td-icon-left doubleSliderPrevButton\"><\/i>\r\n                                    <i class = \"td-icon-right doubleSliderNextButton\"><\/i>\r\n                                <\/div>\r\n                            <\/div>\r\n                        <\/div>\r\n\r\n                        <div class = \"td-doubleSlider-1 \">\r\n                            <div class = \"td-slider\">\r\n                                \r\n                    <div class = \"td-slide-item td-item1\">\r\n                        <figure class=\"td-slide-galery-figure td-slide-popup-gallery\">\r\n                            <a class=\"slide-gallery-image-link\" href=\"\/wp-content\/uploads\/sites\/5\/2023\/07\/dia-del-abuelo-4.jpg\" title=\"dia del abuelo-4\"  data-caption=\"\"  data-description=\"\">\r\n                                <img decoding=\"async\" src=\"\/wp-content\/uploads\/sites\/5\/2023\/07\/dia-del-abuelo-4-560x420.jpg\" srcset=\"\/wp-content\/uploads\/sites\/5\/2023\/07\/dia-del-abuelo-4-560x420.jpg 560w, \/wp-content\/uploads\/sites\/5\/2023\/07\/dia-del-abuelo-4-300x225.jpg 300w, \/wp-content\/uploads\/sites\/5\/2023\/07\/dia-del-abuelo-4-768x576.jpg 768w, \/wp-content\/uploads\/sites\/5\/2023\/07\/dia-del-abuelo-4-1024x768.jpg 1024w, \/wp-content\/uploads\/sites\/5\/2023\/07\/dia-del-abuelo-4-1536x1152.jpg 1536w, \/wp-content\/uploads\/sites\/5\/2023\/07\/dia-del-abuelo-4-80x60.jpg 80w, \/wp-content\/uploads\/sites\/5\/2023\/07\/dia-del-abuelo-4-696x522.jpg 696w, \/wp-content\/uploads\/sites\/5\/2023\/07\/dia-del-abuelo-4-1068x801.jpg 1068w, \/wp-content\/uploads\/sites\/5\/2023\/07\/dia-del-abuelo-4-265x198.jpg 265w, \/wp-content\/uploads\/sites\/5\/2023\/07\/dia-del-abuelo-4-534x401.jpg 534w, \/wp-content\/uploads\/sites\/5\/2023\/07\/dia-del-abuelo-4.jpg 1600w\" sizes=\"(max-width: 560px) 100vw, 560px\" alt=\"\">\r\n                            <\/a>\r\n                            \r\n                        <\/figure>\r\n                    <\/div>\r\n                    <div class = \"td-slide-item td-item2\">\r\n                        <figure class=\"td-slide-galery-figure td-slide-popup-gallery\">\r\n                            <a class=\"slide-gallery-image-link\" href=\"\/wp-content\/uploads\/sites\/5\/2023\/07\/dia-del-abuelo-6.jpg\" title=\"dia del abuelo-6\"  data-caption=\"\"  data-description=\"\">\r\n                                <img decoding=\"async\" src=\"\/wp-content\/uploads\/sites\/5\/2023\/07\/dia-del-abuelo-6-560x420.jpg\" srcset=\"\/wp-content\/uploads\/sites\/5\/2023\/07\/dia-del-abuelo-6-560x420.jpg 560w, \/wp-content\/uploads\/sites\/5\/2023\/07\/dia-del-abuelo-6-300x225.jpg 300w, \/wp-content\/uploads\/sites\/5\/2023\/07\/dia-del-abuelo-6-768x576.jpg 768w, \/wp-content\/uploads\/sites\/5\/2023\/07\/dia-del-abuelo-6-1024x768.jpg 1024w, \/wp-content\/uploads\/sites\/5\/2023\/07\/dia-del-abuelo-6-1536x1152.jpg 1536w, \/wp-content\/uploads\/sites\/5\/2023\/07\/dia-del-abuelo-6-80x60.jpg 80w, \/wp-content\/uploads\/sites\/5\/2023\/07\/dia-del-abuelo-6-696x522.jpg 696w, \/wp-content\/uploads\/sites\/5\/2023\/07\/dia-del-abuelo-6-1068x801.jpg 1068w, \/wp-content\/uploads\/sites\/5\/2023\/07\/dia-del-abuelo-6-265x198.jpg 265w, \/wp-content\/uploads\/sites\/5\/2023\/07\/dia-del-abuelo-6-534x401.jpg 534w, \/wp-content\/uploads\/sites\/5\/2023\/07\/dia-del-abuelo-6.jpg 1600w\" sizes=\"(max-width: 560px) 100vw, 560px\" alt=\"\">\r\n                            <\/a>\r\n                            \r\n                        <\/figure>\r\n                    <\/div>\r\n                    <div class = \"td-slide-item td-item3\">\r\n                        <figure class=\"td-slide-galery-figure td-slide-popup-gallery\">\r\n                            <a class=\"slide-gallery-image-link\" href=\"\/wp-content\/uploads\/sites\/5\/2023\/07\/dia-del-abuelo-2.jpg\" title=\"dia del abuelo-2\"  data-caption=\"\"  data-description=\"\">\r\n                                <img decoding=\"async\" src=\"\/wp-content\/uploads\/sites\/5\/2023\/07\/dia-del-abuelo-2-560x420.jpg\" srcset=\"\/wp-content\/uploads\/sites\/5\/2023\/07\/dia-del-abuelo-2-560x420.jpg 560w, \/wp-content\/uploads\/sites\/5\/2023\/07\/dia-del-abuelo-2-300x225.jpg 300w, \/wp-content\/uploads\/sites\/5\/2023\/07\/dia-del-abuelo-2-768x576.jpg 768w, \/wp-content\/uploads\/sites\/5\/2023\/07\/dia-del-abuelo-2-1024x768.jpg 1024w, \/wp-content\/uploads\/sites\/5\/2023\/07\/dia-del-abuelo-2-1536x1152.jpg 1536w, \/wp-content\/uploads\/sites\/5\/2023\/07\/dia-del-abuelo-2-80x60.jpg 80w, \/wp-content\/uploads\/sites\/5\/2023\/07\/dia-del-abuelo-2-696x522.jpg 696w, \/wp-content\/uploads\/sites\/5\/2023\/07\/dia-del-abuelo-2-1068x801.jpg 1068w, \/wp-content\/uploads\/sites\/5\/2023\/07\/dia-del-abuelo-2-265x198.jpg 265w, \/wp-content\/uploads\/sites\/5\/2023\/07\/dia-del-abuelo-2-534x401.jpg 534w, \/wp-content\/uploads\/sites\/5\/2023\/07\/dia-del-abuelo-2.jpg 1600w\" sizes=\"(max-width: 560px) 100vw, 560px\" alt=\"\">\r\n                            <\/a>\r\n                            \r\n                        <\/figure>\r\n                    <\/div>\r\n                    <div class = \"td-slide-item td-item4\">\r\n                        <figure class=\"td-slide-galery-figure td-slide-popup-gallery\">\r\n                            <a class=\"slide-gallery-image-link\" href=\"\/wp-content\/uploads\/sites\/5\/2023\/07\/dia-del-abuelo-1.jpg\" title=\"dia del abuelo-1\"  data-caption=\"\"  data-description=\"\">\r\n                                <img decoding=\"async\" src=\"\/wp-content\/uploads\/sites\/5\/2023\/07\/dia-del-abuelo-1-593x420.jpg\" srcset=\"\/wp-content\/uploads\/sites\/5\/2023\/07\/dia-del-abuelo-1-593x420.jpg 593w, \/wp-content\/uploads\/sites\/5\/2023\/07\/dia-del-abuelo-1-300x212.jpg 300w, \/wp-content\/uploads\/sites\/5\/2023\/07\/dia-del-abuelo-1-768x544.jpg 768w, \/wp-content\/uploads\/sites\/5\/2023\/07\/dia-del-abuelo-1-1024x725.jpg 1024w, \/wp-content\/uploads\/sites\/5\/2023\/07\/dia-del-abuelo-1-696x493.jpg 696w, \/wp-content\/uploads\/sites\/5\/2023\/07\/dia-del-abuelo-1-1068x756.jpg 1068w, \/wp-content\/uploads\/sites\/5\/2023\/07\/dia-del-abuelo-1-100x70.jpg 100w, \/wp-content\/uploads\/sites\/5\/2023\/07\/dia-del-abuelo-1-534x378.jpg 534w, \/wp-content\/uploads\/sites\/5\/2023\/07\/dia-del-abuelo-1.jpg 1476w\" sizes=\"(max-width: 593px) 100vw, 593px\" alt=\"\">\r\n                            <\/a>\r\n                            \r\n                        <\/figure>\r\n                    <\/div>\r\n                            <\/div>\r\n                        <\/div>\r\n\r\n                        <div class = \"td-doubleSlider-2\">\r\n                            <div class = \"td-slider\">\r\n                                \r\n                    <div class = \"td-button td-item1\">\r\n                        <div class = \"td-border\"><\/div>\r\n                    <\/div>\r\n                    <div class = \"td-button td-item2\">\r\n                        <div class = \"td-border\"><\/div>\r\n                    <\/div>\r\n                    <div class = \"td-button td-item3\">\r\n                        <div class = \"td-border\"><\/div>\r\n                    <\/div>\r\n                    <div class = \"td-button td-item4\">\r\n                        <div class = \"td-border\"><\/div>\r\n                    <\/div>\r\n                            <\/div>\r\n                        <\/div>\r\n\r\n                    <\/div>\r\n\r\n                <\/div>\r\n                \n","protected":false},"excerpt":{"rendered":"<p>El Instituto Guatemalteco de Seguridad Social (IGSS) hace un llamado a todos los adultos mayores, en ocasi\u00f3n del D\u00eda Nacional del Abuelo, a continuar con una alimentaci\u00f3n saludable y mantener el orden y control de sus medicamentos. La cl\u00ednica de psicolog\u00eda de CAMIP 3 Zunil recomend\u00f3 el consumo suficiente de verduras, carnes blancas como pollo [&hellip;]<\/p>\n","protected":false},"author":1961,"featured_media":36907,"comment_status":"closed","ping_status":"closed","sticky":false,"template":"","format":"standard","meta":{"footnotes":""},"categories":[3],"tags":[89,147,1754],"coauthors":[],"class_list":{"0":"post-36905","1":"post","2":"type-post","3":"status-publish","4":"format-standard","5":"has-post-thumbnail","7":"category-actualidad","8":"tag-adultos-mayores","9":"tag-camip-3-zunil","10":"tag-dia-nacional-del-abuelo"},"_links":{"self":[{"href":"https:\/\/www.igssgt.org\/noticias\/wp-json\/wp\/v2\/posts\/36905","targetHints":{"allow":["GET"]}}],"collection":[{"href":"https:\/\/www.igssgt.org\/noticias\/wp-json\/wp\/v2\/posts"}],"about":[{"href":"https:\/\/www.igssgt.org\/noticias\/wp-json\/wp\/v2\/types\/post"}],"author":[{"embeddable":true,"href":"https:\/\/www.igssgt.org\/noticias\/wp-json\/wp\/v2\/users\/1961"}],"replies":[{"embeddable":true,"href":"https:\/\/www.igssgt.org\/noticias\/wp-json\/wp\/v2\/comments?post=36905"}],"version-history":[{"count":2,"href":"https:\/\/www.igssgt.org\/noticias\/wp-json\/wp\/v2\/posts\/36905\/revisions"}],"predecessor-version":[{"id":36913,"href":"https:\/\/www.igssgt.org\/noticias\/wp-json\/wp\/v2\/posts\/36905\/revisions\/36913"}],"wp:featuredmedia":[{"embeddable":true,"href":"https:\/\/www.igssgt.org\/noticias\/wp-json\/wp\/v2\/media\/36907"}],"wp:attachment":[{"href":"https:\/\/www.igssgt.org\/noticias\/wp-json\/wp\/v2\/media?parent=36905"}],"wp:term":[{"taxonomy":"category","embeddable":true,"href":"https:\/\/www.igssgt.org\/noticias\/wp-json\/wp\/v2\/categories?post=36905"},{"taxonomy":"post_tag","embeddable":true,"href":"https:\/\/www.igssgt.org\/noticias\/wp-json\/wp\/v2\/tags?post=36905"},{"taxonomy":"author","embeddable":true,"href":"https:\/\/www.igssgt.org\/noticias\/wp-json\/wp\/v2\/coauthors?post=36905"}],"curies":[{"name":"wp","href":"https:\/\/api.w.org\/{rel}","templated":true}]}}