{"id":36969,"date":"2023-07-27T18:20:19","date_gmt":"2023-07-28T00:20:19","guid":{"rendered":"https:\/\/www.igssgt.org\/noticias\/?p=36969"},"modified":"2023-07-27T18:20:21","modified_gmt":"2023-07-28T00:20:21","slug":"equipo-medico-del-igss-participa-en-el-tercer-festival-de-servidores-publicos","status":"publish","type":"post","link":"https:\/\/www.igssgt.org\/noticias\/2023\/07\/27\/equipo-medico-del-igss-participa-en-el-tercer-festival-de-servidores-publicos\/","title":{"rendered":"Equipo m\u00e9dico del IGSS participa en el Tercer Festival de Servidores P\u00fablicos"},"content":{"rendered":"\n<p>Personal m\u00e9dico del IGSS, de la Unidad Perif\u00e9rica Zona 5 (UPZ5), particip\u00f3 activamente en el Tercer Festival de Servidores P\u00fablicos, organizado por la Municipalidad capitalina.<\/p>\n<p>En la actividad participaron m\u00e1s de \u00a0800 \u00a0estudiantes de pre-primaria y primaria de diversas escuelas y colegios de la zona 5 que se reunieron en la colonia \u00a0Labor.<\/p>\n<p><a href=\"\/wp-content\/uploads\/sites\/5\/2023\/07\/Festival-de-Servidores-publicos-5-scaled.jpg\"><img loading=\"lazy\" decoding=\"async\" class=\"aligncenter size-full wp-image-36971\" src=\"\/wp-content\/uploads\/sites\/5\/2023\/07\/Festival-de-Servidores-publicos-5-scaled.jpg\" alt=\"\" width=\"2560\" height=\"1707\" srcset=\"\/wp-content\/uploads\/sites\/5\/2023\/07\/Festival-de-Servidores-publicos-5-scaled.jpg 2560w, \/wp-content\/uploads\/sites\/5\/2023\/07\/Festival-de-Servidores-publicos-5-2048x1365.jpg 2048w, \/wp-content\/uploads\/sites\/5\/2023\/07\/Festival-de-Servidores-publicos-5-1920x1280.jpg 1920w, \/wp-content\/uploads\/sites\/5\/2023\/07\/Festival-de-Servidores-publicos-5-300x200.jpg 300w, \/wp-content\/uploads\/sites\/5\/2023\/07\/Festival-de-Servidores-publicos-5-768x512.jpg 768w, \/wp-content\/uploads\/sites\/5\/2023\/07\/Festival-de-Servidores-publicos-5-1024x683.jpg 1024w, \/wp-content\/uploads\/sites\/5\/2023\/07\/Festival-de-Servidores-publicos-5-1536x1024.jpg 1536w, \/wp-content\/uploads\/sites\/5\/2023\/07\/Festival-de-Servidores-publicos-5-630x420.jpg 630w, \/wp-content\/uploads\/sites\/5\/2023\/07\/Festival-de-Servidores-publicos-5-696x464.jpg 696w, \/wp-content\/uploads\/sites\/5\/2023\/07\/Festival-de-Servidores-publicos-5-1068x712.jpg 1068w, \/wp-content\/uploads\/sites\/5\/2023\/07\/Festival-de-Servidores-publicos-5-534x356.jpg 534w\" sizes=\"auto, (max-width: 2560px) 100vw, 2560px\" \/><\/a><\/p>\n<p>El doctor Napole\u00f3n Castillo, Director M\u00e9dico de la UPZ5, destac\u00f3 el trabajo de su brigada que dio a conocer los servicios que brinda \u00a0la Unidad y sobre\u00a0 el contagio, trasmisi\u00f3n y prevenci\u00f3n de las enfermedades, as\u00ed como la importancia de la administraci\u00f3n de las vacunas.<\/p>\n<p>El gerente de la Alcald\u00eda Auxiliar de la zona 5,\u00a0 Luis Contreras, se\u00f1al\u00f3 que\u00a0 en la actividad participaron, adem\u00e1s de personal del IGSS, del Ministerio P\u00fablico, la Procuradur\u00eda de los Derechos Humanos, el Ej\u00e9rcito de Guatemala, Cruz Roja de Guatemala, Bomberos Municipales, Conred y la Municipalidad, entre otros.<\/p>\n<p>El doctor Ram\u00f3n Hern\u00e1ndez, m\u00e9dico general, junto a Muel\u00edn, \u201cEl amigo de los ni\u00f1os\u201d, \u00a0brind\u00f3\u00a0 informaci\u00f3n a los peque\u00f1os sobre los cuidados de los dientes, el correcto lavado de manos para evitar enfermedades gastrointestinales, dengue y el COVID-19.<\/p>\n<p>La actividad reuni\u00f3 a ni\u00f1os de pre-primaria y hasta tercer grado, a quienes luego de ser orientados sobre las diferentes enfermedades se les entreg\u00f3\u00a0 material educativo para compartir en familia.<\/p>\n<p>\u201cEs bueno que los ni\u00f1os logren informarse e inducirse en la toma de decisiones para algunas profesiones que elijan en su mayor\u00eda de edad\u201d, dijo el odont\u00f3logo Byron Olivar.<\/p>\n\r\n                <style type=\"text\/css\">\r\n                    \r\n                    #tdi_1  .td-doubleSlider-2 .td-item1 {\r\n                        background: url(\/wp-content\/uploads\/sites\/5\/2023\/07\/Festival-de-Servidores-publicos-3-80x60.jpg) 0 0 no-repeat;\r\n                    }\r\n                    #tdi_1  .td-doubleSlider-2 .td-item2 {\r\n                        background: url(\/wp-content\/uploads\/sites\/5\/2023\/07\/Festival-de-Servidores-publicos-2-80x60.jpg) 0 0 no-repeat;\r\n                    }\r\n                <\/style>\r\n\r\n                <div id=\"tdi_1\" class=\"td-gallery td-slide-on-2-columns\">\r\n                    <div class=\"post_td_gallery\">\r\n                        <div class=\"td-gallery-slide-top\">\r\n                           <div class=\"td-gallery-title\"><\/div>\r\n\r\n                            <div class=\"td-gallery-controls-wrapper\">\r\n                                <div class=\"td-gallery-slide-count\"><span class=\"td-gallery-slide-item-focus\">1<\/span> de 2<\/div>\r\n                                <div class=\"td-gallery-slide-prev-next-but\">\r\n                                    <i class = \"td-icon-left doubleSliderPrevButton\"><\/i>\r\n                                    <i class = \"td-icon-right doubleSliderNextButton\"><\/i>\r\n                                <\/div>\r\n                            <\/div>\r\n                        <\/div>\r\n\r\n                        <div class = \"td-doubleSlider-1 \">\r\n                            <div class = \"td-slider\">\r\n                                \r\n                    <div class = \"td-slide-item td-item1\">\r\n                        <figure class=\"td-slide-galery-figure td-slide-popup-gallery\">\r\n                            <a class=\"slide-gallery-image-link\" href=\"\/wp-content\/uploads\/sites\/5\/2023\/07\/Festival-de-Servidores-publicos-3-scaled.jpg\" title=\"Festival de Servidores publicos-3\"  data-caption=\"\"  data-description=\"\">\r\n                                <img decoding=\"async\" src=\"\/wp-content\/uploads\/sites\/5\/2023\/07\/Festival-de-Servidores-publicos-3-630x420.jpg\" srcset=\"\/wp-content\/uploads\/sites\/5\/2023\/07\/Festival-de-Servidores-publicos-3-630x420.jpg 630w, \/wp-content\/uploads\/sites\/5\/2023\/07\/Festival-de-Servidores-publicos-3-2048x1365.jpg 2048w, \/wp-content\/uploads\/sites\/5\/2023\/07\/Festival-de-Servidores-publicos-3-1920x1280.jpg 1920w, \/wp-content\/uploads\/sites\/5\/2023\/07\/Festival-de-Servidores-publicos-3-300x200.jpg 300w, \/wp-content\/uploads\/sites\/5\/2023\/07\/Festival-de-Servidores-publicos-3-768x512.jpg 768w, \/wp-content\/uploads\/sites\/5\/2023\/07\/Festival-de-Servidores-publicos-3-1024x683.jpg 1024w, \/wp-content\/uploads\/sites\/5\/2023\/07\/Festival-de-Servidores-publicos-3-1536x1024.jpg 1536w, \/wp-content\/uploads\/sites\/5\/2023\/07\/Festival-de-Servidores-publicos-3-696x464.jpg 696w, \/wp-content\/uploads\/sites\/5\/2023\/07\/Festival-de-Servidores-publicos-3-1068x712.jpg 1068w, \/wp-content\/uploads\/sites\/5\/2023\/07\/Festival-de-Servidores-publicos-3-534x356.jpg 534w\" sizes=\"(max-width: 630px) 100vw, 630px\" alt=\"\">\r\n                            <\/a>\r\n                            \r\n                        <\/figure>\r\n                    <\/div>\r\n                    <div class = \"td-slide-item td-item2\">\r\n                        <figure class=\"td-slide-galery-figure td-slide-popup-gallery\">\r\n                            <a class=\"slide-gallery-image-link\" href=\"\/wp-content\/uploads\/sites\/5\/2023\/07\/Festival-de-Servidores-publicos-2-scaled.jpg\" title=\"Festival de Servidores publicos-2\"  data-caption=\"\"  data-description=\"\">\r\n                                <img decoding=\"async\" src=\"\/wp-content\/uploads\/sites\/5\/2023\/07\/Festival-de-Servidores-publicos-2-630x420.jpg\" srcset=\"\/wp-content\/uploads\/sites\/5\/2023\/07\/Festival-de-Servidores-publicos-2-630x420.jpg 630w, \/wp-content\/uploads\/sites\/5\/2023\/07\/Festival-de-Servidores-publicos-2-2048x1365.jpg 2048w, \/wp-content\/uploads\/sites\/5\/2023\/07\/Festival-de-Servidores-publicos-2-1920x1280.jpg 1920w, \/wp-content\/uploads\/sites\/5\/2023\/07\/Festival-de-Servidores-publicos-2-300x200.jpg 300w, \/wp-content\/uploads\/sites\/5\/2023\/07\/Festival-de-Servidores-publicos-2-768x512.jpg 768w, \/wp-content\/uploads\/sites\/5\/2023\/07\/Festival-de-Servidores-publicos-2-1024x683.jpg 1024w, \/wp-content\/uploads\/sites\/5\/2023\/07\/Festival-de-Servidores-publicos-2-1536x1024.jpg 1536w, \/wp-content\/uploads\/sites\/5\/2023\/07\/Festival-de-Servidores-publicos-2-696x464.jpg 696w, \/wp-content\/uploads\/sites\/5\/2023\/07\/Festival-de-Servidores-publicos-2-1068x712.jpg 1068w, \/wp-content\/uploads\/sites\/5\/2023\/07\/Festival-de-Servidores-publicos-2-534x356.jpg 534w\" sizes=\"(max-width: 630px) 100vw, 630px\" alt=\"\">\r\n                            <\/a>\r\n                            \r\n                        <\/figure>\r\n                    <\/div>\r\n                            <\/div>\r\n                        <\/div>\r\n\r\n                        <div class = \"td-doubleSlider-2\">\r\n                            <div class = \"td-slider\">\r\n                                \r\n                    <div class = \"td-button td-item1\">\r\n                        <div class = \"td-border\"><\/div>\r\n                    <\/div>\r\n                    <div class = \"td-button td-item2\">\r\n                        <div class = \"td-border\"><\/div>\r\n                    <\/div>\r\n                            <\/div>\r\n                        <\/div>\r\n\r\n                    <\/div>\r\n\r\n                <\/div>\r\n                \n","protected":false},"excerpt":{"rendered":"<p>Personal m\u00e9dico del IGSS, de la Unidad Perif\u00e9rica Zona 5 (UPZ5), particip\u00f3 activamente en el Tercer Festival de Servidores P\u00fablicos, organizado por la Municipalidad capitalina. En la actividad participaron m\u00e1s de \u00a0800 \u00a0estudiantes de pre-primaria y primaria de diversas escuelas y colegios de la zona 5 que se reunieron en la colonia \u00a0Labor. El doctor [&hellip;]<\/p>\n","protected":false},"author":4,"featured_media":36970,"comment_status":"closed","ping_status":"closed","sticky":false,"template":"","format":"standard","meta":{"footnotes":""},"categories":[3],"tags":[1756],"coauthors":[],"class_list":{"0":"post-36969","1":"post","2":"type-post","3":"status-publish","4":"format-standard","5":"has-post-thumbnail","7":"category-actualidad","8":"tag-festival-de-servidores-publicos"},"_links":{"self":[{"href":"https:\/\/www.igssgt.org\/noticias\/wp-json\/wp\/v2\/posts\/36969","targetHints":{"allow":["GET"]}}],"collection":[{"href":"https:\/\/www.igssgt.org\/noticias\/wp-json\/wp\/v2\/posts"}],"about":[{"href":"https:\/\/www.igssgt.org\/noticias\/wp-json\/wp\/v2\/types\/post"}],"author":[{"embeddable":true,"href":"https:\/\/www.igssgt.org\/noticias\/wp-json\/wp\/v2\/users\/4"}],"replies":[{"embeddable":true,"href":"https:\/\/www.igssgt.org\/noticias\/wp-json\/wp\/v2\/comments?post=36969"}],"version-history":[{"count":1,"href":"https:\/\/www.igssgt.org\/noticias\/wp-json\/wp\/v2\/posts\/36969\/revisions"}],"predecessor-version":[{"id":36974,"href":"https:\/\/www.igssgt.org\/noticias\/wp-json\/wp\/v2\/posts\/36969\/revisions\/36974"}],"wp:featuredmedia":[{"embeddable":true,"href":"https:\/\/www.igssgt.org\/noticias\/wp-json\/wp\/v2\/media\/36970"}],"wp:attachment":[{"href":"https:\/\/www.igssgt.org\/noticias\/wp-json\/wp\/v2\/media?parent=36969"}],"wp:term":[{"taxonomy":"category","embeddable":true,"href":"https:\/\/www.igssgt.org\/noticias\/wp-json\/wp\/v2\/categories?post=36969"},{"taxonomy":"post_tag","embeddable":true,"href":"https:\/\/www.igssgt.org\/noticias\/wp-json\/wp\/v2\/tags?post=36969"},{"taxonomy":"author","embeddable":true,"href":"https:\/\/www.igssgt.org\/noticias\/wp-json\/wp\/v2\/coauthors?post=36969"}],"curies":[{"name":"wp","href":"https:\/\/api.w.org\/{rel}","templated":true}]}}